{"id":14902,"date":"2022-10-18T16:20:55","date_gmt":"2022-10-18T14:20:55","guid":{"rendered":"https:\/\/lica.ch\/?p=14902"},"modified":"2025-12-10T18:42:08","modified_gmt":"2025-12-10T17:42:08","slug":"wie-funktioniert-die-besteuerung-des-privatkredits-in-der-schweiz","status":"publish","type":"post","link":"https:\/\/www.lica.ch\/de\/credit-personnel\/comment-fonctionne-la-fiscalite-du-credit-prive-en-suisse\/","title":{"rendered":"Wie funktioniert die Besteuerung des Privatkredits in der Schweiz?"},"content":{"rendered":"<p>Haben Sie schon einmal geh\u00f6rt, dass ein Steuerabzug m\u00f6glich ist, wenn man einen Privatkredit besitzt. Was ist wirklich dran und wie ist die Besteuerung von Privatkrediten in der Schweiz? Ein kleiner Zoom auf das Thema, um mehr zu erfahren und vor allem um Sie <a class=\"lien-blog\" href=\"https:\/\/www.lica.ch\/de\/solvable\/ausgaben-senken-und-budget-optimieren\/\" target=\"_blank\" rel=\"noreferrer noopener\">sparen<\/a> der Steuern, wenn es m\u00f6glich ist!<\/p>\n\n\n\n<h2 class=\"wp-block-heading\">Die M\u00f6glichkeit, einen Steuerabzug f\u00fcr seinen Privatkredit zu erhalten<\/h2>\n\n\n\n<p>Durch die Aufnahme eines Kredits kann man seine Steuerlast senken. Dies gilt allerdings nur, wenn man weiss, wie man ihn bei der Steuer angeben muss, um die bestm\u00f6glichen Steuervorteile zu nutzen. Was kann man also absetzen, wenn man eine private Schuld hat?<\/p>\n\n\n\n<p>Die Tatsache, dass Sie einen laufenden Kreditvertrag haben, bedeutet, dass Sie sich zur R\u00fcckzahlung eines festen Betrags \u00fcber einen bestimmten Zeitraum verpflichtet haben. Dieser fragliche Betrag setzt sich aus den folgenden 2 Komponenten zusammen:<\/p>\n\n\n\n<ul class=\"wp-block-list\">\n<li>die Summe, die Sie geliehen haben und die Sie zur\u00fcckzahlen m\u00fcssen (Tilgung) ;<\/li>\n\n\n\n<li>die durch diesen Kredit erwirtschafteten Zinsen.<\/li>\n<\/ul>\n\n\n\n<p>Sie k\u00f6nnen bereits beachten, dass diese Zinsen steuerlich absetzbar sind, wenn Sie sie in Ihrer Steuererkl\u00e4rung hinzuf\u00fcgen. Die Zinsen, die Sie f\u00fcr Ihren Kredit zahlen, reduzieren Ihr Einkommen. Dadurch sinkt Ihr zu versteuerndes Einkommen und Sie zahlen weniger Steuern. <\/p>\n\n\n\n<h3 class=\"wp-block-heading\">Nach den Zinsen den Betrag seiner Schulden abziehen<\/h3>\n\n\n\n<p>Denn wenn Sie die gezahlten Zinsen f\u00fcr Ihren Kredit abziehen, k\u00f6nnen Sie Ihr Einkommen verringern, und wenn Sie den Betrag Ihrer Schulden abziehen, verringert sich Ihr Verm\u00f6gen. <\/p>\n\n\n\n<p>Hier ist konkret beschrieben, wie Sie Ihren Kredit in der Software \"VaudTax\" melden, die f\u00fcr Steuerpflichtige gilt, die im Kanton Waadt besteuert werden. <\/p>\n\n\n\n<p> F\u00fcllen Sie im Abschnitt \"Schulden\" auf der Registerkarte \"Andere private Schulden\" die von der Software verlangten Informationen aus. Hier ist ein Screenshot, der Ihnen ein konkretes Beispiel f\u00fcr eine Meldung zeigt.<\/p>\n\n\n\n<figure class=\"wp-block-image aligncenter size-large\"><a href=\"https:\/\/www.lica.ch\/de\/privatkredit-3\/besteuerung-wie-privatkredit-in-der-steuererklaerung-angeben\/attachment\/declarer-son-credit-prive_img_1\/\"><img fetchpriority=\"high\" decoding=\"async\" width=\"1024\" height=\"234\" src=\"https:\/\/www.lica.ch\/wp-content\/uploads\/2025\/08\/Declarer-son-credit-prive_IMG_1-1024x234.webp\" alt=\"Melden Sie Ihren Privatkredit an\" class=\"wp-image-27824\" srcset=\"https:\/\/www.lica.ch\/wp-content\/uploads\/2025\/08\/Declarer-son-credit-prive_IMG_1-1024x234.webp 1024w, https:\/\/www.lica.ch\/wp-content\/uploads\/2025\/08\/Declarer-son-credit-prive_IMG_1-300x69.webp 300w, https:\/\/www.lica.ch\/wp-content\/uploads\/2025\/08\/Declarer-son-credit-prive_IMG_1-768x175.webp 768w, https:\/\/www.lica.ch\/wp-content\/uploads\/2025\/08\/Declarer-son-credit-prive_IMG_1-1536x351.webp 1536w, https:\/\/www.lica.ch\/wp-content\/uploads\/2025\/08\/Declarer-son-credit-prive_IMG_1-18x4.webp 18w, https:\/\/www.lica.ch\/wp-content\/uploads\/2025\/08\/Declarer-son-credit-prive_IMG_1.webp 1694w\" sizes=\"(max-width: 1024px) 100vw, 1024px\" \/><\/a><figcaption class=\"wp-element-caption\">Quelle: Tutorial VaudTax<\/figcaption><\/figure>\n\n\n\n<p>Nach dem VaudTax-System m\u00fcssen Sie nur die folgenden Informationen ausf\u00fcllen, um Ihre Steuerersparnisse im Zusammenhang mit Ihren Darlehen zu nutzen. <\/p>\n\n\n\n<ul class=\"wp-block-list\">\n<li>Name des Gl\u00e4ubigers (die Bank, Institution oder der Kreditgeber, dem Sie Geld schulden) ;<\/li>\n\n\n\n<li>Adresse des Gl\u00e4ubigers ;<\/li>\n\n\n\n<li>Nummer des Kontos oder des Vertrags ;<\/li>\n\n\n\n<li>Summe der in der betreffenden Periode gezahlten Zinsen ;<\/li>\n\n\n\n<li>H\u00f6he der Schulden am 31.12.<\/li>\n<\/ul>\n\n\n\n<p>Sobald Sie diese verschiedenen Informationen ausgef\u00fcllt haben, k\u00fcmmert sich die Software automatisch darum, die richtigen Abz\u00fcge von Ihrem Einkommen und Verm\u00f6gen vorzunehmen.<\/p>\n\n\n\n<h2 class=\"wp-block-heading\">Wissen, wie hoch die j\u00e4hrlichen Zinsen sind, die Sie zahlen<\/h2>\n\n\n\n<p>M\u00f6chten Sie alles \u00fcber Ihre Besteuerung von Privatkrediten wissen? Beginnen Sie damit, sich \u00fcber den Gesamtbetrag Ihrer Zinsen pro Jahr zu informieren. Je nach Bank oder Gl\u00e4ubiger wird in manchen Kreditvertr\u00e4gen die Aufschl\u00fcsselung zwischen Zinsen und R\u00fcckzahlung nicht unbedingt immer korrekt angegeben. Lesen Sie daher Ihren Vertrag sorgf\u00e4ltig durch und z\u00f6gern Sie nicht <a class=\"lien-blog\" href=\"https:\/\/www.lica.ch\/de\/uns-kontaktieren\/\" target=\"_blank\" rel=\"noreferrer noopener\">uns kontaktieren <\/a>wenn Sie Hilfe ben\u00f6tigen. <\/p>\n\n\n\n<p>Beachten Sie jedoch, dass in der ersten Jahresh\u00e4lfte, d. h. zwischen Januar und M\u00e4rz, Ihr Finanzinstitut, das Ihnen das Privatdarlehen gew\u00e4hrt hat, verpflichtet ist, Ihnen eine Bescheinigung \u00fcber die Zinsen f\u00fcr das Vorjahr zukommen zu lassen. Falls die Bank (der Anbieter oder eine andere Bank- und Darlehenseinrichtung) es vers\u00e4umt, Ihnen diese Bescheinigung zukommen zu lassen, haben Sie das Recht, sie kostenlos einzufordern. Die Schritte, die Sie unternehmen m\u00fcssen, um sie zu beantragen, sind in der Regel sehr einfach. Allerdings <a class=\"lien-blog\" href=\"https:\/\/www.lica.ch\/de\/\" target=\"_blank\" rel=\"noreferrer noopener\">Lica<\/a> kann Ihnen auch helfen, wenn Sie Schwierigkeiten mit Ihrer Bank haben.<\/p>\n\n\n\n<h2 class=\"wp-block-heading\">Ist die Steuersenkung wichtig?<\/h2>\n\n\n\n<p>Obwohl alle Steuersenkungen, die Sie zahlen m\u00fcssen, beachtlich sind, ist es ganz nat\u00fcrlich, dass Sie sich fragen, ob Ihre Steuersenkung betr\u00e4chtlich sein wird oder nicht. Tats\u00e4chlich h\u00e4ngt der Gewinn haupts\u00e4chlich von der Situation des einzelnen Steuerzahlers ab, die sich nach bestimmten Kriterien richtet. Dazu geh\u00f6ren z. B. der Steuersatz, der Ort der Besteuerung, der Familienstand und auch die H\u00f6he der Zinsen, die Sie zahlen.<\/p>\n\n\n\n<p>In jedem Fall verlieren Sie nichts, egal ob es sich um einen grossen oder kleinen Rabatt handelt. Im Gegenteil, es handelt sich immer um einen mehr oder weniger grossen Rabatt, den Sie sich nicht entgehen lassen sollten.<\/p>\n\n\n\n<p>Wenn Sie genau wissen m\u00f6chten, wie hoch Ihre potenziellen Einsparungen sind, wenden Sie sich an uns, um eine genaue Simulation der Einsparungen zu erhalten, die Sie erzielen k\u00f6nnten.  Eine Analyse ist bei Lica immer kostenlos!<\/p>\n\n\n\n<h2 class=\"wp-block-heading\">Die Besteuerung von Privatkrediten im Vergleich zum Leasing <\/h2>\n\n\n\n<p>Betrachten wir einen konkreten Fall: Sie m\u00fcssen ein Fahrzeug kaufen und <a class=\"lien-blog\" href=\"https:\/\/www.lica.ch\/de\/privatkredit-3\/warum-sein-leasing-abloesen\/\" target=\"_blank\" rel=\"noreferrer noopener\">Sie noch zwischen Kredit oder Leasing schwanken<\/a>. Grunds\u00e4tzlich scheint Leasing sehr attraktive Zinss\u00e4tze zu bieten. Beachten Sie jedoch, dass die Leasingzinsen im Gegensatz zu Privatkrediten nicht von der Steuer absetzbar sind und Sie somit keine Steuern sparen k\u00f6nnen.<\/p>\n\n\n\n<p>Tatsache ist, dass Leasingvertr\u00e4ge eher als Miete und nicht als Darlehen angesehen werden. Und als Leasing k\u00f6nnen Sie nicht in den Genuss von Steuerabz\u00fcgen kommen. Die Besteuerung von Privatkrediten hingegen sieht vor, dass Sie den Vorteil haben, direkt nach dem Kauf Eigent\u00fcmer Ihres Fahrzeugs zu sein, w\u00e4hrend Sie die gezahlten Zinsen von der Steuer absetzen k\u00f6nnen.<\/p>\n\n\n\n<h3 class=\"wp-block-heading\">Mit einem Privatkredit sind Sie Herr Ihrer Entscheidungen!<\/h3>\n\n\n\n<p>Wenn Sie einen Privatkredit zugunsten eines Leasingvertrags aufnehmen, liegen alle Entscheidungen \u00fcber Ihr Fahrzeug bei Ihnen. Sie k\u00f6nnen z. B. Ihren Versicherungsschutz w\u00e4hlen, Ihr Auto kaufen oder verkaufen oder es sogar leasen. Im Gegensatz dazu sind Sie beim Leasing gezwungen, eine Kollisionskaskoversicherung abzuschliessen und k\u00f6nnen Ihr Fahrzeug nicht nach Belieben weiterverkaufen oder leasen.<\/p>\n\n\n\n<p>Ein weiterer wichtiger Punkt ist, dass Sie bei einem Kredit keine zus\u00e4tzlichen Kosten f\u00fcr die \u00dcberschreitung der Kilometerzahl oder die vorzeitige K\u00fcndigung des Vertrags zahlen m\u00fcssen. Sie sollten daher jeden Fall genau pr\u00fcfen, bevor Sie sich f\u00fcr ein Leasing oder einen Privatkredit entscheiden.<\/p>\n\n\n\n<h2 class=\"wp-block-heading\">Die L\u00f6sung, um das Beste in Bezug auf die Besteuerung von Privatkrediten zu geniessen<\/h2>\n\n\n\n<p>Um sicherzugehen, dass Sie die beste Besteuerung von Privatkrediten geniessen, greifen Sie auf die <a class=\"lien-blog\" href=\"https:\/\/www.lica.ch\/de\/demande-de-credit-choix-option\/\" target=\"_blank\" rel=\"noreferrer noopener\">Dienstleistungen von Lica<\/a>. Wir k\u00fcmmern uns um die Bearbeitung Ihrer Anfrage in kurzer Zeit, unverbindlich und kostenlos. Sie k\u00f6nnen einen viel besseren Zinssatz erhalten, indem Sie die beste L\u00f6sung ausw\u00e4hlen und Ihre Antwort in weniger als 24 Stunden erhalten. Dar\u00fcber hinaus begleitet Sie Lica auch kostenlos bei komplexen Fragen im Zusammenhang mit Ihren Krediten.<\/p>\n\n\n\n<h2 class=\"wp-block-heading\">Unser Fazit zur Besteuerung von Privatkrediten<\/h2>\n\n\n\n<p>Ein Kredit wird immer eine zus\u00e4tzliche Belastung f\u00fcr Ihr Budget darstellen. Es ist jedoch sehr wertvoll, eine wettbewerbsf\u00e4hige Kreditl\u00f6sung zu haben, die auch von der Steuer absetzbar ist.<\/p>\n\n\n\n<p>Leider denken viele Menschen nicht unbedingt daran, ihre Privatkredite anzugeben. Oft aus Unwissenheit oder aus Angst, einen Fehler zu machen. Es kommt auch vor, dass Spezialisten auf diesem Gebiet, wie z. B. ein Treuh\u00e4nder, einfach vergessen, Ihren Kredit zu melden.<\/p>","protected":false},"excerpt":{"rendered":"<p>Avez-vous d\u00e9j\u00e0 entendu dire qu\u2019une d\u00e9duction fiscale \u00e9tait possible lorsque l&rsquo;on poss\u00e8de un cr\u00e9dit priv\u00e9. Qu\u2019en est-il r\u00e9ellement et comment se passe la fiscalit\u00e9 du cr\u00e9dit priv\u00e9&nbsp;en Suisse ? Petit zoom sur le sujet afin d\u2019en apprendre davantage et surtout de vous faire \u00e9conomiser des imp\u00f4ts lorsque c&rsquo;est possible ! La possibilit\u00e9 d\u2019obtenir une d\u00e9duction [&hellip;]<\/p>\n","protected":false},"author":8,"featured_media":27914,"comment_status":"closed","ping_status":"closed","sticky":false,"template":"","format":"standard","meta":{"footnotes":""},"categories":[21],"tags":[],"class_list":["post-14902","post","type-post","status-publish","format-standard","has-post-thumbnail","hentry","category-credit-personnel"],"_yoast_wpseo_focuskw":"Fiscalit\u00e9 du cr\u00e9dit priv\u00e9","_yoast_wpseo_title":"La fiscalit\u00e9 du cr\u00e9dit priv\u00e9 en Suisse permet des \u00e9conomies","_yoast_wpseo_metadesc":"Pour comprendre la fiscalit\u00e9 du cr\u00e9dit priv\u00e9 en Suisse, Lica vous d\u00e9tail comment d\u00e9clarer vos pr\u00eats et \u00e9conomiser sur vos imp\u00f4ts.","yoast_head":"<!-- This site is optimized with the Yoast SEO plugin v27.5 - https:\/\/yoast.com\/product\/yoast-seo-wordpress\/ -->\n<title>La fiscalit\u00e9 du cr\u00e9dit priv\u00e9 en Suisse permet des \u00e9conomies<\/title>\n<meta name=\"description\" content=\"Pour comprendre la fiscalit\u00e9 du cr\u00e9dit priv\u00e9 en Suisse, Lica vous d\u00e9tail comment d\u00e9clarer vos pr\u00eats et \u00e9conomiser sur vos imp\u00f4ts.\" \/>\n<meta name=\"robots\" content=\"index, follow, max-snippet:-1, max-image-preview:large, max-video-preview:-1\" \/>\n<link rel=\"canonical\" href=\"https:\/\/www.lica.ch\/de\/privatkredit\/wie-funktioniert-die-besteuerung-des-privatkredits-in-der-schweiz\/\" \/>\n<meta property=\"og:locale\" content=\"de_DE\" \/>\n<meta property=\"og:type\" content=\"article\" \/>\n<meta property=\"og:title\" content=\"La fiscalit\u00e9 du cr\u00e9dit priv\u00e9 en Suisse permet des \u00e9conomies\" \/>\n<meta property=\"og:description\" content=\"Pour comprendre la fiscalit\u00e9 du cr\u00e9dit priv\u00e9 en Suisse, Lica vous d\u00e9tail comment d\u00e9clarer vos pr\u00eats et \u00e9conomiser sur vos imp\u00f4ts.\" \/>\n<meta property=\"og:url\" content=\"https:\/\/www.lica.ch\/de\/privatkredit\/wie-funktioniert-die-besteuerung-des-privatkredits-in-der-schweiz\/\" \/>\n<meta property=\"og:site_name\" content=\"Lica cr\u00e9dit priv\u00e9\" \/>\n<meta property=\"article:publisher\" content=\"https:\/\/www.facebook.com\/lica.suisse\/\" \/>\n<meta property=\"article:published_time\" content=\"2022-10-18T14:20:55+00:00\" \/>\n<meta property=\"article:modified_time\" content=\"2025-12-10T17:42:08+00:00\" \/>\n<meta property=\"og:image\" content=\"https:\/\/www.lica.ch\/wp-content\/uploads\/2021\/10\/Fiscalite-du-credit-prive_IMA.webp\" \/>\n\t<meta property=\"og:image:width\" content=\"1000\" \/>\n\t<meta property=\"og:image:height\" content=\"650\" \/>\n\t<meta property=\"og:image:type\" content=\"image\/webp\" \/>\n<meta name=\"author\" content=\"writer-login\" \/>\n<meta name=\"twitter:card\" content=\"summary_large_image\" \/>\n<script type=\"application\/ld+json\" class=\"yoast-schema-graph\">{\"@context\":\"https:\\\/\\\/schema.org\",\"@graph\":[{\"@type\":\"Article\",\"@id\":\"https:\\\/\\\/www.lica.ch\\\/credit-personnel\\\/comment-fonctionne-la-fiscalite-du-credit-prive-en-suisse\\\/#article\",\"isPartOf\":{\"@id\":\"https:\\\/\\\/www.lica.ch\\\/credit-personnel\\\/comment-fonctionne-la-fiscalite-du-credit-prive-en-suisse\\\/\"},\"author\":{\"name\":\"writer-login\",\"@id\":\"https:\\\/\\\/www.lica.ch\\\/en\\\/#\\\/schema\\\/person\\\/43f9fd6c0991b2ea4e0ce88a7472a04c\"},\"headline\":\"Comment fonctionne la fiscalit\u00e9 du cr\u00e9dit priv\u00e9 en Suisse ?\",\"datePublished\":\"2022-10-18T14:20:55+00:00\",\"dateModified\":\"2025-12-10T17:42:08+00:00\",\"mainEntityOfPage\":{\"@id\":\"https:\\\/\\\/www.lica.ch\\\/credit-personnel\\\/comment-fonctionne-la-fiscalite-du-credit-prive-en-suisse\\\/\"},\"wordCount\":1342,\"publisher\":{\"@id\":\"https:\\\/\\\/www.lica.ch\\\/en\\\/#organization\"},\"image\":{\"@id\":\"https:\\\/\\\/www.lica.ch\\\/credit-personnel\\\/comment-fonctionne-la-fiscalite-du-credit-prive-en-suisse\\\/#primaryimage\"},\"thumbnailUrl\":\"https:\\\/\\\/www.lica.ch\\\/wp-content\\\/uploads\\\/2021\\\/10\\\/Fiscalite-du-credit-prive_IMA.webp\",\"articleSection\":[\"Cr\u00e9dit personnel\"],\"inLanguage\":\"de-CH\"},{\"@type\":\"WebPage\",\"@id\":\"https:\\\/\\\/www.lica.ch\\\/credit-personnel\\\/comment-fonctionne-la-fiscalite-du-credit-prive-en-suisse\\\/\",\"url\":\"https:\\\/\\\/www.lica.ch\\\/credit-personnel\\\/comment-fonctionne-la-fiscalite-du-credit-prive-en-suisse\\\/\",\"name\":\"La fiscalit\u00e9 du cr\u00e9dit priv\u00e9 en Suisse permet des \u00e9conomies\",\"isPartOf\":{\"@id\":\"https:\\\/\\\/www.lica.ch\\\/en\\\/#website\"},\"primaryImageOfPage\":{\"@id\":\"https:\\\/\\\/www.lica.ch\\\/credit-personnel\\\/comment-fonctionne-la-fiscalite-du-credit-prive-en-suisse\\\/#primaryimage\"},\"image\":{\"@id\":\"https:\\\/\\\/www.lica.ch\\\/credit-personnel\\\/comment-fonctionne-la-fiscalite-du-credit-prive-en-suisse\\\/#primaryimage\"},\"thumbnailUrl\":\"https:\\\/\\\/www.lica.ch\\\/wp-content\\\/uploads\\\/2021\\\/10\\\/Fiscalite-du-credit-prive_IMA.webp\",\"datePublished\":\"2022-10-18T14:20:55+00:00\",\"dateModified\":\"2025-12-10T17:42:08+00:00\",\"description\":\"Pour comprendre la fiscalit\u00e9 du cr\u00e9dit priv\u00e9 en Suisse, Lica vous d\u00e9tail comment d\u00e9clarer vos pr\u00eats et \u00e9conomiser sur vos imp\u00f4ts.\",\"breadcrumb\":{\"@id\":\"https:\\\/\\\/www.lica.ch\\\/credit-personnel\\\/comment-fonctionne-la-fiscalite-du-credit-prive-en-suisse\\\/#breadcrumb\"},\"inLanguage\":\"de-CH\",\"potentialAction\":[{\"@type\":\"ReadAction\",\"target\":[\"https:\\\/\\\/www.lica.ch\\\/credit-personnel\\\/comment-fonctionne-la-fiscalite-du-credit-prive-en-suisse\\\/\"]}]},{\"@type\":\"ImageObject\",\"inLanguage\":\"de-CH\",\"@id\":\"https:\\\/\\\/www.lica.ch\\\/credit-personnel\\\/comment-fonctionne-la-fiscalite-du-credit-prive-en-suisse\\\/#primaryimage\",\"url\":\"https:\\\/\\\/www.lica.ch\\\/wp-content\\\/uploads\\\/2021\\\/10\\\/Fiscalite-du-credit-prive_IMA.webp\",\"contentUrl\":\"https:\\\/\\\/www.lica.ch\\\/wp-content\\\/uploads\\\/2021\\\/10\\\/Fiscalite-du-credit-prive_IMA.webp\",\"width\":1000,\"height\":650,\"caption\":\"Fiscalit\u00e9 du cr\u00e9dit priv\u00e9\"},{\"@type\":\"BreadcrumbList\",\"@id\":\"https:\\\/\\\/www.lica.ch\\\/credit-personnel\\\/comment-fonctionne-la-fiscalite-du-credit-prive-en-suisse\\\/#breadcrumb\",\"itemListElement\":[{\"@type\":\"ListItem\",\"position\":1,\"name\":\"Accueil\",\"item\":\"https:\\\/\\\/www.lica.ch\\\/\"},{\"@type\":\"ListItem\",\"position\":2,\"name\":\"Comment fonctionne la fiscalit\u00e9 du cr\u00e9dit priv\u00e9 en Suisse ?\"}]},{\"@type\":\"WebSite\",\"@id\":\"https:\\\/\\\/www.lica.ch\\\/en\\\/#website\",\"url\":\"https:\\\/\\\/www.lica.ch\\\/en\\\/\",\"name\":\"Lica\",\"description\":\"Cr\u00e9dit priv\u00e9\",\"publisher\":{\"@id\":\"https:\\\/\\\/www.lica.ch\\\/en\\\/#organization\"},\"alternateName\":\"Lica\",\"potentialAction\":[{\"@type\":\"SearchAction\",\"target\":{\"@type\":\"EntryPoint\",\"urlTemplate\":\"https:\\\/\\\/www.lica.ch\\\/en\\\/?s={search_term_string}\"},\"query-input\":{\"@type\":\"PropertyValueSpecification\",\"valueRequired\":true,\"valueName\":\"search_term_string\"}}],\"inLanguage\":\"de-CH\"},{\"@type\":\"Organization\",\"@id\":\"https:\\\/\\\/www.lica.ch\\\/en\\\/#organization\",\"name\":\"Lica\",\"alternateName\":\"Lica\",\"url\":\"https:\\\/\\\/www.lica.ch\\\/en\\\/\",\"logo\":{\"@type\":\"ImageObject\",\"inLanguage\":\"de-CH\",\"@id\":\"https:\\\/\\\/www.lica.ch\\\/en\\\/#\\\/schema\\\/logo\\\/image\\\/\",\"url\":\"https:\\\/\\\/www.lica.ch\\\/wp-content\\\/uploads\\\/2025\\\/10\\\/Logo_Yoast_Jaune_696x696.webp\",\"contentUrl\":\"https:\\\/\\\/www.lica.ch\\\/wp-content\\\/uploads\\\/2025\\\/10\\\/Logo_Yoast_Jaune_696x696.webp\",\"width\":696,\"height\":696,\"caption\":\"Lica\"},\"image\":{\"@id\":\"https:\\\/\\\/www.lica.ch\\\/en\\\/#\\\/schema\\\/logo\\\/image\\\/\"},\"sameAs\":[\"https:\\\/\\\/www.facebook.com\\\/lica.suisse\\\/\",\"https:\\\/\\\/ch.linkedin.com\\\/company\\\/lica-cr\u00e9dit\",\"https:\\\/\\\/www.tiktok.com\\\/@lica.ch\",\"https:\\\/\\\/www.instagram.com\\\/licacredit\\\/\"]},{\"@type\":\"Person\",\"@id\":\"https:\\\/\\\/www.lica.ch\\\/en\\\/#\\\/schema\\\/person\\\/43f9fd6c0991b2ea4e0ce88a7472a04c\",\"name\":\"writer-login\",\"image\":{\"@type\":\"ImageObject\",\"inLanguage\":\"de-CH\",\"@id\":\"https:\\\/\\\/secure.gravatar.com\\\/avatar\\\/d4854fc4223da2b976f9705ce04407a3e99c4bf956d6190ffef0815d95f87bef?s=96&d=mm&r=g\",\"url\":\"https:\\\/\\\/secure.gravatar.com\\\/avatar\\\/d4854fc4223da2b976f9705ce04407a3e99c4bf956d6190ffef0815d95f87bef?s=96&d=mm&r=g\",\"contentUrl\":\"https:\\\/\\\/secure.gravatar.com\\\/avatar\\\/d4854fc4223da2b976f9705ce04407a3e99c4bf956d6190ffef0815d95f87bef?s=96&d=mm&r=g\",\"caption\":\"writer-login\"}}]}<\/script>\n<!-- \/ Yoast SEO plugin. -->","yoast_head_json":{"title":"Die Besteuerung von Privatkrediten in der Schweiz erm\u00f6glicht Einsparungen","description":"Lica erkl\u00e4rt Ihnen, wie Sie Ihren Privatkredit korrekt versteuern und bei den Steuern in der Schweiz sparen k\u00f6nnen.","robots":{"index":"index","follow":"follow","max-snippet":"max-snippet:-1","max-image-preview":"max-image-preview:large","max-video-preview":"max-video-preview:-1"},"canonical":"https:\/\/www.lica.ch\/de\/privatkredit\/wie-funktioniert-die-besteuerung-des-privatkredits-in-der-schweiz\/","og_locale":"de_DE","og_type":"article","og_title":"La fiscalit\u00e9 du cr\u00e9dit priv\u00e9 en Suisse permet des \u00e9conomies","og_description":"Pour comprendre la fiscalit\u00e9 du cr\u00e9dit priv\u00e9 en Suisse, Lica vous d\u00e9tail comment d\u00e9clarer vos pr\u00eats et \u00e9conomiser sur vos imp\u00f4ts.","og_url":"https:\/\/www.lica.ch\/de\/privatkredit\/wie-funktioniert-die-besteuerung-des-privatkredits-in-der-schweiz\/","og_site_name":"Lica cr\u00e9dit priv\u00e9","article_publisher":"https:\/\/www.facebook.com\/lica.suisse\/","article_published_time":"2022-10-18T14:20:55+00:00","article_modified_time":"2025-12-10T17:42:08+00:00","og_image":[{"width":1000,"height":650,"url":"https:\/\/www.lica.ch\/wp-content\/uploads\/2021\/10\/Fiscalite-du-credit-prive_IMA.webp","type":"image\/webp"}],"author":"writer-login","twitter_card":"summary_large_image","schema":{"@context":"https:\/\/schema.org","@graph":[{"@type":"Article","@id":"https:\/\/www.lica.ch\/credit-personnel\/comment-fonctionne-la-fiscalite-du-credit-prive-en-suisse\/#article","isPartOf":{"@id":"https:\/\/www.lica.ch\/credit-personnel\/comment-fonctionne-la-fiscalite-du-credit-prive-en-suisse\/"},"author":{"name":"writer-login","@id":"https:\/\/www.lica.ch\/en\/#\/schema\/person\/43f9fd6c0991b2ea4e0ce88a7472a04c"},"headline":"Comment fonctionne la fiscalit\u00e9 du cr\u00e9dit priv\u00e9 en Suisse ?","datePublished":"2022-10-18T14:20:55+00:00","dateModified":"2025-12-10T17:42:08+00:00","mainEntityOfPage":{"@id":"https:\/\/www.lica.ch\/credit-personnel\/comment-fonctionne-la-fiscalite-du-credit-prive-en-suisse\/"},"wordCount":1342,"publisher":{"@id":"https:\/\/www.lica.ch\/en\/#organization"},"image":{"@id":"https:\/\/www.lica.ch\/credit-personnel\/comment-fonctionne-la-fiscalite-du-credit-prive-en-suisse\/#primaryimage"},"thumbnailUrl":"https:\/\/www.lica.ch\/wp-content\/uploads\/2021\/10\/Fiscalite-du-credit-prive_IMA.webp","articleSection":["Cr\u00e9dit personnel"],"inLanguage":"de-CH"},{"@type":"WebPage","@id":"https:\/\/www.lica.ch\/credit-personnel\/comment-fonctionne-la-fiscalite-du-credit-prive-en-suisse\/","url":"https:\/\/www.lica.ch\/credit-personnel\/comment-fonctionne-la-fiscalite-du-credit-prive-en-suisse\/","name":"Die Besteuerung von Privatkrediten in der Schweiz erm\u00f6glicht Einsparungen","isPartOf":{"@id":"https:\/\/www.lica.ch\/en\/#website"},"primaryImageOfPage":{"@id":"https:\/\/www.lica.ch\/credit-personnel\/comment-fonctionne-la-fiscalite-du-credit-prive-en-suisse\/#primaryimage"},"image":{"@id":"https:\/\/www.lica.ch\/credit-personnel\/comment-fonctionne-la-fiscalite-du-credit-prive-en-suisse\/#primaryimage"},"thumbnailUrl":"https:\/\/www.lica.ch\/wp-content\/uploads\/2021\/10\/Fiscalite-du-credit-prive_IMA.webp","datePublished":"2022-10-18T14:20:55+00:00","dateModified":"2025-12-10T17:42:08+00:00","description":"Lica erkl\u00e4rt Ihnen, wie Sie Ihren Privatkredit korrekt versteuern und bei den Steuern in der Schweiz sparen k\u00f6nnen.","breadcrumb":{"@id":"https:\/\/www.lica.ch\/credit-personnel\/comment-fonctionne-la-fiscalite-du-credit-prive-en-suisse\/#breadcrumb"},"inLanguage":"de-CH","potentialAction":[{"@type":"ReadAction","target":["https:\/\/www.lica.ch\/credit-personnel\/comment-fonctionne-la-fiscalite-du-credit-prive-en-suisse\/"]}]},{"@type":"ImageObject","inLanguage":"de-CH","@id":"https:\/\/www.lica.ch\/credit-personnel\/comment-fonctionne-la-fiscalite-du-credit-prive-en-suisse\/#primaryimage","url":"https:\/\/www.lica.ch\/wp-content\/uploads\/2021\/10\/Fiscalite-du-credit-prive_IMA.webp","contentUrl":"https:\/\/www.lica.ch\/wp-content\/uploads\/2021\/10\/Fiscalite-du-credit-prive_IMA.webp","width":1000,"height":650,"caption":"Fiscalit\u00e9 du cr\u00e9dit priv\u00e9"},{"@type":"BreadcrumbList","@id":"https:\/\/www.lica.ch\/credit-personnel\/comment-fonctionne-la-fiscalite-du-credit-prive-en-suisse\/#breadcrumb","itemListElement":[{"@type":"ListItem","position":1,"name":"Accueil","item":"https:\/\/www.lica.ch\/"},{"@type":"ListItem","position":2,"name":"Comment fonctionne la fiscalit\u00e9 du cr\u00e9dit priv\u00e9 en Suisse ?"}]},{"@type":"WebSite","@id":"https:\/\/www.lica.ch\/en\/#website","url":"https:\/\/www.lica.ch\/en\/","name":"Lica","description":"Privatkredit","publisher":{"@id":"https:\/\/www.lica.ch\/en\/#organization"},"alternateName":"Lica","potentialAction":[{"@type":"SearchAction","target":{"@type":"EntryPoint","urlTemplate":"https:\/\/www.lica.ch\/en\/?s={search_term_string}"},"query-input":{"@type":"PropertyValueSpecification","valueRequired":true,"valueName":"search_term_string"}}],"inLanguage":"de-CH"},{"@type":"Organization","@id":"https:\/\/www.lica.ch\/en\/#organization","name":"Lica","alternateName":"Lica","url":"https:\/\/www.lica.ch\/en\/","logo":{"@type":"ImageObject","inLanguage":"de-CH","@id":"https:\/\/www.lica.ch\/en\/#\/schema\/logo\/image\/","url":"https:\/\/www.lica.ch\/wp-content\/uploads\/2025\/10\/Logo_Yoast_Jaune_696x696.webp","contentUrl":"https:\/\/www.lica.ch\/wp-content\/uploads\/2025\/10\/Logo_Yoast_Jaune_696x696.webp","width":696,"height":696,"caption":"Lica"},"image":{"@id":"https:\/\/www.lica.ch\/en\/#\/schema\/logo\/image\/"},"sameAs":["https:\/\/www.facebook.com\/lica.suisse\/","https:\/\/ch.linkedin.com\/company\/lica-cr\u00e9dit","https:\/\/www.tiktok.com\/@lica.ch","https:\/\/www.instagram.com\/licacredit\/"]},{"@type":"Person","@id":"https:\/\/www.lica.ch\/en\/#\/schema\/person\/43f9fd6c0991b2ea4e0ce88a7472a04c","name":"writer-login","image":{"@type":"ImageObject","inLanguage":"de-CH","@id":"https:\/\/secure.gravatar.com\/avatar\/d4854fc4223da2b976f9705ce04407a3e99c4bf956d6190ffef0815d95f87bef?s=96&d=mm&r=g","url":"https:\/\/secure.gravatar.com\/avatar\/d4854fc4223da2b976f9705ce04407a3e99c4bf956d6190ffef0815d95f87bef?s=96&d=mm&r=g","contentUrl":"https:\/\/secure.gravatar.com\/avatar\/d4854fc4223da2b976f9705ce04407a3e99c4bf956d6190ffef0815d95f87bef?s=96&d=mm&r=g","caption":"writer-login"}}]}},"_links":{"self":[{"href":"https:\/\/www.lica.ch\/de\/wp-json\/wp\/v2\/posts\/14902","targetHints":{"allow":["GET"]}}],"collection":[{"href":"https:\/\/www.lica.ch\/de\/wp-json\/wp\/v2\/posts"}],"about":[{"href":"https:\/\/www.lica.ch\/de\/wp-json\/wp\/v2\/types\/post"}],"author":[{"embeddable":true,"href":"https:\/\/www.lica.ch\/de\/wp-json\/wp\/v2\/users\/8"}],"replies":[{"embeddable":true,"href":"https:\/\/www.lica.ch\/de\/wp-json\/wp\/v2\/comments?post=14902"}],"version-history":[{"count":0,"href":"https:\/\/www.lica.ch\/de\/wp-json\/wp\/v2\/posts\/14902\/revisions"}],"wp:featuredmedia":[{"embeddable":true,"href":"https:\/\/www.lica.ch\/de\/wp-json\/wp\/v2\/media\/27914"}],"wp:attachment":[{"href":"https:\/\/www.lica.ch\/de\/wp-json\/wp\/v2\/media?parent=14902"}],"wp:term":[{"taxonomy":"category","embeddable":true,"href":"https:\/\/www.lica.ch\/de\/wp-json\/wp\/v2\/categories?post=14902"},{"taxonomy":"post_tag","embeddable":true,"href":"https:\/\/www.lica.ch\/de\/wp-json\/wp\/v2\/tags?post=14902"}],"curies":[{"name":"wp","href":"https:\/\/api.w.org\/{rel}","templated":true}]}}