{"id":27150,"date":"2025-08-01T11:21:28","date_gmt":"2025-08-01T09:21:28","guid":{"rendered":"https:\/\/lica.ch\/?p=27150"},"modified":"2025-11-16T12:13:23","modified_gmt":"2025-11-16T10:13:23","slug":"vorteile-der-zusammenlegung-von-privatkrediten","status":"publish","type":"post","link":"https:\/\/www.lica.ch\/de\/rachat-de-credit\/quels-sont-les-avantages-de-regrouper-ses-credits-prives\/","title":{"rendered":"Welche Vorteile hat die Abl\u00f6sung mehrerer Privatkredite?"},"content":{"rendered":"<p>In einem aktuellen wirtschaftlichen Kontext, <a href=\"https:\/\/www.lica.ch\/de\/solvable\/finanzen-richtig-verwalten-und-budget-optimieren\/\">seine Finanzen optimieren<\/a> pers\u00f6nlichen Krediten ist entscheidend geworden. Viele Menschen stehen vor einer gemeinsamen Herausforderung: Wie kann man mehrere Kredite gleichzeitig effektiv verwalten? Dieser Artikel befasst sich mit den Vorteilen dieses finanziellen Ansatzes. Er zeigt Ihnen, warum es unerl\u00e4sslich ist, seine privaten Kredite zusammenzufassen.<\/p>\n\n\n\n<h2 class=\"wp-block-heading\">1. Vereinfachung der Finanzverwaltung<\/h2>\n\n\n\n<p>Der erste und deutlichste Vorteil der Kreditzusammenlegung ist die finanzielle Vereinfachung. Anstatt mit verschiedenen F\u00e4lligkeiten zu jonglieren, <a href=\"https:\/\/www.lica.ch\/de\/privatkredit-3\/kriterien-die-den-zinssatz-ihres-kredits-bestimmen\/\">Satz<\/a>, Diese Strategie vereint alles, was Sie brauchen, um Ihre Ziele zu erreichen. <a href=\"https:\/\/www.lica.ch\/de\/demande-de-credit-prive-en-ligne\/\">ein einziger Kredit<\/a>. Auf diese Weise wird die Verwaltung der R\u00fcckerstattungen einfacher und das Risiko, dass etwas vergessen oder zu sp\u00e4t bezahlt wird, sinkt. Diese potenziell kostspieligen Vorf\u00e4lle werden also vermieden.<\/p>\n\n\n\n<h2 class=\"wp-block-heading\">2. Die Zusammenfassung seiner Privatkredite erm\u00f6glicht es, seine monatlichen Raten zu senken<\/h2>\n\n\n\n<p>Ein weiterer, sofort erkennbarer Vorteil, der mit der Zusammenlegung von Privatkrediten verbunden ist, ist die M\u00f6glichkeit, seine monatlichen Raten erheblich zu senken. Diese Verringerung der monatlichen R\u00fcckzahlungslast ist ein grosser Vorteil f\u00fcr Kreditnehmer, die Folgendes anstreben<a href=\"https:\/\/www.lica.ch\/de\/demande-de-credit-prive-en-ligne\/\"> ihr monatliches Budget entlasten <\/a>und wieder einen gewissen finanziellen Wohlstand zu erlangen. <\/p>\n\n\n\n<p>Tats\u00e4chlich verwandelt die Entscheidung, Ihre Kredite zusammenzufassen, Ihre mehrfachen Schulden in <a href=\"https:\/\/www.lica.ch\/de\/demande-de-credit-prive-en-ligne\/\">ein einziges Darlehen<\/a>. Dieses umstrukturierte Darlehen passt sich Ihrer R\u00fcckzahlungsf\u00e4higkeit und Ihren finanziellen Zielen an, oft mit einer l\u00e4ngeren Laufzeit. Dadurch verringern sich Ihre monatlichen Raten, was Ihr monatliches Budget direkt entlastet.<\/p>\n\n\n\n<h2 class=\"wp-block-heading\">3. Senkung der Zinss\u00e4tze <\/h2>\n\n\n\n<p>Seine Kredite zusammenzufassen kann auch senken <a href=\"https:\/\/www.lica.ch\/de\/privatkredit-3\/erhoehung-des-hoechstzinssatzes-fuer-privatkredite-ab-1-januar-2024\/\">den Zinssatz<\/a>. Durch die Zusammenlegung mehrerer Schulden ist es m\u00f6glich, einen niedrigeren Zinssatz zu erhalten. Diese Verbesserung ergibt sich aus einer besseren Einsch\u00e4tzung der R\u00fcckzahlungsf\u00e4higkeit und einem geringeren Risiko f\u00fcr den Kreditgeber. Ein solch niedrigerer Zinssatz reduziert die Gesamtzinsen \u00fcber die Laufzeit des Kredits erheblich und macht die Verschuldung \u00fcberschaubarer.<\/p>\n\n\n\n<h2 class=\"wp-block-heading\">4. Verbesserung des Kreditscores<\/h2>\n\n\n\n<p>Ein weiterer Vorteil der Kreditzusammenlegung ist die m\u00f6gliche Verbesserung Ihrer <a href=\"https:\/\/www.lica.ch\/de\/privatkredit-3\/wie-ein-privatkredit-funktioniert\/\">Kreditscore<\/a>. Wenn Sie mehrere Kredite, m\u00f6glicherweise mit hohen Zinsen, durch einen einzigen Kredit mit g\u00fcnstigeren Konditionen ersetzen, kann sich das positiv auf Ihre Kreditw\u00fcrdigkeit auswirken. Die Vereinfachung der Finanzverwaltung und die Senkung Ihrer Schuldenquote beg\u00fcnstigen ausserdem p\u00fcnktliche Zahlungen. Regelm\u00e4ssige Zahlungen sind jedoch f\u00fcr die Berechnung Ihres Kredit-Scores von entscheidender Bedeutung.<\/p>\n\n\n\n<h2 class=\"wp-block-heading\">5. B\u00fcndeln Sie Ihre Privatkredite, um zus\u00e4tzliche Liquidit\u00e4t zu erhalten.<\/h2>\n\n\n\n<p>In manchen F\u00e4llen kann das Zusammenlegen von Privatkrediten <a href=\"https:\/\/www.lica.ch\/de\/rachat-de-credit-prive-en-ligne\/\">zus\u00e4tzliche Liquidit\u00e4t freisetzen<\/a>. Denn durch eine gestreckte R\u00fcckzahlungsdauer und einen niedrigeren Zinssatz kann der monatlich zur\u00fcckzuzahlende Betrag sinken, wodurch mehr Spielraum im monatlichen Budget entsteht. Diese Liquidit\u00e4t kann genutzt werden, um <a href=\"https:\/\/www.lica.ch\/de\/lica\/die-3-besten-projekte-diesen-sommer-mit-unserer-online-kreditloesung-finanziert\/\">pers\u00f6nliche Projekte finanzieren<\/a> oder einfach nur, um den Alltag zu verbessern.<\/p>\n\n\n\n<h2 class=\"wp-block-heading\">6. Verringerung des finanziellen Stresses<\/h2>\n\n\n\n<p>Untersch\u00e4tzen wir nicht die psychologischen Auswirkungen der Zusammenlegung von Privatkrediten. Die Verwaltung mehrerer Schulden kann f\u00fcr viele Menschen eine erhebliche Quelle von Stress und \u00c4ngsten sein. Die Zusammenfassung dieser Schulden zu einer einzigen monatlichen Zahlung kann erheblich dazu beitragen, diesen <a href=\"https:\/\/www.bilan.ch\/economie\/largent-stresse-les-suisses-plus-que-tout\" target=\"_blank\" rel=\"noreferrer noopener\">Finanzstress<\/a>, Das bedeutet, dass sie eine klarere Vorstellung von der finanziellen Zukunft haben und sich auf langfristige finanzielle Ziele konzentrieren k\u00f6nnen.<\/p>\n\n\n\n<h2 class=\"wp-block-heading\">7. Flexibilit\u00e4t und Anpassung<\/h2>\n\n\n\n<p>Kreditb\u00fcndelungsl\u00f6sungen, die von Finanzinstituten angeboten werden, wie z. B. <a href=\"https:\/\/www.lica.ch\/de\/\">Lica <\/a>sind oft in hohem Masse anpassbar. Das bedeutet, dass der Finanzierungsplan an die spezifischen Bed\u00fcrfnisse und die finanzielle Situation des Kreditnehmers angepasst werden kann. Egal, ob es sich um die R\u00fcckzahlungsdauer, die H\u00f6he der Raten oder den Zinssatz handelt, diese Flexibilit\u00e4t ist ein grosser Vorteil f\u00fcr <a href=\"https:\/\/www.lica.ch\/de\/privatkredit-3\/privatkredit-abloesung-erfahren-sie-wie-lica-ihnen-helfen-kann\/\">die R\u00fcckzahlung an seine finanziellen M\u00f6glichkeiten anpassen<\/a>.<\/p>\n\n\n\n<h2 class=\"wp-block-heading\">Seine Privatkredite zusammenzufassen ist eine ausgezeichnete L\u00f6sung!<\/h2>\n\n\n\n<p>Die Zusammenfassung von Privatkrediten hat viele Vorteile: von der finanziellen Vereinfachung \u00fcber die Verringerung des finanziellen Stresses bis hin zu konkreten wirtschaftlichen Gewinnen wie einer niedrigeren Schuldenquote und einem besseren Kredit-Score. F\u00fcr in der Schweiz wohnhafte Personen, die mit mehreren Krediten zu k\u00e4mpfen haben, <a href=\"https:\/\/www.lica.ch\/de\/rachat-de-credit-prive-en-ligne\/\">diese Option<\/a> kann eine kluge Finanzstrategie sein. Sie ebnet den Weg zu finanzieller Ruhe und l\u00e4sst einen gelassener in die Zukunft blicken.<\/p>\n\n\n\n<p>Bei Lica begreifen wir die Bedeutung einer <a href=\"https:\/\/www.lica.ch\/de\/rachat-de-credit-prive-en-ligne\/\">effektive Finanzverwaltung<\/a>. Wir verpflichten uns, Sie zu massgeschneiderten L\u00f6sungen zu f\u00fchren. Glauben Sie, dass die Zusammenlegung Ihrer Kredite der Schl\u00fcssel ist? Unsere Experten sind bereit, Ihre Optionen mit Ihnen zu erkunden und Ihnen dabei zu helfen, das Beste f\u00fcr Ihre finanzielle Zukunft zu w\u00e4hlen.<\/p>\n\n\n\n<p>Warten Sie nicht l\u00e4nger, sondern vereinfachen Sie Ihr Finanzleben und erkunden Sie die Vorteile von <a href=\"https:\/\/www.lica.ch\/de\/rachat-de-credit-prive-en-ligne\/\">Kreditzusammenlegung<\/a> Privatpersonen. Kontaktieren Sie Lica noch heute f\u00fcr eine pers\u00f6nliche Beratung und machen Sie den Schritt zu einem ruhigeren und optimierten Finanzmanagement.<\/p>","protected":false},"excerpt":{"rendered":"<p>Dans un contexte \u00e9conomique actuel, optimiser ses finances personnelles est devenu crucial. Nombreux sont ceux qui font face \u00e0 un d\u00e9fi commun : comment g\u00e9rer efficacement plusieurs cr\u00e9dits en m\u00eame temps ? Cet article se penche sur les avantages de cette approche financi\u00e8re. Il vous d\u00e9montre pourquoi il est essentiel de regrouper ses cr\u00e9dits priv\u00e9s. [&hellip;]<\/p>\n","protected":false},"author":8,"featured_media":27698,"comment_status":"closed","ping_status":"closed","sticky":false,"template":"","format":"standard","meta":{"footnotes":""},"categories":[36],"tags":[],"class_list":["post-27150","post","type-post","status-publish","format-standard","has-post-thumbnail","hentry","category-rachat-de-credit"],"_yoast_wpseo_focuskw":"Regrouper ses cr\u00e9dits priv\u00e9s","_yoast_wpseo_title":"Regrouper ses cr\u00e9dits priv\u00e9s - Quels sont les avantages ?","_yoast_wpseo_metadesc":"Regrouper ses cr\u00e9dits priv\u00e9s peut simplifier votre gestion financi\u00e8re, r\u00e9duire votre taux d'endettement et am\u00e9liorer votre score de cr\u00e9dit.","yoast_head":"<!-- This site is optimized with the Yoast SEO plugin v27.5 - https:\/\/yoast.com\/product\/yoast-seo-wordpress\/ -->\n<title>Regrouper ses cr\u00e9dits priv\u00e9s - Quels sont les avantages ?<\/title>\n<meta name=\"description\" content=\"Regrouper ses cr\u00e9dits priv\u00e9s peut simplifier votre gestion financi\u00e8re, r\u00e9duire votre taux d&#039;endettement et am\u00e9liorer votre score de cr\u00e9dit.\" \/>\n<meta name=\"robots\" content=\"index, follow, max-snippet:-1, max-image-preview:large, max-video-preview:-1\" \/>\n<link rel=\"canonical\" href=\"https:\/\/www.lica.ch\/de\/kredit-abloesung\/vorteile-der-zusammenlegung-von-privatkrediten\/\" \/>\n<meta property=\"og:locale\" content=\"de_DE\" \/>\n<meta property=\"og:type\" content=\"article\" \/>\n<meta property=\"og:title\" content=\"Regrouper ses cr\u00e9dits priv\u00e9s - Quels sont les avantages ?\" \/>\n<meta property=\"og:description\" content=\"Regrouper ses cr\u00e9dits priv\u00e9s peut simplifier votre gestion financi\u00e8re, r\u00e9duire votre taux d&#039;endettement et am\u00e9liorer votre score de cr\u00e9dit.\" \/>\n<meta property=\"og:url\" content=\"https:\/\/www.lica.ch\/de\/kredit-abloesung\/vorteile-der-zusammenlegung-von-privatkrediten\/\" \/>\n<meta property=\"og:site_name\" content=\"Lica cr\u00e9dit priv\u00e9\" \/>\n<meta property=\"article:publisher\" content=\"https:\/\/www.facebook.com\/lica.suisse\/\" \/>\n<meta property=\"article:published_time\" content=\"2025-08-01T09:21:28+00:00\" \/>\n<meta property=\"article:modified_time\" content=\"2025-11-16T10:13:23+00:00\" \/>\n<meta property=\"og:image\" content=\"https:\/\/www.lica.ch\/wp-content\/uploads\/2024\/03\/Regrouper-ses-credits-prives_IMA.webp\" \/>\n\t<meta property=\"og:image:width\" content=\"1000\" \/>\n\t<meta property=\"og:image:height\" content=\"650\" \/>\n\t<meta property=\"og:image:type\" content=\"image\/webp\" \/>\n<meta name=\"author\" content=\"writer-login\" \/>\n<meta name=\"twitter:card\" content=\"summary_large_image\" \/>\n<script type=\"application\/ld+json\" class=\"yoast-schema-graph\">{\"@context\":\"https:\\\/\\\/schema.org\",\"@graph\":[{\"@type\":\"Article\",\"@id\":\"https:\\\/\\\/www.lica.ch\\\/rachat-de-credit\\\/quels-sont-les-avantages-de-regrouper-ses-credits-prives\\\/#article\",\"isPartOf\":{\"@id\":\"https:\\\/\\\/www.lica.ch\\\/rachat-de-credit\\\/quels-sont-les-avantages-de-regrouper-ses-credits-prives\\\/\"},\"author\":{\"name\":\"writer-login\",\"@id\":\"https:\\\/\\\/www.lica.ch\\\/en\\\/#\\\/schema\\\/person\\\/43f9fd6c0991b2ea4e0ce88a7472a04c\"},\"headline\":\"Quels sont les avantages de regrouper ses cr\u00e9dits priv\u00e9s ?\",\"datePublished\":\"2025-08-01T09:21:28+00:00\",\"dateModified\":\"2025-11-16T10:13:23+00:00\",\"mainEntityOfPage\":{\"@id\":\"https:\\\/\\\/www.lica.ch\\\/rachat-de-credit\\\/quels-sont-les-avantages-de-regrouper-ses-credits-prives\\\/\"},\"wordCount\":874,\"publisher\":{\"@id\":\"https:\\\/\\\/www.lica.ch\\\/en\\\/#organization\"},\"image\":{\"@id\":\"https:\\\/\\\/www.lica.ch\\\/rachat-de-credit\\\/quels-sont-les-avantages-de-regrouper-ses-credits-prives\\\/#primaryimage\"},\"thumbnailUrl\":\"https:\\\/\\\/www.lica.ch\\\/wp-content\\\/uploads\\\/2024\\\/03\\\/Regrouper-ses-credits-prives_IMA.webp\",\"articleSection\":[\"Rachat de cr\u00e9dit\"],\"inLanguage\":\"de-CH\"},{\"@type\":\"WebPage\",\"@id\":\"https:\\\/\\\/www.lica.ch\\\/rachat-de-credit\\\/quels-sont-les-avantages-de-regrouper-ses-credits-prives\\\/\",\"url\":\"https:\\\/\\\/www.lica.ch\\\/rachat-de-credit\\\/quels-sont-les-avantages-de-regrouper-ses-credits-prives\\\/\",\"name\":\"Regrouper ses cr\u00e9dits priv\u00e9s - Quels sont les avantages ?\",\"isPartOf\":{\"@id\":\"https:\\\/\\\/www.lica.ch\\\/en\\\/#website\"},\"primaryImageOfPage\":{\"@id\":\"https:\\\/\\\/www.lica.ch\\\/rachat-de-credit\\\/quels-sont-les-avantages-de-regrouper-ses-credits-prives\\\/#primaryimage\"},\"image\":{\"@id\":\"https:\\\/\\\/www.lica.ch\\\/rachat-de-credit\\\/quels-sont-les-avantages-de-regrouper-ses-credits-prives\\\/#primaryimage\"},\"thumbnailUrl\":\"https:\\\/\\\/www.lica.ch\\\/wp-content\\\/uploads\\\/2024\\\/03\\\/Regrouper-ses-credits-prives_IMA.webp\",\"datePublished\":\"2025-08-01T09:21:28+00:00\",\"dateModified\":\"2025-11-16T10:13:23+00:00\",\"description\":\"Regrouper ses cr\u00e9dits priv\u00e9s peut simplifier votre gestion financi\u00e8re, r\u00e9duire votre taux d'endettement et am\u00e9liorer votre score de cr\u00e9dit.\",\"breadcrumb\":{\"@id\":\"https:\\\/\\\/www.lica.ch\\\/rachat-de-credit\\\/quels-sont-les-avantages-de-regrouper-ses-credits-prives\\\/#breadcrumb\"},\"inLanguage\":\"de-CH\",\"potentialAction\":[{\"@type\":\"ReadAction\",\"target\":[\"https:\\\/\\\/www.lica.ch\\\/rachat-de-credit\\\/quels-sont-les-avantages-de-regrouper-ses-credits-prives\\\/\"]}]},{\"@type\":\"ImageObject\",\"inLanguage\":\"de-CH\",\"@id\":\"https:\\\/\\\/www.lica.ch\\\/rachat-de-credit\\\/quels-sont-les-avantages-de-regrouper-ses-credits-prives\\\/#primaryimage\",\"url\":\"https:\\\/\\\/www.lica.ch\\\/wp-content\\\/uploads\\\/2024\\\/03\\\/Regrouper-ses-credits-prives_IMA.webp\",\"contentUrl\":\"https:\\\/\\\/www.lica.ch\\\/wp-content\\\/uploads\\\/2024\\\/03\\\/Regrouper-ses-credits-prives_IMA.webp\",\"width\":1000,\"height\":650,\"caption\":\"Regrouper ses cr\u00e9dits priv\u00e9s\"},{\"@type\":\"BreadcrumbList\",\"@id\":\"https:\\\/\\\/www.lica.ch\\\/rachat-de-credit\\\/quels-sont-les-avantages-de-regrouper-ses-credits-prives\\\/#breadcrumb\",\"itemListElement\":[{\"@type\":\"ListItem\",\"position\":1,\"name\":\"Accueil\",\"item\":\"https:\\\/\\\/www.lica.ch\\\/\"},{\"@type\":\"ListItem\",\"position\":2,\"name\":\"Quels sont les avantages de regrouper ses cr\u00e9dits priv\u00e9s ?\"}]},{\"@type\":\"WebSite\",\"@id\":\"https:\\\/\\\/www.lica.ch\\\/en\\\/#website\",\"url\":\"https:\\\/\\\/www.lica.ch\\\/en\\\/\",\"name\":\"Lica\",\"description\":\"Cr\u00e9dit priv\u00e9\",\"publisher\":{\"@id\":\"https:\\\/\\\/www.lica.ch\\\/en\\\/#organization\"},\"alternateName\":\"Lica\",\"potentialAction\":[{\"@type\":\"SearchAction\",\"target\":{\"@type\":\"EntryPoint\",\"urlTemplate\":\"https:\\\/\\\/www.lica.ch\\\/en\\\/?s={search_term_string}\"},\"query-input\":{\"@type\":\"PropertyValueSpecification\",\"valueRequired\":true,\"valueName\":\"search_term_string\"}}],\"inLanguage\":\"de-CH\"},{\"@type\":\"Organization\",\"@id\":\"https:\\\/\\\/www.lica.ch\\\/en\\\/#organization\",\"name\":\"Lica\",\"alternateName\":\"Lica\",\"url\":\"https:\\\/\\\/www.lica.ch\\\/en\\\/\",\"logo\":{\"@type\":\"ImageObject\",\"inLanguage\":\"de-CH\",\"@id\":\"https:\\\/\\\/www.lica.ch\\\/en\\\/#\\\/schema\\\/logo\\\/image\\\/\",\"url\":\"https:\\\/\\\/www.lica.ch\\\/wp-content\\\/uploads\\\/2025\\\/10\\\/Logo_Yoast_Jaune_696x696.webp\",\"contentUrl\":\"https:\\\/\\\/www.lica.ch\\\/wp-content\\\/uploads\\\/2025\\\/10\\\/Logo_Yoast_Jaune_696x696.webp\",\"width\":696,\"height\":696,\"caption\":\"Lica\"},\"image\":{\"@id\":\"https:\\\/\\\/www.lica.ch\\\/en\\\/#\\\/schema\\\/logo\\\/image\\\/\"},\"sameAs\":[\"https:\\\/\\\/www.facebook.com\\\/lica.suisse\\\/\",\"https:\\\/\\\/ch.linkedin.com\\\/company\\\/lica-cr\u00e9dit\",\"https:\\\/\\\/www.tiktok.com\\\/@lica.ch\",\"https:\\\/\\\/www.instagram.com\\\/licacredit\\\/\"]},{\"@type\":\"Person\",\"@id\":\"https:\\\/\\\/www.lica.ch\\\/en\\\/#\\\/schema\\\/person\\\/43f9fd6c0991b2ea4e0ce88a7472a04c\",\"name\":\"writer-login\",\"image\":{\"@type\":\"ImageObject\",\"inLanguage\":\"de-CH\",\"@id\":\"https:\\\/\\\/secure.gravatar.com\\\/avatar\\\/d4854fc4223da2b976f9705ce04407a3e99c4bf956d6190ffef0815d95f87bef?s=96&d=mm&r=g\",\"url\":\"https:\\\/\\\/secure.gravatar.com\\\/avatar\\\/d4854fc4223da2b976f9705ce04407a3e99c4bf956d6190ffef0815d95f87bef?s=96&d=mm&r=g\",\"contentUrl\":\"https:\\\/\\\/secure.gravatar.com\\\/avatar\\\/d4854fc4223da2b976f9705ce04407a3e99c4bf956d6190ffef0815d95f87bef?s=96&d=mm&r=g\",\"caption\":\"writer-login\"}}]}<\/script>\n<!-- \/ Yoast SEO plugin. -->","yoast_head_json":{"title":"Privatkredite zusammenlegen \u2013 Welche Vorteile bringt das?","description":"Das Zusammenlegen Ihrer Privatkredite kann Ihre Finanzverwaltung vereinfachen, Ihre Verschuldungsquote senken und Ihre Kreditw\u00fcrdigkeit verbessern.","robots":{"index":"index","follow":"follow","max-snippet":"max-snippet:-1","max-image-preview":"max-image-preview:large","max-video-preview":"max-video-preview:-1"},"canonical":"https:\/\/www.lica.ch\/de\/kredit-abloesung\/vorteile-der-zusammenlegung-von-privatkrediten\/","og_locale":"de_DE","og_type":"article","og_title":"Regrouper ses cr\u00e9dits priv\u00e9s - Quels sont les avantages ?","og_description":"Regrouper ses cr\u00e9dits priv\u00e9s peut simplifier votre gestion financi\u00e8re, r\u00e9duire votre taux d'endettement et am\u00e9liorer votre score de cr\u00e9dit.","og_url":"https:\/\/www.lica.ch\/de\/kredit-abloesung\/vorteile-der-zusammenlegung-von-privatkrediten\/","og_site_name":"Lica cr\u00e9dit priv\u00e9","article_publisher":"https:\/\/www.facebook.com\/lica.suisse\/","article_published_time":"2025-08-01T09:21:28+00:00","article_modified_time":"2025-11-16T10:13:23+00:00","og_image":[{"width":1000,"height":650,"url":"https:\/\/www.lica.ch\/wp-content\/uploads\/2024\/03\/Regrouper-ses-credits-prives_IMA.webp","type":"image\/webp"}],"author":"writer-login","twitter_card":"summary_large_image","schema":{"@context":"https:\/\/schema.org","@graph":[{"@type":"Article","@id":"https:\/\/www.lica.ch\/rachat-de-credit\/quels-sont-les-avantages-de-regrouper-ses-credits-prives\/#article","isPartOf":{"@id":"https:\/\/www.lica.ch\/rachat-de-credit\/quels-sont-les-avantages-de-regrouper-ses-credits-prives\/"},"author":{"name":"writer-login","@id":"https:\/\/www.lica.ch\/en\/#\/schema\/person\/43f9fd6c0991b2ea4e0ce88a7472a04c"},"headline":"Quels sont les avantages de regrouper ses cr\u00e9dits priv\u00e9s ?","datePublished":"2025-08-01T09:21:28+00:00","dateModified":"2025-11-16T10:13:23+00:00","mainEntityOfPage":{"@id":"https:\/\/www.lica.ch\/rachat-de-credit\/quels-sont-les-avantages-de-regrouper-ses-credits-prives\/"},"wordCount":874,"publisher":{"@id":"https:\/\/www.lica.ch\/en\/#organization"},"image":{"@id":"https:\/\/www.lica.ch\/rachat-de-credit\/quels-sont-les-avantages-de-regrouper-ses-credits-prives\/#primaryimage"},"thumbnailUrl":"https:\/\/www.lica.ch\/wp-content\/uploads\/2024\/03\/Regrouper-ses-credits-prives_IMA.webp","articleSection":["Rachat de cr\u00e9dit"],"inLanguage":"de-CH"},{"@type":"WebPage","@id":"https:\/\/www.lica.ch\/rachat-de-credit\/quels-sont-les-avantages-de-regrouper-ses-credits-prives\/","url":"https:\/\/www.lica.ch\/rachat-de-credit\/quels-sont-les-avantages-de-regrouper-ses-credits-prives\/","name":"Privatkredite zusammenlegen \u2013 Welche Vorteile bringt das?","isPartOf":{"@id":"https:\/\/www.lica.ch\/en\/#website"},"primaryImageOfPage":{"@id":"https:\/\/www.lica.ch\/rachat-de-credit\/quels-sont-les-avantages-de-regrouper-ses-credits-prives\/#primaryimage"},"image":{"@id":"https:\/\/www.lica.ch\/rachat-de-credit\/quels-sont-les-avantages-de-regrouper-ses-credits-prives\/#primaryimage"},"thumbnailUrl":"https:\/\/www.lica.ch\/wp-content\/uploads\/2024\/03\/Regrouper-ses-credits-prives_IMA.webp","datePublished":"2025-08-01T09:21:28+00:00","dateModified":"2025-11-16T10:13:23+00:00","description":"Das Zusammenlegen Ihrer Privatkredite kann Ihre Finanzverwaltung vereinfachen, Ihre Verschuldungsquote senken und Ihre Kreditw\u00fcrdigkeit verbessern.","breadcrumb":{"@id":"https:\/\/www.lica.ch\/rachat-de-credit\/quels-sont-les-avantages-de-regrouper-ses-credits-prives\/#breadcrumb"},"inLanguage":"de-CH","potentialAction":[{"@type":"ReadAction","target":["https:\/\/www.lica.ch\/rachat-de-credit\/quels-sont-les-avantages-de-regrouper-ses-credits-prives\/"]}]},{"@type":"ImageObject","inLanguage":"de-CH","@id":"https:\/\/www.lica.ch\/rachat-de-credit\/quels-sont-les-avantages-de-regrouper-ses-credits-prives\/#primaryimage","url":"https:\/\/www.lica.ch\/wp-content\/uploads\/2024\/03\/Regrouper-ses-credits-prives_IMA.webp","contentUrl":"https:\/\/www.lica.ch\/wp-content\/uploads\/2024\/03\/Regrouper-ses-credits-prives_IMA.webp","width":1000,"height":650,"caption":"Regrouper ses cr\u00e9dits priv\u00e9s"},{"@type":"BreadcrumbList","@id":"https:\/\/www.lica.ch\/rachat-de-credit\/quels-sont-les-avantages-de-regrouper-ses-credits-prives\/#breadcrumb","itemListElement":[{"@type":"ListItem","position":1,"name":"Accueil","item":"https:\/\/www.lica.ch\/"},{"@type":"ListItem","position":2,"name":"Quels sont les avantages de regrouper ses cr\u00e9dits priv\u00e9s ?"}]},{"@type":"WebSite","@id":"https:\/\/www.lica.ch\/en\/#website","url":"https:\/\/www.lica.ch\/en\/","name":"Lica","description":"Privatkredit","publisher":{"@id":"https:\/\/www.lica.ch\/en\/#organization"},"alternateName":"Lica","potentialAction":[{"@type":"SearchAction","target":{"@type":"EntryPoint","urlTemplate":"https:\/\/www.lica.ch\/en\/?s={search_term_string}"},"query-input":{"@type":"PropertyValueSpecification","valueRequired":true,"valueName":"search_term_string"}}],"inLanguage":"de-CH"},{"@type":"Organization","@id":"https:\/\/www.lica.ch\/en\/#organization","name":"Lica","alternateName":"Lica","url":"https:\/\/www.lica.ch\/en\/","logo":{"@type":"ImageObject","inLanguage":"de-CH","@id":"https:\/\/www.lica.ch\/en\/#\/schema\/logo\/image\/","url":"https:\/\/www.lica.ch\/wp-content\/uploads\/2025\/10\/Logo_Yoast_Jaune_696x696.webp","contentUrl":"https:\/\/www.lica.ch\/wp-content\/uploads\/2025\/10\/Logo_Yoast_Jaune_696x696.webp","width":696,"height":696,"caption":"Lica"},"image":{"@id":"https:\/\/www.lica.ch\/en\/#\/schema\/logo\/image\/"},"sameAs":["https:\/\/www.facebook.com\/lica.suisse\/","https:\/\/ch.linkedin.com\/company\/lica-cr\u00e9dit","https:\/\/www.tiktok.com\/@lica.ch","https:\/\/www.instagram.com\/licacredit\/"]},{"@type":"Person","@id":"https:\/\/www.lica.ch\/en\/#\/schema\/person\/43f9fd6c0991b2ea4e0ce88a7472a04c","name":"writer-login","image":{"@type":"ImageObject","inLanguage":"de-CH","@id":"https:\/\/secure.gravatar.com\/avatar\/d4854fc4223da2b976f9705ce04407a3e99c4bf956d6190ffef0815d95f87bef?s=96&d=mm&r=g","url":"https:\/\/secure.gravatar.com\/avatar\/d4854fc4223da2b976f9705ce04407a3e99c4bf956d6190ffef0815d95f87bef?s=96&d=mm&r=g","contentUrl":"https:\/\/secure.gravatar.com\/avatar\/d4854fc4223da2b976f9705ce04407a3e99c4bf956d6190ffef0815d95f87bef?s=96&d=mm&r=g","caption":"writer-login"}}]}},"_links":{"self":[{"href":"https:\/\/www.lica.ch\/de\/wp-json\/wp\/v2\/posts\/27150","targetHints":{"allow":["GET"]}}],"collection":[{"href":"https:\/\/www.lica.ch\/de\/wp-json\/wp\/v2\/posts"}],"about":[{"href":"https:\/\/www.lica.ch\/de\/wp-json\/wp\/v2\/types\/post"}],"author":[{"embeddable":true,"href":"https:\/\/www.lica.ch\/de\/wp-json\/wp\/v2\/users\/8"}],"replies":[{"embeddable":true,"href":"https:\/\/www.lica.ch\/de\/wp-json\/wp\/v2\/comments?post=27150"}],"version-history":[{"count":0,"href":"https:\/\/www.lica.ch\/de\/wp-json\/wp\/v2\/posts\/27150\/revisions"}],"wp:featuredmedia":[{"embeddable":true,"href":"https:\/\/www.lica.ch\/de\/wp-json\/wp\/v2\/media\/27698"}],"wp:attachment":[{"href":"https:\/\/www.lica.ch\/de\/wp-json\/wp\/v2\/media?parent=27150"}],"wp:term":[{"taxonomy":"category","embeddable":true,"href":"https:\/\/www.lica.ch\/de\/wp-json\/wp\/v2\/categories?post=27150"},{"taxonomy":"post_tag","embeddable":true,"href":"https:\/\/www.lica.ch\/de\/wp-json\/wp\/v2\/tags?post=27150"}],"curies":[{"name":"wp","href":"https:\/\/api.w.org\/{rel}","templated":true}]}}