{"id":15054,"date":"2025-09-15T17:48:32","date_gmt":"2025-09-15T15:48:32","guid":{"rendered":"https:\/\/lica.ch\/?p=15054"},"modified":"2026-03-15T14:04:36","modified_gmt":"2026-03-15T13:04:36","slug":"seguro-de-las-cuotas-del-credito","status":"publish","type":"post","link":"https:\/\/www.lica.ch\/es\/assurance-mensualites\/assurance-des-mensualites-du-credit\/","title":{"rendered":"El seguro de las mensualidades del cr\u00e9dito para proteger sus ingresos"},"content":{"rendered":"<p>Cuando obtenemos <a href=\"https:\/\/www.lica.ch\/es\/\">un pr\u00e9stamo<\/a>, Cuando se trata de cr\u00e9dito, es importante poder devolver el pr\u00e9stamo a pesar de los altibajos de la vida. Los prestatarios pueden estar sujetos a <a href=\"https:\/\/www.lica.ch\/es\/seguro-complementario-desempleo\/\">un caso de desempleo<\/a>, Si no puede trabajar a causa de un accidente o una enfermedad. Con el seguro de pagos mensuales, \u00a1puedes proteger tu salario pase lo que pase!<\/p>\n\n\n\n<h2 class=\"wp-block-heading\">\u00a1Seguro de pago mensual para que no deje nada al azar!<\/h2>\n\n\n\n<p>Los imprevistos forman parte de la vida, y es importante saber qu\u00e9 cobertura est\u00e1 disponible para satisfacer sus necesidades. Aunque es opcional, el seguro de amortizaci\u00f3n mensual es de vital importancia, ya que protege a los prestatarios de posibles contratiempos como <a href=\"https:\/\/www.lica.ch\/es\/seguro-complementario-desempleo\/\">incapacidad laboral por enfermedad o accidente y desempleo<\/a> por ejemplo. Por lo tanto, los pagos mensuales de su cr\u00e9dito est\u00e1n cubiertos de acuerdo con las condiciones del contrato.<\/p>\n\n\n\n<h2 class=\"wp-block-heading\">\u00bfPor qu\u00e9 asegurar su pr\u00e9stamo?<\/h2>\n\n\n\n<p>En caso de desempleo, si se asegura legalmente 70% del \u00faltimo salario, con unos ingresos mensuales de CHF 5\u2019000.- esto representa una p\u00e9rdida de CHF 1\u2019500.- cada mes. Sin embargo, \u00a1los gastos fijos cotidianos permanecen invariables! En caso de enfermedad, las carencias pueden ser en algunos casos a\u00fan mayores, lo que no deja margen para seguir pagando las facturas o las cotizaciones a la Seguridad Social. <a href=\"https:\/\/www.lica.ch\/es\/demande-de-credit-prive-en-ligne\/\">mensualidades del cr\u00e9dito<\/a>.  <\/p>\n\n\n\n<blockquote class=\"wp-block-quote is-layout-flow wp-block-quote-is-layout-flow\">\n<p>\u00bfSab\u00edas que a partir de CHF 1.- al d\u00eda, puedes mantener tu sueldo pase lo que pase?<\/p>\n<\/blockquote>\n\n\n\n<p>Para saber exactamente la cuant\u00eda de la indemnizaci\u00f3n que percibir\u00e1 si se queda en paro, siempre puede realizar una simulaci\u00f3n. <a href=\"https:\/\/caissechomage.unia.ch\/services\/calculateur\" target=\"_blank\" rel=\"noreferrer noopener\">en el sitio web de la UNIA<\/a>.<\/p>\n\n\n\n<h2 class=\"wp-block-heading\">\u00bfQu\u00e9 es el seguro de protecci\u00f3n de pagos?<\/h2>\n\n\n\n<p>El seguro de protecci\u00f3n de pagos es una opci\u00f3n disponible cuando <a href=\"https:\/\/www.lica.ch\/es\/demande-de-credit-prive-en-ligne\/\">pedir un pr\u00e9stamo privado<\/a>. Usted es libre de contratar o no este seguro de protecci\u00f3n de pagos. Sin embargo, debe saber que el seguro de protecci\u00f3n de pagos garantizar\u00e1 el reembolso de sus pr\u00e9stamos y la cobertura de sus mensualidades en caso de siniestro.  <\/p>\n\n\n\n<p>Lamentablemente, los trabajadores aut\u00f3nomos, los trabajadores transfronterizos y los pensionistas no pueden beneficiarse de este seguro.<\/p>\n\n\n\n<h2 class=\"wp-block-heading\">\u00bfQu\u00e9 hago si ya tengo cr\u00e9dito pero no tengo seguro de pagos mensuales?<\/h2>\n\n\n\n<p>\u00a1Que no cunda el p\u00e1nico! <a class=\"lien-blog\" href=\"https:\/\/www.lica.ch\/es\/\" target=\"_blank\" rel=\"noreferrer noopener\">Lica<\/a> le ofrece una soluci\u00f3n exclusiva que puede integrar f\u00e1cilmente en su presupuesto y protegerse financieramente.<\/p>\n\n\n\n<p>Puede iniciar o cancelar su contrato de seguro de pago mensual en cualquier momento. Adem\u00e1s, puede, <a class=\"lien-blog\" href=\"https:\/\/www.lica.ch\/es\/seguro-complementario-desempleo\/\" target=\"_blank\" rel=\"noreferrer noopener\">nuestra soluci\u00f3n<\/a> no est\u00e1 sujeta a cuestionario m\u00e9dico. As\u00ed podr\u00e1 disfrutar de una excelente protecci\u00f3n independientemente de su situaci\u00f3n actual.<\/p>\n\n\n\n<h2 class=\"wp-block-heading\">Asegurar las mensualidades es una buena forma de planificar el presupuesto<\/h2>\n\n\n\n<p>El seguro de protecci\u00f3n de pagos es una herramienta crucial en la planificaci\u00f3n de su presupuesto. Es cierto que puede representar un cierto coste que no hab\u00edas previsto necesariamente, pero en caso de siniestro, te alegrar\u00e1s mucho de haberlo contratado.  <\/p>\n\n\n\n<h3 class=\"wp-block-heading\">\u00bfCu\u00e1nto cuesta el seguro de protecci\u00f3n de pagos?<\/h3>\n\n\n\n<p>La prima del seguro de pagos mensuales var\u00eda, por supuesto, en funci\u00f3n del importe que desee asegurar (las indemnizaciones). El seguro de pagos mensuales comienza con una prima de CHF 23,85, equivalente a una indemnizaci\u00f3n de CHF 300.- al mes. Por ejemplo, para una indemnizaci\u00f3n mensual de CHF 1\u2019200,-, la prima ser\u00e1 de CHF 95,40. <\/p>\n\n\n\n<p>Durante la <a href=\"https:\/\/www.lica.ch\/es\/seguro-complementario-desempleo\/\">suscripci\u00f3n<\/a> de un seguro de mensualidades, debe definir previamente el importe de sus compromisos en t\u00e9rminos de pr\u00e9stamo. Si tiene un alquiler de CHF 1\u2019500.- y un cr\u00e9dito con una mensualidad de CHF 300.-, deber\u00eda optar por una indemnizaci\u00f3n mensual asegurada de CHF 1\u2019800.-.<\/p>\n\n\n\n<p>La buena noticia es que, con o sin cr\u00e9dito, puede suscribirse a <a href=\"https:\/\/www.lica.ch\/es\/seguro-complementario-desempleo\/\">seguro de desempleo complementario<\/a> y garantizar sus ingresos en caso de p\u00e9rdida involuntaria del empleo, enfermedad o accidente.<\/p>\n\n\n\n<h2 class=\"wp-block-heading\">\u00bfCu\u00e1les son las condiciones para contratar un seguro de pago mensual?<\/h2>\n\n\n\n<p>El seguro de pago mensual no se asocia autom\u00e1ticamente al <a href=\"https:\/\/www.lica.ch\/es\/\">cr\u00e9dito privado<\/a>. Por tanto, cualquier persona puede contratar este seguro para asegurar su situaci\u00f3n financiera. Para beneficiarse de este seguro, aqu\u00ed est\u00e1n los puntos a tener en cuenta:<\/p>\n\n\n\n<ul class=\"wp-block-list\">\n<li>Debe haber trabajado al menos 30 horas semanales en los \u00faltimos 12 meses.<\/li>\n\n\n\n<li>Durante los \u00faltimos 12 meses, no debe haber estado de baja por enfermedad o accidente m\u00e1s de 20 d\u00edas.<\/li>\n\n\n\n<li>Adem\u00e1s, no debe haber sido despedido ni saber que est\u00e1 a punto de serlo.<\/li>\n<\/ul>\n\n\n\n<h2 class=\"wp-block-heading\">\u00bfQu\u00e9 ocurre si se cancela mi contrato de cr\u00e9dito?<\/h2>\n\n\n\n<p>En Suiza, tiene la posibilidad de retirar dinero de un <a class=\"lien-blog\" href=\"https:\/\/www.lica.ch\/es\/credito-privado-2\/como-funciona-el-credito-privado-en-suiza\/\" target=\"_blank\" rel=\"noreferrer noopener\">contrato de cr\u00e9dito<\/a> en determinadas condiciones. En el caso del cr\u00e9dito al consumo, por ejemplo, podr\u00eda cancelarse en caso de reembolso anticipado. En el caso de un cr\u00e9dito hipotecario, podr\u00eda cancelarse si se vende la propiedad. \u00bfQu\u00e9 pasa con mi seguro?<\/p>\n\n\n\n<p>La gran fuerza de la soluci\u00f3n propuesta por <a href=\"https:\/\/www.lica.ch\/es\/\">Lica <\/a>es que su contrato no est\u00e1 directamente vinculado a un pr\u00e9stamo. Por lo tanto, puedes rescindirlo en cualquier momento. <\/p>\n\n\n\n<h2 class=\"wp-block-heading\">Y en caso de muerte...<\/h2>\n\n\n\n<p>La situaci\u00f3n en el momento del fallecimiento var\u00eda seg\u00fan el tipo de pr\u00e9stamo y los compromisos de cada persona. Tambi\u00e9n hay que tener en cuenta la situaci\u00f3n hereditaria personal. <\/p>\n\n\n\n<p>Por lo tanto, este aspecto se trata de forma individual con <a href=\"https:\/\/www.lica.ch\/es\/credito-privado-en-suiza\/\" type=\"link\" id=\"https:\/\/www.lica.ch\/credit-prive-en-suisse\/\">su asesor Lica<\/a> a la hora de pedir un pr\u00e9stamo. Tambi\u00e9n puede recurrir a nuestros especialistas inmobiliarios, que responder\u00e1n gratuitamente a todas sus preguntas.<\/p>\n\n\n\n<h2 class=\"wp-block-heading\">Nuestra conclusi\u00f3n sobre el seguro de pago mensual <\/h2>\n\n\n\n<p>Nuestra experiencia y pasi\u00f3n en el campo de <a href=\"https:\/\/www.lica.ch\/es\/\">cr\u00e9dito privado<\/a> nos orient\u00f3 inmediatamente hacia las soluciones de protecci\u00f3n de pagos para nuestros clientes. Aunque es muy importante, la contrataci\u00f3n de un seguro de protecci\u00f3n de pagos depender\u00e1 de la situaci\u00f3n personal de cada uno. Por eso, <a class=\"lien-blog\" href=\"https:\/\/www.lica.ch\/es\/\" target=\"_blank\" rel=\"noreferrer noopener\">Lica <\/a>En todos los casos, se fomenta un enfoque personalizado de la cuesti\u00f3n del cr\u00e9dito y la gesti\u00f3n del riesgo. <a href=\"https:\/\/www.lica.ch\/es\/seguro-complementario-desempleo\/\">seguro de desempleo complementario<\/a>. <\/p>\n\n\n\n<p>Antes de contratar un seguro, conviene dedicar un poco de tiempo a hacer balance de la situaci\u00f3n con su asesor Lica. Una vez determinadas sus necesidades, le resultar\u00e1 muy f\u00e1cil tomar la decisi\u00f3n correcta para protegerse econ\u00f3micamente pase lo que pase. <\/p>\n\n\n\n<p>Ahora que ya sabe c\u00f3mo funciona el seguro de protecci\u00f3n de pagos, s\u00f3lo tiene que solicitarlo. En <a href=\"https:\/\/www.lica.ch\/es\/\">Lica<\/a> es sencillo, r\u00e1pido y eficaz S\u00ed, usted hace su solicitud en l\u00ednea en menos de 2 minutos y luego nuestros equipos de especialistas hacen el trabajo por usted. As\u00ed ahorrar\u00e1 tiempo y dinero.<\/p>","protected":false},"excerpt":{"rendered":"<p>Lorsque l\u2019on obtient un pr\u00eat, il est important d\u2019\u00eatre en mesure de rembourser son cr\u00e9dit malgr\u00e9 tous les al\u00e9as de la vie. L\u2019emprunteur peut \u00eatre sujet \u00e0 un cas de ch\u00f4mage, un arr\u00eat de travail suite \u00e0 un accident ou une maladie. Avec une assurance des mensualit\u00e9s, vous prot\u00e9gez votre salaire quoi qu&rsquo;il arrive ! [&hellip;]<\/p>\n","protected":false},"author":8,"featured_media":27690,"comment_status":"closed","ping_status":"closed","sticky":false,"template":"","format":"standard","meta":{"footnotes":""},"categories":[48],"tags":[],"class_list":["post-15054","post","type-post","status-publish","format-standard","has-post-thumbnail","hentry","category-assurance-mensualites"],"_yoast_wpseo_focuskw":"Assurance des mensualit\u00e9s","_yoast_wpseo_title":"L'assurance des mensualit\u00e9s de cr\u00e9dit prot\u00e8ge votre patrimoine","_yoast_wpseo_metadesc":"Avec une assurance des mensualit\u00e9s vos emprunts sont assur\u00e9s quoi qu'il arrive. Perte d'emploi, maladie, accident ou d\u00e9c\u00e8s !","yoast_head":"<!-- This site is optimized with the Yoast SEO plugin v27.5 - https:\/\/yoast.com\/product\/yoast-seo-wordpress\/ -->\n<title>L&#039;assurance des mensualit\u00e9s de cr\u00e9dit prot\u00e8ge votre patrimoine<\/title>\n<meta name=\"description\" content=\"Avec une assurance des mensualit\u00e9s vos emprunts sont assur\u00e9s quoi qu&#039;il arrive. Perte d&#039;emploi, maladie, accident ou d\u00e9c\u00e8s !\" \/>\n<meta name=\"robots\" content=\"index, follow, max-snippet:-1, max-image-preview:large, max-video-preview:-1\" \/>\n<link rel=\"canonical\" href=\"https:\/\/www.lica.ch\/es\/seguro-de-cuotas-mensuales\/seguro-de-las-cuotas-del-credito\/\" \/>\n<meta property=\"og:locale\" content=\"es_ES\" \/>\n<meta property=\"og:type\" content=\"article\" \/>\n<meta property=\"og:title\" content=\"L&#039;assurance des mensualit\u00e9s de cr\u00e9dit prot\u00e8ge votre patrimoine\" \/>\n<meta property=\"og:description\" content=\"Avec une assurance des mensualit\u00e9s vos emprunts sont assur\u00e9s quoi qu&#039;il arrive. Perte d&#039;emploi, maladie, accident ou d\u00e9c\u00e8s !\" \/>\n<meta property=\"og:url\" content=\"https:\/\/www.lica.ch\/es\/seguro-de-cuotas-mensuales\/seguro-de-las-cuotas-del-credito\/\" \/>\n<meta property=\"og:site_name\" content=\"Lica cr\u00e9dit priv\u00e9\" \/>\n<meta property=\"article:publisher\" content=\"https:\/\/www.facebook.com\/lica.suisse\/\" \/>\n<meta property=\"article:published_time\" content=\"2025-09-15T15:48:32+00:00\" \/>\n<meta property=\"article:modified_time\" content=\"2026-03-15T13:04:36+00:00\" \/>\n<meta property=\"og:image\" content=\"https:\/\/www.lica.ch\/wp-content\/uploads\/2025\/10\/Assurance-des-mensualites_IMA.webp\" \/>\n\t<meta property=\"og:image:width\" content=\"1000\" \/>\n\t<meta property=\"og:image:height\" content=\"650\" \/>\n\t<meta property=\"og:image:type\" content=\"image\/webp\" \/>\n<meta name=\"author\" content=\"writer-login\" \/>\n<meta name=\"twitter:card\" content=\"summary_large_image\" \/>\n<script type=\"application\/ld+json\" class=\"yoast-schema-graph\">{\"@context\":\"https:\\\/\\\/schema.org\",\"@graph\":[{\"@type\":\"Article\",\"@id\":\"https:\\\/\\\/www.lica.ch\\\/assurance-mensualites\\\/assurance-des-mensualites-du-credit\\\/#article\",\"isPartOf\":{\"@id\":\"https:\\\/\\\/www.lica.ch\\\/assurance-mensualites\\\/assurance-des-mensualites-du-credit\\\/\"},\"author\":{\"name\":\"writer-login\",\"@id\":\"https:\\\/\\\/www.lica.ch\\\/en\\\/#\\\/schema\\\/person\\\/43f9fd6c0991b2ea4e0ce88a7472a04c\"},\"headline\":\"L\u2019assurance des mensualit\u00e9s du cr\u00e9dit pour prot\u00e9ger ses revenus\",\"datePublished\":\"2025-09-15T15:48:32+00:00\",\"dateModified\":\"2026-03-15T13:04:36+00:00\",\"mainEntityOfPage\":{\"@id\":\"https:\\\/\\\/www.lica.ch\\\/assurance-mensualites\\\/assurance-des-mensualites-du-credit\\\/\"},\"wordCount\":1181,\"publisher\":{\"@id\":\"https:\\\/\\\/www.lica.ch\\\/en\\\/#organization\"},\"image\":{\"@id\":\"https:\\\/\\\/www.lica.ch\\\/assurance-mensualites\\\/assurance-des-mensualites-du-credit\\\/#primaryimage\"},\"thumbnailUrl\":\"https:\\\/\\\/www.lica.ch\\\/wp-content\\\/uploads\\\/2025\\\/10\\\/Assurance-des-mensualites_IMA.webp\",\"articleSection\":[\"Assurance mensualit\u00e9s\"],\"inLanguage\":\"es\"},{\"@type\":\"WebPage\",\"@id\":\"https:\\\/\\\/www.lica.ch\\\/assurance-mensualites\\\/assurance-des-mensualites-du-credit\\\/\",\"url\":\"https:\\\/\\\/www.lica.ch\\\/assurance-mensualites\\\/assurance-des-mensualites-du-credit\\\/\",\"name\":\"L'assurance des mensualit\u00e9s de cr\u00e9dit prot\u00e8ge votre patrimoine\",\"isPartOf\":{\"@id\":\"https:\\\/\\\/www.lica.ch\\\/en\\\/#website\"},\"primaryImageOfPage\":{\"@id\":\"https:\\\/\\\/www.lica.ch\\\/assurance-mensualites\\\/assurance-des-mensualites-du-credit\\\/#primaryimage\"},\"image\":{\"@id\":\"https:\\\/\\\/www.lica.ch\\\/assurance-mensualites\\\/assurance-des-mensualites-du-credit\\\/#primaryimage\"},\"thumbnailUrl\":\"https:\\\/\\\/www.lica.ch\\\/wp-content\\\/uploads\\\/2025\\\/10\\\/Assurance-des-mensualites_IMA.webp\",\"datePublished\":\"2025-09-15T15:48:32+00:00\",\"dateModified\":\"2026-03-15T13:04:36+00:00\",\"description\":\"Avec une assurance des mensualit\u00e9s vos emprunts sont assur\u00e9s quoi qu'il arrive. Perte d'emploi, maladie, accident ou d\u00e9c\u00e8s !\",\"breadcrumb\":{\"@id\":\"https:\\\/\\\/www.lica.ch\\\/assurance-mensualites\\\/assurance-des-mensualites-du-credit\\\/#breadcrumb\"},\"inLanguage\":\"es\",\"potentialAction\":[{\"@type\":\"ReadAction\",\"target\":[\"https:\\\/\\\/www.lica.ch\\\/assurance-mensualites\\\/assurance-des-mensualites-du-credit\\\/\"]}]},{\"@type\":\"ImageObject\",\"inLanguage\":\"es\",\"@id\":\"https:\\\/\\\/www.lica.ch\\\/assurance-mensualites\\\/assurance-des-mensualites-du-credit\\\/#primaryimage\",\"url\":\"https:\\\/\\\/www.lica.ch\\\/wp-content\\\/uploads\\\/2025\\\/10\\\/Assurance-des-mensualites_IMA.webp\",\"contentUrl\":\"https:\\\/\\\/www.lica.ch\\\/wp-content\\\/uploads\\\/2025\\\/10\\\/Assurance-des-mensualites_IMA.webp\",\"width\":1000,\"height\":650,\"caption\":\"Assurance des mensualit\u00e9s\"},{\"@type\":\"BreadcrumbList\",\"@id\":\"https:\\\/\\\/www.lica.ch\\\/assurance-mensualites\\\/assurance-des-mensualites-du-credit\\\/#breadcrumb\",\"itemListElement\":[{\"@type\":\"ListItem\",\"position\":1,\"name\":\"Accueil\",\"item\":\"https:\\\/\\\/www.lica.ch\\\/\"},{\"@type\":\"ListItem\",\"position\":2,\"name\":\"L\u2019assurance des mensualit\u00e9s du cr\u00e9dit pour prot\u00e9ger ses revenus\"}]},{\"@type\":\"WebSite\",\"@id\":\"https:\\\/\\\/www.lica.ch\\\/en\\\/#website\",\"url\":\"https:\\\/\\\/www.lica.ch\\\/en\\\/\",\"name\":\"Lica\",\"description\":\"Cr\u00e9dit priv\u00e9\",\"publisher\":{\"@id\":\"https:\\\/\\\/www.lica.ch\\\/en\\\/#organization\"},\"alternateName\":\"Lica\",\"potentialAction\":[{\"@type\":\"SearchAction\",\"target\":{\"@type\":\"EntryPoint\",\"urlTemplate\":\"https:\\\/\\\/www.lica.ch\\\/en\\\/?s={search_term_string}\"},\"query-input\":{\"@type\":\"PropertyValueSpecification\",\"valueRequired\":true,\"valueName\":\"search_term_string\"}}],\"inLanguage\":\"es\"},{\"@type\":\"Organization\",\"@id\":\"https:\\\/\\\/www.lica.ch\\\/en\\\/#organization\",\"name\":\"Lica\",\"alternateName\":\"Lica\",\"url\":\"https:\\\/\\\/www.lica.ch\\\/en\\\/\",\"logo\":{\"@type\":\"ImageObject\",\"inLanguage\":\"es\",\"@id\":\"https:\\\/\\\/www.lica.ch\\\/en\\\/#\\\/schema\\\/logo\\\/image\\\/\",\"url\":\"https:\\\/\\\/www.lica.ch\\\/wp-content\\\/uploads\\\/2025\\\/10\\\/Logo_Yoast_Jaune_696x696.webp\",\"contentUrl\":\"https:\\\/\\\/www.lica.ch\\\/wp-content\\\/uploads\\\/2025\\\/10\\\/Logo_Yoast_Jaune_696x696.webp\",\"width\":696,\"height\":696,\"caption\":\"Lica\"},\"image\":{\"@id\":\"https:\\\/\\\/www.lica.ch\\\/en\\\/#\\\/schema\\\/logo\\\/image\\\/\"},\"sameAs\":[\"https:\\\/\\\/www.facebook.com\\\/lica.suisse\\\/\",\"https:\\\/\\\/ch.linkedin.com\\\/company\\\/lica-cr\u00e9dit\",\"https:\\\/\\\/www.tiktok.com\\\/@lica.ch\",\"https:\\\/\\\/www.instagram.com\\\/licacredit\\\/\"]},{\"@type\":\"Person\",\"@id\":\"https:\\\/\\\/www.lica.ch\\\/en\\\/#\\\/schema\\\/person\\\/43f9fd6c0991b2ea4e0ce88a7472a04c\",\"name\":\"writer-login\",\"image\":{\"@type\":\"ImageObject\",\"inLanguage\":\"es\",\"@id\":\"https:\\\/\\\/secure.gravatar.com\\\/avatar\\\/d4854fc4223da2b976f9705ce04407a3e99c4bf956d6190ffef0815d95f87bef?s=96&d=mm&r=g\",\"url\":\"https:\\\/\\\/secure.gravatar.com\\\/avatar\\\/d4854fc4223da2b976f9705ce04407a3e99c4bf956d6190ffef0815d95f87bef?s=96&d=mm&r=g\",\"contentUrl\":\"https:\\\/\\\/secure.gravatar.com\\\/avatar\\\/d4854fc4223da2b976f9705ce04407a3e99c4bf956d6190ffef0815d95f87bef?s=96&d=mm&r=g\",\"caption\":\"writer-login\"}}]}<\/script>\n<!-- \/ Yoast SEO plugin. -->","yoast_head_json":{"title":"El seguro de las cuotas del cr\u00e9dito protege tu patrimonio","description":"Con un seguro de cuotas, tus pr\u00e9stamos est\u00e1n cubiertos pase lo que pase: desempleo, enfermedad, accidente o fallecimiento.","robots":{"index":"index","follow":"follow","max-snippet":"max-snippet:-1","max-image-preview":"max-image-preview:large","max-video-preview":"max-video-preview:-1"},"canonical":"https:\/\/www.lica.ch\/es\/seguro-de-cuotas-mensuales\/seguro-de-las-cuotas-del-credito\/","og_locale":"es_ES","og_type":"article","og_title":"L'assurance des mensualit\u00e9s de cr\u00e9dit prot\u00e8ge votre patrimoine","og_description":"Avec une assurance des mensualit\u00e9s vos emprunts sont assur\u00e9s quoi qu'il arrive. Perte d'emploi, maladie, accident ou d\u00e9c\u00e8s !","og_url":"https:\/\/www.lica.ch\/es\/seguro-de-cuotas-mensuales\/seguro-de-las-cuotas-del-credito\/","og_site_name":"Lica cr\u00e9dit priv\u00e9","article_publisher":"https:\/\/www.facebook.com\/lica.suisse\/","article_published_time":"2025-09-15T15:48:32+00:00","article_modified_time":"2026-03-15T13:04:36+00:00","og_image":[{"width":1000,"height":650,"url":"https:\/\/www.lica.ch\/wp-content\/uploads\/2025\/10\/Assurance-des-mensualites_IMA.webp","type":"image\/webp"}],"author":"writer-login","twitter_card":"summary_large_image","schema":{"@context":"https:\/\/schema.org","@graph":[{"@type":"Article","@id":"https:\/\/www.lica.ch\/assurance-mensualites\/assurance-des-mensualites-du-credit\/#article","isPartOf":{"@id":"https:\/\/www.lica.ch\/assurance-mensualites\/assurance-des-mensualites-du-credit\/"},"author":{"name":"writer-login","@id":"https:\/\/www.lica.ch\/en\/#\/schema\/person\/43f9fd6c0991b2ea4e0ce88a7472a04c"},"headline":"L\u2019assurance des mensualit\u00e9s du cr\u00e9dit pour prot\u00e9ger ses revenus","datePublished":"2025-09-15T15:48:32+00:00","dateModified":"2026-03-15T13:04:36+00:00","mainEntityOfPage":{"@id":"https:\/\/www.lica.ch\/assurance-mensualites\/assurance-des-mensualites-du-credit\/"},"wordCount":1181,"publisher":{"@id":"https:\/\/www.lica.ch\/en\/#organization"},"image":{"@id":"https:\/\/www.lica.ch\/assurance-mensualites\/assurance-des-mensualites-du-credit\/#primaryimage"},"thumbnailUrl":"https:\/\/www.lica.ch\/wp-content\/uploads\/2025\/10\/Assurance-des-mensualites_IMA.webp","articleSection":["Assurance mensualit\u00e9s"],"inLanguage":"es"},{"@type":"WebPage","@id":"https:\/\/www.lica.ch\/assurance-mensualites\/assurance-des-mensualites-du-credit\/","url":"https:\/\/www.lica.ch\/assurance-mensualites\/assurance-des-mensualites-du-credit\/","name":"El seguro de las cuotas del cr\u00e9dito protege tu patrimonio","isPartOf":{"@id":"https:\/\/www.lica.ch\/en\/#website"},"primaryImageOfPage":{"@id":"https:\/\/www.lica.ch\/assurance-mensualites\/assurance-des-mensualites-du-credit\/#primaryimage"},"image":{"@id":"https:\/\/www.lica.ch\/assurance-mensualites\/assurance-des-mensualites-du-credit\/#primaryimage"},"thumbnailUrl":"https:\/\/www.lica.ch\/wp-content\/uploads\/2025\/10\/Assurance-des-mensualites_IMA.webp","datePublished":"2025-09-15T15:48:32+00:00","dateModified":"2026-03-15T13:04:36+00:00","description":"Con un seguro de cuotas, tus pr\u00e9stamos est\u00e1n cubiertos pase lo que pase: desempleo, enfermedad, accidente o fallecimiento.","breadcrumb":{"@id":"https:\/\/www.lica.ch\/assurance-mensualites\/assurance-des-mensualites-du-credit\/#breadcrumb"},"inLanguage":"es","potentialAction":[{"@type":"ReadAction","target":["https:\/\/www.lica.ch\/assurance-mensualites\/assurance-des-mensualites-du-credit\/"]}]},{"@type":"ImageObject","inLanguage":"es","@id":"https:\/\/www.lica.ch\/assurance-mensualites\/assurance-des-mensualites-du-credit\/#primaryimage","url":"https:\/\/www.lica.ch\/wp-content\/uploads\/2025\/10\/Assurance-des-mensualites_IMA.webp","contentUrl":"https:\/\/www.lica.ch\/wp-content\/uploads\/2025\/10\/Assurance-des-mensualites_IMA.webp","width":1000,"height":650,"caption":"Assurance des mensualit\u00e9s"},{"@type":"BreadcrumbList","@id":"https:\/\/www.lica.ch\/assurance-mensualites\/assurance-des-mensualites-du-credit\/#breadcrumb","itemListElement":[{"@type":"ListItem","position":1,"name":"Accueil","item":"https:\/\/www.lica.ch\/"},{"@type":"ListItem","position":2,"name":"L\u2019assurance des mensualit\u00e9s du cr\u00e9dit pour prot\u00e9ger ses revenus"}]},{"@type":"WebSite","@id":"https:\/\/www.lica.ch\/en\/#website","url":"https:\/\/www.lica.ch\/en\/","name":"Lica","description":"Cr\u00e9dito privado","publisher":{"@id":"https:\/\/www.lica.ch\/en\/#organization"},"alternateName":"Lica","potentialAction":[{"@type":"SearchAction","target":{"@type":"EntryPoint","urlTemplate":"https:\/\/www.lica.ch\/en\/?s={search_term_string}"},"query-input":{"@type":"PropertyValueSpecification","valueRequired":true,"valueName":"search_term_string"}}],"inLanguage":"es"},{"@type":"Organization","@id":"https:\/\/www.lica.ch\/en\/#organization","name":"Lica","alternateName":"Lica","url":"https:\/\/www.lica.ch\/en\/","logo":{"@type":"ImageObject","inLanguage":"es","@id":"https:\/\/www.lica.ch\/en\/#\/schema\/logo\/image\/","url":"https:\/\/www.lica.ch\/wp-content\/uploads\/2025\/10\/Logo_Yoast_Jaune_696x696.webp","contentUrl":"https:\/\/www.lica.ch\/wp-content\/uploads\/2025\/10\/Logo_Yoast_Jaune_696x696.webp","width":696,"height":696,"caption":"Lica"},"image":{"@id":"https:\/\/www.lica.ch\/en\/#\/schema\/logo\/image\/"},"sameAs":["https:\/\/www.facebook.com\/lica.suisse\/","https:\/\/ch.linkedin.com\/company\/lica-cr\u00e9dit","https:\/\/www.tiktok.com\/@lica.ch","https:\/\/www.instagram.com\/licacredit\/"]},{"@type":"Person","@id":"https:\/\/www.lica.ch\/en\/#\/schema\/person\/43f9fd6c0991b2ea4e0ce88a7472a04c","name":"escritor-login","image":{"@type":"ImageObject","inLanguage":"es","@id":"https:\/\/secure.gravatar.com\/avatar\/d4854fc4223da2b976f9705ce04407a3e99c4bf956d6190ffef0815d95f87bef?s=96&d=mm&r=g","url":"https:\/\/secure.gravatar.com\/avatar\/d4854fc4223da2b976f9705ce04407a3e99c4bf956d6190ffef0815d95f87bef?s=96&d=mm&r=g","contentUrl":"https:\/\/secure.gravatar.com\/avatar\/d4854fc4223da2b976f9705ce04407a3e99c4bf956d6190ffef0815d95f87bef?s=96&d=mm&r=g","caption":"writer-login"}}]}},"_links":{"self":[{"href":"https:\/\/www.lica.ch\/es\/wp-json\/wp\/v2\/posts\/15054","targetHints":{"allow":["GET"]}}],"collection":[{"href":"https:\/\/www.lica.ch\/es\/wp-json\/wp\/v2\/posts"}],"about":[{"href":"https:\/\/www.lica.ch\/es\/wp-json\/wp\/v2\/types\/post"}],"author":[{"embeddable":true,"href":"https:\/\/www.lica.ch\/es\/wp-json\/wp\/v2\/users\/8"}],"replies":[{"embeddable":true,"href":"https:\/\/www.lica.ch\/es\/wp-json\/wp\/v2\/comments?post=15054"}],"version-history":[{"count":0,"href":"https:\/\/www.lica.ch\/es\/wp-json\/wp\/v2\/posts\/15054\/revisions"}],"wp:featuredmedia":[{"embeddable":true,"href":"https:\/\/www.lica.ch\/es\/wp-json\/wp\/v2\/media\/27690"}],"wp:attachment":[{"href":"https:\/\/www.lica.ch\/es\/wp-json\/wp\/v2\/media?parent=15054"}],"wp:term":[{"taxonomy":"category","embeddable":true,"href":"https:\/\/www.lica.ch\/es\/wp-json\/wp\/v2\/categories?post=15054"},{"taxonomy":"post_tag","embeddable":true,"href":"https:\/\/www.lica.ch\/es\/wp-json\/wp\/v2\/tags?post=15054"}],"curies":[{"name":"wp","href":"https:\/\/api.w.org\/{rel}","templated":true}]}}