{"id":21699,"date":"2023-01-15T14:54:39","date_gmt":"2023-01-15T13:54:39","guid":{"rendered":"https:\/\/lica.ch\/?p=21699"},"modified":"2025-12-10T18:40:55","modified_gmt":"2025-12-10T17:40:55","slug":"aumento-de-los-tipos-de-interes-en-los-creditos-al-consumo","status":"publish","type":"post","link":"https:\/\/www.lica.ch\/es\/reglementation\/augmentation-des-taux-d-interet-sur-les-credits-a-la-consommation\/","title":{"rendered":"Aumento de los tipos de inter\u00e9s en los cr\u00e9ditos privados en Suiza"},"content":{"rendered":"<p>Los tipos de inter\u00e9s en Suiza llevan varios meses subiendo. Hay muchos factores detr\u00e1s de esta subida, desde las pol\u00edticas de los bancos centrales hasta la econom\u00eda mundial. Por eso es importante que los consumidores entiendan las implicaciones de esta subida y c\u00f3mo puede afectar a sus finanzas. <a href=\"https:\/\/www.lica.ch\/es\/credito-privado-2\/calcular-monto-maximo-de-un-credito\/\" target=\"_blank\" rel=\"noreferrer noopener\">capacidad de acceso al cr\u00e9dito al consumo<\/a> en Suiza. En este nuevo art\u00edculo, analizamos la regulaci\u00f3n del cr\u00e9dito al consumo en Suiza, las tendencias de los tipos de inter\u00e9s, el impacto de la subida de los tipos de inter\u00e9s en los pr\u00e9stamos y las estrategias para combatir la subida de los tipos de inter\u00e9s. Esperamos que disfrute de la lectura.<\/p>\n\n\n\n<h2 class=\"wp-block-heading\">\u00bfC\u00f3mo se fijan los tipos de inter\u00e9s de los cr\u00e9ditos al consumo?<\/h2>\n\n\n\n<p>Tipos de inter\u00e9s <a href=\"https:\/\/www.lica.ch\/es\/\">cr\u00e9dito privado<\/a>, Estos tipos dependen de una serie de actores y factores. A continuaci\u00f3n te explicamos qui\u00e9n hace qu\u00e9 para que puedas calcular los tipos de inter\u00e9s de los pr\u00e9stamos privados en Suiza.<\/p>\n\n\n\n<h3 class=\"wp-block-heading\">El Banco Nacional Suizo y el Consejo Federal<\/h3>\n\n\n\n<p>En Suiza, los tipos de inter\u00e9s son fijados por el Banco Nacional Suizo y tambi\u00e9n por el Consejo Federal. <a href=\"https:\/\/www.snb.ch\/fr\/\" target=\"_blank\" rel=\"noreferrer noopener\">El Banco Nacional Suizo<\/a> se encarga de fijar el tipo de inter\u00e9s de referencia (<a href=\"https:\/\/www.snb.ch\/fr\/iabout\/stat\/statrep\/id\/current_interest_exchange_rates\" target=\"_blank\" rel=\"noreferrer noopener\">tipo de inter\u00e9s oficial<\/a>). A continuaci\u00f3n, se utiliza como base para los tipos de inter\u00e9s de los pr\u00e9stamos y dep\u00f3sitos. Para las entidades de cr\u00e9dito, el objetivo es realizar operaciones de financiaci\u00f3n al menor coste posible. Se trata de obtener fondos al menor coste posible para luego prestarlos con beneficio. <a href=\"https:\/\/www.fedlex.admin.ch\/eli\/cc\/2002\/593\/fr\" target=\"_blank\" rel=\"noreferrer noopener\">El Consejo Federal<\/a> fija el tipo de inter\u00e9s m\u00e1ximo aplicable a los cr\u00e9ditos al consumo. Estos dos tipos est\u00e1n estrechamente relacionados e influyen en el nivel general de los tipos de inter\u00e9s del cr\u00e9dito al consumo.<\/p>\n\n\n\n<p>Esta es la tendencia de los tipos clave en los \u00faltimos 12 meses de 2022: <\/p>\n\n\n\n<figure class=\"wp-block-image aligncenter size-large\"><img fetchpriority=\"high\" decoding=\"async\" width=\"1024\" height=\"515\" src=\"https:\/\/www.lica.ch\/wp-content\/uploads\/2023\/01\/Credits-a-la-consommation_IMG_1-1024x515.webp\" alt=\"Cr\u00e9dito al consumo\" class=\"wp-image-27811\" srcset=\"https:\/\/www.lica.ch\/wp-content\/uploads\/2023\/01\/Credits-a-la-consommation_IMG_1-1024x515.webp 1024w, https:\/\/www.lica.ch\/wp-content\/uploads\/2023\/01\/Credits-a-la-consommation_IMG_1-300x151.webp 300w, https:\/\/www.lica.ch\/wp-content\/uploads\/2023\/01\/Credits-a-la-consommation_IMG_1-768x387.webp 768w, https:\/\/www.lica.ch\/wp-content\/uploads\/2023\/01\/Credits-a-la-consommation_IMG_1-18x9.webp 18w, https:\/\/www.lica.ch\/wp-content\/uploads\/2023\/01\/Credits-a-la-consommation_IMG_1.webp 1188w\" sizes=\"(max-width: 1024px) 100vw, 1024px\" \/><figcaption class=\"wp-element-caption\"><a href=\"https:\/\/www.snb.ch\/fr\/iabout\/stat\/statrep\/id\/current_interest_exchange_rates\" target=\"_blank\" rel=\"noreferrer noopener\">Fuente: SNB<\/a><\/figcaption><\/figure>\n\n\n\n<h3 class=\"wp-block-heading\">Entidades de cr\u00e9dito <\/h3>\n\n\n\n<p>Una vez fijados el tipo director y el tipo de inter\u00e9s m\u00e1ximo de los pr\u00e9stamos, <a href=\"https:\/\/www.lica.ch\/es\/credito-privado-2\/calcular-monto-maximo-de-un-credito\/\" target=\"_blank\" rel=\"noreferrer noopener\">tipos de inter\u00e9s de los pr\u00e9stamos<\/a> Los tipos de inter\u00e9s de los cr\u00e9ditos al consumo en Suiza los determinan las propias entidades de cr\u00e9dito. Esto depende de su propia pol\u00edtica de tipos de inter\u00e9s y del riesgo crediticio. <a href=\"https:\/\/www.lica.ch\/es\/credito-privado-2\/su-credito-privado-al-mejor-tipo-de-suiza\/\" target=\"_blank\" rel=\"noreferrer noopener\">Los tipos de inter\u00e9s pueden variar<\/a> seg\u00fan el plazo y el importe del pr\u00e9stamo. Tambi\u00e9n depende de la situaci\u00f3n financiera y el perfil de riesgo del solicitante del pr\u00e9stamo. Aunque muy reguladas, las actividades crediticias privadas est\u00e1n evolucionando en varios sentidos.<a href=\"https:\/\/www.lica.ch\/es\/lica\/por-que-recurrir-a-un-corredor-de-credito-privado\/\" target=\"_blank\" rel=\"noreferrer noopener\"> un mercado altamente competitivo<\/a>. Por eso es importante que las entidades de cr\u00e9dito mantengan sus tipos de inter\u00e9s lo m\u00e1s bajos posible. <\/p>\n\n\n\n<h3 class=\"wp-block-heading\">Reglamento FINMA y ordenanza del Departamento de Justicia y Polic\u00eda (FDJP)<\/h3>\n\n\n\n<p>Por \u00faltimo, es importante subrayar que las entidades de cr\u00e9dito est\u00e1n sujetas a la normativa cantonal, as\u00ed como a la supervisi\u00f3n de la <a href=\"https:\/\/www.finma.ch\/fr\/\" target=\"_blank\" rel=\"noreferrer noopener\">FINMA<\/a> (Autoridad Suiza de Supervisi\u00f3n del Mercado Financiero). Su misi\u00f3n es proteger los intereses de los consumidores, mantener la estabilidad del sistema financiero suizo y vigilar las buenas pr\u00e1cticas de las entidades de cr\u00e9dito. El Departamento Federal de Justicia y Polic\u00eda (FDJP) anuncia el tipo de inter\u00e9s m\u00e1ximo para los cr\u00e9ditos al consumo. Lo hace siguiendo instrucciones del Consejo Federal mediante la publicaci\u00f3n de una ordenanza (v\u00e9ase <a href=\"https:\/\/www.fedlex.admin.ch\/eli\/cc\/2002\/593\/fr\" target=\"_blank\" rel=\"noreferrer noopener\">LCC<\/a> y <a href=\"https:\/\/www.fedlex.admin.ch\/eli\/cc\/2002\/594\/fr\" target=\"_blank\" rel=\"noreferrer noopener\">OLCC<\/a>). <strong>Hasta ahora, el tipo m\u00e1ximo se fijaba en 10 % para los cr\u00e9ditos al consumo y 12 % para las tarjetas de cr\u00e9dito.<\/strong>. Dada la actual subida de los tipos de inter\u00e9s, es muy probable que estos dos tipos se reajusten en los pr\u00f3ximos meses.<\/p>\n\n\n\n<h3 class=\"wp-block-heading\">Resumiendo:<\/h3>\n\n\n\n<p>El Banco Nacional Suizo fija el tipo de referencia y el Consejo Federal el tipo deudor. A partir de estos dos tipos de referencia, los prestamistas pueden determinar los tipos de inter\u00e9s que aplicar\u00e1n a sus pr\u00e9stamos. <a href=\"https:\/\/www.lica.ch\/es\/\" target=\"_blank\" rel=\"noreferrer noopener\">cr\u00e9dito privado<\/a>. Para ello se tienen en cuenta diversos factores personales y de competencia. Al mismo tiempo, la FINMA y el Departamento Federal de Justicia y Polic\u00eda (FDJP) vigilan de cerca para proteger a los consumidores y evitar excesos.<\/p>\n\n\n\n<h2 class=\"wp-block-heading\">Efectos de los tipos de inter\u00e9s en el cr\u00e9dito al consumo en Suiza<\/h2>\n\n\n\n<p>Los tipos de inter\u00e9s tienen un gran impacto en el cr\u00e9dito al consumo en Suiza. Cuando los tipos de inter\u00e9s son bajos, a los consumidores les resulta m\u00e1s f\u00e1cil <a href=\"https:\/\/www.lica.ch\/es\/\">pedir pr\u00e9stamos<\/a>. Pueden acceder al cr\u00e9dito a un coste menor. Por el contrario, cuando los tipos de inter\u00e9s son altos, a los consumidores les resulta m\u00e1s dif\u00edcil acceder al cr\u00e9dito porque el coste del pr\u00e9stamo es mayor.<\/p>\n\n\n\n<p>Los tipos de inter\u00e9s tambi\u00e9n influyen en <a href=\"https:\/\/www.lica.ch\/es\/credito-privado-2\/calcular-monto-maximo-de-un-credito\/\" target=\"_blank\" rel=\"noreferrer noopener\">el importe de la deuda<\/a> que pueden contraer los consumidores. Cuando los tipos de inter\u00e9s son bajos, los consumidores pueden endeudarse m\u00e1s porque el coste del servicio de la deuda es menor. Cuando los tipos de inter\u00e9s son altos, puede resultar m\u00e1s dif\u00edcil para los consumidores acceder al cr\u00e9dito. Esto se debe a que el coste del servicio de la deuda es mayor.<\/p>\n\n\n\n<h2 class=\"wp-block-heading\">Evoluci\u00f3n reciente de los tipos de inter\u00e9s del cr\u00e9dito al consumo en Suiza<\/h2>\n\n\n\n<p>Es probable que los tipos de inter\u00e9s de los cr\u00e9ditos al consumo en Suiza aumenten significativamente en los pr\u00f3ximos meses y a\u00f1os. Esto se debe en parte a la pol\u00edtica del Banco Nacional Suizo, que est\u00e1 subiendo el tipo de inter\u00e9s objetivo. Su misi\u00f3n es contrarrestar las presiones inflacionistas en la econom\u00eda suiza. El tipo Saron en francos suizos tambi\u00e9n ha subido constantemente en los \u00faltimos meses. Esta subida de tipos tendr\u00e1, por tanto, un <a href=\"https:\/\/www.laliberte.ch\/news\/suisse\/la-bns-releve-son-taux-directeur-quel-impact-pour-les-consommateurs-671080#:~:text=La%20hausse%20des%20taux%20n,ici%20au%20milieu%20de%202023.\" target=\"_blank\" rel=\"noreferrer noopener\">impacto directo en los tipos de inter\u00e9s<\/a> que pagan los consumidores por sus pr\u00e9stamos.<\/p>\n\n\n\n<p>Adem\u00e1s de las pol\u00edticas del Banco Nacional Suizo, la reciente subida de los tipos de inter\u00e9s se debe tambi\u00e9n a la econom\u00eda mundial. Por ejemplo, la Reserva Federal de EE.UU. subi\u00f3 su tipo de inter\u00e9s de referencia, lo que tambi\u00e9n repercuti\u00f3 en la econom\u00eda suiza. En consecuencia, <a href=\"https:\/\/www.lica.ch\/es\/credito-privado-2\/criterios-que-determinan-el-tipo-de-interes-de-su-credito\/\" target=\"_blank\" rel=\"noreferrer noopener\">tipos de inter\u00e9s de los pr\u00e9stamos<\/a> en Suiza seguir\u00e1 sin duda esta tendencia al alza.<\/p>\n\n\n\n<h2 class=\"wp-block-heading\">Impacto de la subida de los tipos de inter\u00e9s en el cr\u00e9dito al consumo en Suiza<\/h2>\n\n\n\n<p>La subida de los tipos de inter\u00e9s del cr\u00e9dito al consumo en Suiza tendr\u00e1 un impacto indudable en los consumidores. Por un lado, ser\u00e1 m\u00e1s dif\u00edcil para los consumidores acceder al cr\u00e9dito, ya que el coste de los pr\u00e9stamos habr\u00e1 aumentado. Esto es especialmente cierto para los hogares con bajos ingresos. Es m\u00e1s probable que se encuentren <a href=\"https:\/\/www.lica.ch\/es\/credito-privado-2\/principales-razones-de-un-credito-rechazado\/\" target=\"_blank\" rel=\"noreferrer noopener\">denegaci\u00f3n de cr\u00e9dito<\/a> porque su capacidad de endeudamiento es menor.<\/p>\n\n\n\n<p>La subida de los tipos de inter\u00e9s tambi\u00e9n repercutir\u00e1 en el volumen de deuda que pueden asumir los consumidores. Al aumentar el coste del servicio de la deuda, muchos consumidores se ver\u00e1n obligados a reducir sus niveles de endeudamiento. Esto es para evitar el impago de sus pr\u00e9stamos. Es probable que esto tenga un impacto relativamente significativo en la econom\u00eda, ya que los consumidores tendr\u00e1n que <a href=\"https:\/\/www.lica.ch\/es\/solvable\/reducir-los-gastos-y-optimizar-el-presupuesto\/\" target=\"_blank\" rel=\"noreferrer noopener\">reducir sus gastos<\/a>.<\/p>\n\n\n\n<h2 class=\"wp-block-heading\">Estrategias para gestionar la subida de los tipos de inter\u00e9s del cr\u00e9dito al consumo<\/h2>\n\n\n\n<p>Ahora que los tipos de inter\u00e9s de los cr\u00e9ditos al consumo van a subir en Suiza, es importante que los consumidores conozcan las estrategias que pueden utilizar para mitigar el impacto financiero. <\/p>\n\n\n\n<p>Una de las estrategias m\u00e1s eficaces es <a href=\"https:\/\/www.lica.ch\/es\/\" target=\"_blank\" rel=\"noreferrer noopener\">encontrar el mejor tipo de inter\u00e9s<\/a>. Diferentes prestamistas pueden ofrecer distintos tipos de inter\u00e9s en los pr\u00e9stamos al consumo.  Por lo tanto, es importante que los consumidores comparen las ofertas de los distintos prestamistas con el fin de<a href=\"https:\/\/www.lica.ch\/es\/credito-privado-2\/su-credito-privado-al-mejor-tipo-de-suiza\/\" target=\"_blank\" rel=\"noreferrer noopener\">obtener las mejores condiciones<\/a>. Los consumidores tambi\u00e9n deben tener en cuenta <a href=\"https:\/\/www.lica.ch\/es\/credito-privado-2\/por-que-reunificar-su-credito-privado-tarjetas-de-credito-y-leasing\/\" target=\"_blank\" rel=\"noreferrer noopener\">recomprar sus pr\u00e9stamos existentes<\/a>Esto puede ayudarles a reducir sus gastos mensuales.<\/p>\n\n\n\n<p>Tambi\u00e9n es importante que los consumidores establezcan un presupuesto prudente. Esto puede ayudarles a evitar endeudarse demasiado y dejar de pagar los pr\u00e9stamos. Los consumidores tambi\u00e9n deben tener en cuenta <a href=\"https:\/\/www.lica.ch\/es\/rachat-de-credit-prive-en-ligne\/\" target=\"_blank\" rel=\"noreferrer noopener\">consolidar sus deudas<\/a>. Esto puede ayudarles a reducir sus pagos de intereses reduciendo el n\u00famero de pr\u00e9stamos que tienen que gestionar.<\/p>\n\n\n\n<h2 class=\"wp-block-heading\">El cr\u00e9dito al consumo en Suiza sigue siendo una soluci\u00f3n ventajosa<\/h2>\n\n\n\n<p>A pesar de la subida de los tipos de inter\u00e9s del cr\u00e9dito al consumo en Suiza, pedir un pr\u00e9stamo sigue teniendo muchas ventajas. En primer lugar, puede dar a los consumidores acceso a fondos a los que de otro modo no tendr\u00edan acceso. Esto puede ayudarles a cubrir gastos imprevistos o a <a href=\"https:\/\/www.lica.ch\/es\/lica\/los-3-mejores-proyectos-financiados-este-verano-con-nuestra-solucion-de-credito-online\/\" target=\"_blank\" rel=\"noreferrer noopener\">hacer una compra importante<\/a> que de otro modo no podr\u00edan permitirse.<\/p>\n\n\n\n<p>El cr\u00e9dito al consumo tambi\u00e9n puede ayudar a los consumidores a <a href=\"https:\/\/www.lica.ch\/es\/credito-privado-2\/como-funciona-un-credito-privado\/\" target=\"_blank\" rel=\"noreferrer noopener\">mejorar su calificaci\u00f3n crediticia<\/a>. Al pedir un pr\u00e9stamo y pagar puntualmente, los consumidores pueden demostrar a los prestamistas que son prestatarios responsables. Esto puede mejorar sus posibilidades de acceder al cr\u00e9dito en el futuro.<\/p>\n\n\n\n<h2 class=\"wp-block-heading\">Preguntas frecuentes sobre la subida de los tipos de inter\u00e9s de los cr\u00e9ditos al consumo en Suiza<\/h2>\n\n\n\n<h3 class=\"wp-block-heading\">\u00bfA qu\u00e9 se debe la subida de los tipos de inter\u00e9s de los cr\u00e9ditos al consumo en Suiza?<\/h3>\n\n\n\n<p><em>La principal raz\u00f3n de la subida de los tipos de inter\u00e9s del cr\u00e9dito al consumo en Suiza es la pol\u00edtica del Banco Nacional de responder y adaptarse a la situaci\u00f3n de la econom\u00eda mundial. El Banco Nacional Suizo ha subido su tipo de inter\u00e9s objetivo y su tipo de descuento para contrarrestar las presiones inflacionistas de la econom\u00eda. La Reserva Federal de EE.UU. tambi\u00e9n ha subido su tipo de inter\u00e9s de referencia, lo que tambi\u00e9n ha repercutido en la econom\u00eda suiza.<\/em><\/p>\n\n\n\n<h3 class=\"wp-block-heading\">\u00bfC\u00f3mo puedo gestionar la subida de los tipos de inter\u00e9s de mis cr\u00e9ditos al consumo en Suiza?<\/h3>\n\n\n\n<p><em>Existen varias estrategias para gestionar el aumento de los tipos de inter\u00e9s de los cr\u00e9ditos al consumo en Suiza. <a href=\"https:\/\/www.lica.ch\/es\/demande-de-credit-prive-en-ligne\/\" target=\"_blank\" rel=\"noreferrer noopener\">Encontrar el mejor tipo de inter\u00e9s<\/a> puede ser una buena opci\u00f3n, ya que los distintos prestamistas pueden ofrecer tipos de inter\u00e9s diferentes. Tambi\u00e9n deber\u00eda considerar la posibilidad de refinanciar sus pr\u00e9stamos existentes y consolidar sus deudas para reducir sus pagos mensuales. Por \u00faltimo, un presupuesto bien establecido puede ayudarle a evitar endeudarse demasiado.<\/em><\/p>\n\n\n\n<h3 class=\"wp-block-heading\">\u00bfEs seguro que los tipos de inter\u00e9s del cr\u00e9dito al consumo subir\u00e1n en los pr\u00f3ximos meses?<\/h3>\n\n\n\n<p><em>Probablemente s\u00ed. Sin embargo, sigue siendo dif\u00edcil predecir cu\u00e1ndo se producir\u00e1 este aumento. La \u00fanica certeza por el momento es que la subida de los tipos directores y de los tipos deudores ya est\u00e1 teniendo repercusiones en nuestra econom\u00eda. Por lo tanto, una subida de los tipos del cr\u00e9dito al consumo no es una certeza absoluta. Sin embargo, existe una probabilidad muy alta de que se produzca en los pr\u00f3ximos meses o a\u00f1os. Tampoco es imposible que la subida de los tipos de inter\u00e9s de los cr\u00e9ditos privados se mantenga baja. Esto se debe a la feroz competencia en este sector. Nuevos actores buscan posicionarse, obligando a los distintos competidores a adaptar sus condiciones para seguir siendo atractivos. <\/em><\/p>\n\n\n\n<h3 class=\"wp-block-heading\">\u00bfPodr\u00e9 seguir obteniendo cr\u00e9dito f\u00e1cilmente en los pr\u00f3ximos a\u00f1os?<\/h3>\n\n\n\n<p><em>Es probable que el acceso a la liquidez a trav\u00e9s del cr\u00e9dito al consumo siga siendo una soluci\u00f3n ventajosa en los pr\u00f3ximos a\u00f1os. Es importante comprender que a nadie le interesar\u00eda imposibilitar el acceso al cr\u00e9dito al consumo a la gran mayor\u00eda de los consumidores. De hecho, cuando los consumidores pueden pedir prestado f\u00e1cilmente, tambi\u00e9n gastan m\u00e1s f\u00e1cilmente en nuestra econom\u00eda. Es importante que los consumidores consuman porque mantiene la econom\u00eda en marcha. Estimula la producci\u00f3n y crea empleo. Los consumidores que gastan dinero en bienes y servicios estimulan la demanda de estos productos. Esto, a su vez, anima a las empresas a producir m\u00e1s para satisfacer esa demanda. En resumen, un consumo sano es esencial para mantener un crecimiento econ\u00f3mico estable. Por ello, los distintos agentes har\u00e1n todo lo posible por mantener el atractivo del cr\u00e9dito al consumo.<\/em><\/p>\n\n\n\n<h2 class=\"wp-block-heading\">Nuestra conclusi\u00f3n sobre la subida de los tipos de inter\u00e9s en Suiza<\/h2>\n\n\n\n<p>Los tipos de inter\u00e9s del cr\u00e9dito al consumo en Suiza subir\u00e1n con toda seguridad en los pr\u00f3ximos meses y a\u00f1os. Esto repercutir\u00e1 en los consumidores, ya que les resultar\u00e1 un poco m\u00e1s dif\u00edcil acceder al cr\u00e9dito. <a href=\"https:\/\/www.lica.ch\/es\/demande-de-credit-prive-en-ligne\/\" target=\"_blank\" rel=\"noreferrer noopener\">pr\u00e9stamos privados<\/a>. Tambi\u00e9n se reducir\u00e1 sin duda el volumen de deuda que podr\u00e1n contraer. Sin embargo, el inter\u00e9s com\u00fan por mantener un alto nivel de consumo en Suiza y los efectos positivos de un mercado altamente competitivo deber\u00edan contener este aumento. Por tanto, los consumidores podr\u00e1n seguir accediendo al cr\u00e9dito al consumo, pero sin duda de forma m\u00e1s moderada. <\/p>\n\n\n\n<h3 class=\"wp-block-heading\">M\u00e1s vale prevenir que curar...<\/h3>\n\n\n\n<p>Al mismo tiempo, es importante que los consumidores conozcan las estrategias que pueden utilizar para gestionar estas subidas de los tipos de inter\u00e9s. Por ejemplo, buscando el mejor tipo de inter\u00e9s y consolidando sus deudas. Tambi\u00e9n es importante<a href=\"https:\/\/www.lica.ch\/es\/protection-des-revenus\/como-funciona-el-seguro-complementario-desempleo\/\" target=\"_blank\" rel=\"noreferrer noopener\">asegure sus ingresos<\/a> pase lo que pase. Al conocer la normativa, los efectos de los tipos de inter\u00e9s y las estrategias para gestionar su subida, los consumidores pueden tomar decisiones informadas sobre su cr\u00e9dito al consumo. De este modo, pueden asegurarse de que <a href=\"https:\/\/www.lica.ch\/es\/\" target=\"_blank\" rel=\"noreferrer noopener\">las mejores ofertas posibles<\/a> !<\/p>\n\n\n\n<p>Recurriendo a los servicios de Lica, puede garantizarse un ahorro sustancial obteniendo las mejores condiciones del mercado.  Su especialista en cr\u00e9dito est\u00e1 ah\u00ed para guiarle y ayudarle a tomar las decisiones correctas. Cuanto antes empiece, antes ahorrar\u00e1 dinero cada mes. Confiando en <a href=\"https:\/\/www.lica.ch\/es\/\" target=\"_blank\" rel=\"noreferrer noopener\">un intermediario independiente<\/a> como Lica, puede estar seguro de recibir el mejor asesoramiento. Se beneficiar\u00e1 de la mejor soluci\u00f3n de cr\u00e9dito privado en Suiza.<\/p>","protected":false},"excerpt":{"rendered":"<p>Les taux d&rsquo;int\u00e9r\u00eat en Suisse augmentent depuis quelques mois. De nombreux facteurs sont \u00e0 l&rsquo;origine de cette hausse, des politiques des banques centrales \u00e0 l&rsquo;\u00e9conomie mondiale. Par cons\u00e9quent, il est important pour les consommateurs de comprendre les implications de cette hausse et comment elle peut affecter leur capacit\u00e9 \u00e0 acc\u00e9der aux cr\u00e9dits \u00e0 la consommation [&hellip;]<\/p>\n","protected":false},"author":8,"featured_media":27786,"comment_status":"closed","ping_status":"closed","sticky":false,"template":"","format":"standard","meta":{"footnotes":""},"categories":[55],"tags":[],"class_list":["post-21699","post","type-post","status-publish","format-standard","has-post-thumbnail","hentry","category-reglementation"],"_yoast_wpseo_focuskw":"Cr\u00e9dits \u00e0 la consommation","_yoast_wpseo_title":"Cr\u00e9dits \u00e0 la consommation - Augmentation des taux d'int\u00e9r\u00eat !","_yoast_wpseo_metadesc":"Les cr\u00e9dits \u00e0 la consommation vont certainement subir une augmentation des taux d'int\u00e9r\u00eat. Que va-t-il se passer dans les mois \u00e0 venir ?","yoast_head":"<!-- This site is optimized with the Yoast SEO plugin v27.5 - https:\/\/yoast.com\/product\/yoast-seo-wordpress\/ -->\n<title>Cr\u00e9dits \u00e0 la consommation - Augmentation des taux d&#039;int\u00e9r\u00eat !<\/title>\n<meta name=\"description\" content=\"Les cr\u00e9dits \u00e0 la consommation vont certainement subir une augmentation des taux d&#039;int\u00e9r\u00eat. Que va-t-il se passer dans les mois \u00e0 venir ?\" \/>\n<meta name=\"robots\" content=\"index, follow, max-snippet:-1, max-image-preview:large, max-video-preview:-1\" \/>\n<link rel=\"canonical\" href=\"https:\/\/www.lica.ch\/es\/regulacion\/aumento-de-los-tipos-de-interes-en-los-creditos-al-consumo\/\" \/>\n<meta property=\"og:locale\" content=\"es_ES\" \/>\n<meta property=\"og:type\" content=\"article\" \/>\n<meta property=\"og:title\" content=\"Cr\u00e9dits \u00e0 la consommation - Augmentation des taux d&#039;int\u00e9r\u00eat !\" \/>\n<meta property=\"og:description\" content=\"Les cr\u00e9dits \u00e0 la consommation vont certainement subir une augmentation des taux d&#039;int\u00e9r\u00eat. Que va-t-il se passer dans les mois \u00e0 venir ?\" \/>\n<meta property=\"og:url\" content=\"https:\/\/www.lica.ch\/es\/regulacion\/aumento-de-los-tipos-de-interes-en-los-creditos-al-consumo\/\" \/>\n<meta property=\"og:site_name\" content=\"Lica cr\u00e9dit priv\u00e9\" \/>\n<meta property=\"article:publisher\" content=\"https:\/\/www.facebook.com\/lica.suisse\/\" \/>\n<meta property=\"article:published_time\" content=\"2023-01-15T13:54:39+00:00\" \/>\n<meta property=\"article:modified_time\" content=\"2025-12-10T17:40:55+00:00\" \/>\n<meta property=\"og:image\" content=\"https:\/\/www.lica.ch\/wp-content\/uploads\/2023\/01\/Credits-a-la-consommation_IMA.webp\" \/>\n\t<meta property=\"og:image:width\" content=\"1000\" \/>\n\t<meta property=\"og:image:height\" content=\"650\" \/>\n\t<meta property=\"og:image:type\" content=\"image\/webp\" \/>\n<meta name=\"author\" content=\"writer-login\" \/>\n<meta name=\"twitter:card\" content=\"summary_large_image\" \/>\n<script type=\"application\/ld+json\" class=\"yoast-schema-graph\">{\"@context\":\"https:\\\/\\\/schema.org\",\"@graph\":[{\"@type\":\"Article\",\"@id\":\"https:\\\/\\\/www.lica.ch\\\/reglementation\\\/augmentation-des-taux-d-interet-sur-les-credits-a-la-consommation\\\/#article\",\"isPartOf\":{\"@id\":\"https:\\\/\\\/www.lica.ch\\\/reglementation\\\/augmentation-des-taux-d-interet-sur-les-credits-a-la-consommation\\\/\"},\"author\":{\"name\":\"writer-login\",\"@id\":\"https:\\\/\\\/www.lica.ch\\\/en\\\/#\\\/schema\\\/person\\\/43f9fd6c0991b2ea4e0ce88a7472a04c\"},\"headline\":\"Augmentation des taux d&rsquo;int\u00e9r\u00eat sur les cr\u00e9dits \u00e0 la consommation en Suisse\",\"datePublished\":\"2023-01-15T13:54:39+00:00\",\"dateModified\":\"2025-12-10T17:40:55+00:00\",\"mainEntityOfPage\":{\"@id\":\"https:\\\/\\\/www.lica.ch\\\/reglementation\\\/augmentation-des-taux-d-interet-sur-les-credits-a-la-consommation\\\/\"},\"wordCount\":2610,\"publisher\":{\"@id\":\"https:\\\/\\\/www.lica.ch\\\/en\\\/#organization\"},\"image\":{\"@id\":\"https:\\\/\\\/www.lica.ch\\\/reglementation\\\/augmentation-des-taux-d-interet-sur-les-credits-a-la-consommation\\\/#primaryimage\"},\"thumbnailUrl\":\"https:\\\/\\\/www.lica.ch\\\/wp-content\\\/uploads\\\/2023\\\/01\\\/Credits-a-la-consommation_IMA.webp\",\"articleSection\":[\"R\u00e9glementation\"],\"inLanguage\":\"es\"},{\"@type\":\"WebPage\",\"@id\":\"https:\\\/\\\/www.lica.ch\\\/reglementation\\\/augmentation-des-taux-d-interet-sur-les-credits-a-la-consommation\\\/\",\"url\":\"https:\\\/\\\/www.lica.ch\\\/reglementation\\\/augmentation-des-taux-d-interet-sur-les-credits-a-la-consommation\\\/\",\"name\":\"Cr\u00e9dits \u00e0 la consommation - Augmentation des taux d'int\u00e9r\u00eat !\",\"isPartOf\":{\"@id\":\"https:\\\/\\\/www.lica.ch\\\/en\\\/#website\"},\"primaryImageOfPage\":{\"@id\":\"https:\\\/\\\/www.lica.ch\\\/reglementation\\\/augmentation-des-taux-d-interet-sur-les-credits-a-la-consommation\\\/#primaryimage\"},\"image\":{\"@id\":\"https:\\\/\\\/www.lica.ch\\\/reglementation\\\/augmentation-des-taux-d-interet-sur-les-credits-a-la-consommation\\\/#primaryimage\"},\"thumbnailUrl\":\"https:\\\/\\\/www.lica.ch\\\/wp-content\\\/uploads\\\/2023\\\/01\\\/Credits-a-la-consommation_IMA.webp\",\"datePublished\":\"2023-01-15T13:54:39+00:00\",\"dateModified\":\"2025-12-10T17:40:55+00:00\",\"description\":\"Les cr\u00e9dits \u00e0 la consommation vont certainement subir une augmentation des taux d'int\u00e9r\u00eat. Que va-t-il se passer dans les mois \u00e0 venir ?\",\"breadcrumb\":{\"@id\":\"https:\\\/\\\/www.lica.ch\\\/reglementation\\\/augmentation-des-taux-d-interet-sur-les-credits-a-la-consommation\\\/#breadcrumb\"},\"inLanguage\":\"es\",\"potentialAction\":[{\"@type\":\"ReadAction\",\"target\":[\"https:\\\/\\\/www.lica.ch\\\/reglementation\\\/augmentation-des-taux-d-interet-sur-les-credits-a-la-consommation\\\/\"]}]},{\"@type\":\"ImageObject\",\"inLanguage\":\"es\",\"@id\":\"https:\\\/\\\/www.lica.ch\\\/reglementation\\\/augmentation-des-taux-d-interet-sur-les-credits-a-la-consommation\\\/#primaryimage\",\"url\":\"https:\\\/\\\/www.lica.ch\\\/wp-content\\\/uploads\\\/2023\\\/01\\\/Credits-a-la-consommation_IMA.webp\",\"contentUrl\":\"https:\\\/\\\/www.lica.ch\\\/wp-content\\\/uploads\\\/2023\\\/01\\\/Credits-a-la-consommation_IMA.webp\",\"width\":1000,\"height\":650,\"caption\":\"Cr\u00e9dits \u00e0 la consommation\"},{\"@type\":\"BreadcrumbList\",\"@id\":\"https:\\\/\\\/www.lica.ch\\\/reglementation\\\/augmentation-des-taux-d-interet-sur-les-credits-a-la-consommation\\\/#breadcrumb\",\"itemListElement\":[{\"@type\":\"ListItem\",\"position\":1,\"name\":\"Accueil\",\"item\":\"https:\\\/\\\/www.lica.ch\\\/\"},{\"@type\":\"ListItem\",\"position\":2,\"name\":\"Augmentation des taux d&rsquo;int\u00e9r\u00eat sur les cr\u00e9dits \u00e0 la consommation en Suisse\"}]},{\"@type\":\"WebSite\",\"@id\":\"https:\\\/\\\/www.lica.ch\\\/en\\\/#website\",\"url\":\"https:\\\/\\\/www.lica.ch\\\/en\\\/\",\"name\":\"Lica\",\"description\":\"Cr\u00e9dit priv\u00e9\",\"publisher\":{\"@id\":\"https:\\\/\\\/www.lica.ch\\\/en\\\/#organization\"},\"alternateName\":\"Lica\",\"potentialAction\":[{\"@type\":\"SearchAction\",\"target\":{\"@type\":\"EntryPoint\",\"urlTemplate\":\"https:\\\/\\\/www.lica.ch\\\/en\\\/?s={search_term_string}\"},\"query-input\":{\"@type\":\"PropertyValueSpecification\",\"valueRequired\":true,\"valueName\":\"search_term_string\"}}],\"inLanguage\":\"es\"},{\"@type\":\"Organization\",\"@id\":\"https:\\\/\\\/www.lica.ch\\\/en\\\/#organization\",\"name\":\"Lica\",\"alternateName\":\"Lica\",\"url\":\"https:\\\/\\\/www.lica.ch\\\/en\\\/\",\"logo\":{\"@type\":\"ImageObject\",\"inLanguage\":\"es\",\"@id\":\"https:\\\/\\\/www.lica.ch\\\/en\\\/#\\\/schema\\\/logo\\\/image\\\/\",\"url\":\"https:\\\/\\\/www.lica.ch\\\/wp-content\\\/uploads\\\/2025\\\/10\\\/Logo_Yoast_Jaune_696x696.webp\",\"contentUrl\":\"https:\\\/\\\/www.lica.ch\\\/wp-content\\\/uploads\\\/2025\\\/10\\\/Logo_Yoast_Jaune_696x696.webp\",\"width\":696,\"height\":696,\"caption\":\"Lica\"},\"image\":{\"@id\":\"https:\\\/\\\/www.lica.ch\\\/en\\\/#\\\/schema\\\/logo\\\/image\\\/\"},\"sameAs\":[\"https:\\\/\\\/www.facebook.com\\\/lica.suisse\\\/\",\"https:\\\/\\\/ch.linkedin.com\\\/company\\\/lica-cr\u00e9dit\",\"https:\\\/\\\/www.tiktok.com\\\/@lica.ch\",\"https:\\\/\\\/www.instagram.com\\\/licacredit\\\/\"]},{\"@type\":\"Person\",\"@id\":\"https:\\\/\\\/www.lica.ch\\\/en\\\/#\\\/schema\\\/person\\\/43f9fd6c0991b2ea4e0ce88a7472a04c\",\"name\":\"writer-login\",\"image\":{\"@type\":\"ImageObject\",\"inLanguage\":\"es\",\"@id\":\"https:\\\/\\\/secure.gravatar.com\\\/avatar\\\/d4854fc4223da2b976f9705ce04407a3e99c4bf956d6190ffef0815d95f87bef?s=96&d=mm&r=g\",\"url\":\"https:\\\/\\\/secure.gravatar.com\\\/avatar\\\/d4854fc4223da2b976f9705ce04407a3e99c4bf956d6190ffef0815d95f87bef?s=96&d=mm&r=g\",\"contentUrl\":\"https:\\\/\\\/secure.gravatar.com\\\/avatar\\\/d4854fc4223da2b976f9705ce04407a3e99c4bf956d6190ffef0815d95f87bef?s=96&d=mm&r=g\",\"caption\":\"writer-login\"}}]}<\/script>\n<!-- \/ Yoast SEO plugin. -->","yoast_head_json":{"title":"Cr\u00e9ditos al consumo \u2013 \u00a1Subida de los tipos de inter\u00e9s!","description":"Los cr\u00e9ditos al consumo probablemente subir\u00e1n los tipos de inter\u00e9s. \u00bfQu\u00e9 pasar\u00e1 en los pr\u00f3ximos meses?","robots":{"index":"index","follow":"follow","max-snippet":"max-snippet:-1","max-image-preview":"max-image-preview:large","max-video-preview":"max-video-preview:-1"},"canonical":"https:\/\/www.lica.ch\/es\/regulacion\/aumento-de-los-tipos-de-interes-en-los-creditos-al-consumo\/","og_locale":"es_ES","og_type":"article","og_title":"Cr\u00e9dits \u00e0 la consommation - Augmentation des taux d'int\u00e9r\u00eat !","og_description":"Les cr\u00e9dits \u00e0 la consommation vont certainement subir une augmentation des taux d'int\u00e9r\u00eat. Que va-t-il se passer dans les mois \u00e0 venir ?","og_url":"https:\/\/www.lica.ch\/es\/regulacion\/aumento-de-los-tipos-de-interes-en-los-creditos-al-consumo\/","og_site_name":"Lica cr\u00e9dit priv\u00e9","article_publisher":"https:\/\/www.facebook.com\/lica.suisse\/","article_published_time":"2023-01-15T13:54:39+00:00","article_modified_time":"2025-12-10T17:40:55+00:00","og_image":[{"width":1000,"height":650,"url":"https:\/\/www.lica.ch\/wp-content\/uploads\/2023\/01\/Credits-a-la-consommation_IMA.webp","type":"image\/webp"}],"author":"writer-login","twitter_card":"summary_large_image","schema":{"@context":"https:\/\/schema.org","@graph":[{"@type":"Article","@id":"https:\/\/www.lica.ch\/reglementation\/augmentation-des-taux-d-interet-sur-les-credits-a-la-consommation\/#article","isPartOf":{"@id":"https:\/\/www.lica.ch\/reglementation\/augmentation-des-taux-d-interet-sur-les-credits-a-la-consommation\/"},"author":{"name":"writer-login","@id":"https:\/\/www.lica.ch\/en\/#\/schema\/person\/43f9fd6c0991b2ea4e0ce88a7472a04c"},"headline":"Augmentation des taux d&rsquo;int\u00e9r\u00eat sur les cr\u00e9dits \u00e0 la consommation en Suisse","datePublished":"2023-01-15T13:54:39+00:00","dateModified":"2025-12-10T17:40:55+00:00","mainEntityOfPage":{"@id":"https:\/\/www.lica.ch\/reglementation\/augmentation-des-taux-d-interet-sur-les-credits-a-la-consommation\/"},"wordCount":2610,"publisher":{"@id":"https:\/\/www.lica.ch\/en\/#organization"},"image":{"@id":"https:\/\/www.lica.ch\/reglementation\/augmentation-des-taux-d-interet-sur-les-credits-a-la-consommation\/#primaryimage"},"thumbnailUrl":"https:\/\/www.lica.ch\/wp-content\/uploads\/2023\/01\/Credits-a-la-consommation_IMA.webp","articleSection":["R\u00e9glementation"],"inLanguage":"es"},{"@type":"WebPage","@id":"https:\/\/www.lica.ch\/reglementation\/augmentation-des-taux-d-interet-sur-les-credits-a-la-consommation\/","url":"https:\/\/www.lica.ch\/reglementation\/augmentation-des-taux-d-interet-sur-les-credits-a-la-consommation\/","name":"Cr\u00e9ditos al consumo \u2013 \u00a1Subida de los tipos de inter\u00e9s!","isPartOf":{"@id":"https:\/\/www.lica.ch\/en\/#website"},"primaryImageOfPage":{"@id":"https:\/\/www.lica.ch\/reglementation\/augmentation-des-taux-d-interet-sur-les-credits-a-la-consommation\/#primaryimage"},"image":{"@id":"https:\/\/www.lica.ch\/reglementation\/augmentation-des-taux-d-interet-sur-les-credits-a-la-consommation\/#primaryimage"},"thumbnailUrl":"https:\/\/www.lica.ch\/wp-content\/uploads\/2023\/01\/Credits-a-la-consommation_IMA.webp","datePublished":"2023-01-15T13:54:39+00:00","dateModified":"2025-12-10T17:40:55+00:00","description":"Los cr\u00e9ditos al consumo probablemente subir\u00e1n los tipos de inter\u00e9s. \u00bfQu\u00e9 pasar\u00e1 en los pr\u00f3ximos meses?","breadcrumb":{"@id":"https:\/\/www.lica.ch\/reglementation\/augmentation-des-taux-d-interet-sur-les-credits-a-la-consommation\/#breadcrumb"},"inLanguage":"es","potentialAction":[{"@type":"ReadAction","target":["https:\/\/www.lica.ch\/reglementation\/augmentation-des-taux-d-interet-sur-les-credits-a-la-consommation\/"]}]},{"@type":"ImageObject","inLanguage":"es","@id":"https:\/\/www.lica.ch\/reglementation\/augmentation-des-taux-d-interet-sur-les-credits-a-la-consommation\/#primaryimage","url":"https:\/\/www.lica.ch\/wp-content\/uploads\/2023\/01\/Credits-a-la-consommation_IMA.webp","contentUrl":"https:\/\/www.lica.ch\/wp-content\/uploads\/2023\/01\/Credits-a-la-consommation_IMA.webp","width":1000,"height":650,"caption":"Cr\u00e9dits \u00e0 la consommation"},{"@type":"BreadcrumbList","@id":"https:\/\/www.lica.ch\/reglementation\/augmentation-des-taux-d-interet-sur-les-credits-a-la-consommation\/#breadcrumb","itemListElement":[{"@type":"ListItem","position":1,"name":"Accueil","item":"https:\/\/www.lica.ch\/"},{"@type":"ListItem","position":2,"name":"Augmentation des taux d&rsquo;int\u00e9r\u00eat sur les cr\u00e9dits \u00e0 la consommation en Suisse"}]},{"@type":"WebSite","@id":"https:\/\/www.lica.ch\/en\/#website","url":"https:\/\/www.lica.ch\/en\/","name":"Lica","description":"Cr\u00e9dito privado","publisher":{"@id":"https:\/\/www.lica.ch\/en\/#organization"},"alternateName":"Lica","potentialAction":[{"@type":"SearchAction","target":{"@type":"EntryPoint","urlTemplate":"https:\/\/www.lica.ch\/en\/?s={search_term_string}"},"query-input":{"@type":"PropertyValueSpecification","valueRequired":true,"valueName":"search_term_string"}}],"inLanguage":"es"},{"@type":"Organization","@id":"https:\/\/www.lica.ch\/en\/#organization","name":"Lica","alternateName":"Lica","url":"https:\/\/www.lica.ch\/en\/","logo":{"@type":"ImageObject","inLanguage":"es","@id":"https:\/\/www.lica.ch\/en\/#\/schema\/logo\/image\/","url":"https:\/\/www.lica.ch\/wp-content\/uploads\/2025\/10\/Logo_Yoast_Jaune_696x696.webp","contentUrl":"https:\/\/www.lica.ch\/wp-content\/uploads\/2025\/10\/Logo_Yoast_Jaune_696x696.webp","width":696,"height":696,"caption":"Lica"},"image":{"@id":"https:\/\/www.lica.ch\/en\/#\/schema\/logo\/image\/"},"sameAs":["https:\/\/www.facebook.com\/lica.suisse\/","https:\/\/ch.linkedin.com\/company\/lica-cr\u00e9dit","https:\/\/www.tiktok.com\/@lica.ch","https:\/\/www.instagram.com\/licacredit\/"]},{"@type":"Person","@id":"https:\/\/www.lica.ch\/en\/#\/schema\/person\/43f9fd6c0991b2ea4e0ce88a7472a04c","name":"escritor-login","image":{"@type":"ImageObject","inLanguage":"es","@id":"https:\/\/secure.gravatar.com\/avatar\/d4854fc4223da2b976f9705ce04407a3e99c4bf956d6190ffef0815d95f87bef?s=96&d=mm&r=g","url":"https:\/\/secure.gravatar.com\/avatar\/d4854fc4223da2b976f9705ce04407a3e99c4bf956d6190ffef0815d95f87bef?s=96&d=mm&r=g","contentUrl":"https:\/\/secure.gravatar.com\/avatar\/d4854fc4223da2b976f9705ce04407a3e99c4bf956d6190ffef0815d95f87bef?s=96&d=mm&r=g","caption":"writer-login"}}]}},"_links":{"self":[{"href":"https:\/\/www.lica.ch\/es\/wp-json\/wp\/v2\/posts\/21699","targetHints":{"allow":["GET"]}}],"collection":[{"href":"https:\/\/www.lica.ch\/es\/wp-json\/wp\/v2\/posts"}],"about":[{"href":"https:\/\/www.lica.ch\/es\/wp-json\/wp\/v2\/types\/post"}],"author":[{"embeddable":true,"href":"https:\/\/www.lica.ch\/es\/wp-json\/wp\/v2\/users\/8"}],"replies":[{"embeddable":true,"href":"https:\/\/www.lica.ch\/es\/wp-json\/wp\/v2\/comments?post=21699"}],"version-history":[{"count":0,"href":"https:\/\/www.lica.ch\/es\/wp-json\/wp\/v2\/posts\/21699\/revisions"}],"wp:featuredmedia":[{"embeddable":true,"href":"https:\/\/www.lica.ch\/es\/wp-json\/wp\/v2\/media\/27786"}],"wp:attachment":[{"href":"https:\/\/www.lica.ch\/es\/wp-json\/wp\/v2\/media?parent=21699"}],"wp:term":[{"taxonomy":"category","embeddable":true,"href":"https:\/\/www.lica.ch\/es\/wp-json\/wp\/v2\/categories?post=21699"},{"taxonomy":"post_tag","embeddable":true,"href":"https:\/\/www.lica.ch\/es\/wp-json\/wp\/v2\/tags?post=21699"}],"curies":[{"name":"wp","href":"https:\/\/api.w.org\/{rel}","templated":true}]}}