{"id":22973,"date":"2023-04-08T14:45:10","date_gmt":"2023-04-08T13:45:10","guid":{"rendered":"https:\/\/lica.ch\/?p=22973"},"modified":"2025-12-11T18:54:38","modified_gmt":"2025-12-11T17:54:38","slug":"aumento-del-tipo-maximo-para-creditos-privados-es-efectivo-en-suiza","status":"publish","type":"post","link":"https:\/\/www.lica.ch\/es\/reglementation\/hausse-du-taux-d-interet-maximal-pour-les-credits-prives-est-effective-en-suisse\/","title":{"rendered":"Aumento efectivo del tipo de inter\u00e9s m\u00e1ximo para los cr\u00e9ditos privados!"},"content":{"rendered":"<p>Ya es efectivo el aumento del tipo de inter\u00e9s m\u00e1ximo para los pr\u00e9stamos privados en Suiza. Seg\u00fan un comunicado de prensa de la Administraci\u00f3n Federal Suiza, el tipo m\u00e1ximo ser\u00e1 de 11% a partir del 1 de enero de 2010.<sup>er<\/sup> mayo de 2023. Esta decisi\u00f3n se produce en un contexto de <a href=\"https:\/\/www.lica.ch\/es\/credito-privado-2\/aumento-de-los-tipos-de-interes-en-los-creditos-al-consumo\/\" target=\"_blank\" rel=\"noreferrer noopener\">subida generalizada de los tipos de inter\u00e9s<\/a>. Su objetivo es proteger a los consumidores contra los riesgos asociados al endeudamiento. En este art\u00edculo analizamos las razones de este aumento del tipo de inter\u00e9s m\u00e1ximo de los pr\u00e9stamos privados y sus consecuencias para los consumidores y los agentes del mercado.<\/p>\n\n\n\n<h2 class=\"wp-block-heading\" id=\"hausse-effective-du-taux-d-int\u00e9r\u00eat-1\">Las 2 razones del aumento del tipo de inter\u00e9s m\u00e1ximo de los pr\u00e9stamos privados<\/h2>\n\n\n\n<p>El aumento del tipo de inter\u00e9s m\u00e1ximo del cr\u00e9dito al consumo en Suiza, previsto para el 1 de mayo de 2023, se debe a dos factores econ\u00f3micos bien conocidos. He aqu\u00ed los dos factores que motivan esta decisi\u00f3n:<\/p>\n\n\n\n<h3 class=\"wp-block-heading\">1. Contrarrestar los efectos de la inflaci\u00f3n : <\/h3>\n\n\n\n<p>La inflaci\u00f3n es un factor determinante de los tipos de inter\u00e9s. Si la inflaci\u00f3n aumenta, los bancos centrales tienden a subir los tipos de inter\u00e9s para contrarrestar el efecto negativo sobre la econom\u00eda. En el caso de Suiza, un <a href=\"https:\/\/www.lenouvelliste.ch\/valais\/linflation-suisse-surprend-a-la-hausse-le-commentaire-boursier-bcvs-1271263\" target=\"_blank\" rel=\"noreferrer noopener\">aceleraci\u00f3n inesperada de la inflaci\u00f3n<\/a> sugiere que el Banco Nacional Suizo (<a href=\"https:\/\/www.snb.ch\/fr\/iabout\/stat\/statrep\/id\/current_interest_exchange_rates#t2\" target=\"_blank\" rel=\"noreferrer noopener\">CN<\/a>) deber\u00eda, por tanto, seguir subiendo los tipos de inter\u00e9s oficiales en los pr\u00f3ximos meses. <\/p>\n\n\n\n<h3 class=\"wp-block-heading\">2. Estabilizar la situaci\u00f3n financiera de los hogares : <\/h3>\n\n\n\n<p>Las autoridades suizas aumentan el tipo de inter\u00e9s m\u00e1ximo de los cr\u00e9ditos al consumo para reducir el riesgo de sobreendeudamiento de los hogares. Al aumentar los tipos de inter\u00e9s, a los consumidores les resulta m\u00e1s caro pedir prestado, lo que puede animarles a reducir su endeudamiento y a <a href=\"https:\/\/www.lica.ch\/es\/solvable\/reducir-los-gastos-y-optimizar-el-presupuesto\/\" target=\"_blank\" rel=\"noreferrer noopener\">mejorar su situaci\u00f3n financiera<\/a>.<\/p>\n\n\n\n<h2 class=\"wp-block-heading\" id=\"hausse-effective-du-taux-d-int\u00e9r\u00eat-2\">\u00bfQu\u00e9 dice la Ordenanza sobre la Ley Federal de Cr\u00e9dito al Consumo?<\/h2>\n\n\n\n<p>La Ordenanza relativa a la Ley Federal de Cr\u00e9dito al Consumo (<a href=\"https:\/\/www.fedlex.admin.ch\/eli\/cc\/2002\/594\/fr\" target=\"_blank\" rel=\"noreferrer noopener\">OLCC<\/a>) es un instrumento jur\u00eddico. Proporciona disposiciones adicionales y aclaraciones sobre la aplicaci\u00f3n de la Ley Federal de Cr\u00e9dito al Consumo (<a href=\"https:\/\/www.fedlex.admin.ch\/eli\/cc\/2002\/593\/fr\" target=\"_blank\" rel=\"noreferrer noopener\">LCC<\/a>). En cuanto al tipo de inter\u00e9s m\u00e1ximo, la OLCC no lo fija directamente, sino que establece los criterios y el procedimiento para determinarlo.<\/p>\n\n\n\n<p>En virtud del art\u00edculo 14, apartado 2, de la LCC, el Departamento Federal de Finanzas (<a href=\"https:\/\/www.efd.admin.ch\/efd\/fr\/home.html\" target=\"_blank\" rel=\"noreferrer noopener\">DFF<\/a>), en concertaci\u00f3n con el Banco Nacional Suizo (BNS), se encarga de fijar el tipo de inter\u00e9s m\u00e1ximo para los dep\u00f3sitos a plazo fijo. <a href=\"https:\/\/www.lica.ch\/es\/credito-privado-2\/ley-sobre-el-credito-al-consumo-lo-que-debe-saber\/\" target=\"_blank\" rel=\"noreferrer noopener\">cr\u00e9dito al consumo<\/a>. La OLCC especifica las modalidades de esta consulta y los criterios que deben tenerse en cuenta para determinar el tipo de inter\u00e9s m\u00e1ximo. Desde un punto de vista t\u00e9cnico, el tipo de inter\u00e9s m\u00e1ximo de los pr\u00e9stamos privados se obtiene sumando los dos elementos siguientes : <\/p>\n\n\n\n<ul class=\"wp-block-list\">\n<li>El tipo compuesto Saron a tres meses (<a href=\"https:\/\/www.snb.ch\/fr\/iabout\/stat\/statrep\/id\/current_interest_exchange_rates#t2\" target=\"_blank\" rel=\"noreferrer noopener\">SAR3MC<\/a>)<\/li>\n\n\n\n<li>10 puntos porcentuales m\u00e1s<\/li>\n<\/ul>\n\n\n\n<p>A continuaci\u00f3n, el tipo m\u00e1ximo se redondea al n\u00famero entero m\u00e1s pr\u00f3ximo de acuerdo con las normas comerciales.<\/p>\n\n\n\n<h3 class=\"wp-block-heading\">Con cifras reales, es como...<\/h3>\n\n\n\n<p>En el contexto actual, el tipo Saron es de 1,41% (a 5 de abril de 2023), por lo que basta con a\u00f1adir a esta cifra los 10 puntos porcentuales (10%) y redondear el valor para obtener el tipo m\u00e1ximo. Esto nos da: 1,41% + 10% = 11,41%, redondeado al n\u00famero entero m\u00e1s pr\u00f3ximo = 11%.<\/p>\n\n\n\n<blockquote class=\"wp-block-quote is-layout-flow wp-block-quote-is-layout-flow\">\n<p>El tipo Saron (SAR3MC) sumado a 10% y redondeado al n\u00famero entero m\u00e1s pr\u00f3ximo da el tipo de inter\u00e9s m\u00e1ximo de los pr\u00e9stamos privados en Suiza.<\/p>\n<cite>Fuente: Ordenanza sobre la Ley Federal de Cr\u00e9dito al Consumo (OLCC)<\/cite><\/blockquote>\n\n\n\n<p>Dada la tendencia al alza de Saron, podemos esperar razonablemente que el tipo de inter\u00e9s m\u00e1ximo de los pr\u00e9stamos privados en Suiza siga subiendo en los pr\u00f3ximos meses. <\/p>\n\n\n\n<h2 class=\"wp-block-heading\" id=\"hausse-effective-du-taux-d-int\u00e9r\u00eat-3\">Consecuencias para los consumidores<\/h2>\n\n\n\n<p>El aumento del tipo de inter\u00e9s m\u00e1ximo de los pr\u00e9stamos privados en Suiza deber\u00eda tener varias consecuencias para los consumidores. En primer lugar, los prestatarios podr\u00edan estar m\u00e1s atentos a su endeudamiento y a su capacidad de reembolso. Esto podr\u00eda animarles a endeudarse de forma m\u00e1s responsable y evitar as\u00ed situaciones de sobreendeudamiento. En segundo lugar, se podr\u00eda animar a los consumidores a buscar <a href=\"https:\/\/www.lica.ch\/es\/\" target=\"_blank\" rel=\"noreferrer noopener\">soluciones de financiaci\u00f3n<\/a> lo m\u00e1s atractivo posible.<\/p>\n\n\n\n<p>Cuando sube el tipo de inter\u00e9s m\u00e1ximo de los pr\u00e9stamos privados, la historia nos muestra el siguiente fen\u00f3meno en t\u00e9rminos de consumo:<\/p>\n\n\n\n<ul class=\"wp-block-list\">\n<li>Los clientes son mucho m\u00e1s cuidadosos con las condiciones de sus pr\u00e9stamos privados<\/li>\n\n\n\n<li>Se lo piensan dos veces antes de pedir prestadas grandes sumas de dinero<\/li>\n<\/ul>\n\n\n\n<p>Este cambio de comportamiento se ajusta perfectamente al objetivo fijado por las autoridades suizas. Los hogares reducen su endeudamiento, mejorando as\u00ed su situaci\u00f3n financiera. Lo mismo ocurre con la financiaci\u00f3n hipotecaria, que sigue el mismo mecanismo cuando suben los tipos de inter\u00e9s.<\/p>\n\n\n\n<h2 class=\"wp-block-heading\" id=\"hausse-effective-du-taux-d-int\u00e9r\u00eat-4\">Consecuencias para los agentes del mercado<\/h2>\n\n\n\n<p>Los agentes del mercado crediticio suizo, como bancos y entidades de cr\u00e9dito, tambi\u00e9n podr\u00edan sentir los efectos del aumento del tipo de inter\u00e9s m\u00e1ximo para los pr\u00e9stamos privados. Algunos expertos prev\u00e9n una ca\u00edda de las solicitudes de <a href=\"https:\/\/www.lica.ch\/es\/credito-privado-2\/como-funciona-un-credito-privado\/\" target=\"_blank\" rel=\"noreferrer noopener\">cr\u00e9dito al consumo<\/a> debido al aumento de los costes de los pr\u00e9stamos. Es posible que las entidades de cr\u00e9dito tengan que adaptar su oferta. Sin duda tendr\u00e1n que ofrecer <a href=\"https:\/\/www.lica.ch\/es\/\" target=\"_blank\" rel=\"noreferrer noopener\">soluciones de financiaci\u00f3n m\u00e1s innovadoras<\/a> y competitiva para satisfacer las necesidades de los consumidores. <\/p>\n\n\n\n<h2 class=\"wp-block-heading\" id=\"hausse-effective-du-taux-d-int\u00e9r\u00eat-5\">\u00bfEs la subida del tipo de inter\u00e9s m\u00e1ximo de los pr\u00e9stamos privados una tendencia mundial?<\/h2>\n\n\n\n<p>El aumento del tipo de inter\u00e9s m\u00e1ximo de los pr\u00e9stamos privados en Suiza forma parte de una tendencia mundial observada en varios pa\u00edses. Esta evoluci\u00f3n refleja la preocupaci\u00f3n de las autoridades de todo el mundo por los riesgos de endeudamiento excesivo y las pr\u00e1cticas abusivas de ciertos prestamistas. Los reguladores tratan de proteger a los consumidores. Promueven el crecimiento econ\u00f3mico sostenible regulando <a href=\"https:\/\/www.lica.ch\/es\/credito-privado-2\/que-documentos-son-necesarios-para-obtener-un-credito\/\" target=\"_blank\" rel=\"noreferrer noopener\">condiciones de cr\u00e9dito<\/a> y fomentar una gesti\u00f3n responsable de la deuda.<\/p>\n\n\n\n<h2 class=\"wp-block-heading\" id=\"hausse-effective-du-taux-d-int\u00e9r\u00eat-6\">Consejos para afrontar la subida del tipo de inter\u00e9s m\u00e1ximo de los pr\u00e9stamos privados<\/h2>\n\n\n\n<p>He aqu\u00ed algunos consejos para que los consumidores puedan hacer frente a la subida del tipo de inter\u00e9s m\u00e1ximo de los pr\u00e9stamos privados en Suiza:<\/p>\n\n\n\n<h3 class=\"wp-block-heading\">Comparar ofertas de cr\u00e9dito privado<\/h3>\n\n\n\n<p>Antes de <a href=\"https:\/\/www.lica.ch\/es\/demande-de-credit-prive-en-ligne\/\" target=\"_blank\" rel=\"noreferrer noopener\">pedir un pr\u00e9stamo privado<\/a>Si est\u00e1 buscando una hipoteca, t\u00f3mese el tiempo necesario para recurrir a los servicios de un intermediario. As\u00ed podr\u00e1 encontrar la mejor soluci\u00f3n para su situaci\u00f3n financiera y sus necesidades. Un intermediario de cr\u00e9dito privado sabr\u00e1 exactamente d\u00f3nde dirigir su solicitud. De este modo, maximizar\u00e1 sus posibilidades de obtener un cr\u00e9dito privado sin cometer errores.<a href=\"https:\/\/www.lica.ch\/es\/credito-privado-2\/principales-razones-de-un-credito-rechazado\/\" target=\"_blank\" rel=\"noreferrer noopener\"> errores cl\u00e1sicos que pueden dar lugar a una denegaci\u00f3n<\/a>. <\/p>\n\n\n\n<h3 class=\"wp-block-heading\">Eval\u00fae correctamente su capacidad de reembolso <\/h3>\n\n\n\n<p>Antes de pedir un pr\u00e9stamo, aseg\u00farate de saber exactamente cu\u00e1nto puedes devolver y los costes que conlleva. No dude en <a href=\"https:\/\/www.lica.ch\/es\/\" target=\"_blank\" rel=\"noreferrer noopener\">buscar asesoramiento profesional<\/a> para evaluar su situaci\u00f3n financiera. En Lica, elaboramos sistem\u00e1ticamente un presupuesto coherente para cada uno de nuestros clientes antes de ofrecerles un cr\u00e9dito al consumo.<\/p>\n\n\n\n<h3 class=\"wp-block-heading\">Centrarse en soluciones nuevas e innovadoras<\/h3>\n\n\n\n<p>Con unos costes de endeudamiento m\u00e1s elevados, deber\u00eda considerar otras opciones de financiaci\u00f3n. Nuestro <a href=\"https:\/\/www.lica.ch\/es\/lica\/lica-credito-privado-con-cashback\/\" target=\"_blank\" rel=\"noreferrer noopener\">soluci\u00f3n exclusiva de cashback<\/a> es una forma muy interesante de reducir el coste de su cr\u00e9dito privado. Al hacer su <a href=\"https:\/\/www.lica.ch\/es\/credito-con-cashback\/\">solicitud de cr\u00e9dito privado 100% en l\u00ednea<\/a>Con Lica, usted se beneficia de un cashback de hasta CHF 5\u2019000.-. El principio es sencillo: Lica comparte su comisi\u00f3n cuando un cliente solicita un pr\u00e9stamo por su cuenta, por lo que tiene que hacer mucho menos trabajo. \u00a1Una soluci\u00f3n m\u00e1s justa y m\u00e1s atractiva desde el punto de vista financiero para su cr\u00e9dito privado!<\/p>\n\n\n\n<h2 class=\"wp-block-heading\" id=\"hausse-effective-du-taux-d-int\u00e9r\u00eat-7\">Nuestra conclusi\u00f3n sobre el aumento del tipo de inter\u00e9s m\u00e1ximo de los pr\u00e9stamos privados<\/h2>\n\n\n\n<p>El aumento del tipo de inter\u00e9s m\u00e1ximo de los pr\u00e9stamos privados en Suiza tiene por objeto proteger a los consumidores. Por tanto, fomenta la gesti\u00f3n responsable del cr\u00e9dito. A\u00fan est\u00e1n por ver las consecuencias de esta decisi\u00f3n para los consumidores y los agentes del mercado. Es probable que esta medida anime a los prestatarios a adoptar un enfoque m\u00e1s prudente y responsable del cr\u00e9dito. <\/p>\n\n\n\n<p>En conclusi\u00f3n, es esencial que los prestatarios sean conscientes de esta nueva realidad recurriendo a los servicios de un profesional antes de suscribir su hipoteca. <a href=\"https:\/\/www.lica.ch\/es\/\" target=\"_blank\" rel=\"noreferrer noopener\">cr\u00e9dito privado<\/a>. <\/p>","protected":false},"excerpt":{"rendered":"<p>La hausse du taux d&rsquo;int\u00e9r\u00eat maximal pour les cr\u00e9dits priv\u00e9s en Suisse est d\u00e9sormais effective. En effet, selon le communiqu\u00e9 de l&rsquo;administration f\u00e9d\u00e9rale suisse, le taux maximal sera donc fix\u00e9 \u00e0 11% d\u00e8s le 1er mai 2023. Cette d\u00e9cision, intervient dans un contexte de hausse g\u00e9n\u00e9rale des taux d&rsquo;int\u00e9r\u00eat. Elle a pour objectif de prot\u00e9ger [&hellip;]<\/p>\n","protected":false},"author":8,"featured_media":27764,"comment_status":"closed","ping_status":"closed","sticky":false,"template":"","format":"standard","meta":{"footnotes":""},"categories":[55],"tags":[],"class_list":["post-22973","post","type-post","status-publish","format-standard","has-post-thumbnail","hentry","category-reglementation"],"_yoast_wpseo_focuskw":"Int\u00e9r\u00eat maximal pour les cr\u00e9dits priv\u00e9s","_yoast_wpseo_title":"Int\u00e9r\u00eat maximal pour les cr\u00e9dits priv\u00e9s en Suisse - Hausse \u00e0 11%","_yoast_wpseo_metadesc":"Int\u00e9r\u00eat maximal pour les cr\u00e9dits priv\u00e9s - La hausse est d\u00e9sormais effective en Suisse depuis le 1 mai 2023. Lica vous explique tout !","yoast_head":"<!-- This site is optimized with the Yoast SEO plugin v27.5 - https:\/\/yoast.com\/product\/yoast-seo-wordpress\/ -->\n<title>Int\u00e9r\u00eat maximal pour les cr\u00e9dits priv\u00e9s en Suisse - Hausse \u00e0 11%<\/title>\n<meta name=\"description\" content=\"Int\u00e9r\u00eat maximal pour les cr\u00e9dits priv\u00e9s - La hausse est d\u00e9sormais effective en Suisse depuis le 1 mai 2023. Lica vous explique tout !\" \/>\n<meta name=\"robots\" content=\"index, follow, max-snippet:-1, max-image-preview:large, max-video-preview:-1\" \/>\n<link rel=\"canonical\" href=\"https:\/\/www.lica.ch\/es\/regulacion\/aumento-del-tipo-maximo-para-creditos-privados-es-efectivo-en-suiza\/\" \/>\n<meta property=\"og:locale\" content=\"es_ES\" \/>\n<meta property=\"og:type\" content=\"article\" \/>\n<meta property=\"og:title\" content=\"Int\u00e9r\u00eat maximal pour les cr\u00e9dits priv\u00e9s en Suisse - Hausse \u00e0 11%\" \/>\n<meta property=\"og:description\" content=\"Int\u00e9r\u00eat maximal pour les cr\u00e9dits priv\u00e9s - La hausse est d\u00e9sormais effective en Suisse depuis le 1 mai 2023. Lica vous explique tout !\" \/>\n<meta property=\"og:url\" content=\"https:\/\/www.lica.ch\/es\/regulacion\/aumento-del-tipo-maximo-para-creditos-privados-es-efectivo-en-suiza\/\" \/>\n<meta property=\"og:site_name\" content=\"Lica cr\u00e9dit priv\u00e9\" \/>\n<meta property=\"article:publisher\" content=\"https:\/\/www.facebook.com\/lica.suisse\/\" \/>\n<meta property=\"article:published_time\" content=\"2023-04-08T13:45:10+00:00\" \/>\n<meta property=\"article:modified_time\" content=\"2025-12-11T17:54:38+00:00\" \/>\n<meta property=\"og:image\" content=\"https:\/\/www.lica.ch\/wp-content\/uploads\/2023\/04\/Interet-maximal-pour-les-credits-prives_IMA.webp\" \/>\n\t<meta property=\"og:image:width\" content=\"1000\" \/>\n\t<meta property=\"og:image:height\" content=\"650\" \/>\n\t<meta property=\"og:image:type\" content=\"image\/webp\" \/>\n<meta name=\"author\" content=\"writer-login\" \/>\n<meta name=\"twitter:card\" content=\"summary_large_image\" \/>\n<script type=\"application\/ld+json\" class=\"yoast-schema-graph\">{\"@context\":\"https:\\\/\\\/schema.org\",\"@graph\":[{\"@type\":\"Article\",\"@id\":\"https:\\\/\\\/www.lica.ch\\\/reglementation\\\/hausse-du-taux-d-interet-maximal-pour-les-credits-prives-est-effective-en-suisse\\\/#article\",\"isPartOf\":{\"@id\":\"https:\\\/\\\/www.lica.ch\\\/reglementation\\\/hausse-du-taux-d-interet-maximal-pour-les-credits-prives-est-effective-en-suisse\\\/\"},\"author\":{\"name\":\"writer-login\",\"@id\":\"https:\\\/\\\/www.lica.ch\\\/en\\\/#\\\/schema\\\/person\\\/43f9fd6c0991b2ea4e0ce88a7472a04c\"},\"headline\":\"Hausse effective du taux d&rsquo;int\u00e9r\u00eat maximal pour les cr\u00e9dits priv\u00e9s !\",\"datePublished\":\"2023-04-08T13:45:10+00:00\",\"dateModified\":\"2025-12-11T17:54:38+00:00\",\"mainEntityOfPage\":{\"@id\":\"https:\\\/\\\/www.lica.ch\\\/reglementation\\\/hausse-du-taux-d-interet-maximal-pour-les-credits-prives-est-effective-en-suisse\\\/\"},\"wordCount\":1529,\"publisher\":{\"@id\":\"https:\\\/\\\/www.lica.ch\\\/en\\\/#organization\"},\"image\":{\"@id\":\"https:\\\/\\\/www.lica.ch\\\/reglementation\\\/hausse-du-taux-d-interet-maximal-pour-les-credits-prives-est-effective-en-suisse\\\/#primaryimage\"},\"thumbnailUrl\":\"https:\\\/\\\/www.lica.ch\\\/wp-content\\\/uploads\\\/2023\\\/04\\\/Interet-maximal-pour-les-credits-prives_IMA.webp\",\"articleSection\":[\"R\u00e9glementation\"],\"inLanguage\":\"es\"},{\"@type\":\"WebPage\",\"@id\":\"https:\\\/\\\/www.lica.ch\\\/reglementation\\\/hausse-du-taux-d-interet-maximal-pour-les-credits-prives-est-effective-en-suisse\\\/\",\"url\":\"https:\\\/\\\/www.lica.ch\\\/reglementation\\\/hausse-du-taux-d-interet-maximal-pour-les-credits-prives-est-effective-en-suisse\\\/\",\"name\":\"Int\u00e9r\u00eat maximal pour les cr\u00e9dits priv\u00e9s en Suisse - Hausse \u00e0 11%\",\"isPartOf\":{\"@id\":\"https:\\\/\\\/www.lica.ch\\\/en\\\/#website\"},\"primaryImageOfPage\":{\"@id\":\"https:\\\/\\\/www.lica.ch\\\/reglementation\\\/hausse-du-taux-d-interet-maximal-pour-les-credits-prives-est-effective-en-suisse\\\/#primaryimage\"},\"image\":{\"@id\":\"https:\\\/\\\/www.lica.ch\\\/reglementation\\\/hausse-du-taux-d-interet-maximal-pour-les-credits-prives-est-effective-en-suisse\\\/#primaryimage\"},\"thumbnailUrl\":\"https:\\\/\\\/www.lica.ch\\\/wp-content\\\/uploads\\\/2023\\\/04\\\/Interet-maximal-pour-les-credits-prives_IMA.webp\",\"datePublished\":\"2023-04-08T13:45:10+00:00\",\"dateModified\":\"2025-12-11T17:54:38+00:00\",\"description\":\"Int\u00e9r\u00eat maximal pour les cr\u00e9dits priv\u00e9s - La hausse est d\u00e9sormais effective en Suisse depuis le 1 mai 2023. Lica vous explique tout !\",\"breadcrumb\":{\"@id\":\"https:\\\/\\\/www.lica.ch\\\/reglementation\\\/hausse-du-taux-d-interet-maximal-pour-les-credits-prives-est-effective-en-suisse\\\/#breadcrumb\"},\"inLanguage\":\"es\",\"potentialAction\":[{\"@type\":\"ReadAction\",\"target\":[\"https:\\\/\\\/www.lica.ch\\\/reglementation\\\/hausse-du-taux-d-interet-maximal-pour-les-credits-prives-est-effective-en-suisse\\\/\"]}]},{\"@type\":\"ImageObject\",\"inLanguage\":\"es\",\"@id\":\"https:\\\/\\\/www.lica.ch\\\/reglementation\\\/hausse-du-taux-d-interet-maximal-pour-les-credits-prives-est-effective-en-suisse\\\/#primaryimage\",\"url\":\"https:\\\/\\\/www.lica.ch\\\/wp-content\\\/uploads\\\/2023\\\/04\\\/Interet-maximal-pour-les-credits-prives_IMA.webp\",\"contentUrl\":\"https:\\\/\\\/www.lica.ch\\\/wp-content\\\/uploads\\\/2023\\\/04\\\/Interet-maximal-pour-les-credits-prives_IMA.webp\",\"width\":1000,\"height\":650,\"caption\":\"Int\u00e9r\u00eat maximal pour les cr\u00e9dits priv\u00e9s\"},{\"@type\":\"BreadcrumbList\",\"@id\":\"https:\\\/\\\/www.lica.ch\\\/reglementation\\\/hausse-du-taux-d-interet-maximal-pour-les-credits-prives-est-effective-en-suisse\\\/#breadcrumb\",\"itemListElement\":[{\"@type\":\"ListItem\",\"position\":1,\"name\":\"Accueil\",\"item\":\"https:\\\/\\\/www.lica.ch\\\/\"},{\"@type\":\"ListItem\",\"position\":2,\"name\":\"Hausse effective du taux d&rsquo;int\u00e9r\u00eat maximal pour les cr\u00e9dits priv\u00e9s !\"}]},{\"@type\":\"WebSite\",\"@id\":\"https:\\\/\\\/www.lica.ch\\\/en\\\/#website\",\"url\":\"https:\\\/\\\/www.lica.ch\\\/en\\\/\",\"name\":\"Lica\",\"description\":\"Cr\u00e9dit priv\u00e9\",\"publisher\":{\"@id\":\"https:\\\/\\\/www.lica.ch\\\/en\\\/#organization\"},\"alternateName\":\"Lica\",\"potentialAction\":[{\"@type\":\"SearchAction\",\"target\":{\"@type\":\"EntryPoint\",\"urlTemplate\":\"https:\\\/\\\/www.lica.ch\\\/en\\\/?s={search_term_string}\"},\"query-input\":{\"@type\":\"PropertyValueSpecification\",\"valueRequired\":true,\"valueName\":\"search_term_string\"}}],\"inLanguage\":\"es\"},{\"@type\":\"Organization\",\"@id\":\"https:\\\/\\\/www.lica.ch\\\/en\\\/#organization\",\"name\":\"Lica\",\"alternateName\":\"Lica\",\"url\":\"https:\\\/\\\/www.lica.ch\\\/en\\\/\",\"logo\":{\"@type\":\"ImageObject\",\"inLanguage\":\"es\",\"@id\":\"https:\\\/\\\/www.lica.ch\\\/en\\\/#\\\/schema\\\/logo\\\/image\\\/\",\"url\":\"https:\\\/\\\/www.lica.ch\\\/wp-content\\\/uploads\\\/2025\\\/10\\\/Logo_Yoast_Jaune_696x696.webp\",\"contentUrl\":\"https:\\\/\\\/www.lica.ch\\\/wp-content\\\/uploads\\\/2025\\\/10\\\/Logo_Yoast_Jaune_696x696.webp\",\"width\":696,\"height\":696,\"caption\":\"Lica\"},\"image\":{\"@id\":\"https:\\\/\\\/www.lica.ch\\\/en\\\/#\\\/schema\\\/logo\\\/image\\\/\"},\"sameAs\":[\"https:\\\/\\\/www.facebook.com\\\/lica.suisse\\\/\",\"https:\\\/\\\/ch.linkedin.com\\\/company\\\/lica-cr\u00e9dit\",\"https:\\\/\\\/www.tiktok.com\\\/@lica.ch\",\"https:\\\/\\\/www.instagram.com\\\/licacredit\\\/\"]},{\"@type\":\"Person\",\"@id\":\"https:\\\/\\\/www.lica.ch\\\/en\\\/#\\\/schema\\\/person\\\/43f9fd6c0991b2ea4e0ce88a7472a04c\",\"name\":\"writer-login\",\"image\":{\"@type\":\"ImageObject\",\"inLanguage\":\"es\",\"@id\":\"https:\\\/\\\/secure.gravatar.com\\\/avatar\\\/d4854fc4223da2b976f9705ce04407a3e99c4bf956d6190ffef0815d95f87bef?s=96&d=mm&r=g\",\"url\":\"https:\\\/\\\/secure.gravatar.com\\\/avatar\\\/d4854fc4223da2b976f9705ce04407a3e99c4bf956d6190ffef0815d95f87bef?s=96&d=mm&r=g\",\"contentUrl\":\"https:\\\/\\\/secure.gravatar.com\\\/avatar\\\/d4854fc4223da2b976f9705ce04407a3e99c4bf956d6190ffef0815d95f87bef?s=96&d=mm&r=g\",\"caption\":\"writer-login\"}}]}<\/script>\n<!-- \/ Yoast SEO plugin. -->","yoast_head_json":{"title":"Inter\u00e9s m\u00e1ximo para cr\u00e9ditos privados en Suiza \u2013 Subida al 11\u202f%","description":"Inter\u00e9s m\u00e1ximo para cr\u00e9ditos privados \u2013 El aumento est\u00e1 en vigor en Suiza desde el 1 de mayo de 2023. Lica te lo explica todo.","robots":{"index":"index","follow":"follow","max-snippet":"max-snippet:-1","max-image-preview":"max-image-preview:large","max-video-preview":"max-video-preview:-1"},"canonical":"https:\/\/www.lica.ch\/es\/regulacion\/aumento-del-tipo-maximo-para-creditos-privados-es-efectivo-en-suiza\/","og_locale":"es_ES","og_type":"article","og_title":"Int\u00e9r\u00eat maximal pour les cr\u00e9dits priv\u00e9s en Suisse - Hausse \u00e0 11%","og_description":"Int\u00e9r\u00eat maximal pour les cr\u00e9dits priv\u00e9s - La hausse est d\u00e9sormais effective en Suisse depuis le 1 mai 2023. Lica vous explique tout !","og_url":"https:\/\/www.lica.ch\/es\/regulacion\/aumento-del-tipo-maximo-para-creditos-privados-es-efectivo-en-suiza\/","og_site_name":"Lica cr\u00e9dit priv\u00e9","article_publisher":"https:\/\/www.facebook.com\/lica.suisse\/","article_published_time":"2023-04-08T13:45:10+00:00","article_modified_time":"2025-12-11T17:54:38+00:00","og_image":[{"width":1000,"height":650,"url":"https:\/\/www.lica.ch\/wp-content\/uploads\/2023\/04\/Interet-maximal-pour-les-credits-prives_IMA.webp","type":"image\/webp"}],"author":"writer-login","twitter_card":"summary_large_image","schema":{"@context":"https:\/\/schema.org","@graph":[{"@type":"Article","@id":"https:\/\/www.lica.ch\/reglementation\/hausse-du-taux-d-interet-maximal-pour-les-credits-prives-est-effective-en-suisse\/#article","isPartOf":{"@id":"https:\/\/www.lica.ch\/reglementation\/hausse-du-taux-d-interet-maximal-pour-les-credits-prives-est-effective-en-suisse\/"},"author":{"name":"writer-login","@id":"https:\/\/www.lica.ch\/en\/#\/schema\/person\/43f9fd6c0991b2ea4e0ce88a7472a04c"},"headline":"Hausse effective du taux d&rsquo;int\u00e9r\u00eat maximal pour les cr\u00e9dits priv\u00e9s !","datePublished":"2023-04-08T13:45:10+00:00","dateModified":"2025-12-11T17:54:38+00:00","mainEntityOfPage":{"@id":"https:\/\/www.lica.ch\/reglementation\/hausse-du-taux-d-interet-maximal-pour-les-credits-prives-est-effective-en-suisse\/"},"wordCount":1529,"publisher":{"@id":"https:\/\/www.lica.ch\/en\/#organization"},"image":{"@id":"https:\/\/www.lica.ch\/reglementation\/hausse-du-taux-d-interet-maximal-pour-les-credits-prives-est-effective-en-suisse\/#primaryimage"},"thumbnailUrl":"https:\/\/www.lica.ch\/wp-content\/uploads\/2023\/04\/Interet-maximal-pour-les-credits-prives_IMA.webp","articleSection":["R\u00e9glementation"],"inLanguage":"es"},{"@type":"WebPage","@id":"https:\/\/www.lica.ch\/reglementation\/hausse-du-taux-d-interet-maximal-pour-les-credits-prives-est-effective-en-suisse\/","url":"https:\/\/www.lica.ch\/reglementation\/hausse-du-taux-d-interet-maximal-pour-les-credits-prives-est-effective-en-suisse\/","name":"Inter\u00e9s m\u00e1ximo para cr\u00e9ditos privados en Suiza \u2013 Subida al 11\u202f%","isPartOf":{"@id":"https:\/\/www.lica.ch\/en\/#website"},"primaryImageOfPage":{"@id":"https:\/\/www.lica.ch\/reglementation\/hausse-du-taux-d-interet-maximal-pour-les-credits-prives-est-effective-en-suisse\/#primaryimage"},"image":{"@id":"https:\/\/www.lica.ch\/reglementation\/hausse-du-taux-d-interet-maximal-pour-les-credits-prives-est-effective-en-suisse\/#primaryimage"},"thumbnailUrl":"https:\/\/www.lica.ch\/wp-content\/uploads\/2023\/04\/Interet-maximal-pour-les-credits-prives_IMA.webp","datePublished":"2023-04-08T13:45:10+00:00","dateModified":"2025-12-11T17:54:38+00:00","description":"Inter\u00e9s m\u00e1ximo para cr\u00e9ditos privados \u2013 El aumento est\u00e1 en vigor en Suiza desde el 1 de mayo de 2023. Lica te lo explica todo.","breadcrumb":{"@id":"https:\/\/www.lica.ch\/reglementation\/hausse-du-taux-d-interet-maximal-pour-les-credits-prives-est-effective-en-suisse\/#breadcrumb"},"inLanguage":"es","potentialAction":[{"@type":"ReadAction","target":["https:\/\/www.lica.ch\/reglementation\/hausse-du-taux-d-interet-maximal-pour-les-credits-prives-est-effective-en-suisse\/"]}]},{"@type":"ImageObject","inLanguage":"es","@id":"https:\/\/www.lica.ch\/reglementation\/hausse-du-taux-d-interet-maximal-pour-les-credits-prives-est-effective-en-suisse\/#primaryimage","url":"https:\/\/www.lica.ch\/wp-content\/uploads\/2023\/04\/Interet-maximal-pour-les-credits-prives_IMA.webp","contentUrl":"https:\/\/www.lica.ch\/wp-content\/uploads\/2023\/04\/Interet-maximal-pour-les-credits-prives_IMA.webp","width":1000,"height":650,"caption":"Int\u00e9r\u00eat maximal pour les cr\u00e9dits priv\u00e9s"},{"@type":"BreadcrumbList","@id":"https:\/\/www.lica.ch\/reglementation\/hausse-du-taux-d-interet-maximal-pour-les-credits-prives-est-effective-en-suisse\/#breadcrumb","itemListElement":[{"@type":"ListItem","position":1,"name":"Accueil","item":"https:\/\/www.lica.ch\/"},{"@type":"ListItem","position":2,"name":"Hausse effective du taux d&rsquo;int\u00e9r\u00eat maximal pour les cr\u00e9dits priv\u00e9s !"}]},{"@type":"WebSite","@id":"https:\/\/www.lica.ch\/en\/#website","url":"https:\/\/www.lica.ch\/en\/","name":"Lica","description":"Cr\u00e9dito privado","publisher":{"@id":"https:\/\/www.lica.ch\/en\/#organization"},"alternateName":"Lica","potentialAction":[{"@type":"SearchAction","target":{"@type":"EntryPoint","urlTemplate":"https:\/\/www.lica.ch\/en\/?s={search_term_string}"},"query-input":{"@type":"PropertyValueSpecification","valueRequired":true,"valueName":"search_term_string"}}],"inLanguage":"es"},{"@type":"Organization","@id":"https:\/\/www.lica.ch\/en\/#organization","name":"Lica","alternateName":"Lica","url":"https:\/\/www.lica.ch\/en\/","logo":{"@type":"ImageObject","inLanguage":"es","@id":"https:\/\/www.lica.ch\/en\/#\/schema\/logo\/image\/","url":"https:\/\/www.lica.ch\/wp-content\/uploads\/2025\/10\/Logo_Yoast_Jaune_696x696.webp","contentUrl":"https:\/\/www.lica.ch\/wp-content\/uploads\/2025\/10\/Logo_Yoast_Jaune_696x696.webp","width":696,"height":696,"caption":"Lica"},"image":{"@id":"https:\/\/www.lica.ch\/en\/#\/schema\/logo\/image\/"},"sameAs":["https:\/\/www.facebook.com\/lica.suisse\/","https:\/\/ch.linkedin.com\/company\/lica-cr\u00e9dit","https:\/\/www.tiktok.com\/@lica.ch","https:\/\/www.instagram.com\/licacredit\/"]},{"@type":"Person","@id":"https:\/\/www.lica.ch\/en\/#\/schema\/person\/43f9fd6c0991b2ea4e0ce88a7472a04c","name":"escritor-login","image":{"@type":"ImageObject","inLanguage":"es","@id":"https:\/\/secure.gravatar.com\/avatar\/d4854fc4223da2b976f9705ce04407a3e99c4bf956d6190ffef0815d95f87bef?s=96&d=mm&r=g","url":"https:\/\/secure.gravatar.com\/avatar\/d4854fc4223da2b976f9705ce04407a3e99c4bf956d6190ffef0815d95f87bef?s=96&d=mm&r=g","contentUrl":"https:\/\/secure.gravatar.com\/avatar\/d4854fc4223da2b976f9705ce04407a3e99c4bf956d6190ffef0815d95f87bef?s=96&d=mm&r=g","caption":"writer-login"}}]}},"_links":{"self":[{"href":"https:\/\/www.lica.ch\/es\/wp-json\/wp\/v2\/posts\/22973","targetHints":{"allow":["GET"]}}],"collection":[{"href":"https:\/\/www.lica.ch\/es\/wp-json\/wp\/v2\/posts"}],"about":[{"href":"https:\/\/www.lica.ch\/es\/wp-json\/wp\/v2\/types\/post"}],"author":[{"embeddable":true,"href":"https:\/\/www.lica.ch\/es\/wp-json\/wp\/v2\/users\/8"}],"replies":[{"embeddable":true,"href":"https:\/\/www.lica.ch\/es\/wp-json\/wp\/v2\/comments?post=22973"}],"version-history":[{"count":0,"href":"https:\/\/www.lica.ch\/es\/wp-json\/wp\/v2\/posts\/22973\/revisions"}],"wp:featuredmedia":[{"embeddable":true,"href":"https:\/\/www.lica.ch\/es\/wp-json\/wp\/v2\/media\/27764"}],"wp:attachment":[{"href":"https:\/\/www.lica.ch\/es\/wp-json\/wp\/v2\/media?parent=22973"}],"wp:term":[{"taxonomy":"category","embeddable":true,"href":"https:\/\/www.lica.ch\/es\/wp-json\/wp\/v2\/categories?post=22973"},{"taxonomy":"post_tag","embeddable":true,"href":"https:\/\/www.lica.ch\/es\/wp-json\/wp\/v2\/tags?post=22973"}],"curies":[{"name":"wp","href":"https:\/\/api.w.org\/{rel}","templated":true}]}}