{"id":25935,"date":"2023-08-13T09:56:32","date_gmt":"2023-08-13T07:56:32","guid":{"rendered":"https:\/\/lica.ch\/?p=25935"},"modified":"2025-12-10T22:50:15","modified_gmt":"2025-12-10T21:50:15","slug":"como-evolucionaran-los-tipos-de-interes-de-los-creditos-privados-en-suiza","status":"publish","type":"post","link":"https:\/\/www.lica.ch\/es\/credit-personnel\/quelle-sera-levolution-des-taux-dinteret-des-prets-prives-en-suisse\/","title":{"rendered":"\u00bfCu\u00e1l ser\u00e1 la evoluci\u00f3n de los tipos de inter\u00e9s de los cr\u00e9ditos privados en Suiza?"},"content":{"rendered":"<p>Suiza, a menudo considerada como un basti\u00f3n de la estabilidad econ\u00f3mica en Europa, parece estar en mejor posici\u00f3n que sus vecinos de la eurozona en lo que respecta a los tipos de inter\u00e9s de los pr\u00e9stamos privados. Sin embargo, una serie de factores sugieren que los tipos de inter\u00e9s de los pr\u00e9stamos privados a\u00fan podr\u00edan subir. <a href=\"https:\/\/www.lica.ch\/es\/credito-privado-2\/aumento-del-tipo-maximo-para-creditos-privados-es-efectivo-en-suiza\/\" target=\"_blank\" rel=\"noreferrer noopener\">aumentar ligeramente<\/a> en los pr\u00f3ximos meses. Por ello, este art\u00edculo se centra en un elemento clave de esta din\u00e1mica: la evoluci\u00f3n de los tipos de inter\u00e9s del euro.<a href=\"https:\/\/www.lica.ch\/es\/\" target=\"_blank\" rel=\"noreferrer noopener\"> pr\u00e9stamos privados<\/a> en Suiza a finales de a\u00f1o.<\/p>\n\n\n\n<h2 class=\"wp-block-heading\" id=\"evolution-des-taux-dinteret-des-prets-prives-en-suisse-1\">3 se\u00f1ales a tener en cuenta en los tipos de inter\u00e9s de los pr\u00e9stamos privados<\/h2>\n\n\n\n<h3 class=\"wp-block-heading\">1. Un mercado laboral fuerte proporciona seguridad adicional a los pr\u00e9stamos privados<\/h3>\n\n\n\n<p>El mercado laboral suizo goza de excelente salud. Adem\u00e1s, gozamos de una de las tasas de empleo m\u00e1s altas del mundo. <a href=\"https:\/\/www.admin.ch\/gov\/fr\/accueil\/documentation\/communiques.msg-id-94144.html\" target=\"_blank\" rel=\"noreferrer noopener\">las tasas de desempleo m\u00e1s bajas jam\u00e1s registradas<\/a>. Esto contribuye a aumentar la confianza de los consumidores y a sostener la demanda interna, lo que a su vez impulsa el crecimiento econ\u00f3mico. La se\u00f1al positiva del mercado laboral significa que las instituciones crediticias de Suiza conf\u00edan. En teor\u00eda, por tanto, deber\u00edan mantener las mismas condiciones para la concesi\u00f3n de pr\u00e9stamos privados que en los \u00faltimos a\u00f1os. En consecuencia, <a href=\"https:\/\/www.lica.ch\/es\/demande-de-credit-prive-en-ligne\/\" target=\"_blank\" rel=\"noreferrer noopener\">futuros solicitantes de cr\u00e9dito privado<\/a> no se esperaba que su capacidad de endeudamiento disminuyera en los pr\u00f3ximos meses.<\/p>\n\n\n\n<h3 class=\"wp-block-heading\">2. La inflaci\u00f3n est\u00e1 bajo control en Suiza, pero sigue afectando a los tipos de inter\u00e9s de los pr\u00e9stamos privados<\/h3>\n\n\n\n<p>La inflaci\u00f3n, a menudo un indicador clave de la salud econ\u00f3mica, est\u00e1 mucho mejor controlada en Suiza que en Europa. Con una tasa de inflaci\u00f3n prevista del 2,4% en 2023, frente al 5,5% de la zona euro, Suiza disfruta de un entorno m\u00e1s estable. Esto se debe principalmente a la fortaleza del franco suizo.<\/p>\n\n\n\n<p>Sin embargo, el objetivo de inflaci\u00f3n se fija en <a href=\"https:\/\/www.rts.ch\/info\/economie\/14205229-hausse-des-taux-la-bns-suivratelle-washington-et-francfort.html\" target=\"_blank\" rel=\"noreferrer noopener\">menos de 2% por el SNB<\/a>. Esto significa que no pueden descartarse una o dos subidas del tipo de inter\u00e9s oficial de aqu\u00ed a finales de 2023. Esto tendr\u00eda un impacto directo en los tipos de inter\u00e9s de los pr\u00e9stamos privados. Para m\u00e1s informaci\u00f3n, v\u00e9ase el art\u00edculo \" <a href=\"https:\/\/www.lica.ch\/es\/credito-privado-2\/aumento-del-tipo-maximo-para-creditos-privados-es-efectivo-en-suiza\/\" target=\"_blank\" rel=\"noreferrer noopener\">Aumento efectivo del tipo de inter\u00e9s m\u00e1ximo de los pr\u00e9stamos privados<\/a> \". En este contexto, creemos por tanto que el tipo m\u00e1ximo del cr\u00e9dito al consumo podr\u00eda alcanzar perfectamente los 12% a finales de 2023.<\/p>\n\n\n\n<h3 class=\"wp-block-heading\">3. Suiza mantiene el crecimiento de su PIF<\/h3>\n\n\n\n<p>Es importante se\u00f1alar que, mientras que la zona euro ha registrado dos trimestres consecutivos de contracci\u00f3n del PIB, Suiza ha mantenido un crecimiento positivo, aunque modesto. Adem\u00e1s, las perspectivas para 2023 apuntan a un crecimiento del PIB suizo ligeramente superior al de la zona euro. Esta situaci\u00f3n genera, por tanto, se\u00f1ales positivas en t\u00e9rminos de consumo de bienes y servicios. En este contexto, tambi\u00e9n cabe imaginar que <a href=\"https:\/\/comparateur-credit.ch\/\" target=\"_blank\" rel=\"noreferrer noopener\">instituciones crediticias<\/a> en Suiza deben seguir poniendo fondos a disposici\u00f3n de los pr\u00e9stamos privados al mismo nivel que en a\u00f1os anteriores. Para los futuros prestatarios, esto significa que <a href=\"https:\/\/www.lica.ch\/es\/credito-privado-2\/calcular-monto-maximo-de-un-credito\/\" target=\"_blank\" rel=\"noreferrer noopener\">sumas de dinero<\/a> \u00a1ser\u00e1 el mismo que en a\u00f1os anteriores!<\/p>\n\n\n\n<h2 class=\"wp-block-heading\" id=\"evolution-des-taux-dinteret-des-prets-prives-en-suisse-2\">Lo que debemos recordar de estas tres se\u00f1ales para predecir la evoluci\u00f3n del mercado de pr\u00e9stamos privados en Suiza<\/h2>\n\n\n\n<p>El entorno econ\u00f3mico de Suiza est\u00e1 marcado actualmente por tres indicadores clave: un mercado laboral s\u00f3lido, una inflaci\u00f3n m\u00e1s controlada y un crecimiento positivo del PIB. Estos factores est\u00e1n aumentando la confianza de las instituciones crediticias en Suiza. En consecuencia, <a href=\"https:\/\/www.lica.ch\/es\/credito-privado-2\/que-documentos-son-necesarios-para-obtener-un-credito\/\" target=\"_blank\" rel=\"noreferrer noopener\">condiciones generales<\/a> de los pr\u00e9stamos privados deber\u00edan seguir siendo similares a los de a\u00f1os anteriores.<\/p>\n\n\n\n<p>Sin embargo, aunque la tasa de inflaci\u00f3n de Suiza est\u00e1 mejor controlada que la de sus vecinos europeos, el hecho de que se haya superado el objetivo de inflaci\u00f3n del Banco Central Europeo sigue siendo un grave problema. <a href=\"https:\/\/www.rts.ch\/info\/economie\/14205229-hausse-des-taux-la-bns-suivratelle-washington-et-francfort.html\" target=\"_blank\" rel=\"noreferrer noopener\">El BNS sugiere que las subidas del tipo de inter\u00e9s oficial<\/a> se esperan para finales de 2023. Esto podr\u00eda dar lugar a un aumento del tipo m\u00e1ximo del cr\u00e9dito al consumo en Suiza.<\/p>\n\n\n\n<p>A pesar de este factor potencialmente restrictivo, el crecimiento constante del PIB suizo sugiere que el volumen de pr\u00e9stamos privados ser\u00e1 similar al de a\u00f1os anteriores. <a href=\"https:\/\/www.lica.ch\/es\/demande-de-credit-prive-en-ligne\/\" target=\"_blank\" rel=\"noreferrer noopener\">Futuros prestatarios<\/a> puede, por tanto, seguir confiando relativamente en <a href=\"https:\/\/www.lica.ch\/es\/credito-privado-2\/calcular-monto-maximo-de-un-credito\/\" target=\"_blank\" rel=\"noreferrer noopener\">su capacidad de endeudamiento<\/a> y las condiciones de futuros pr\u00e9stamos.<\/p>\n\n\n\n<h2 class=\"wp-block-heading\" id=\"evolution-des-taux-dinteret-des-prets-prives-en-suisse-3\">\u00bfC\u00f3mo puede ahorrar en su cr\u00e9dito al consumo en Suiza?<\/h2>\n\n\n\n<p>Ante la inminente subida de los tipos de inter\u00e9s de los pr\u00e9stamos privados en Suiza, los consumidores buscan formas de ahorrar dinero en sus cr\u00e9ditos. <a href=\"https:\/\/www.lica.ch\/es\/\" target=\"_blank\" rel=\"noreferrer noopener\">pr\u00e9stamos privados<\/a>. He aqu\u00ed algunas soluciones que pueden ayudar a reducir costes :<\/p>\n\n\n\n<h3 class=\"wp-block-heading\">Comparar ofertas de cr\u00e9dito privado :<\/h3>\n\n\n\n<p>El primer paso para ahorrar dinero en un pr\u00e9stamo privado es comparar las distintas ofertas disponibles en el mercado. Plataformas en l\u00ednea como <a href=\"https:\/\/comparateur-credit.ch\/\" target=\"_blank\" rel=\"noreferrer noopener\">comparateur-credit.ch<\/a> le ofrecen una visi\u00f3n general de las mejores ofertas actuales para su perfil.<\/p>\n\n\n\n<h3 class=\"wp-block-heading\">Negociar con los prestamistas :<\/h3>\n\n\n\n<p>No subestime nunca el poder de la negociaci\u00f3n. Si tiene un buen historial y <a href=\"https:\/\/www.lica.ch\/es\/solvable\/borrar-codigo-zek\/\" target=\"_blank\" rel=\"noreferrer noopener\">historial crediticio s\u00f3lido<\/a>utilizarlo como palanca para obtener condiciones de pr\u00e9stamo m\u00e1s ventajosas.<a href=\"https:\/\/www.lica.ch\/es\/\" target=\"_blank\" rel=\"noreferrer noopener\"> Lica <\/a>conoce perfectamente este proceso y se encarga de todas las gestiones con los distintos proveedores de servicios del mercado suizo.<\/p>\n\n\n\n<h3 class=\"wp-block-heading\">Recurra a un agente de cr\u00e9dito privado especializado :<\/h3>\n\n\n\n<p><a href=\"https:\/\/www.lica.ch\/es\/\" target=\"_blank\" rel=\"noreferrer noopener\">Un profesional<\/a> puede ayudarle a encontrar la mejor estrategia para su pr\u00e9stamo. Los servicios de Lica van m\u00e1s all\u00e1 de simplemente <a href=\"https:\/\/comparateur-credit.ch\/\" target=\"_blank\" rel=\"noreferrer noopener\">comparaci\u00f3n de ofertas<\/a>. Nuestro equipo de asesores puede orientarle hacia soluciones personalizadas para <a href=\"https:\/\/www.lica.ch\/es\/credito-privado-2\/optimizar-su-presupuesto-para-obtener-un-credito-al-consumo\/\" target=\"_blank\" rel=\"noreferrer noopener\">optimice su pr\u00e9stamo<\/a>.<\/p>\n\n\n\n<h3 class=\"wp-block-heading\">Pague su cr\u00e9dito al consumo m\u00e1s r\u00e1pido:<\/h3>\n\n\n\n<p>Si su situaci\u00f3n financiera se lo permite, considere la posibilidad de aumentar sus cuotas mensuales. Reembolsando su pr\u00e9stamo m\u00e1s r\u00e1pidamente, <a href=\"https:\/\/www.lica.ch\/es\/credito-privado-2\/su-credito-privado-al-mejor-tipo-de-suiza\/\" target=\"_blank\" rel=\"noreferrer noopener\">reduces el importe total de los intereses pagados<\/a>.<\/p>\n\n\n\n<h3 class=\"wp-block-heading\">Consolide sus pr\u00e9stamos privados con la soluci\u00f3n de recompra:<\/h3>\n\n\n\n<p>Si tiene varios pr\u00e9stamos pendientes, considere la posibilidad de combinarlos o pedir un nuevo pr\u00e9stamo. <a href=\"https:\/\/www.lica.ch\/es\/rachat-de-credit-prive-en-ligne\/\" target=\"_blank\" rel=\"noreferrer noopener\">la recompra de sus pr\u00e9stamos privados<\/a>. Esto le permitir\u00e1 obtener un tipo de inter\u00e9s \u00fanico que suele ser m\u00e1s ventajoso y <a href=\"https:\/\/www.lica.ch\/es\/credito-privado-2\/reunificacion-del-credito-privado-descubra-como-lica-puede-ayudarle\/\" target=\"_blank\" rel=\"noreferrer noopener\">gesti\u00f3n simplificada de su financiaci\u00f3n<\/a>.<\/p>\n\n\n\n<h3 class=\"wp-block-heading\">Preste atenci\u00f3n a los costes accesorios:<\/h3>\n\n\n\n<p>Adem\u00e1s del tipo de inter\u00e9s, algunos pr\u00e9stamos tienen gastos adicionales (gastos de administraci\u00f3n, seguro del prestatario, etc.). Lee atentamente las condiciones. <a href=\"https:\/\/www.lica.ch\/es\/credito-privado-2\/como-funciona-un-credito-privado\/\" target=\"_blank\" rel=\"noreferrer noopener\">condiciones<\/a> e inf\u00f3rmese sobre estos costes adicionales. <a href=\"https:\/\/www.lica.ch\/es\/\" target=\"_blank\" rel=\"noreferrer noopener\">Servicios Lica<\/a> puede ayudarle a identificar y evitar estos gastos ocultos.<\/p>\n\n\n\n<h2 class=\"wp-block-heading\" id=\"evolution-des-taux-dinteret-des-prets-prives-en-suisse-4\">Nuestra conclusi\u00f3n sobre la evoluci\u00f3n de los tipos de inter\u00e9s de los pr\u00e9stamos privados<\/h2>\n\n\n\n<p>El entorno econ\u00f3mico de Suiza presenta un panorama heterog\u00e9neo que influir\u00e1 inevitablemente en el sector crediticio privado. De hecho, la solidez del mercado laboral y el crecimiento continuado del PIB son indicios de cierta estabilidad y confianza. Sin embargo, la inflaci\u00f3n ligeramente por encima del objetivo del BNS sugiere que <a href=\"https:\/\/www.lica.ch\/es\/credito-privado-2\/aumento-del-tipo-maximo-para-creditos-privados-es-efectivo-en-suiza\/\" target=\"_blank\" rel=\"noreferrer noopener\">subidas de los tipos de inter\u00e9s<\/a> en los pr\u00f3ximos 12 meses.<\/p>\n\n\n\n<p>Sin embargo, a pesar de este panorama, existen soluciones para maximizar <a href=\"https:\/\/www.lica.ch\/es\/credito-privado-2\/optimizar-su-presupuesto-para-obtener-un-credito-al-consumo\/\" target=\"_blank\" rel=\"noreferrer noopener\">ahorro<\/a> en pr\u00e9stamos privados. Teniendo esto en cuenta, <a href=\"https:\/\/www.lica.ch\/es\/\" target=\"_blank\" rel=\"noreferrer noopener\">la plataforma Lica<\/a> se perfila como un aliado esencial para los consumidores. Al permitir una comparaci\u00f3n eficaz <a href=\"https:\/\/comparateur-credit.ch\/\" target=\"_blank\" rel=\"noreferrer noopener\">de las diferentes ofertas del mercado<\/a>Lica ofrece a los prestatarios las herramientas que necesitan para tomar decisiones con conocimiento de causa. Con el apoyo de asesores especializados, Lica va m\u00e1s all\u00e1 de la simple puesta en contacto, ofreciendo soluciones a medida para cada perfil de prestatario.<\/p>","protected":false},"excerpt":{"rendered":"<p>La Suisse, souvent consid\u00e9r\u00e9e comme un bastion de stabilit\u00e9 \u00e9conomique en Europe, semble \u00eatre en meilleure position que ses voisins de la zone euro en ce qui concerne l\u2019\u00e9volution des taux des pr\u00eats priv\u00e9s. Cependant, plusieurs facteurs laissent penser que les taux des pr\u00eats priv\u00e9s pourraient encore l\u00e9g\u00e8rement augmenter ces prochains mois. Cet article se [&hellip;]<\/p>\n","protected":false},"author":8,"featured_media":27739,"comment_status":"closed","ping_status":"closed","sticky":false,"template":"","format":"standard","meta":{"footnotes":""},"categories":[21],"tags":[],"class_list":["post-25935","post","type-post","status-publish","format-standard","has-post-thumbnail","hentry","category-credit-personnel"],"_yoast_wpseo_focuskw":"Pr\u00eats priv\u00e9s","_yoast_wpseo_title":"Pr\u00eats priv\u00e9s - Quelle sera l\u2019\u00e9volution des taux d'int\u00e9r\u00eat en Suisse ?","_yoast_wpseo_metadesc":"D\u00e9couvrez l'\u00e9volution des taux d'int\u00e9r\u00eat des pr\u00eats priv\u00e9s en Suisse face \u00e0 la stabilit\u00e9 \u00e9conomique, l'inflation, et la croissance du PIB.","yoast_head":"<!-- This site is optimized with the Yoast SEO plugin v27.5 - https:\/\/yoast.com\/product\/yoast-seo-wordpress\/ -->\n<title>Pr\u00eats priv\u00e9s - Quelle sera l\u2019\u00e9volution des taux d&#039;int\u00e9r\u00eat en Suisse ?<\/title>\n<meta name=\"description\" content=\"D\u00e9couvrez l&#039;\u00e9volution des taux d&#039;int\u00e9r\u00eat des pr\u00eats priv\u00e9s en Suisse face \u00e0 la stabilit\u00e9 \u00e9conomique, l&#039;inflation, et la croissance du PIB.\" \/>\n<meta name=\"robots\" content=\"index, follow, max-snippet:-1, max-image-preview:large, max-video-preview:-1\" \/>\n<link rel=\"canonical\" href=\"https:\/\/www.lica.ch\/es\/credito-privado\/como-evolucionaran-los-tipos-de-interes-de-los-creditos-privados-en-suiza\/\" \/>\n<meta property=\"og:locale\" content=\"es_ES\" \/>\n<meta property=\"og:type\" content=\"article\" \/>\n<meta property=\"og:title\" content=\"Pr\u00eats priv\u00e9s - Quelle sera l\u2019\u00e9volution des taux d&#039;int\u00e9r\u00eat en Suisse ?\" \/>\n<meta property=\"og:description\" content=\"D\u00e9couvrez l&#039;\u00e9volution des taux d&#039;int\u00e9r\u00eat des pr\u00eats priv\u00e9s en Suisse face \u00e0 la stabilit\u00e9 \u00e9conomique, l&#039;inflation, et la croissance du PIB.\" \/>\n<meta property=\"og:url\" content=\"https:\/\/www.lica.ch\/es\/credito-privado\/como-evolucionaran-los-tipos-de-interes-de-los-creditos-privados-en-suiza\/\" \/>\n<meta property=\"og:site_name\" content=\"Lica cr\u00e9dit priv\u00e9\" \/>\n<meta property=\"article:publisher\" content=\"https:\/\/www.facebook.com\/lica.suisse\/\" \/>\n<meta property=\"article:published_time\" content=\"2023-08-13T07:56:32+00:00\" \/>\n<meta property=\"article:modified_time\" content=\"2025-12-10T21:50:15+00:00\" \/>\n<meta property=\"og:image\" content=\"https:\/\/www.lica.ch\/wp-content\/uploads\/2023\/08\/Prets-prives_IMA.webp\" \/>\n\t<meta property=\"og:image:width\" content=\"1000\" \/>\n\t<meta property=\"og:image:height\" content=\"650\" \/>\n\t<meta property=\"og:image:type\" content=\"image\/webp\" \/>\n<meta name=\"author\" content=\"writer-login\" \/>\n<meta name=\"twitter:card\" content=\"summary_large_image\" \/>\n<script type=\"application\/ld+json\" class=\"yoast-schema-graph\">{\"@context\":\"https:\\\/\\\/schema.org\",\"@graph\":[{\"@type\":\"Article\",\"@id\":\"https:\\\/\\\/www.lica.ch\\\/credit-personnel\\\/quelle-sera-levolution-des-taux-dinteret-des-prets-prives-en-suisse\\\/#article\",\"isPartOf\":{\"@id\":\"https:\\\/\\\/www.lica.ch\\\/credit-personnel\\\/quelle-sera-levolution-des-taux-dinteret-des-prets-prives-en-suisse\\\/\"},\"author\":{\"name\":\"writer-login\",\"@id\":\"https:\\\/\\\/www.lica.ch\\\/en\\\/#\\\/schema\\\/person\\\/43f9fd6c0991b2ea4e0ce88a7472a04c\"},\"headline\":\"Quelle sera l\u2019\u00e9volution des taux d&rsquo;int\u00e9r\u00eat des pr\u00eats priv\u00e9s en Suisse ?\",\"datePublished\":\"2023-08-13T07:56:32+00:00\",\"dateModified\":\"2025-12-10T21:50:15+00:00\",\"mainEntityOfPage\":{\"@id\":\"https:\\\/\\\/www.lica.ch\\\/credit-personnel\\\/quelle-sera-levolution-des-taux-dinteret-des-prets-prives-en-suisse\\\/\"},\"wordCount\":1299,\"publisher\":{\"@id\":\"https:\\\/\\\/www.lica.ch\\\/en\\\/#organization\"},\"image\":{\"@id\":\"https:\\\/\\\/www.lica.ch\\\/credit-personnel\\\/quelle-sera-levolution-des-taux-dinteret-des-prets-prives-en-suisse\\\/#primaryimage\"},\"thumbnailUrl\":\"https:\\\/\\\/www.lica.ch\\\/wp-content\\\/uploads\\\/2023\\\/08\\\/Prets-prives_IMA.webp\",\"articleSection\":[\"Cr\u00e9dit personnel\"],\"inLanguage\":\"es\"},{\"@type\":\"WebPage\",\"@id\":\"https:\\\/\\\/www.lica.ch\\\/credit-personnel\\\/quelle-sera-levolution-des-taux-dinteret-des-prets-prives-en-suisse\\\/\",\"url\":\"https:\\\/\\\/www.lica.ch\\\/credit-personnel\\\/quelle-sera-levolution-des-taux-dinteret-des-prets-prives-en-suisse\\\/\",\"name\":\"Pr\u00eats priv\u00e9s - Quelle sera l\u2019\u00e9volution des taux d'int\u00e9r\u00eat en Suisse ?\",\"isPartOf\":{\"@id\":\"https:\\\/\\\/www.lica.ch\\\/en\\\/#website\"},\"primaryImageOfPage\":{\"@id\":\"https:\\\/\\\/www.lica.ch\\\/credit-personnel\\\/quelle-sera-levolution-des-taux-dinteret-des-prets-prives-en-suisse\\\/#primaryimage\"},\"image\":{\"@id\":\"https:\\\/\\\/www.lica.ch\\\/credit-personnel\\\/quelle-sera-levolution-des-taux-dinteret-des-prets-prives-en-suisse\\\/#primaryimage\"},\"thumbnailUrl\":\"https:\\\/\\\/www.lica.ch\\\/wp-content\\\/uploads\\\/2023\\\/08\\\/Prets-prives_IMA.webp\",\"datePublished\":\"2023-08-13T07:56:32+00:00\",\"dateModified\":\"2025-12-10T21:50:15+00:00\",\"description\":\"D\u00e9couvrez l'\u00e9volution des taux d'int\u00e9r\u00eat des pr\u00eats priv\u00e9s en Suisse face \u00e0 la stabilit\u00e9 \u00e9conomique, l'inflation, et la croissance du PIB.\",\"breadcrumb\":{\"@id\":\"https:\\\/\\\/www.lica.ch\\\/credit-personnel\\\/quelle-sera-levolution-des-taux-dinteret-des-prets-prives-en-suisse\\\/#breadcrumb\"},\"inLanguage\":\"es\",\"potentialAction\":[{\"@type\":\"ReadAction\",\"target\":[\"https:\\\/\\\/www.lica.ch\\\/credit-personnel\\\/quelle-sera-levolution-des-taux-dinteret-des-prets-prives-en-suisse\\\/\"]}]},{\"@type\":\"ImageObject\",\"inLanguage\":\"es\",\"@id\":\"https:\\\/\\\/www.lica.ch\\\/credit-personnel\\\/quelle-sera-levolution-des-taux-dinteret-des-prets-prives-en-suisse\\\/#primaryimage\",\"url\":\"https:\\\/\\\/www.lica.ch\\\/wp-content\\\/uploads\\\/2023\\\/08\\\/Prets-prives_IMA.webp\",\"contentUrl\":\"https:\\\/\\\/www.lica.ch\\\/wp-content\\\/uploads\\\/2023\\\/08\\\/Prets-prives_IMA.webp\",\"width\":1000,\"height\":650,\"caption\":\"Pr\u00eats priv\u00e9s\"},{\"@type\":\"BreadcrumbList\",\"@id\":\"https:\\\/\\\/www.lica.ch\\\/credit-personnel\\\/quelle-sera-levolution-des-taux-dinteret-des-prets-prives-en-suisse\\\/#breadcrumb\",\"itemListElement\":[{\"@type\":\"ListItem\",\"position\":1,\"name\":\"Accueil\",\"item\":\"https:\\\/\\\/www.lica.ch\\\/\"},{\"@type\":\"ListItem\",\"position\":2,\"name\":\"Quelle sera l\u2019\u00e9volution des taux d&rsquo;int\u00e9r\u00eat des pr\u00eats priv\u00e9s en Suisse ?\"}]},{\"@type\":\"WebSite\",\"@id\":\"https:\\\/\\\/www.lica.ch\\\/en\\\/#website\",\"url\":\"https:\\\/\\\/www.lica.ch\\\/en\\\/\",\"name\":\"Lica\",\"description\":\"Cr\u00e9dit priv\u00e9\",\"publisher\":{\"@id\":\"https:\\\/\\\/www.lica.ch\\\/en\\\/#organization\"},\"alternateName\":\"Lica\",\"potentialAction\":[{\"@type\":\"SearchAction\",\"target\":{\"@type\":\"EntryPoint\",\"urlTemplate\":\"https:\\\/\\\/www.lica.ch\\\/en\\\/?s={search_term_string}\"},\"query-input\":{\"@type\":\"PropertyValueSpecification\",\"valueRequired\":true,\"valueName\":\"search_term_string\"}}],\"inLanguage\":\"es\"},{\"@type\":\"Organization\",\"@id\":\"https:\\\/\\\/www.lica.ch\\\/en\\\/#organization\",\"name\":\"Lica\",\"alternateName\":\"Lica\",\"url\":\"https:\\\/\\\/www.lica.ch\\\/en\\\/\",\"logo\":{\"@type\":\"ImageObject\",\"inLanguage\":\"es\",\"@id\":\"https:\\\/\\\/www.lica.ch\\\/en\\\/#\\\/schema\\\/logo\\\/image\\\/\",\"url\":\"https:\\\/\\\/www.lica.ch\\\/wp-content\\\/uploads\\\/2025\\\/10\\\/Logo_Yoast_Jaune_696x696.webp\",\"contentUrl\":\"https:\\\/\\\/www.lica.ch\\\/wp-content\\\/uploads\\\/2025\\\/10\\\/Logo_Yoast_Jaune_696x696.webp\",\"width\":696,\"height\":696,\"caption\":\"Lica\"},\"image\":{\"@id\":\"https:\\\/\\\/www.lica.ch\\\/en\\\/#\\\/schema\\\/logo\\\/image\\\/\"},\"sameAs\":[\"https:\\\/\\\/www.facebook.com\\\/lica.suisse\\\/\",\"https:\\\/\\\/ch.linkedin.com\\\/company\\\/lica-cr\u00e9dit\",\"https:\\\/\\\/www.tiktok.com\\\/@lica.ch\",\"https:\\\/\\\/www.instagram.com\\\/licacredit\\\/\"]},{\"@type\":\"Person\",\"@id\":\"https:\\\/\\\/www.lica.ch\\\/en\\\/#\\\/schema\\\/person\\\/43f9fd6c0991b2ea4e0ce88a7472a04c\",\"name\":\"writer-login\",\"image\":{\"@type\":\"ImageObject\",\"inLanguage\":\"es\",\"@id\":\"https:\\\/\\\/secure.gravatar.com\\\/avatar\\\/d4854fc4223da2b976f9705ce04407a3e99c4bf956d6190ffef0815d95f87bef?s=96&d=mm&r=g\",\"url\":\"https:\\\/\\\/secure.gravatar.com\\\/avatar\\\/d4854fc4223da2b976f9705ce04407a3e99c4bf956d6190ffef0815d95f87bef?s=96&d=mm&r=g\",\"contentUrl\":\"https:\\\/\\\/secure.gravatar.com\\\/avatar\\\/d4854fc4223da2b976f9705ce04407a3e99c4bf956d6190ffef0815d95f87bef?s=96&d=mm&r=g\",\"caption\":\"writer-login\"}}]}<\/script>\n<!-- \/ Yoast SEO plugin. -->","yoast_head_json":{"title":"Cr\u00e9ditos privados \u2013 \u00bfC\u00f3mo evolucionar\u00e1n los tipos de inter\u00e9s en Suiza?","description":"Descubre la evoluci\u00f3n de los tipos de inter\u00e9s de los cr\u00e9ditos privados en Suiza ante la estabilidad econ\u00f3mica, la inflaci\u00f3n y el crecimiento del PIB.","robots":{"index":"index","follow":"follow","max-snippet":"max-snippet:-1","max-image-preview":"max-image-preview:large","max-video-preview":"max-video-preview:-1"},"canonical":"https:\/\/www.lica.ch\/es\/credito-privado\/como-evolucionaran-los-tipos-de-interes-de-los-creditos-privados-en-suiza\/","og_locale":"es_ES","og_type":"article","og_title":"Pr\u00eats priv\u00e9s - Quelle sera l\u2019\u00e9volution des taux d'int\u00e9r\u00eat en Suisse ?","og_description":"D\u00e9couvrez l'\u00e9volution des taux d'int\u00e9r\u00eat des pr\u00eats priv\u00e9s en Suisse face \u00e0 la stabilit\u00e9 \u00e9conomique, l'inflation, et la croissance du PIB.","og_url":"https:\/\/www.lica.ch\/es\/credito-privado\/como-evolucionaran-los-tipos-de-interes-de-los-creditos-privados-en-suiza\/","og_site_name":"Lica cr\u00e9dit priv\u00e9","article_publisher":"https:\/\/www.facebook.com\/lica.suisse\/","article_published_time":"2023-08-13T07:56:32+00:00","article_modified_time":"2025-12-10T21:50:15+00:00","og_image":[{"width":1000,"height":650,"url":"https:\/\/www.lica.ch\/wp-content\/uploads\/2023\/08\/Prets-prives_IMA.webp","type":"image\/webp"}],"author":"writer-login","twitter_card":"summary_large_image","schema":{"@context":"https:\/\/schema.org","@graph":[{"@type":"Article","@id":"https:\/\/www.lica.ch\/credit-personnel\/quelle-sera-levolution-des-taux-dinteret-des-prets-prives-en-suisse\/#article","isPartOf":{"@id":"https:\/\/www.lica.ch\/credit-personnel\/quelle-sera-levolution-des-taux-dinteret-des-prets-prives-en-suisse\/"},"author":{"name":"writer-login","@id":"https:\/\/www.lica.ch\/en\/#\/schema\/person\/43f9fd6c0991b2ea4e0ce88a7472a04c"},"headline":"Quelle sera l\u2019\u00e9volution des taux d&rsquo;int\u00e9r\u00eat des pr\u00eats priv\u00e9s en Suisse ?","datePublished":"2023-08-13T07:56:32+00:00","dateModified":"2025-12-10T21:50:15+00:00","mainEntityOfPage":{"@id":"https:\/\/www.lica.ch\/credit-personnel\/quelle-sera-levolution-des-taux-dinteret-des-prets-prives-en-suisse\/"},"wordCount":1299,"publisher":{"@id":"https:\/\/www.lica.ch\/en\/#organization"},"image":{"@id":"https:\/\/www.lica.ch\/credit-personnel\/quelle-sera-levolution-des-taux-dinteret-des-prets-prives-en-suisse\/#primaryimage"},"thumbnailUrl":"https:\/\/www.lica.ch\/wp-content\/uploads\/2023\/08\/Prets-prives_IMA.webp","articleSection":["Cr\u00e9dit personnel"],"inLanguage":"es"},{"@type":"WebPage","@id":"https:\/\/www.lica.ch\/credit-personnel\/quelle-sera-levolution-des-taux-dinteret-des-prets-prives-en-suisse\/","url":"https:\/\/www.lica.ch\/credit-personnel\/quelle-sera-levolution-des-taux-dinteret-des-prets-prives-en-suisse\/","name":"Cr\u00e9ditos privados \u2013 \u00bfC\u00f3mo evolucionar\u00e1n los tipos de inter\u00e9s en Suiza?","isPartOf":{"@id":"https:\/\/www.lica.ch\/en\/#website"},"primaryImageOfPage":{"@id":"https:\/\/www.lica.ch\/credit-personnel\/quelle-sera-levolution-des-taux-dinteret-des-prets-prives-en-suisse\/#primaryimage"},"image":{"@id":"https:\/\/www.lica.ch\/credit-personnel\/quelle-sera-levolution-des-taux-dinteret-des-prets-prives-en-suisse\/#primaryimage"},"thumbnailUrl":"https:\/\/www.lica.ch\/wp-content\/uploads\/2023\/08\/Prets-prives_IMA.webp","datePublished":"2023-08-13T07:56:32+00:00","dateModified":"2025-12-10T21:50:15+00:00","description":"Descubre la evoluci\u00f3n de los tipos de inter\u00e9s de los cr\u00e9ditos privados en Suiza ante la estabilidad econ\u00f3mica, la inflaci\u00f3n y el crecimiento del PIB.","breadcrumb":{"@id":"https:\/\/www.lica.ch\/credit-personnel\/quelle-sera-levolution-des-taux-dinteret-des-prets-prives-en-suisse\/#breadcrumb"},"inLanguage":"es","potentialAction":[{"@type":"ReadAction","target":["https:\/\/www.lica.ch\/credit-personnel\/quelle-sera-levolution-des-taux-dinteret-des-prets-prives-en-suisse\/"]}]},{"@type":"ImageObject","inLanguage":"es","@id":"https:\/\/www.lica.ch\/credit-personnel\/quelle-sera-levolution-des-taux-dinteret-des-prets-prives-en-suisse\/#primaryimage","url":"https:\/\/www.lica.ch\/wp-content\/uploads\/2023\/08\/Prets-prives_IMA.webp","contentUrl":"https:\/\/www.lica.ch\/wp-content\/uploads\/2023\/08\/Prets-prives_IMA.webp","width":1000,"height":650,"caption":"Pr\u00eats priv\u00e9s"},{"@type":"BreadcrumbList","@id":"https:\/\/www.lica.ch\/credit-personnel\/quelle-sera-levolution-des-taux-dinteret-des-prets-prives-en-suisse\/#breadcrumb","itemListElement":[{"@type":"ListItem","position":1,"name":"Accueil","item":"https:\/\/www.lica.ch\/"},{"@type":"ListItem","position":2,"name":"Quelle sera l\u2019\u00e9volution des taux d&rsquo;int\u00e9r\u00eat des pr\u00eats priv\u00e9s en Suisse ?"}]},{"@type":"WebSite","@id":"https:\/\/www.lica.ch\/en\/#website","url":"https:\/\/www.lica.ch\/en\/","name":"Lica","description":"Cr\u00e9dito privado","publisher":{"@id":"https:\/\/www.lica.ch\/en\/#organization"},"alternateName":"Lica","potentialAction":[{"@type":"SearchAction","target":{"@type":"EntryPoint","urlTemplate":"https:\/\/www.lica.ch\/en\/?s={search_term_string}"},"query-input":{"@type":"PropertyValueSpecification","valueRequired":true,"valueName":"search_term_string"}}],"inLanguage":"es"},{"@type":"Organization","@id":"https:\/\/www.lica.ch\/en\/#organization","name":"Lica","alternateName":"Lica","url":"https:\/\/www.lica.ch\/en\/","logo":{"@type":"ImageObject","inLanguage":"es","@id":"https:\/\/www.lica.ch\/en\/#\/schema\/logo\/image\/","url":"https:\/\/www.lica.ch\/wp-content\/uploads\/2025\/10\/Logo_Yoast_Jaune_696x696.webp","contentUrl":"https:\/\/www.lica.ch\/wp-content\/uploads\/2025\/10\/Logo_Yoast_Jaune_696x696.webp","width":696,"height":696,"caption":"Lica"},"image":{"@id":"https:\/\/www.lica.ch\/en\/#\/schema\/logo\/image\/"},"sameAs":["https:\/\/www.facebook.com\/lica.suisse\/","https:\/\/ch.linkedin.com\/company\/lica-cr\u00e9dit","https:\/\/www.tiktok.com\/@lica.ch","https:\/\/www.instagram.com\/licacredit\/"]},{"@type":"Person","@id":"https:\/\/www.lica.ch\/en\/#\/schema\/person\/43f9fd6c0991b2ea4e0ce88a7472a04c","name":"escritor-login","image":{"@type":"ImageObject","inLanguage":"es","@id":"https:\/\/secure.gravatar.com\/avatar\/d4854fc4223da2b976f9705ce04407a3e99c4bf956d6190ffef0815d95f87bef?s=96&d=mm&r=g","url":"https:\/\/secure.gravatar.com\/avatar\/d4854fc4223da2b976f9705ce04407a3e99c4bf956d6190ffef0815d95f87bef?s=96&d=mm&r=g","contentUrl":"https:\/\/secure.gravatar.com\/avatar\/d4854fc4223da2b976f9705ce04407a3e99c4bf956d6190ffef0815d95f87bef?s=96&d=mm&r=g","caption":"writer-login"}}]}},"_links":{"self":[{"href":"https:\/\/www.lica.ch\/es\/wp-json\/wp\/v2\/posts\/25935","targetHints":{"allow":["GET"]}}],"collection":[{"href":"https:\/\/www.lica.ch\/es\/wp-json\/wp\/v2\/posts"}],"about":[{"href":"https:\/\/www.lica.ch\/es\/wp-json\/wp\/v2\/types\/post"}],"author":[{"embeddable":true,"href":"https:\/\/www.lica.ch\/es\/wp-json\/wp\/v2\/users\/8"}],"replies":[{"embeddable":true,"href":"https:\/\/www.lica.ch\/es\/wp-json\/wp\/v2\/comments?post=25935"}],"version-history":[{"count":0,"href":"https:\/\/www.lica.ch\/es\/wp-json\/wp\/v2\/posts\/25935\/revisions"}],"wp:featuredmedia":[{"embeddable":true,"href":"https:\/\/www.lica.ch\/es\/wp-json\/wp\/v2\/media\/27739"}],"wp:attachment":[{"href":"https:\/\/www.lica.ch\/es\/wp-json\/wp\/v2\/media?parent=25935"}],"wp:term":[{"taxonomy":"category","embeddable":true,"href":"https:\/\/www.lica.ch\/es\/wp-json\/wp\/v2\/categories?post=25935"},{"taxonomy":"post_tag","embeddable":true,"href":"https:\/\/www.lica.ch\/es\/wp-json\/wp\/v2\/tags?post=25935"}],"curies":[{"name":"wp","href":"https:\/\/api.w.org\/{rel}","templated":true}]}}