{"id":26240,"date":"2025-06-25T11:56:19","date_gmt":"2025-06-25T09:56:19","guid":{"rendered":"https:\/\/lica.ch\/?p=26240"},"modified":"2025-11-16T12:13:23","modified_gmt":"2025-11-16T10:13:23","slug":"reconocimiento-de-deuda-una-garantia-en-el-contexto-de-un-credito-privado","status":"publish","type":"post","link":"https:\/\/www.lica.ch\/es\/solvabilite\/reconnaissance-de-dette-une-garantie-dans-le-cadre-d-un-pret-prive\/","title":{"rendered":"El reconocimiento de deuda como garant\u00eda en un cr\u00e9dito privado"},"content":{"rendered":"<p>Cuando prestas dinero a alguien o<a href=\"https:\/\/www.lica.ch\/es\/demande-de-credit-prive-en-ligne\/\" target=\"_blank\" rel=\"noreferrer noopener\"> pedir prestado<\/a> de un amigo o familiar, por ejemplo, hay que definir claramente las condiciones del pr\u00e9stamo y hacer que ambas partes las reconozcan. Aqu\u00ed es donde <a href=\"#reconnaissance-de-dette-pret-prive-7\">Pagar\u00e9s<\/a>, Se trata de un instrumento jur\u00eddico esencial en Suiza para garantizar <a href=\"https:\/\/www.lica.ch\/es\/\" target=\"_blank\" rel=\"noreferrer noopener\">un pr\u00e9stamo privado<\/a>. En este art\u00edculo analizaremos en detalle qu\u00e9 es un pagar\u00e9, su importancia y c\u00f3mo redactarlo correctamente.<\/p>\n\n\n\n<h2 class=\"wp-block-heading\">\u00bfQu\u00e9 es un pagar\u00e9?<\/h2>\n\n\n\n<p>En un pagar\u00e9, el deudor se compromete por escrito a devolver una suma de dinero al acreedor. Aunque a primera vista pueda parecer sencillo, el<strong>,<\/strong> desempe\u00f1a un papel crucial en la protecci\u00f3n de los intereses de ambas partes en caso de desacuerdo o descuido.<\/p>\n\n\n\n<p>\u00bfPor qu\u00e9 es tan esencial <a href=\"https:\/\/www.lica.ch\/es\/demande-de-credit-prive-en-ligne\/\" target=\"_blank\" rel=\"noreferrer noopener\">un pr\u00e9stamo privado<\/a> ? Imagina que prestas una gran suma de dinero a un amigo. Sin <a href=\"https:\/\/www.lica.ch\/es\/credito-privado-2\/ley-sobre-el-credito-al-consumo-lo-que-debe-saber\/\" target=\"_blank\" rel=\"noreferrer noopener\">contrato de pr\u00e9stamo<\/a>, Si tu amigo niega u olvida este acuerdo, puede resultarte dif\u00edcil demostrar la existencia del pr\u00e9stamo o recuperar tu dinero. El pagar\u00e9 act\u00faa como prueba formal de la obligaci\u00f3n del deudor con el acreedor.<\/p>\n\n\n\n<h2 class=\"wp-block-heading\" id=\"reconnaissance-de-dette-pret-prive-3\">\u00bfC\u00f3mo funciona este tipo de contrato en Suiza?<\/h2>\n\n\n\n<p>En Suiza, un contrato de pr\u00e9stamo privado no requiere ninguna formalidad espec\u00edfica, como ser redactado por un notario, para ser v\u00e1lido. Sin embargo, debe contener ciertos elementos para ser jur\u00eddicamente vinculante (<a href=\"https:\/\/www.fedlex.admin.ch\/eli\/cc\/27\/317_321_377\/fr\" target=\"_blank\" rel=\"noreferrer noopener\">CO art\u00edculos 312 a 318<\/a>).<\/p>\n\n\n\n<h5 class=\"wp-block-heading\">Elementos esenciales de un contrato v\u00e1lido :<\/h5>\n\n\n\n<ul class=\"wp-block-list\">\n<li><strong>Identificaci\u00f3n de las partes :<\/strong> El nombre completo, la direcci\u00f3n y otros datos pertinentes del prestamista y el prestatario.<\/li>\n\n\n\n<li><strong>Importe del pr\u00e9stamo : <\/strong>Debe indicarse claramente el importe exacto prestado.<\/li>\n\n\n\n<li><strong>Tipo de inter\u00e9s :<\/strong> Si <a href=\"https:\/\/www.lica.ch\/es\/credito-privado-2\/aumento-del-tipo-maximo-para-creditos-privados-es-efectivo-en-suiza\/\" target=\"_blank\" rel=\"noreferrer noopener\">u<\/a><a href=\"https:\/\/www.lica.ch\/es\/credito-privado-2\/aumento-del-tipo-maximo-para-creditos-privados-es-efectivo-en-suiza\/\">n inter\u00e9s<\/a> se acuerda, debe especificarse.<\/li>\n\n\n\n<li><strong>Condiciones de reembolso :<\/strong> C\u00f3mo y cu\u00e1ndo se devolver\u00e1 el dinero (por ejemplo, en un pago \u00fanico, en plazos mensuales, etc.).<\/li>\n\n\n\n<li><strong>Fecha y lugar de la firma :<\/strong> Para la trazabilidad y la validez de los documentos.<\/li>\n<\/ul>\n\n\n\n<p>Una vez acordados estos distintos elementos, basta con modificarlos en <a href=\"#reconnaissance-de-dette-pret-prive-7\">el modelo de contrato de pr\u00e9stamo<\/a>. Puede descargarlo al final de este art\u00edculo.<\/p>\n\n\n\n<h2 class=\"wp-block-heading\" id=\"reconnaissance-de-dette-pret-prive-4\">Las ventajas de los pagar\u00e9s<\/h2>\n\n\n\n<p>Aunque aparentemente sencillo, un pagar\u00e9 ofrece numerosas ventajas tanto para el acreedor como para el deudor:<\/p>\n\n\n\n<ul class=\"wp-block-list\">\n<li><strong>Protecci\u00f3n jur\u00eddica :<\/strong> Para el acreedor, en caso de impago, constituye una prueba formal del dinero adeudado, lo que facilita <a href=\"https:\/\/www.lica.ch\/es\/dettes\/funcionamiento-de-los-procesos-de-ejecucion-en-suiza\/\" target=\"_blank\" rel=\"noreferrer noopener\">procedimientos jur\u00eddicos<\/a> para recuperar el importe prestado. Para el deudor, sirve como prueba de que ha cumplido sus compromisos una vez devuelto el pr\u00e9stamo.<\/li>\n\n\n\n<li><strong>Claridad de los t\u00e9rminos :<\/strong> Ayuda a evitar malentendidos al especificar <a href=\"https:\/\/www.lica.ch\/es\/credito-privado-2\/como-funciona-un-credito-privado\/\" target=\"_blank\" rel=\"noreferrer noopener\">datos del pr\u00e9stamo<\/a>, Por ejemplo, el importe, el tipo de inter\u00e9s y las condiciones de reembolso.<\/li>\n\n\n\n<li><strong>Crear confianza : <\/strong>Al formalizar el acuerdo, ambas partes demuestran su compromiso y seriedad, reforzando as\u00ed la confianza mutua.<\/li>\n\n\n\n<li><strong>Flexibilidad :<\/strong> Las partes podr\u00e1n adaptar <a href=\"https:\/\/www.lica.ch\/es\/\" target=\"_blank\" rel=\"noreferrer noopener\">un contrato de pr\u00e9stamo<\/a> a sus necesidades espec\u00edficas, a\u00f1adiendo cl\u00e1usulas especiales si es necesario.<\/li>\n<\/ul>\n\n\n\n<p>Como puede ver, si opta por un pr\u00e9stamo privado, un pagar\u00e9 es esencial para garantizar la protecci\u00f3n de los intereses de ambas partes.<\/p>\n\n\n\n<h2 class=\"wp-block-heading\" id=\"reconnaissance-de-dette-pret-prive-5\">Casos pr\u00e1cticos y ejemplos<\/h2>\n\n\n\n<h3 class=\"wp-block-heading\">Caso 1: Desacuerdo entre amigos<\/h3>\n\n\n\n<p>Marc le presta a Sophie 10 000 CHF para ayudarla a poner en marcha su negocio. No consideraron necesario emitir un pagar\u00e9, confiando en su larga amistad. Desgraciadamente, dos a\u00f1os m\u00e1s tarde, Sophie no pudo devolver el dinero a Marc. Sin contrato, Marc no ten\u00eda forma de justificar el pr\u00e9stamo.<\/p>\n\n\n\n<h3 class=\"wp-block-heading\">Caso 2: reembolso anticipado<\/h3>\n\n\n\n<p>Julien pidi\u00f3 prestados 5 000 CHF a Camille y firmaron un pagar\u00e9 con una fecha de vencimiento determinada. Unos meses m\u00e1s tarde, sin embargo, Julien recibi\u00f3 una bonificaci\u00f3n inesperada y decidi\u00f3 reembolsar a Camille antes de lo previsto. Gracias al contrato de pr\u00e9stamo, pudo demostrar que hab\u00eda cumplido con sus obligaciones.<\/p>\n\n\n\n<h2 class=\"wp-block-heading\" id=\"reconnaissance-de-dette-pret-prive-6\">\u00bfC\u00f3mo se redacta el contrato de pr\u00e9stamo?<\/h2>\n\n\n\n<p>Redactar un pagar\u00e9 es sencillo. Sin embargo, debe asegurarse de incluir todos los elementos esenciales para que tenga validez legal.<\/p>\n\n\n\n<ul class=\"wp-block-list\">\n<li><strong>Defina claramente las partes:<\/strong> Aseg\u00farese de que se indican los nombres y direcciones completos de ambas partes.<\/li>\n\n\n\n<li><strong>Especifique el importe :<\/strong> Indique claramente el importe prestado, en cifras y en palabras para evitar cualquier ambig\u00fcedad.<\/li>\n\n\n\n<li><strong>Indique el tipo de inter\u00e9s :<\/strong> Si <a href=\"https:\/\/www.lica.ch\/es\/credito-privado-2\/aumento-del-tipo-maximo-para-creditos-privados-es-efectivo-en-suiza\/\" target=\"_blank\" rel=\"noreferrer noopener\">un tipo de inter\u00e9s<\/a> se acuerda, menci\u00f3nelo. En caso contrario, especifique que el pr\u00e9stamo es sin intereses.<\/li>\n\n\n\n<li><strong>Detalle de las condiciones de reembolso :<\/strong> Indique si el importe se devolver\u00e1 en un pago \u00fanico o en varios plazos. Especifique tambi\u00e9n las fechas o la frecuencia de los pagos.<\/li>\n\n\n\n<li><strong>Firma de las partes :<\/strong> Todas las partes deben firmar el documento, preferiblemente en presencia de testigos para a\u00f1adir una capa adicional de validez.<\/li>\n<\/ul>\n\n\n\n<p>Si no est\u00e1 seguro de c\u00f3mo redactar su solicitud <a href=\"https:\/\/www.lica.ch\/es\/demande-de-credit-prive-en-ligne\/\" target=\"_blank\" rel=\"noreferrer noopener\">su contrato de pr\u00e9stamo<\/a>, Para asegurarse de que se incluyen y formulan correctamente todos los elementos esenciales, le recomendamos encarecidamente que utilice una plantilla preestablecida, como la que proporciona Lica. De este modo se garantiza que todos los elementos esenciales se incluyan y formulen correctamente.<\/p>\n\n\n\n<h2 class=\"wp-block-heading\" id=\"reconnaissance-de-dette-pret-prive-8\">Nuestra conclusi\u00f3n:<\/h2>\n\n\n\n<p>Los pagar\u00e9s son una poderosa herramienta para <a href=\"https:\/\/www.lica.ch\/es\/credito-privado-2\/obtener-credito-con-procesos-en-suiza\/\" target=\"_blank\" rel=\"noreferrer noopener\">garantizar un pr\u00e9stamo privado <\/a>en Suiza. Ofrece protecci\u00f3n y claridad a ambas partes y puede evitar futuras disputas o desacuerdos. Si est\u00e1 pensando en pedir o prestar dinero, aseg\u00farese siempre de poner por escrito las condiciones del acuerdo mediante un pagar\u00e9. Para facilitar este proceso, solic\u00edtenos ahora el modelo de pagar\u00e9 de <a href=\"https:\/\/www.lica.ch\/es\/\" target=\"_blank\" rel=\"noreferrer noopener\">Lica<\/a>.<\/p>","protected":false},"excerpt":{"rendered":"<p>Lorsque vous pr\u00eatez de l&rsquo;argent \u00e0 quelqu&rsquo;un ou empruntez aupr\u00e8s d&rsquo;un ami ou d&rsquo;un membre de la famille, notamment, vous devez clairement d\u00e9finir et faire reconna\u00eetre les conditions de ce pr\u00eat par les deux parties. C&rsquo;est ici qu&rsquo;intervient la reconnaissance de dette, un outil juridique essentiel en Suisse pour garantir un pr\u00eat priv\u00e9. Dans cet [&hellip;]<\/p>\n","protected":false},"author":8,"featured_media":27731,"comment_status":"closed","ping_status":"closed","sticky":false,"template":"","format":"standard","meta":{"footnotes":""},"categories":[42],"tags":[],"class_list":["post-26240","post","type-post","status-publish","format-standard","has-post-thumbnail","hentry","category-solvabilite"],"_yoast_wpseo_focuskw":"Reconnaissance de dette","_yoast_wpseo_title":"Reconnaissance de dette - Une garantie lors d'un pr\u00eat priv\u00e9","_yoast_wpseo_metadesc":"La reconnaissance de dette offre une excellente garantie dans le cadre d'un pr\u00eat priv\u00e9. T\u00e9l\u00e9charger notre mod\u00e8le selon le droit en Suisse.","yoast_head":"<!-- This site is optimized with the Yoast SEO plugin v27.5 - https:\/\/yoast.com\/product\/yoast-seo-wordpress\/ -->\n<title>Reconnaissance de dette - Une garantie lors d&#039;un pr\u00eat priv\u00e9<\/title>\n<meta name=\"description\" content=\"La reconnaissance de dette offre une excellente garantie dans le cadre d&#039;un pr\u00eat priv\u00e9. T\u00e9l\u00e9charger notre mod\u00e8le selon le droit en Suisse.\" \/>\n<meta name=\"robots\" content=\"index, follow, max-snippet:-1, max-image-preview:large, max-video-preview:-1\" \/>\n<link rel=\"canonical\" href=\"https:\/\/www.lica.ch\/es\/solvencia\/reconocimiento-de-deuda-una-garantia-en-el-contexto-de-un-credito-privado\/\" \/>\n<meta property=\"og:locale\" content=\"es_ES\" \/>\n<meta property=\"og:type\" content=\"article\" \/>\n<meta property=\"og:title\" content=\"Reconnaissance de dette - Une garantie lors d&#039;un pr\u00eat priv\u00e9\" \/>\n<meta property=\"og:description\" content=\"La reconnaissance de dette offre une excellente garantie dans le cadre d&#039;un pr\u00eat priv\u00e9. T\u00e9l\u00e9charger notre mod\u00e8le selon le droit en Suisse.\" \/>\n<meta property=\"og:url\" content=\"https:\/\/www.lica.ch\/es\/solvencia\/reconocimiento-de-deuda-una-garantia-en-el-contexto-de-un-credito-privado\/\" \/>\n<meta property=\"og:site_name\" content=\"Lica cr\u00e9dit priv\u00e9\" \/>\n<meta property=\"article:publisher\" content=\"https:\/\/www.facebook.com\/lica.suisse\/\" \/>\n<meta property=\"article:published_time\" content=\"2025-06-25T09:56:19+00:00\" \/>\n<meta property=\"article:modified_time\" content=\"2025-11-16T10:13:23+00:00\" \/>\n<meta property=\"og:image\" content=\"https:\/\/www.lica.ch\/wp-content\/uploads\/2023\/09\/Reconnaissance-de-dette_IMA.webp\" \/>\n\t<meta property=\"og:image:width\" content=\"1000\" \/>\n\t<meta property=\"og:image:height\" content=\"650\" \/>\n\t<meta property=\"og:image:type\" content=\"image\/webp\" \/>\n<meta name=\"author\" content=\"writer-login\" \/>\n<meta name=\"twitter:card\" content=\"summary_large_image\" \/>\n<script type=\"application\/ld+json\" class=\"yoast-schema-graph\">{\"@context\":\"https:\\\/\\\/schema.org\",\"@graph\":[{\"@type\":\"Article\",\"@id\":\"https:\\\/\\\/www.lica.ch\\\/solvabilite\\\/reconnaissance-de-dette-une-garantie-dans-le-cadre-d-un-pret-prive\\\/#article\",\"isPartOf\":{\"@id\":\"https:\\\/\\\/www.lica.ch\\\/solvabilite\\\/reconnaissance-de-dette-une-garantie-dans-le-cadre-d-un-pret-prive\\\/\"},\"author\":{\"name\":\"writer-login\",\"@id\":\"https:\\\/\\\/www.lica.ch\\\/en\\\/#\\\/schema\\\/person\\\/43f9fd6c0991b2ea4e0ce88a7472a04c\"},\"headline\":\"La reconnaissance de dette en tant que garantie dans le cadre d&rsquo;un pr\u00eat priv\u00e9\",\"datePublished\":\"2025-06-25T09:56:19+00:00\",\"dateModified\":\"2025-11-16T10:13:23+00:00\",\"mainEntityOfPage\":{\"@id\":\"https:\\\/\\\/www.lica.ch\\\/solvabilite\\\/reconnaissance-de-dette-une-garantie-dans-le-cadre-d-un-pret-prive\\\/\"},\"wordCount\":1048,\"publisher\":{\"@id\":\"https:\\\/\\\/www.lica.ch\\\/en\\\/#organization\"},\"image\":{\"@id\":\"https:\\\/\\\/www.lica.ch\\\/solvabilite\\\/reconnaissance-de-dette-une-garantie-dans-le-cadre-d-un-pret-prive\\\/#primaryimage\"},\"thumbnailUrl\":\"https:\\\/\\\/www.lica.ch\\\/wp-content\\\/uploads\\\/2023\\\/09\\\/Reconnaissance-de-dette_IMA.webp\",\"articleSection\":[\"Solvabilit\u00e9\"],\"inLanguage\":\"es\"},{\"@type\":\"WebPage\",\"@id\":\"https:\\\/\\\/www.lica.ch\\\/solvabilite\\\/reconnaissance-de-dette-une-garantie-dans-le-cadre-d-un-pret-prive\\\/\",\"url\":\"https:\\\/\\\/www.lica.ch\\\/solvabilite\\\/reconnaissance-de-dette-une-garantie-dans-le-cadre-d-un-pret-prive\\\/\",\"name\":\"Reconnaissance de dette - Une garantie lors d'un pr\u00eat priv\u00e9\",\"isPartOf\":{\"@id\":\"https:\\\/\\\/www.lica.ch\\\/en\\\/#website\"},\"primaryImageOfPage\":{\"@id\":\"https:\\\/\\\/www.lica.ch\\\/solvabilite\\\/reconnaissance-de-dette-une-garantie-dans-le-cadre-d-un-pret-prive\\\/#primaryimage\"},\"image\":{\"@id\":\"https:\\\/\\\/www.lica.ch\\\/solvabilite\\\/reconnaissance-de-dette-une-garantie-dans-le-cadre-d-un-pret-prive\\\/#primaryimage\"},\"thumbnailUrl\":\"https:\\\/\\\/www.lica.ch\\\/wp-content\\\/uploads\\\/2023\\\/09\\\/Reconnaissance-de-dette_IMA.webp\",\"datePublished\":\"2025-06-25T09:56:19+00:00\",\"dateModified\":\"2025-11-16T10:13:23+00:00\",\"description\":\"La reconnaissance de dette offre une excellente garantie dans le cadre d'un pr\u00eat priv\u00e9. T\u00e9l\u00e9charger notre mod\u00e8le selon le droit en Suisse.\",\"breadcrumb\":{\"@id\":\"https:\\\/\\\/www.lica.ch\\\/solvabilite\\\/reconnaissance-de-dette-une-garantie-dans-le-cadre-d-un-pret-prive\\\/#breadcrumb\"},\"inLanguage\":\"es\",\"potentialAction\":[{\"@type\":\"ReadAction\",\"target\":[\"https:\\\/\\\/www.lica.ch\\\/solvabilite\\\/reconnaissance-de-dette-une-garantie-dans-le-cadre-d-un-pret-prive\\\/\"]}]},{\"@type\":\"ImageObject\",\"inLanguage\":\"es\",\"@id\":\"https:\\\/\\\/www.lica.ch\\\/solvabilite\\\/reconnaissance-de-dette-une-garantie-dans-le-cadre-d-un-pret-prive\\\/#primaryimage\",\"url\":\"https:\\\/\\\/www.lica.ch\\\/wp-content\\\/uploads\\\/2023\\\/09\\\/Reconnaissance-de-dette_IMA.webp\",\"contentUrl\":\"https:\\\/\\\/www.lica.ch\\\/wp-content\\\/uploads\\\/2023\\\/09\\\/Reconnaissance-de-dette_IMA.webp\",\"width\":1000,\"height\":650,\"caption\":\"Reconnaissance de dette\"},{\"@type\":\"BreadcrumbList\",\"@id\":\"https:\\\/\\\/www.lica.ch\\\/solvabilite\\\/reconnaissance-de-dette-une-garantie-dans-le-cadre-d-un-pret-prive\\\/#breadcrumb\",\"itemListElement\":[{\"@type\":\"ListItem\",\"position\":1,\"name\":\"Accueil\",\"item\":\"https:\\\/\\\/www.lica.ch\\\/\"},{\"@type\":\"ListItem\",\"position\":2,\"name\":\"La reconnaissance de dette en tant que garantie dans le cadre d&rsquo;un pr\u00eat priv\u00e9\"}]},{\"@type\":\"WebSite\",\"@id\":\"https:\\\/\\\/www.lica.ch\\\/en\\\/#website\",\"url\":\"https:\\\/\\\/www.lica.ch\\\/en\\\/\",\"name\":\"Lica\",\"description\":\"Cr\u00e9dit priv\u00e9\",\"publisher\":{\"@id\":\"https:\\\/\\\/www.lica.ch\\\/en\\\/#organization\"},\"alternateName\":\"Lica\",\"potentialAction\":[{\"@type\":\"SearchAction\",\"target\":{\"@type\":\"EntryPoint\",\"urlTemplate\":\"https:\\\/\\\/www.lica.ch\\\/en\\\/?s={search_term_string}\"},\"query-input\":{\"@type\":\"PropertyValueSpecification\",\"valueRequired\":true,\"valueName\":\"search_term_string\"}}],\"inLanguage\":\"es\"},{\"@type\":\"Organization\",\"@id\":\"https:\\\/\\\/www.lica.ch\\\/en\\\/#organization\",\"name\":\"Lica\",\"alternateName\":\"Lica\",\"url\":\"https:\\\/\\\/www.lica.ch\\\/en\\\/\",\"logo\":{\"@type\":\"ImageObject\",\"inLanguage\":\"es\",\"@id\":\"https:\\\/\\\/www.lica.ch\\\/en\\\/#\\\/schema\\\/logo\\\/image\\\/\",\"url\":\"https:\\\/\\\/www.lica.ch\\\/wp-content\\\/uploads\\\/2025\\\/10\\\/Logo_Yoast_Jaune_696x696.webp\",\"contentUrl\":\"https:\\\/\\\/www.lica.ch\\\/wp-content\\\/uploads\\\/2025\\\/10\\\/Logo_Yoast_Jaune_696x696.webp\",\"width\":696,\"height\":696,\"caption\":\"Lica\"},\"image\":{\"@id\":\"https:\\\/\\\/www.lica.ch\\\/en\\\/#\\\/schema\\\/logo\\\/image\\\/\"},\"sameAs\":[\"https:\\\/\\\/www.facebook.com\\\/lica.suisse\\\/\",\"https:\\\/\\\/ch.linkedin.com\\\/company\\\/lica-cr\u00e9dit\",\"https:\\\/\\\/www.tiktok.com\\\/@lica.ch\",\"https:\\\/\\\/www.instagram.com\\\/licacredit\\\/\"]},{\"@type\":\"Person\",\"@id\":\"https:\\\/\\\/www.lica.ch\\\/en\\\/#\\\/schema\\\/person\\\/43f9fd6c0991b2ea4e0ce88a7472a04c\",\"name\":\"writer-login\",\"image\":{\"@type\":\"ImageObject\",\"inLanguage\":\"es\",\"@id\":\"https:\\\/\\\/secure.gravatar.com\\\/avatar\\\/d4854fc4223da2b976f9705ce04407a3e99c4bf956d6190ffef0815d95f87bef?s=96&d=mm&r=g\",\"url\":\"https:\\\/\\\/secure.gravatar.com\\\/avatar\\\/d4854fc4223da2b976f9705ce04407a3e99c4bf956d6190ffef0815d95f87bef?s=96&d=mm&r=g\",\"contentUrl\":\"https:\\\/\\\/secure.gravatar.com\\\/avatar\\\/d4854fc4223da2b976f9705ce04407a3e99c4bf956d6190ffef0815d95f87bef?s=96&d=mm&r=g\",\"caption\":\"writer-login\"}}]}<\/script>\n<!-- \/ Yoast SEO plugin. -->","yoast_head_json":{"title":"Reconocimiento de deuda \u2013 Una garant\u00eda en un pr\u00e9stamo privado","description":"El reconocimiento de deuda es una excelente garant\u00eda en un pr\u00e9stamo privado. Descarga nuestro modelo conforme al derecho suizo.","robots":{"index":"index","follow":"follow","max-snippet":"max-snippet:-1","max-image-preview":"max-image-preview:large","max-video-preview":"max-video-preview:-1"},"canonical":"https:\/\/www.lica.ch\/es\/solvencia\/reconocimiento-de-deuda-una-garantia-en-el-contexto-de-un-credito-privado\/","og_locale":"es_ES","og_type":"article","og_title":"Reconnaissance de dette - Une garantie lors d'un pr\u00eat priv\u00e9","og_description":"La reconnaissance de dette offre une excellente garantie dans le cadre d'un pr\u00eat priv\u00e9. T\u00e9l\u00e9charger notre mod\u00e8le selon le droit en Suisse.","og_url":"https:\/\/www.lica.ch\/es\/solvencia\/reconocimiento-de-deuda-una-garantia-en-el-contexto-de-un-credito-privado\/","og_site_name":"Lica cr\u00e9dit priv\u00e9","article_publisher":"https:\/\/www.facebook.com\/lica.suisse\/","article_published_time":"2025-06-25T09:56:19+00:00","article_modified_time":"2025-11-16T10:13:23+00:00","og_image":[{"width":1000,"height":650,"url":"https:\/\/www.lica.ch\/wp-content\/uploads\/2023\/09\/Reconnaissance-de-dette_IMA.webp","type":"image\/webp"}],"author":"writer-login","twitter_card":"summary_large_image","schema":{"@context":"https:\/\/schema.org","@graph":[{"@type":"Article","@id":"https:\/\/www.lica.ch\/solvabilite\/reconnaissance-de-dette-une-garantie-dans-le-cadre-d-un-pret-prive\/#article","isPartOf":{"@id":"https:\/\/www.lica.ch\/solvabilite\/reconnaissance-de-dette-une-garantie-dans-le-cadre-d-un-pret-prive\/"},"author":{"name":"writer-login","@id":"https:\/\/www.lica.ch\/en\/#\/schema\/person\/43f9fd6c0991b2ea4e0ce88a7472a04c"},"headline":"La reconnaissance de dette en tant que garantie dans le cadre d&rsquo;un pr\u00eat priv\u00e9","datePublished":"2025-06-25T09:56:19+00:00","dateModified":"2025-11-16T10:13:23+00:00","mainEntityOfPage":{"@id":"https:\/\/www.lica.ch\/solvabilite\/reconnaissance-de-dette-une-garantie-dans-le-cadre-d-un-pret-prive\/"},"wordCount":1048,"publisher":{"@id":"https:\/\/www.lica.ch\/en\/#organization"},"image":{"@id":"https:\/\/www.lica.ch\/solvabilite\/reconnaissance-de-dette-une-garantie-dans-le-cadre-d-un-pret-prive\/#primaryimage"},"thumbnailUrl":"https:\/\/www.lica.ch\/wp-content\/uploads\/2023\/09\/Reconnaissance-de-dette_IMA.webp","articleSection":["Solvabilit\u00e9"],"inLanguage":"es"},{"@type":"WebPage","@id":"https:\/\/www.lica.ch\/solvabilite\/reconnaissance-de-dette-une-garantie-dans-le-cadre-d-un-pret-prive\/","url":"https:\/\/www.lica.ch\/solvabilite\/reconnaissance-de-dette-une-garantie-dans-le-cadre-d-un-pret-prive\/","name":"Reconocimiento de deuda \u2013 Una garant\u00eda en un pr\u00e9stamo privado","isPartOf":{"@id":"https:\/\/www.lica.ch\/en\/#website"},"primaryImageOfPage":{"@id":"https:\/\/www.lica.ch\/solvabilite\/reconnaissance-de-dette-une-garantie-dans-le-cadre-d-un-pret-prive\/#primaryimage"},"image":{"@id":"https:\/\/www.lica.ch\/solvabilite\/reconnaissance-de-dette-une-garantie-dans-le-cadre-d-un-pret-prive\/#primaryimage"},"thumbnailUrl":"https:\/\/www.lica.ch\/wp-content\/uploads\/2023\/09\/Reconnaissance-de-dette_IMA.webp","datePublished":"2025-06-25T09:56:19+00:00","dateModified":"2025-11-16T10:13:23+00:00","description":"El reconocimiento de deuda es una excelente garant\u00eda en un pr\u00e9stamo privado. Descarga nuestro modelo conforme al derecho suizo.","breadcrumb":{"@id":"https:\/\/www.lica.ch\/solvabilite\/reconnaissance-de-dette-une-garantie-dans-le-cadre-d-un-pret-prive\/#breadcrumb"},"inLanguage":"es","potentialAction":[{"@type":"ReadAction","target":["https:\/\/www.lica.ch\/solvabilite\/reconnaissance-de-dette-une-garantie-dans-le-cadre-d-un-pret-prive\/"]}]},{"@type":"ImageObject","inLanguage":"es","@id":"https:\/\/www.lica.ch\/solvabilite\/reconnaissance-de-dette-une-garantie-dans-le-cadre-d-un-pret-prive\/#primaryimage","url":"https:\/\/www.lica.ch\/wp-content\/uploads\/2023\/09\/Reconnaissance-de-dette_IMA.webp","contentUrl":"https:\/\/www.lica.ch\/wp-content\/uploads\/2023\/09\/Reconnaissance-de-dette_IMA.webp","width":1000,"height":650,"caption":"Reconnaissance de dette"},{"@type":"BreadcrumbList","@id":"https:\/\/www.lica.ch\/solvabilite\/reconnaissance-de-dette-une-garantie-dans-le-cadre-d-un-pret-prive\/#breadcrumb","itemListElement":[{"@type":"ListItem","position":1,"name":"Accueil","item":"https:\/\/www.lica.ch\/"},{"@type":"ListItem","position":2,"name":"La reconnaissance de dette en tant que garantie dans le cadre d&rsquo;un pr\u00eat priv\u00e9"}]},{"@type":"WebSite","@id":"https:\/\/www.lica.ch\/en\/#website","url":"https:\/\/www.lica.ch\/en\/","name":"Lica","description":"Cr\u00e9dito privado","publisher":{"@id":"https:\/\/www.lica.ch\/en\/#organization"},"alternateName":"Lica","potentialAction":[{"@type":"SearchAction","target":{"@type":"EntryPoint","urlTemplate":"https:\/\/www.lica.ch\/en\/?s={search_term_string}"},"query-input":{"@type":"PropertyValueSpecification","valueRequired":true,"valueName":"search_term_string"}}],"inLanguage":"es"},{"@type":"Organization","@id":"https:\/\/www.lica.ch\/en\/#organization","name":"Lica","alternateName":"Lica","url":"https:\/\/www.lica.ch\/en\/","logo":{"@type":"ImageObject","inLanguage":"es","@id":"https:\/\/www.lica.ch\/en\/#\/schema\/logo\/image\/","url":"https:\/\/www.lica.ch\/wp-content\/uploads\/2025\/10\/Logo_Yoast_Jaune_696x696.webp","contentUrl":"https:\/\/www.lica.ch\/wp-content\/uploads\/2025\/10\/Logo_Yoast_Jaune_696x696.webp","width":696,"height":696,"caption":"Lica"},"image":{"@id":"https:\/\/www.lica.ch\/en\/#\/schema\/logo\/image\/"},"sameAs":["https:\/\/www.facebook.com\/lica.suisse\/","https:\/\/ch.linkedin.com\/company\/lica-cr\u00e9dit","https:\/\/www.tiktok.com\/@lica.ch","https:\/\/www.instagram.com\/licacredit\/"]},{"@type":"Person","@id":"https:\/\/www.lica.ch\/en\/#\/schema\/person\/43f9fd6c0991b2ea4e0ce88a7472a04c","name":"escritor-login","image":{"@type":"ImageObject","inLanguage":"es","@id":"https:\/\/secure.gravatar.com\/avatar\/d4854fc4223da2b976f9705ce04407a3e99c4bf956d6190ffef0815d95f87bef?s=96&d=mm&r=g","url":"https:\/\/secure.gravatar.com\/avatar\/d4854fc4223da2b976f9705ce04407a3e99c4bf956d6190ffef0815d95f87bef?s=96&d=mm&r=g","contentUrl":"https:\/\/secure.gravatar.com\/avatar\/d4854fc4223da2b976f9705ce04407a3e99c4bf956d6190ffef0815d95f87bef?s=96&d=mm&r=g","caption":"writer-login"}}]}},"_links":{"self":[{"href":"https:\/\/www.lica.ch\/es\/wp-json\/wp\/v2\/posts\/26240","targetHints":{"allow":["GET"]}}],"collection":[{"href":"https:\/\/www.lica.ch\/es\/wp-json\/wp\/v2\/posts"}],"about":[{"href":"https:\/\/www.lica.ch\/es\/wp-json\/wp\/v2\/types\/post"}],"author":[{"embeddable":true,"href":"https:\/\/www.lica.ch\/es\/wp-json\/wp\/v2\/users\/8"}],"replies":[{"embeddable":true,"href":"https:\/\/www.lica.ch\/es\/wp-json\/wp\/v2\/comments?post=26240"}],"version-history":[{"count":0,"href":"https:\/\/www.lica.ch\/es\/wp-json\/wp\/v2\/posts\/26240\/revisions"}],"wp:featuredmedia":[{"embeddable":true,"href":"https:\/\/www.lica.ch\/es\/wp-json\/wp\/v2\/media\/27731"}],"wp:attachment":[{"href":"https:\/\/www.lica.ch\/es\/wp-json\/wp\/v2\/media?parent=26240"}],"wp:term":[{"taxonomy":"category","embeddable":true,"href":"https:\/\/www.lica.ch\/es\/wp-json\/wp\/v2\/categories?post=26240"},{"taxonomy":"post_tag","embeddable":true,"href":"https:\/\/www.lica.ch\/es\/wp-json\/wp\/v2\/tags?post=26240"}],"curies":[{"name":"wp","href":"https:\/\/api.w.org\/{rel}","templated":true}]}}