{"id":5763,"date":"2024-08-30T00:05:00","date_gmt":"2024-08-29T22:05:00","guid":{"rendered":"https:\/\/test.lica.ch\/?p=5763"},"modified":"2026-03-09T15:17:31","modified_gmt":"2026-03-09T14:17:31","slug":"como-funciona-el-seguro-complementario-desempleo","status":"publish","type":"post","link":"https:\/\/www.lica.ch\/es\/assurance-chomage\/comment-fonctionne-l-assurance-complementaire-chomage\/","title":{"rendered":"El seguro complementario de desempleo"},"content":{"rendered":"<p id=\"viewer-es8n1\">El desempleo es una situaci\u00f3n que puede ocurrirle a cualquiera en cualquier momento de su vida laboral. De hecho, nadie puede controlar <a class=\"lien-blog\" href=\"https:\/\/www.seco.admin.ch\/seco\/fr\/home\/Arbeit\/Arbeitslosenversicherung\/arbeitslosenzahlen.html\" target=\"_blank\" rel=\"noreferrer noopener\">las circunstancias en las que pueden perder su empleo <\/a>o no poder ganar lo suficiente para alimentar a su familia. Nuestro seguro de desempleo complementario est\u00e1 dise\u00f1ado para protegerle en caso de p\u00e9rdida del empleo. Le permite mantener a flote su situaci\u00f3n financiera pase lo que pase. Se lo explicamos todo en este nuevo art\u00edculo.<\/p>\n\n\n\n<h2 class=\"wp-block-heading\" id=\"viewer-esk4a\">Riesgos cubiertos por el seguro de desempleo complementario <\/h2>\n\n\n\n<p id=\"viewer-9f533\">Cuando se queda en paro, sus ingresos disminuyen entre un 20 y un 30%.  Esto le dificulta hacer frente a sus obligaciones familiares. En particular, para pagar el funcionamiento cotidiano de su hogar. Estas dificultades pueden agravarse a\u00fan m\u00e1s si tiene hijos a su cargo. O si su c\u00f3nyuge est\u00e1 en paro.<\/p>\n\n\n\n<p id=\"viewer-8g6ok\">Por eso es esencial garantizar que, pase lo que pase en tu trabajo, seguir\u00e1s <a class=\"lien-blog\" href=\"https:\/\/www.lica.ch\/es\/seguro-complementario-desempleo\/\" target=\"_blank\" rel=\"noreferrer noopener\">ganar suficiente dinero para mantener a su familia<\/a>. Aqu\u00ed es donde el seguro de desempleo complementario puede marcar la diferencia en su situaci\u00f3n. Cubre el riesgo de p\u00e9rdida de salario, hasta el importe que podr\u00eda dejar de percibir en caso de desempleo real.<\/p>\n\n\n\n<h3 class=\"wp-block-heading\">\u270c \u00bfQu\u00e9 protecci\u00f3n ofrece el seguro de desempleo complementario?<\/h3>\n\n\n\n<p>Con el seguro de desempleo complementario, se beneficiar\u00e1 de una amplia cobertura en diversas situaciones. Estas son las prestaciones que cubre nuestra soluci\u00f3n:<\/p>\n\n\n\n<ul class=\"wp-block-list\">\n<li>Compensaci\u00f3n de la prestaci\u00f3n de desempleo<\/li>\n\n\n\n<li>Continuaci\u00f3n salarial en caso de enfermedad <\/li>\n\n\n\n<li>Complemento salarial en caso de accidente <\/li>\n<\/ul>\n\n\n\n<p>Sea cual sea la situaci\u00f3n, tiene garantizado 100% de su salario pase lo que pase. Por una prima a partir de CHF 32,50 al mes, obtendr\u00e1 la tranquilidad de saber que puede hacer frente a cualquier situaci\u00f3n.<\/p>\n\n\n\n<h2 class=\"wp-block-heading\" id=\"viewer-926at\">Funcionamiento del seguro de desempleo complementario<\/h2>\n\n\n\n<p id=\"viewer-235v6\">Debe saber que el seguro de desempleo suizo s\u00f3lo le abonar\u00e1 70% de su salario en caso de desempleo. Y 80% si tiene hijos a su cargo. En ese caso, se basar\u00e1 en <a class=\"lien-blog\" href=\"https:\/\/www.guidechomage.ch\/articles\/index\/montant-des-indemnites-de-chomage\" target=\"_blank\" rel=\"noreferrer noopener\">su salario medio en los \u00faltimos 6 meses<\/a>. Por tanto, el seguro de desempleo complementario cubrir\u00e1 la p\u00e9rdida de ingresos resultante de esta reducci\u00f3n de sus ingresos.<\/p>\n\n\n\n<p id=\"viewer-9obm6\">Huelga decir que la cobertura ofrecida depender\u00e1 de la cuant\u00eda que desee asegurar en el marco del seguro de desempleo, pero la indemnizaci\u00f3n puede alcanzar los 1.200 euros al mes. Este seguro es tanto m\u00e1s atractivo cuanto que\u2019<a class=\"lien-blog\" href=\"https:\/\/www.lica.ch\/es\/seguro-complementario-desempleo\/\" target=\"_blank\" rel=\"noreferrer noopener\">es muy sencillo suscribirse directamente en l\u00ednea<\/a>. La duraci\u00f3n del compromiso tambi\u00e9n pretende ser libre. Esto le da derecho a rescindir el contrato en cualquier momento. No obstante, debe poder demostrar que ha trabajado de forma ininterrumpida durante los 12 meses anteriores a su solicitud. Tambi\u00e9n debe trabajar un m\u00ednimo de 30 horas semanales. <\/p>\n\n\n\n<h2 class=\"wp-block-heading\">\u00bfPor qu\u00e9 contratar hoy un seguro de desempleo complementario?<\/h2>\n\n\n\n<p>La p\u00e9rdida del empleo nunca se puede evitar, as\u00ed que es mejor actuar antes de que ocurra. Contratar un seguro de desempleo complementario es, ante todo, un signo de previsi\u00f3n y buen sentido financiero. Esta cobertura le protege contra los imprevistos al tiempo que le permite mantener su nivel de vida y el de su familia.<\/p>\n\n\n\n<p>Con Lica, se beneficiar\u00e1 de una asistencia completa, un procedimiento 100% en l\u00ednea y, sobre todo, un servicio transparente:<\/p>\n\n\n\n<p>\u2705 sin procedimientos administrativos complejos<br>\u2705 una prima clara y sin sorpresas<br>\u2705 una oferta flexible, adaptada a su situaci\u00f3n profesional<\/p>\n\n\n\n<p>Nuestro objetivo es sencillo: darle tranquilidad, incluso cuando las cosas se ponen dif\u00edciles.<\/p>\n\n\n\n<p>El seguro de desempleo complementario es una soluci\u00f3n accesible e indispensable para garantizar sus ingresos en caso de p\u00e9rdida del empleo, enfermedad o accidente. Gracias a Lica, puede contratar este seguro r\u00e1pidamente, sin compromiso y a una tarifa competitiva a partir de CHF 23,85 al mes.<\/p>\n\n\n\n<p><strong>\ud83d\udc49 No dejes tu futuro financiero al azar.<\/strong><\/p>\n\n\n\n<p>Prot\u00e9jase ahora solicit\u00e1ndolo en l\u00ednea y reciba su presupuesto personalizado en menos de dos minutos.<\/p>","protected":false},"excerpt":{"rendered":"<p>Le ch\u00f4mage constitue une situation qui peut arriver \u00e0 tout le monde et ce, \u00e0 un moment ou \u00e0 un autre de sa vie professionnelle. En effet, personne ne maitrise les circonstances dans lesquelles il peut perdre son travail ou \u00eatre dans l\u2019incapacit\u00e9 de gagner son pain pour nourrir sa famille. C\u2019est donc en vue [&hellip;]<\/p>\n","protected":false},"author":8,"featured_media":27829,"comment_status":"closed","ping_status":"closed","sticky":false,"template":"","format":"standard","meta":{"footnotes":""},"categories":[39],"tags":[],"class_list":["post-5763","post","type-post","status-publish","format-standard","has-post-thumbnail","hentry","category-assurance-chomage"],"_yoast_wpseo_focuskw":"Assurance compl\u00e9mentaire ch\u00f4mage","_yoast_wpseo_title":"L'assurance compl\u00e9mentaire ch\u00f4mage pour prot\u00e9ger vos revenus !","_yoast_wpseo_metadesc":"L'assurance compl\u00e9mentaire ch\u00f4mage est une couverture avec laquelle vous conservez vos revenus en cas de ch\u00f4mage, de maladie et d'accident.","yoast_head":"<!-- This site is optimized with the Yoast SEO plugin v27.5 - https:\/\/yoast.com\/product\/yoast-seo-wordpress\/ -->\n<title>L&#039;assurance compl\u00e9mentaire ch\u00f4mage pour prot\u00e9ger vos revenus !<\/title>\n<meta name=\"description\" content=\"L&#039;assurance compl\u00e9mentaire ch\u00f4mage est une couverture avec laquelle vous conservez vos revenus en cas de ch\u00f4mage, de maladie et d&#039;accident.\" \/>\n<meta name=\"robots\" content=\"index, follow, max-snippet:-1, max-image-preview:large, max-video-preview:-1\" \/>\n<link rel=\"canonical\" href=\"https:\/\/www.lica.ch\/es\/seguro-desempleo\/como-funciona-el-seguro-complementario-desempleo\/\" \/>\n<meta property=\"og:locale\" content=\"es_ES\" \/>\n<meta property=\"og:type\" content=\"article\" \/>\n<meta property=\"og:title\" content=\"L&#039;assurance compl\u00e9mentaire ch\u00f4mage pour prot\u00e9ger vos revenus !\" \/>\n<meta property=\"og:description\" content=\"L&#039;assurance compl\u00e9mentaire ch\u00f4mage est une couverture avec laquelle vous conservez vos revenus en cas de ch\u00f4mage, de maladie et d&#039;accident.\" \/>\n<meta property=\"og:url\" content=\"https:\/\/www.lica.ch\/es\/seguro-desempleo\/como-funciona-el-seguro-complementario-desempleo\/\" \/>\n<meta property=\"og:site_name\" content=\"Lica cr\u00e9dit priv\u00e9\" \/>\n<meta property=\"article:publisher\" content=\"https:\/\/www.facebook.com\/lica.suisse\/\" \/>\n<meta property=\"article:published_time\" content=\"2024-08-29T22:05:00+00:00\" \/>\n<meta property=\"article:modified_time\" content=\"2026-03-09T14:17:31+00:00\" \/>\n<meta property=\"og:image\" content=\"https:\/\/www.lica.ch\/wp-content\/uploads\/2022\/10\/Assurance-complementaire-chomage_IMA.webp\" \/>\n\t<meta property=\"og:image:width\" content=\"1000\" \/>\n\t<meta property=\"og:image:height\" content=\"650\" \/>\n\t<meta property=\"og:image:type\" content=\"image\/webp\" \/>\n<meta name=\"author\" content=\"writer-login\" \/>\n<meta name=\"twitter:card\" content=\"summary_large_image\" \/>\n<script type=\"application\/ld+json\" class=\"yoast-schema-graph\">{\"@context\":\"https:\\\/\\\/schema.org\",\"@graph\":[{\"@type\":\"Article\",\"@id\":\"https:\\\/\\\/www.lica.ch\\\/assurance-chomage\\\/comment-fonctionne-l-assurance-complementaire-chomage\\\/#article\",\"isPartOf\":{\"@id\":\"https:\\\/\\\/www.lica.ch\\\/assurance-chomage\\\/comment-fonctionne-l-assurance-complementaire-chomage\\\/\"},\"author\":{\"name\":\"writer-login\",\"@id\":\"https:\\\/\\\/www.lica.ch\\\/en\\\/#\\\/schema\\\/person\\\/43f9fd6c0991b2ea4e0ce88a7472a04c\"},\"headline\":\"L&rsquo;assurance compl\u00e9mentaire ch\u00f4mage\",\"datePublished\":\"2024-08-29T22:05:00+00:00\",\"dateModified\":\"2026-03-09T14:17:31+00:00\",\"mainEntityOfPage\":{\"@id\":\"https:\\\/\\\/www.lica.ch\\\/assurance-chomage\\\/comment-fonctionne-l-assurance-complementaire-chomage\\\/\"},\"wordCount\":755,\"publisher\":{\"@id\":\"https:\\\/\\\/www.lica.ch\\\/en\\\/#organization\"},\"image\":{\"@id\":\"https:\\\/\\\/www.lica.ch\\\/assurance-chomage\\\/comment-fonctionne-l-assurance-complementaire-chomage\\\/#primaryimage\"},\"thumbnailUrl\":\"https:\\\/\\\/www.lica.ch\\\/wp-content\\\/uploads\\\/2022\\\/10\\\/Assurance-complementaire-chomage_IMA.webp\",\"articleSection\":[\"Assurance ch\u00f4mage\"],\"inLanguage\":\"es\"},{\"@type\":\"WebPage\",\"@id\":\"https:\\\/\\\/www.lica.ch\\\/assurance-chomage\\\/comment-fonctionne-l-assurance-complementaire-chomage\\\/\",\"url\":\"https:\\\/\\\/www.lica.ch\\\/assurance-chomage\\\/comment-fonctionne-l-assurance-complementaire-chomage\\\/\",\"name\":\"L'assurance compl\u00e9mentaire ch\u00f4mage pour prot\u00e9ger vos revenus !\",\"isPartOf\":{\"@id\":\"https:\\\/\\\/www.lica.ch\\\/en\\\/#website\"},\"primaryImageOfPage\":{\"@id\":\"https:\\\/\\\/www.lica.ch\\\/assurance-chomage\\\/comment-fonctionne-l-assurance-complementaire-chomage\\\/#primaryimage\"},\"image\":{\"@id\":\"https:\\\/\\\/www.lica.ch\\\/assurance-chomage\\\/comment-fonctionne-l-assurance-complementaire-chomage\\\/#primaryimage\"},\"thumbnailUrl\":\"https:\\\/\\\/www.lica.ch\\\/wp-content\\\/uploads\\\/2022\\\/10\\\/Assurance-complementaire-chomage_IMA.webp\",\"datePublished\":\"2024-08-29T22:05:00+00:00\",\"dateModified\":\"2026-03-09T14:17:31+00:00\",\"description\":\"L'assurance compl\u00e9mentaire ch\u00f4mage est une couverture avec laquelle vous conservez vos revenus en cas de ch\u00f4mage, de maladie et d'accident.\",\"breadcrumb\":{\"@id\":\"https:\\\/\\\/www.lica.ch\\\/assurance-chomage\\\/comment-fonctionne-l-assurance-complementaire-chomage\\\/#breadcrumb\"},\"inLanguage\":\"es\",\"potentialAction\":[{\"@type\":\"ReadAction\",\"target\":[\"https:\\\/\\\/www.lica.ch\\\/assurance-chomage\\\/comment-fonctionne-l-assurance-complementaire-chomage\\\/\"]}]},{\"@type\":\"ImageObject\",\"inLanguage\":\"es\",\"@id\":\"https:\\\/\\\/www.lica.ch\\\/assurance-chomage\\\/comment-fonctionne-l-assurance-complementaire-chomage\\\/#primaryimage\",\"url\":\"https:\\\/\\\/www.lica.ch\\\/wp-content\\\/uploads\\\/2022\\\/10\\\/Assurance-complementaire-chomage_IMA.webp\",\"contentUrl\":\"https:\\\/\\\/www.lica.ch\\\/wp-content\\\/uploads\\\/2022\\\/10\\\/Assurance-complementaire-chomage_IMA.webp\",\"width\":1000,\"height\":650,\"caption\":\"Assurance compl\u00e9mentaire ch\u00f4mage\"},{\"@type\":\"BreadcrumbList\",\"@id\":\"https:\\\/\\\/www.lica.ch\\\/assurance-chomage\\\/comment-fonctionne-l-assurance-complementaire-chomage\\\/#breadcrumb\",\"itemListElement\":[{\"@type\":\"ListItem\",\"position\":1,\"name\":\"Accueil\",\"item\":\"https:\\\/\\\/www.lica.ch\\\/\"},{\"@type\":\"ListItem\",\"position\":2,\"name\":\"L&rsquo;assurance compl\u00e9mentaire ch\u00f4mage\"}]},{\"@type\":\"WebSite\",\"@id\":\"https:\\\/\\\/www.lica.ch\\\/en\\\/#website\",\"url\":\"https:\\\/\\\/www.lica.ch\\\/en\\\/\",\"name\":\"Lica\",\"description\":\"Cr\u00e9dit priv\u00e9\",\"publisher\":{\"@id\":\"https:\\\/\\\/www.lica.ch\\\/en\\\/#organization\"},\"alternateName\":\"Lica\",\"potentialAction\":[{\"@type\":\"SearchAction\",\"target\":{\"@type\":\"EntryPoint\",\"urlTemplate\":\"https:\\\/\\\/www.lica.ch\\\/en\\\/?s={search_term_string}\"},\"query-input\":{\"@type\":\"PropertyValueSpecification\",\"valueRequired\":true,\"valueName\":\"search_term_string\"}}],\"inLanguage\":\"es\"},{\"@type\":\"Organization\",\"@id\":\"https:\\\/\\\/www.lica.ch\\\/en\\\/#organization\",\"name\":\"Lica\",\"alternateName\":\"Lica\",\"url\":\"https:\\\/\\\/www.lica.ch\\\/en\\\/\",\"logo\":{\"@type\":\"ImageObject\",\"inLanguage\":\"es\",\"@id\":\"https:\\\/\\\/www.lica.ch\\\/en\\\/#\\\/schema\\\/logo\\\/image\\\/\",\"url\":\"https:\\\/\\\/www.lica.ch\\\/wp-content\\\/uploads\\\/2025\\\/10\\\/Logo_Yoast_Jaune_696x696.webp\",\"contentUrl\":\"https:\\\/\\\/www.lica.ch\\\/wp-content\\\/uploads\\\/2025\\\/10\\\/Logo_Yoast_Jaune_696x696.webp\",\"width\":696,\"height\":696,\"caption\":\"Lica\"},\"image\":{\"@id\":\"https:\\\/\\\/www.lica.ch\\\/en\\\/#\\\/schema\\\/logo\\\/image\\\/\"},\"sameAs\":[\"https:\\\/\\\/www.facebook.com\\\/lica.suisse\\\/\",\"https:\\\/\\\/ch.linkedin.com\\\/company\\\/lica-cr\u00e9dit\",\"https:\\\/\\\/www.tiktok.com\\\/@lica.ch\",\"https:\\\/\\\/www.instagram.com\\\/licacredit\\\/\"]},{\"@type\":\"Person\",\"@id\":\"https:\\\/\\\/www.lica.ch\\\/en\\\/#\\\/schema\\\/person\\\/43f9fd6c0991b2ea4e0ce88a7472a04c\",\"name\":\"writer-login\",\"image\":{\"@type\":\"ImageObject\",\"inLanguage\":\"es\",\"@id\":\"https:\\\/\\\/secure.gravatar.com\\\/avatar\\\/d4854fc4223da2b976f9705ce04407a3e99c4bf956d6190ffef0815d95f87bef?s=96&d=mm&r=g\",\"url\":\"https:\\\/\\\/secure.gravatar.com\\\/avatar\\\/d4854fc4223da2b976f9705ce04407a3e99c4bf956d6190ffef0815d95f87bef?s=96&d=mm&r=g\",\"contentUrl\":\"https:\\\/\\\/secure.gravatar.com\\\/avatar\\\/d4854fc4223da2b976f9705ce04407a3e99c4bf956d6190ffef0815d95f87bef?s=96&d=mm&r=g\",\"caption\":\"writer-login\"}}]}<\/script>\n<!-- \/ Yoast SEO plugin. -->","yoast_head_json":{"title":"\u00a1El seguro complementario de desempleo para prot\u00e9ger tus ingresos!","description":"El seguro complementario de desempleo protege tus ingresos en caso de paro, enfermedad o accidente.","robots":{"index":"index","follow":"follow","max-snippet":"max-snippet:-1","max-image-preview":"max-image-preview:large","max-video-preview":"max-video-preview:-1"},"canonical":"https:\/\/www.lica.ch\/es\/seguro-desempleo\/como-funciona-el-seguro-complementario-desempleo\/","og_locale":"es_ES","og_type":"article","og_title":"L'assurance compl\u00e9mentaire ch\u00f4mage pour prot\u00e9ger vos revenus !","og_description":"L'assurance compl\u00e9mentaire ch\u00f4mage est une couverture avec laquelle vous conservez vos revenus en cas de ch\u00f4mage, de maladie et d'accident.","og_url":"https:\/\/www.lica.ch\/es\/seguro-desempleo\/como-funciona-el-seguro-complementario-desempleo\/","og_site_name":"Lica cr\u00e9dit priv\u00e9","article_publisher":"https:\/\/www.facebook.com\/lica.suisse\/","article_published_time":"2024-08-29T22:05:00+00:00","article_modified_time":"2026-03-09T14:17:31+00:00","og_image":[{"width":1000,"height":650,"url":"https:\/\/www.lica.ch\/wp-content\/uploads\/2022\/10\/Assurance-complementaire-chomage_IMA.webp","type":"image\/webp"}],"author":"writer-login","twitter_card":"summary_large_image","schema":{"@context":"https:\/\/schema.org","@graph":[{"@type":"Article","@id":"https:\/\/www.lica.ch\/assurance-chomage\/comment-fonctionne-l-assurance-complementaire-chomage\/#article","isPartOf":{"@id":"https:\/\/www.lica.ch\/assurance-chomage\/comment-fonctionne-l-assurance-complementaire-chomage\/"},"author":{"name":"writer-login","@id":"https:\/\/www.lica.ch\/en\/#\/schema\/person\/43f9fd6c0991b2ea4e0ce88a7472a04c"},"headline":"L&rsquo;assurance compl\u00e9mentaire ch\u00f4mage","datePublished":"2024-08-29T22:05:00+00:00","dateModified":"2026-03-09T14:17:31+00:00","mainEntityOfPage":{"@id":"https:\/\/www.lica.ch\/assurance-chomage\/comment-fonctionne-l-assurance-complementaire-chomage\/"},"wordCount":755,"publisher":{"@id":"https:\/\/www.lica.ch\/en\/#organization"},"image":{"@id":"https:\/\/www.lica.ch\/assurance-chomage\/comment-fonctionne-l-assurance-complementaire-chomage\/#primaryimage"},"thumbnailUrl":"https:\/\/www.lica.ch\/wp-content\/uploads\/2022\/10\/Assurance-complementaire-chomage_IMA.webp","articleSection":["Assurance ch\u00f4mage"],"inLanguage":"es"},{"@type":"WebPage","@id":"https:\/\/www.lica.ch\/assurance-chomage\/comment-fonctionne-l-assurance-complementaire-chomage\/","url":"https:\/\/www.lica.ch\/assurance-chomage\/comment-fonctionne-l-assurance-complementaire-chomage\/","name":"\u00a1El seguro complementario de desempleo para prot\u00e9ger tus ingresos!","isPartOf":{"@id":"https:\/\/www.lica.ch\/en\/#website"},"primaryImageOfPage":{"@id":"https:\/\/www.lica.ch\/assurance-chomage\/comment-fonctionne-l-assurance-complementaire-chomage\/#primaryimage"},"image":{"@id":"https:\/\/www.lica.ch\/assurance-chomage\/comment-fonctionne-l-assurance-complementaire-chomage\/#primaryimage"},"thumbnailUrl":"https:\/\/www.lica.ch\/wp-content\/uploads\/2022\/10\/Assurance-complementaire-chomage_IMA.webp","datePublished":"2024-08-29T22:05:00+00:00","dateModified":"2026-03-09T14:17:31+00:00","description":"El seguro complementario de desempleo protege tus ingresos en caso de paro, enfermedad o accidente.","breadcrumb":{"@id":"https:\/\/www.lica.ch\/assurance-chomage\/comment-fonctionne-l-assurance-complementaire-chomage\/#breadcrumb"},"inLanguage":"es","potentialAction":[{"@type":"ReadAction","target":["https:\/\/www.lica.ch\/assurance-chomage\/comment-fonctionne-l-assurance-complementaire-chomage\/"]}]},{"@type":"ImageObject","inLanguage":"es","@id":"https:\/\/www.lica.ch\/assurance-chomage\/comment-fonctionne-l-assurance-complementaire-chomage\/#primaryimage","url":"https:\/\/www.lica.ch\/wp-content\/uploads\/2022\/10\/Assurance-complementaire-chomage_IMA.webp","contentUrl":"https:\/\/www.lica.ch\/wp-content\/uploads\/2022\/10\/Assurance-complementaire-chomage_IMA.webp","width":1000,"height":650,"caption":"Assurance compl\u00e9mentaire ch\u00f4mage"},{"@type":"BreadcrumbList","@id":"https:\/\/www.lica.ch\/assurance-chomage\/comment-fonctionne-l-assurance-complementaire-chomage\/#breadcrumb","itemListElement":[{"@type":"ListItem","position":1,"name":"Accueil","item":"https:\/\/www.lica.ch\/"},{"@type":"ListItem","position":2,"name":"L&rsquo;assurance compl\u00e9mentaire ch\u00f4mage"}]},{"@type":"WebSite","@id":"https:\/\/www.lica.ch\/en\/#website","url":"https:\/\/www.lica.ch\/en\/","name":"Lica","description":"Cr\u00e9dito privado","publisher":{"@id":"https:\/\/www.lica.ch\/en\/#organization"},"alternateName":"Lica","potentialAction":[{"@type":"SearchAction","target":{"@type":"EntryPoint","urlTemplate":"https:\/\/www.lica.ch\/en\/?s={search_term_string}"},"query-input":{"@type":"PropertyValueSpecification","valueRequired":true,"valueName":"search_term_string"}}],"inLanguage":"es"},{"@type":"Organization","@id":"https:\/\/www.lica.ch\/en\/#organization","name":"Lica","alternateName":"Lica","url":"https:\/\/www.lica.ch\/en\/","logo":{"@type":"ImageObject","inLanguage":"es","@id":"https:\/\/www.lica.ch\/en\/#\/schema\/logo\/image\/","url":"https:\/\/www.lica.ch\/wp-content\/uploads\/2025\/10\/Logo_Yoast_Jaune_696x696.webp","contentUrl":"https:\/\/www.lica.ch\/wp-content\/uploads\/2025\/10\/Logo_Yoast_Jaune_696x696.webp","width":696,"height":696,"caption":"Lica"},"image":{"@id":"https:\/\/www.lica.ch\/en\/#\/schema\/logo\/image\/"},"sameAs":["https:\/\/www.facebook.com\/lica.suisse\/","https:\/\/ch.linkedin.com\/company\/lica-cr\u00e9dit","https:\/\/www.tiktok.com\/@lica.ch","https:\/\/www.instagram.com\/licacredit\/"]},{"@type":"Person","@id":"https:\/\/www.lica.ch\/en\/#\/schema\/person\/43f9fd6c0991b2ea4e0ce88a7472a04c","name":"escritor-login","image":{"@type":"ImageObject","inLanguage":"es","@id":"https:\/\/secure.gravatar.com\/avatar\/d4854fc4223da2b976f9705ce04407a3e99c4bf956d6190ffef0815d95f87bef?s=96&d=mm&r=g","url":"https:\/\/secure.gravatar.com\/avatar\/d4854fc4223da2b976f9705ce04407a3e99c4bf956d6190ffef0815d95f87bef?s=96&d=mm&r=g","contentUrl":"https:\/\/secure.gravatar.com\/avatar\/d4854fc4223da2b976f9705ce04407a3e99c4bf956d6190ffef0815d95f87bef?s=96&d=mm&r=g","caption":"writer-login"}}]}},"_links":{"self":[{"href":"https:\/\/www.lica.ch\/es\/wp-json\/wp\/v2\/posts\/5763","targetHints":{"allow":["GET"]}}],"collection":[{"href":"https:\/\/www.lica.ch\/es\/wp-json\/wp\/v2\/posts"}],"about":[{"href":"https:\/\/www.lica.ch\/es\/wp-json\/wp\/v2\/types\/post"}],"author":[{"embeddable":true,"href":"https:\/\/www.lica.ch\/es\/wp-json\/wp\/v2\/users\/8"}],"replies":[{"embeddable":true,"href":"https:\/\/www.lica.ch\/es\/wp-json\/wp\/v2\/comments?post=5763"}],"version-history":[{"count":0,"href":"https:\/\/www.lica.ch\/es\/wp-json\/wp\/v2\/posts\/5763\/revisions"}],"wp:featuredmedia":[{"embeddable":true,"href":"https:\/\/www.lica.ch\/es\/wp-json\/wp\/v2\/media\/27829"}],"wp:attachment":[{"href":"https:\/\/www.lica.ch\/es\/wp-json\/wp\/v2\/media?parent=5763"}],"wp:term":[{"taxonomy":"category","embeddable":true,"href":"https:\/\/www.lica.ch\/es\/wp-json\/wp\/v2\/categories?post=5763"},{"taxonomy":"post_tag","embeddable":true,"href":"https:\/\/www.lica.ch\/es\/wp-json\/wp\/v2\/tags?post=5763"}],"curies":[{"name":"wp","href":"https:\/\/api.w.org\/{rel}","templated":true}]}}