{"id":5781,"date":"2025-09-25T09:06:55","date_gmt":"2025-09-25T07:06:55","guid":{"rendered":"https:\/\/test.lica.ch\/?p=5781"},"modified":"2026-01-16T23:58:21","modified_gmt":"2026-01-16T22:58:21","slug":"reunificar-mis-creditos-y-reducir-las-cuotas-mensuales","status":"publish","type":"post","link":"https:\/\/www.lica.ch\/es\/rachat-de-credit\/regrouper-mes-credits-et-diminuer-mes-mensualites\/","title":{"rendered":"\u00bfPor qu\u00e9 es interesante reagrupar mis cr\u00e9ditos?"},"content":{"rendered":"<p id=\"viewer-7ojq1\">Ya sea para comprar un coche nuevo, pagar tus estudios, comprar muebles nuevos o cualquier otro gasto, los pr\u00e9stamos se acumulan r\u00e1pidamente. A menudo pueden ser a tipos de inter\u00e9s muy altos, con facturas mensuales dif\u00edciles de gestionar. Gestionar bien tus deudas y reducir al m\u00e1ximo tus cuotas mensuales son las mejores soluciones si quieres librarte de los pr\u00e9stamos lo antes posible. Consolidar mi cr\u00e9dito es una excelente manera de ahorrar en mis cuotas mensuales.<\/p>\n\n\n\n<p id=\"viewer-ckkh3\">Lo que llamamos consolidaci\u00f3n de deudas es una estrategia que puede simplificar la gesti\u00f3n de sus pagos mensuales. Esto se consigue combinando todas sus deudas en un \u00fanico pago. Suele ir acompa\u00f1ada de un tipo de inter\u00e9s mucho m\u00e1s bajo que el que pagaba antes cada mes. Adem\u00e1s de mejorar su calificaci\u00f3n crediticia con <a class=\"lien-blog\" href=\"https:\/\/www.zek.ch\/fr-ch\/preneurs-de-credit-et-de-leasing?cID=&amp;langID=2&amp;langID=1&amp;langID=2\" target=\"_blank\" rel=\"noreferrer noopener\">el centro de inteligencia crediticia.<\/a><\/p>\n\n\n\n<p id=\"viewer-cgmtj\">Una forma eficaz de consolidar sus deudas es pedir un pr\u00e9stamo personal. Se trata de transferir tus distintos pr\u00e9stamos, como arrendamientos, cr\u00e9ditos privados y tarjetas de cr\u00e9dito, para que tengas una \u00fanica cuota mensual mucho m\u00e1s baja.<\/p>\n\n\n\n<h2 class=\"wp-block-heading\" id=\"viewer-9a8jo\">Veamos m\u00e1s de cerca c\u00f3mo puede beneficiarme consolidar mis pr\u00e9stamos<\/h2>\n\n\n\n<h3 class=\"wp-block-heading\" id=\"viewer-t530\"># 1 Tipos de inter\u00e9s reducidos<\/h3>\n\n\n\n<p id=\"viewer-efchq\">La mayor\u00eda de las deudas peque\u00f1as tendr\u00e1n <a class=\"lien-blog\" href=\"https:\/\/www.vaudfamille.ch\/N231172\/credit-a-la-consommation-attention-aux-arnaques.html\" target=\"_blank\" rel=\"noreferrer noopener\">tipos de inter\u00e9s muy elevados<\/a>. Pueden aumentar considerablemente la deuda que tiene. Si cancela varias deudas con intereses altos con un pr\u00e9stamo a un tipo de inter\u00e9s m\u00e1s bajo, pagar\u00e1 mucho menos a largo plazo. Como resultado, sus cuotas mensuales ser\u00e1n m\u00e1s bajas y su presupuesto mejorar\u00e1.<\/p>\n\n\n\n<h3 class=\"wp-block-heading\" id=\"viewer-38si1\"># 2 puede mejorar su puntuaci\u00f3n de cr\u00e9dito<\/h3>\n\n\n\n<p id=\"viewer-bcjl5\">Hablando de puntuaciones de cr\u00e9dito (<a class=\"lien-blog\" href=\"https:\/\/www.zek.ch\/fr-ch\/preneurs-de-credit-et-de-leasing?cID=&amp;langID=2&amp;langID=1&amp;langID=2\" target=\"_blank\" rel=\"noreferrer noopener\">inscripci\u00f3n en los ficheros centrales ZEK e IKO<\/a>), otra ventaja de la consolidaci\u00f3n de deudas es que puede dar un buen empuj\u00f3n a su puntuaci\u00f3n actual. Si consolida sus deudas mediante un pr\u00e9stamo personal, es probable que su puntuaci\u00f3n aumente. Esto ocurrir\u00e1 en tan s\u00f3lo unos meses, ya que reducir\u00e1 sus <a href=\"https:\/\/www.lica.ch\/es\/\">cr\u00e9dito<\/a>. Una buena calificaci\u00f3n en los ficheros centrales = \u00a1buenas condiciones de pr\u00e9stamo!<\/p>\n\n\n\n<h3 class=\"wp-block-heading\" id=\"viewer-k57\"># 3 Menos estr\u00e9s<\/h3>\n\n\n\n<p id=\"viewer-d9c0n\">La consolidaci\u00f3n de su deuda en un pago manejable reducir\u00e1 significativamente su estr\u00e9s y ayudar\u00e1 a eliminar el desorden que los pagos m\u00faltiples pueden crear. Los asuntos monetarios, como las deudas, son conocidos por provocar estr\u00e9s. Al tomar el control de sus finanzas con un \u00fanico pago mensual, se encontrar\u00e1 r\u00e1pidamente en una mejor situaci\u00f3n financiera gracias a <a href=\"https:\/\/www.lica.ch\/es\/solvable\/reducir-los-gastos-y-optimizar-el-presupuesto\/\">un presupuesto bajo control<\/a>.<\/p>\n\n\n\n<h3 class=\"wp-block-heading\" id=\"viewer-e0111\"># 4 Combinar mis pr\u00e9stamos significa que puedo devolverlos m\u00e1s r\u00e1pido <\/h3>\n\n\n\n<p id=\"viewer-1gjic\">No es raro que los saldos de las tarjetas de cr\u00e9dito o los peque\u00f1os pr\u00e9stamos tarden a\u00f1os en devolverse en su totalidad. Al fin y al cabo, \u00a1ganan intereses por lo que debes! As\u00ed que a los prestamistas no les importa si tardas 5 a\u00f1os o m\u00e1s en saldar tu deuda. Una ventaja de la reunificaci\u00f3n de deudas es que el proceso le permitir\u00e1 planificar reembolsos regulares de <a href=\"https:\/\/www.lica.ch\/es\/\">sus pr\u00e9stamos<\/a>. De este modo se garantiza el reembolso de los pr\u00e9stamos en un plazo razonable.<\/p>\n\n\n\n<h3 class=\"wp-block-heading\" id=\"viewer-fiqvr\">Y finalmente...<\/h3>\n\n\n\n<p id=\"viewer-17e9f\">Como ocurre con todos los <a href=\"https:\/\/www.lica.ch\/es\/credito-privado\/\">solicitud de financiaci\u00f3n<\/a>, Pero es importante que eval\u00fae detenidamente su propia situaci\u00f3n. As\u00ed podr\u00e1 determinar si es la mejor soluci\u00f3n para usted y cu\u00e1l es su presupuesto actual. La consolidaci\u00f3n de pr\u00e9stamos suele ofrecer ahorros significativos, por lo que es una opci\u00f3n muy atractiva a tener en cuenta.<\/p>\n\n\n\n<h2 class=\"wp-block-heading\" id=\"viewer-895c3\">Quiero consolidar mis pr\u00e9stamos y volver a encarrilar mi presupuesto.<\/h2>\n\n\n\n<p id=\"viewer-8bstv\">Ahora que ya conoce las ventajas de consolidar su cr\u00e9dito privado, s\u00f3lo tiene que solicitarlo. Con <a href=\"https:\/\/www.lica.ch\/es\/\">Lica<\/a> es sencillo, r\u00e1pido y eficaz S\u00ed, usted hace su solicitud en l\u00ednea en menos de 2 minutos y luego nuestros equipos de especialistas hacen el trabajo por usted. As\u00ed ahorrar\u00e1 tiempo y dinero.<\/p>","protected":false},"excerpt":{"rendered":"<p>Que ce soit pour acheter une nouvelle voiture, payer vos \u00e9tudes, du nouveau mobilier ou toute autre d\u00e9pense, les pr\u00eats s\u2019accumulent rapidement. Ils peuvent souvent \u00eatre \u00e0 des taux d&rsquo;int\u00e9r\u00eats tr\u00e8s \u00e9lev\u00e9s avec des factures mensuelles difficiles \u00e0 g\u00e9rer. Bien g\u00e9rer ses dettes et r\u00e9duire au maximum ses diff\u00e9rentes mensualit\u00e9s sont les meilleures solutions pour [&hellip;]<\/p>\n","protected":false},"author":8,"featured_media":27687,"comment_status":"closed","ping_status":"closed","sticky":false,"template":"","format":"standard","meta":{"footnotes":""},"categories":[36],"tags":[],"class_list":["post-5781","post","type-post","status-publish","format-standard","has-post-thumbnail","hentry","category-rachat-de-credit"],"_yoast_wpseo_focuskw":"Regrouper mes cr\u00e9dits","_yoast_wpseo_title":"Regrouper mes cr\u00e9dits pour diminuer mes mensualit\u00e9s","_yoast_wpseo_metadesc":"Regrouper mes cr\u00e9dits permet de diminuer mes mensualit\u00e9s et de retrouver un \u00e9quilibre dans mon budget. J'\u00e9conomise avec un cr\u00e9dit chez Lica.","yoast_head":"<!-- This site is optimized with the Yoast SEO plugin v27.5 - https:\/\/yoast.com\/product\/yoast-seo-wordpress\/ -->\n<title>Regrouper mes cr\u00e9dits pour diminuer mes mensualit\u00e9s<\/title>\n<meta name=\"description\" content=\"Regrouper mes cr\u00e9dits permet de diminuer mes mensualit\u00e9s et de retrouver un \u00e9quilibre dans mon budget. J&#039;\u00e9conomise avec un cr\u00e9dit chez Lica.\" \/>\n<meta name=\"robots\" content=\"index, follow, max-snippet:-1, max-image-preview:large, max-video-preview:-1\" \/>\n<link rel=\"canonical\" href=\"https:\/\/www.lica.ch\/es\/refinanciacion-de-prestamos\/reunificar-mis-creditos-y-reducir-las-cuotas-mensuales\/\" \/>\n<meta property=\"og:locale\" content=\"es_ES\" \/>\n<meta property=\"og:type\" content=\"article\" \/>\n<meta property=\"og:title\" content=\"Regrouper mes cr\u00e9dits pour diminuer mes mensualit\u00e9s\" \/>\n<meta property=\"og:description\" content=\"Regrouper mes cr\u00e9dits permet de diminuer mes mensualit\u00e9s et de retrouver un \u00e9quilibre dans mon budget. J&#039;\u00e9conomise avec un cr\u00e9dit chez Lica.\" \/>\n<meta property=\"og:url\" content=\"https:\/\/www.lica.ch\/es\/refinanciacion-de-prestamos\/reunificar-mis-creditos-y-reducir-las-cuotas-mensuales\/\" \/>\n<meta property=\"og:site_name\" content=\"Lica cr\u00e9dit priv\u00e9\" \/>\n<meta property=\"article:publisher\" content=\"https:\/\/www.facebook.com\/lica.suisse\/\" \/>\n<meta property=\"article:published_time\" content=\"2025-09-25T07:06:55+00:00\" \/>\n<meta property=\"article:modified_time\" content=\"2026-01-16T22:58:21+00:00\" \/>\n<meta property=\"og:image\" content=\"https:\/\/www.lica.ch\/wp-content\/uploads\/2025\/10\/Regrouper-mes-credits_IMA.webp\" \/>\n\t<meta property=\"og:image:width\" content=\"1000\" \/>\n\t<meta property=\"og:image:height\" content=\"650\" \/>\n\t<meta property=\"og:image:type\" content=\"image\/webp\" \/>\n<meta name=\"author\" content=\"writer-login\" \/>\n<meta name=\"twitter:card\" content=\"summary_large_image\" \/>\n<script type=\"application\/ld+json\" class=\"yoast-schema-graph\">{\"@context\":\"https:\\\/\\\/schema.org\",\"@graph\":[{\"@type\":\"Article\",\"@id\":\"https:\\\/\\\/www.lica.ch\\\/rachat-de-credit\\\/regrouper-mes-credits-et-diminuer-mes-mensualites\\\/#article\",\"isPartOf\":{\"@id\":\"https:\\\/\\\/www.lica.ch\\\/rachat-de-credit\\\/regrouper-mes-credits-et-diminuer-mes-mensualites\\\/\"},\"author\":{\"name\":\"writer-login\",\"@id\":\"https:\\\/\\\/www.lica.ch\\\/en\\\/#\\\/schema\\\/person\\\/43f9fd6c0991b2ea4e0ce88a7472a04c\"},\"headline\":\"Pourquoi est-ce int\u00e9ressant de regrouper mes cr\u00e9dits ?\",\"datePublished\":\"2025-09-25T07:06:55+00:00\",\"dateModified\":\"2026-01-16T22:58:21+00:00\",\"mainEntityOfPage\":{\"@id\":\"https:\\\/\\\/www.lica.ch\\\/rachat-de-credit\\\/regrouper-mes-credits-et-diminuer-mes-mensualites\\\/\"},\"wordCount\":728,\"publisher\":{\"@id\":\"https:\\\/\\\/www.lica.ch\\\/en\\\/#organization\"},\"image\":{\"@id\":\"https:\\\/\\\/www.lica.ch\\\/rachat-de-credit\\\/regrouper-mes-credits-et-diminuer-mes-mensualites\\\/#primaryimage\"},\"thumbnailUrl\":\"https:\\\/\\\/www.lica.ch\\\/wp-content\\\/uploads\\\/2025\\\/10\\\/Regrouper-mes-credits_IMA.webp\",\"articleSection\":[\"Rachat de cr\u00e9dit\"],\"inLanguage\":\"es\"},{\"@type\":\"WebPage\",\"@id\":\"https:\\\/\\\/www.lica.ch\\\/rachat-de-credit\\\/regrouper-mes-credits-et-diminuer-mes-mensualites\\\/\",\"url\":\"https:\\\/\\\/www.lica.ch\\\/rachat-de-credit\\\/regrouper-mes-credits-et-diminuer-mes-mensualites\\\/\",\"name\":\"Regrouper mes cr\u00e9dits pour diminuer mes mensualit\u00e9s\",\"isPartOf\":{\"@id\":\"https:\\\/\\\/www.lica.ch\\\/en\\\/#website\"},\"primaryImageOfPage\":{\"@id\":\"https:\\\/\\\/www.lica.ch\\\/rachat-de-credit\\\/regrouper-mes-credits-et-diminuer-mes-mensualites\\\/#primaryimage\"},\"image\":{\"@id\":\"https:\\\/\\\/www.lica.ch\\\/rachat-de-credit\\\/regrouper-mes-credits-et-diminuer-mes-mensualites\\\/#primaryimage\"},\"thumbnailUrl\":\"https:\\\/\\\/www.lica.ch\\\/wp-content\\\/uploads\\\/2025\\\/10\\\/Regrouper-mes-credits_IMA.webp\",\"datePublished\":\"2025-09-25T07:06:55+00:00\",\"dateModified\":\"2026-01-16T22:58:21+00:00\",\"description\":\"Regrouper mes cr\u00e9dits permet de diminuer mes mensualit\u00e9s et de retrouver un \u00e9quilibre dans mon budget. J'\u00e9conomise avec un cr\u00e9dit chez Lica.\",\"breadcrumb\":{\"@id\":\"https:\\\/\\\/www.lica.ch\\\/rachat-de-credit\\\/regrouper-mes-credits-et-diminuer-mes-mensualites\\\/#breadcrumb\"},\"inLanguage\":\"es\",\"potentialAction\":[{\"@type\":\"ReadAction\",\"target\":[\"https:\\\/\\\/www.lica.ch\\\/rachat-de-credit\\\/regrouper-mes-credits-et-diminuer-mes-mensualites\\\/\"]}]},{\"@type\":\"ImageObject\",\"inLanguage\":\"es\",\"@id\":\"https:\\\/\\\/www.lica.ch\\\/rachat-de-credit\\\/regrouper-mes-credits-et-diminuer-mes-mensualites\\\/#primaryimage\",\"url\":\"https:\\\/\\\/www.lica.ch\\\/wp-content\\\/uploads\\\/2025\\\/10\\\/Regrouper-mes-credits_IMA.webp\",\"contentUrl\":\"https:\\\/\\\/www.lica.ch\\\/wp-content\\\/uploads\\\/2025\\\/10\\\/Regrouper-mes-credits_IMA.webp\",\"width\":1000,\"height\":650,\"caption\":\"Regrouper mes cr\u00e9dits\"},{\"@type\":\"BreadcrumbList\",\"@id\":\"https:\\\/\\\/www.lica.ch\\\/rachat-de-credit\\\/regrouper-mes-credits-et-diminuer-mes-mensualites\\\/#breadcrumb\",\"itemListElement\":[{\"@type\":\"ListItem\",\"position\":1,\"name\":\"Accueil\",\"item\":\"https:\\\/\\\/www.lica.ch\\\/\"},{\"@type\":\"ListItem\",\"position\":2,\"name\":\"Pourquoi est-ce int\u00e9ressant de regrouper mes cr\u00e9dits ?\"}]},{\"@type\":\"WebSite\",\"@id\":\"https:\\\/\\\/www.lica.ch\\\/en\\\/#website\",\"url\":\"https:\\\/\\\/www.lica.ch\\\/en\\\/\",\"name\":\"Lica\",\"description\":\"Cr\u00e9dit priv\u00e9\",\"publisher\":{\"@id\":\"https:\\\/\\\/www.lica.ch\\\/en\\\/#organization\"},\"alternateName\":\"Lica\",\"potentialAction\":[{\"@type\":\"SearchAction\",\"target\":{\"@type\":\"EntryPoint\",\"urlTemplate\":\"https:\\\/\\\/www.lica.ch\\\/en\\\/?s={search_term_string}\"},\"query-input\":{\"@type\":\"PropertyValueSpecification\",\"valueRequired\":true,\"valueName\":\"search_term_string\"}}],\"inLanguage\":\"es\"},{\"@type\":\"Organization\",\"@id\":\"https:\\\/\\\/www.lica.ch\\\/en\\\/#organization\",\"name\":\"Lica\",\"alternateName\":\"Lica\",\"url\":\"https:\\\/\\\/www.lica.ch\\\/en\\\/\",\"logo\":{\"@type\":\"ImageObject\",\"inLanguage\":\"es\",\"@id\":\"https:\\\/\\\/www.lica.ch\\\/en\\\/#\\\/schema\\\/logo\\\/image\\\/\",\"url\":\"https:\\\/\\\/www.lica.ch\\\/wp-content\\\/uploads\\\/2025\\\/10\\\/Logo_Yoast_Jaune_696x696.webp\",\"contentUrl\":\"https:\\\/\\\/www.lica.ch\\\/wp-content\\\/uploads\\\/2025\\\/10\\\/Logo_Yoast_Jaune_696x696.webp\",\"width\":696,\"height\":696,\"caption\":\"Lica\"},\"image\":{\"@id\":\"https:\\\/\\\/www.lica.ch\\\/en\\\/#\\\/schema\\\/logo\\\/image\\\/\"},\"sameAs\":[\"https:\\\/\\\/www.facebook.com\\\/lica.suisse\\\/\",\"https:\\\/\\\/ch.linkedin.com\\\/company\\\/lica-cr\u00e9dit\",\"https:\\\/\\\/www.tiktok.com\\\/@lica.ch\",\"https:\\\/\\\/www.instagram.com\\\/licacredit\\\/\"]},{\"@type\":\"Person\",\"@id\":\"https:\\\/\\\/www.lica.ch\\\/en\\\/#\\\/schema\\\/person\\\/43f9fd6c0991b2ea4e0ce88a7472a04c\",\"name\":\"writer-login\",\"image\":{\"@type\":\"ImageObject\",\"inLanguage\":\"es\",\"@id\":\"https:\\\/\\\/secure.gravatar.com\\\/avatar\\\/d4854fc4223da2b976f9705ce04407a3e99c4bf956d6190ffef0815d95f87bef?s=96&d=mm&r=g\",\"url\":\"https:\\\/\\\/secure.gravatar.com\\\/avatar\\\/d4854fc4223da2b976f9705ce04407a3e99c4bf956d6190ffef0815d95f87bef?s=96&d=mm&r=g\",\"contentUrl\":\"https:\\\/\\\/secure.gravatar.com\\\/avatar\\\/d4854fc4223da2b976f9705ce04407a3e99c4bf956d6190ffef0815d95f87bef?s=96&d=mm&r=g\",\"caption\":\"writer-login\"}}]}<\/script>\n<!-- \/ Yoast SEO plugin. -->","yoast_head_json":{"title":"Reunificar mis cr\u00e9ditos para bajar mis cuotas mensuales","description":"Al reunificar mis cr\u00e9ditos, reduzco mis cuotas mensuales y recupero el equilibrio de mi presupuesto. Ahorro con un cr\u00e9dito de Lica.","robots":{"index":"index","follow":"follow","max-snippet":"max-snippet:-1","max-image-preview":"max-image-preview:large","max-video-preview":"max-video-preview:-1"},"canonical":"https:\/\/www.lica.ch\/es\/refinanciacion-de-prestamos\/reunificar-mis-creditos-y-reducir-las-cuotas-mensuales\/","og_locale":"es_ES","og_type":"article","og_title":"Regrouper mes cr\u00e9dits pour diminuer mes mensualit\u00e9s","og_description":"Regrouper mes cr\u00e9dits permet de diminuer mes mensualit\u00e9s et de retrouver un \u00e9quilibre dans mon budget. J'\u00e9conomise avec un cr\u00e9dit chez Lica.","og_url":"https:\/\/www.lica.ch\/es\/refinanciacion-de-prestamos\/reunificar-mis-creditos-y-reducir-las-cuotas-mensuales\/","og_site_name":"Lica cr\u00e9dit priv\u00e9","article_publisher":"https:\/\/www.facebook.com\/lica.suisse\/","article_published_time":"2025-09-25T07:06:55+00:00","article_modified_time":"2026-01-16T22:58:21+00:00","og_image":[{"width":1000,"height":650,"url":"https:\/\/www.lica.ch\/wp-content\/uploads\/2025\/10\/Regrouper-mes-credits_IMA.webp","type":"image\/webp"}],"author":"writer-login","twitter_card":"summary_large_image","schema":{"@context":"https:\/\/schema.org","@graph":[{"@type":"Article","@id":"https:\/\/www.lica.ch\/rachat-de-credit\/regrouper-mes-credits-et-diminuer-mes-mensualites\/#article","isPartOf":{"@id":"https:\/\/www.lica.ch\/rachat-de-credit\/regrouper-mes-credits-et-diminuer-mes-mensualites\/"},"author":{"name":"writer-login","@id":"https:\/\/www.lica.ch\/en\/#\/schema\/person\/43f9fd6c0991b2ea4e0ce88a7472a04c"},"headline":"Pourquoi est-ce int\u00e9ressant de regrouper mes cr\u00e9dits ?","datePublished":"2025-09-25T07:06:55+00:00","dateModified":"2026-01-16T22:58:21+00:00","mainEntityOfPage":{"@id":"https:\/\/www.lica.ch\/rachat-de-credit\/regrouper-mes-credits-et-diminuer-mes-mensualites\/"},"wordCount":728,"publisher":{"@id":"https:\/\/www.lica.ch\/en\/#organization"},"image":{"@id":"https:\/\/www.lica.ch\/rachat-de-credit\/regrouper-mes-credits-et-diminuer-mes-mensualites\/#primaryimage"},"thumbnailUrl":"https:\/\/www.lica.ch\/wp-content\/uploads\/2025\/10\/Regrouper-mes-credits_IMA.webp","articleSection":["Rachat de cr\u00e9dit"],"inLanguage":"es"},{"@type":"WebPage","@id":"https:\/\/www.lica.ch\/rachat-de-credit\/regrouper-mes-credits-et-diminuer-mes-mensualites\/","url":"https:\/\/www.lica.ch\/rachat-de-credit\/regrouper-mes-credits-et-diminuer-mes-mensualites\/","name":"Reunificar mis cr\u00e9ditos para bajar mis cuotas mensuales","isPartOf":{"@id":"https:\/\/www.lica.ch\/en\/#website"},"primaryImageOfPage":{"@id":"https:\/\/www.lica.ch\/rachat-de-credit\/regrouper-mes-credits-et-diminuer-mes-mensualites\/#primaryimage"},"image":{"@id":"https:\/\/www.lica.ch\/rachat-de-credit\/regrouper-mes-credits-et-diminuer-mes-mensualites\/#primaryimage"},"thumbnailUrl":"https:\/\/www.lica.ch\/wp-content\/uploads\/2025\/10\/Regrouper-mes-credits_IMA.webp","datePublished":"2025-09-25T07:06:55+00:00","dateModified":"2026-01-16T22:58:21+00:00","description":"Al reunificar mis cr\u00e9ditos, reduzco mis cuotas mensuales y recupero el equilibrio de mi presupuesto. Ahorro con un cr\u00e9dito de Lica.","breadcrumb":{"@id":"https:\/\/www.lica.ch\/rachat-de-credit\/regrouper-mes-credits-et-diminuer-mes-mensualites\/#breadcrumb"},"inLanguage":"es","potentialAction":[{"@type":"ReadAction","target":["https:\/\/www.lica.ch\/rachat-de-credit\/regrouper-mes-credits-et-diminuer-mes-mensualites\/"]}]},{"@type":"ImageObject","inLanguage":"es","@id":"https:\/\/www.lica.ch\/rachat-de-credit\/regrouper-mes-credits-et-diminuer-mes-mensualites\/#primaryimage","url":"https:\/\/www.lica.ch\/wp-content\/uploads\/2025\/10\/Regrouper-mes-credits_IMA.webp","contentUrl":"https:\/\/www.lica.ch\/wp-content\/uploads\/2025\/10\/Regrouper-mes-credits_IMA.webp","width":1000,"height":650,"caption":"Regrouper mes cr\u00e9dits"},{"@type":"BreadcrumbList","@id":"https:\/\/www.lica.ch\/rachat-de-credit\/regrouper-mes-credits-et-diminuer-mes-mensualites\/#breadcrumb","itemListElement":[{"@type":"ListItem","position":1,"name":"Accueil","item":"https:\/\/www.lica.ch\/"},{"@type":"ListItem","position":2,"name":"Pourquoi est-ce int\u00e9ressant de regrouper mes cr\u00e9dits ?"}]},{"@type":"WebSite","@id":"https:\/\/www.lica.ch\/en\/#website","url":"https:\/\/www.lica.ch\/en\/","name":"Lica","description":"Cr\u00e9dito privado","publisher":{"@id":"https:\/\/www.lica.ch\/en\/#organization"},"alternateName":"Lica","potentialAction":[{"@type":"SearchAction","target":{"@type":"EntryPoint","urlTemplate":"https:\/\/www.lica.ch\/en\/?s={search_term_string}"},"query-input":{"@type":"PropertyValueSpecification","valueRequired":true,"valueName":"search_term_string"}}],"inLanguage":"es"},{"@type":"Organization","@id":"https:\/\/www.lica.ch\/en\/#organization","name":"Lica","alternateName":"Lica","url":"https:\/\/www.lica.ch\/en\/","logo":{"@type":"ImageObject","inLanguage":"es","@id":"https:\/\/www.lica.ch\/en\/#\/schema\/logo\/image\/","url":"https:\/\/www.lica.ch\/wp-content\/uploads\/2025\/10\/Logo_Yoast_Jaune_696x696.webp","contentUrl":"https:\/\/www.lica.ch\/wp-content\/uploads\/2025\/10\/Logo_Yoast_Jaune_696x696.webp","width":696,"height":696,"caption":"Lica"},"image":{"@id":"https:\/\/www.lica.ch\/en\/#\/schema\/logo\/image\/"},"sameAs":["https:\/\/www.facebook.com\/lica.suisse\/","https:\/\/ch.linkedin.com\/company\/lica-cr\u00e9dit","https:\/\/www.tiktok.com\/@lica.ch","https:\/\/www.instagram.com\/licacredit\/"]},{"@type":"Person","@id":"https:\/\/www.lica.ch\/en\/#\/schema\/person\/43f9fd6c0991b2ea4e0ce88a7472a04c","name":"escritor-login","image":{"@type":"ImageObject","inLanguage":"es","@id":"https:\/\/secure.gravatar.com\/avatar\/d4854fc4223da2b976f9705ce04407a3e99c4bf956d6190ffef0815d95f87bef?s=96&d=mm&r=g","url":"https:\/\/secure.gravatar.com\/avatar\/d4854fc4223da2b976f9705ce04407a3e99c4bf956d6190ffef0815d95f87bef?s=96&d=mm&r=g","contentUrl":"https:\/\/secure.gravatar.com\/avatar\/d4854fc4223da2b976f9705ce04407a3e99c4bf956d6190ffef0815d95f87bef?s=96&d=mm&r=g","caption":"writer-login"}}]}},"_links":{"self":[{"href":"https:\/\/www.lica.ch\/es\/wp-json\/wp\/v2\/posts\/5781","targetHints":{"allow":["GET"]}}],"collection":[{"href":"https:\/\/www.lica.ch\/es\/wp-json\/wp\/v2\/posts"}],"about":[{"href":"https:\/\/www.lica.ch\/es\/wp-json\/wp\/v2\/types\/post"}],"author":[{"embeddable":true,"href":"https:\/\/www.lica.ch\/es\/wp-json\/wp\/v2\/users\/8"}],"replies":[{"embeddable":true,"href":"https:\/\/www.lica.ch\/es\/wp-json\/wp\/v2\/comments?post=5781"}],"version-history":[{"count":0,"href":"https:\/\/www.lica.ch\/es\/wp-json\/wp\/v2\/posts\/5781\/revisions"}],"wp:featuredmedia":[{"embeddable":true,"href":"https:\/\/www.lica.ch\/es\/wp-json\/wp\/v2\/media\/27687"}],"wp:attachment":[{"href":"https:\/\/www.lica.ch\/es\/wp-json\/wp\/v2\/media?parent=5781"}],"wp:term":[{"taxonomy":"category","embeddable":true,"href":"https:\/\/www.lica.ch\/es\/wp-json\/wp\/v2\/categories?post=5781"},{"taxonomy":"post_tag","embeddable":true,"href":"https:\/\/www.lica.ch\/es\/wp-json\/wp\/v2\/tags?post=5781"}],"curies":[{"name":"wp","href":"https:\/\/api.w.org\/{rel}","templated":true}]}}