{"id":14902,"date":"2022-10-18T16:20:55","date_gmt":"2022-10-18T14:20:55","guid":{"rendered":"https:\/\/lica.ch\/?p=14902"},"modified":"2025-12-10T18:42:08","modified_gmt":"2025-12-10T17:42:08","slug":"come-funziona-la-fiscalita-del-credito-privato-in-svizzera","status":"publish","type":"post","link":"https:\/\/www.lica.ch\/it\/credit-personnel\/comment-fonctionne-la-fiscalite-du-credit-prive-en-suisse\/","title":{"rendered":"Come funziona la fiscalit\u00e0 del credito privato in Svizzera?"},"content":{"rendered":"<p>Avete mai sentito dire che \u00e8 possibile richiedere una detrazione fiscale quando si ha un prestito privato? Ma qual \u00e8 la realt\u00e0 e come viene tassato il credito privato in Svizzera? Vediamo di approfondire l'argomento per saperne di pi\u00f9 e, soprattutto, per aiutarvi a fare le scelte giuste. <a class=\"lien-blog\" href=\"https:\/\/www.lica.ch\/it\/solvable\/ridurre-le-spese-e-ottimizzare-il-budget\/\" target=\"_blank\" rel=\"noreferrer noopener\">risparmiare denaro<\/a> tasse ogni volta che \u00e8 possibile!<\/p>\n\n\n\n<h2 class=\"wp-block-heading\">La possibilit\u00e0 di ottenere una detrazione fiscale per il vostro prestito privato<\/h2>\n\n\n\n<p>L'accensione di un prestito pu\u00f2 ridurre l'importo delle imposte da pagare. Ma bisogna sapere come dichiararlo al fisco per ottenere i migliori benefici fiscali possibili. Cosa si pu\u00f2 dedurre quando si ha un debito privato?<\/p>\n\n\n\n<p>Avere un contratto di credito in corso significa impegnarsi a rimborsare un importo fisso per un determinato periodo. Questo importo \u00e8 composto dai 2 elementi seguenti:<\/p>\n\n\n\n<ul class=\"wp-block-list\">\n<li>l'importo preso in prestito e da restituire (ammortamento);<\/li>\n\n\n\n<li>gli interessi generati da questo prestito.<\/li>\n<\/ul>\n\n\n\n<p>Si pu\u00f2 gi\u00e0 notare che questi interessi sono deducibili dalle tasse, a condizione che vengano aggiunti alla dichiarazione dei redditi. Gli interessi generati dal prestito riducono il vostro reddito. Ci\u00f2 riduce il vostro reddito imponibile e significa che pagate meno tasse. <\/p>\n\n\n\n<h3 class=\"wp-block-heading\">Al netto degli interessi, detrarre l'importo del debito<\/h3>\n\n\n\n<p>La deduzione degli interessi pagati sul prestito ridurr\u00e0 il reddito, mentre la deduzione dell'importo del debito ridurr\u00e0 il patrimonio. <\/p>\n\n\n\n<p>Ecco come dichiarare il proprio credito nel software \"VaudTax\", valido per i contribuenti tassati nel Cantone di Vaud. <\/p>\n\n\n\n<p> Nella sezione \"Debiti\", completare le informazioni richieste dal software nella scheda \"Altri debiti privati\". Ecco una schermata che mostra un esempio di dichiarazione.<\/p>\n\n\n\n<figure class=\"wp-block-image aligncenter size-large\"><a href=\"https:\/\/www.lica.ch\/it\/credito-privato-2\/fiscalita-come-dichiarare-il-proprio-credito-privato\/attachment\/declarer-son-credit-prive_img_1\/\"><img fetchpriority=\"high\" decoding=\"async\" width=\"1024\" height=\"234\" src=\"https:\/\/www.lica.ch\/wp-content\/uploads\/2025\/08\/Declarer-son-credit-prive_IMG_1-1024x234.webp\" alt=\"Registrazione del credito privato\" class=\"wp-image-27824\" srcset=\"https:\/\/www.lica.ch\/wp-content\/uploads\/2025\/08\/Declarer-son-credit-prive_IMG_1-1024x234.webp 1024w, https:\/\/www.lica.ch\/wp-content\/uploads\/2025\/08\/Declarer-son-credit-prive_IMG_1-300x69.webp 300w, https:\/\/www.lica.ch\/wp-content\/uploads\/2025\/08\/Declarer-son-credit-prive_IMG_1-768x175.webp 768w, https:\/\/www.lica.ch\/wp-content\/uploads\/2025\/08\/Declarer-son-credit-prive_IMG_1-1536x351.webp 1536w, https:\/\/www.lica.ch\/wp-content\/uploads\/2025\/08\/Declarer-son-credit-prive_IMG_1-18x4.webp 18w, https:\/\/www.lica.ch\/wp-content\/uploads\/2025\/08\/Declarer-son-credit-prive_IMG_1.webp 1694w\" sizes=\"(max-width: 1024px) 100vw, 1024px\" \/><\/a><figcaption class=\"wp-element-caption\">Fonte: Tutorial VaudTax<\/figcaption><\/figure>\n\n\n\n<p>Con il sistema VaudTax, \u00e8 sufficiente compilare le seguenti informazioni per beneficiare dei risparmi fiscali associati ai vostri prestiti. <\/p>\n\n\n\n<ul class=\"wp-block-list\">\n<li>nome del creditore (la banca, l'istituto o il prestatore a cui si deve il denaro) ;<\/li>\n\n\n\n<li>indirizzo del creditore ;<\/li>\n\n\n\n<li>numero di conto o di contratto ;<\/li>\n\n\n\n<li>interessi totali pagati nel periodo ;<\/li>\n\n\n\n<li>importo del debito al 31.12.<\/li>\n<\/ul>\n\n\n\n<p>Una volta completate queste informazioni, il software effettuer\u00e0 automaticamente le deduzioni corrette dal vostro reddito e dal vostro patrimonio.<\/p>\n\n\n\n<h2 class=\"wp-block-heading\">Scoprite quanti interessi annuali pagate<\/h2>\n\n\n\n<p>Volete sapere tutto quello che c'\u00e8 da sapere sulla tassazione del credito privato? Iniziate a scoprire l'importo totale degli interessi che pagate ogni anno. A seconda della banca o del creditore, alcuni contratti di credito non sempre indicano chiaramente la ripartizione tra interessi e rimborsi. Rileggete quindi con attenzione il vostro contratto e non esitate a <a class=\"lien-blog\" href=\"https:\/\/www.lica.ch\/it\/nous-contacter\/\" target=\"_blank\" rel=\"noreferrer noopener\">contattateci <\/a>se avete bisogno di aiuto. <\/p>\n\n\n\n<p>Si noti, tuttavia, che durante il primo periodo dell'anno, ossia tra gennaio e marzo, l'istituto finanziario che vi ha concesso il prestito privato \u00e8 tenuto a inviarvi un certificato di interessi per l'anno precedente. Se la banca (il fornitore o qualsiasi altro ente bancario o istituto di credito) non vi fornisce questo certificato, avete il diritto di richiederlo gratuitamente. I passi da compiere per richiederlo sono generalmente abbastanza semplici. Tuttavia, \u00e8 bene tenere presente che <a class=\"lien-blog\" href=\"https:\/\/www.lica.ch\/it\/\" target=\"_blank\" rel=\"noreferrer noopener\">Lica<\/a> pu\u00f2 aiutarvi anche in caso di difficolt\u00e0 con la vostra banca.<\/p>\n\n\n\n<h2 class=\"wp-block-heading\">La riduzione delle imposte \u00e8 significativa?<\/h2>\n\n\n\n<p>Sebbene tutte le riduzioni fiscali siano apprezzabili, \u00e8 naturale chiedersi se la propria sar\u00e0 sostanziale o meno. Infatti, il guadagno dipender\u00e0 essenzialmente dalla situazione di ciascun contribuente in base ad alcuni criteri precisi. Ad esempio, l'aliquota fiscale, il luogo di tassazione, la situazione familiare e anche l'ammontare degli interessi pagati.<\/p>\n\n\n\n<p>In ogni caso, che lo sconto sia sostanziale o meno, non si perde nulla. Al contrario, sar\u00e0 sempre uno sconto pi\u00f9 o meno consistente e sarebbe un peccato non approfittarne.<\/p>\n\n\n\n<p>Se volete sapere esattamente quanto potreste risparmiare, non esitate a chiederci una simulazione precisa del risparmio che potreste ottenere.  Un'analisi \u00e8 sempre gratuita presso Lica!<\/p>\n\n\n\n<h2 class=\"wp-block-heading\">Tassazione del credito privato rispetto al leasing <\/h2>\n\n\n\n<p>Vediamo un esempio concreto: dovete acquistare un veicolo e <a class=\"lien-blog\" href=\"https:\/\/www.lica.ch\/it\/credito-privato-2\/perche-riscattare-il-proprio-leasing\/\" target=\"_blank\" rel=\"noreferrer noopener\">state ancora decidendo tra un prestito o un leasing<\/a>. In sostanza, il leasing sembra offrire tassi di interesse molto interessanti. Tuttavia, a differenza del credito privato, gli interessi del leasing non sono deducibili dalle imposte, quindi non si risparmia nulla.<\/p>\n\n\n\n<p>Il fatto \u00e8 che il leasing \u00e8 considerato un affitto e non un prestito. Inoltre, in quanto leasing, non \u00e8 possibile richiedere una detrazione fiscale. D'altra parte, il trattamento fiscale del credito privato significa che avete il vantaggio di essere i diretti proprietari del vostro veicolo dal momento dell'acquisto, potendo al contempo dedurre gli interessi pagati dalle vostre tasse.<\/p>\n\n\n\n<h3 class=\"wp-block-heading\">Con un credito privato avete il controllo delle vostre decisioni!<\/h3>\n\n\n\n<p>Quando si sottoscrive un prestito privato a favore di un leasing, tutte le decisioni relative al veicolo appartengono a voi. Ad esempio, potete scegliere la copertura assicurativa, acquistare o vendere l'auto o addirittura prenderla in leasing. Con il leasing, invece, sarete obbligati a sottoscrivere un'assicurazione completa e non potrete rivendere o affittare il veicolo a vostro piacimento.<\/p>\n\n\n\n<p>Un altro punto importante da notare: con il credito, non dovrete pagare un extra se superate il limite di chilometraggio o interrompete il contratto in anticipo. Pertanto, prima di decidere se sottoscrivere un leasing o un prestito privato, studiate attentamente ogni singolo caso.<\/p>\n\n\n\n<h2 class=\"wp-block-heading\">La soluzione per godere del meglio della tassazione del credito privato<\/h2>\n\n\n\n<p>Per essere sicuri di beneficiare del miglior trattamento fiscale per il credito privato, utilizzate i seguenti servizi <a class=\"lien-blog\" href=\"https:\/\/www.lica.ch\/it\/demande-de-credit-choix-option\/\" target=\"_blank\" rel=\"noreferrer noopener\">Servizi Lica<\/a>. Elaboreremo la vostra richiesta in pochissimo tempo, senza impegno e senza alcun costo per voi. Potrete ottenere un tasso molto migliore selezionando la soluzione migliore e ottenendo la risposta in meno di 24 ore. Inoltre, Lica pu\u00f2 aiutarvi gratuitamente a risolvere problemi complessi relativi ai vostri prestiti.<\/p>\n\n\n\n<h2 class=\"wp-block-heading\">La nostra conclusione sulla tassazione del credito privato<\/h2>\n\n\n\n<p>Un prestito sar\u00e0 sempre un onere aggiuntivo per il vostro bilancio. Tuttavia, \u00e8 bello poter usufruire di una soluzione di prestito competitiva che sia anche deducibile dalle tasse.<\/p>\n\n\n\n<p>Purtroppo, molte persone non pensano necessariamente a dichiarare i propri prestiti privati. Spesso ci\u00f2 \u00e8 dovuto alla mancanza di conoscenze o alla paura di commettere un errore. Pu\u00f2 anche accadere che gli specialisti del settore, come ad esempio un fiduciario, si dimentichino semplicemente di dichiarare il proprio credito.<\/p>","protected":false},"excerpt":{"rendered":"<p>Avez-vous d\u00e9j\u00e0 entendu dire qu\u2019une d\u00e9duction fiscale \u00e9tait possible lorsque l&rsquo;on poss\u00e8de un cr\u00e9dit priv\u00e9. Qu\u2019en est-il r\u00e9ellement et comment se passe la fiscalit\u00e9 du cr\u00e9dit priv\u00e9&nbsp;en Suisse ? Petit zoom sur le sujet afin d\u2019en apprendre davantage et surtout de vous faire \u00e9conomiser des imp\u00f4ts lorsque c&rsquo;est possible ! La possibilit\u00e9 d\u2019obtenir une d\u00e9duction [&hellip;]<\/p>\n","protected":false},"author":8,"featured_media":27914,"comment_status":"closed","ping_status":"closed","sticky":false,"template":"","format":"standard","meta":{"footnotes":""},"categories":[21],"tags":[],"class_list":["post-14902","post","type-post","status-publish","format-standard","has-post-thumbnail","hentry","category-credit-personnel"],"_yoast_wpseo_focuskw":"Fiscalit\u00e9 du cr\u00e9dit priv\u00e9","_yoast_wpseo_title":"La fiscalit\u00e9 du cr\u00e9dit priv\u00e9 en Suisse permet des \u00e9conomies","_yoast_wpseo_metadesc":"Pour comprendre la fiscalit\u00e9 du cr\u00e9dit priv\u00e9 en Suisse, Lica vous d\u00e9tail comment d\u00e9clarer vos pr\u00eats et \u00e9conomiser sur vos imp\u00f4ts.","yoast_head":"<!-- This site is optimized with the Yoast SEO plugin v27.5 - https:\/\/yoast.com\/product\/yoast-seo-wordpress\/ -->\n<title>La fiscalit\u00e9 du cr\u00e9dit priv\u00e9 en Suisse permet des \u00e9conomies<\/title>\n<meta name=\"description\" content=\"Pour comprendre la fiscalit\u00e9 du cr\u00e9dit priv\u00e9 en Suisse, Lica vous d\u00e9tail comment d\u00e9clarer vos pr\u00eats et \u00e9conomiser sur vos imp\u00f4ts.\" \/>\n<meta name=\"robots\" content=\"index, follow, max-snippet:-1, max-image-preview:large, max-video-preview:-1\" \/>\n<link rel=\"canonical\" href=\"https:\/\/www.lica.ch\/it\/credito-privato\/come-funziona-la-fiscalita-del-credito-privato-in-svizzera\/\" \/>\n<meta property=\"og:locale\" content=\"it_IT\" \/>\n<meta property=\"og:type\" content=\"article\" \/>\n<meta property=\"og:title\" content=\"La fiscalit\u00e9 du cr\u00e9dit priv\u00e9 en Suisse permet des \u00e9conomies\" \/>\n<meta property=\"og:description\" content=\"Pour comprendre la fiscalit\u00e9 du cr\u00e9dit priv\u00e9 en Suisse, Lica vous d\u00e9tail comment d\u00e9clarer vos pr\u00eats et \u00e9conomiser sur vos imp\u00f4ts.\" \/>\n<meta property=\"og:url\" content=\"https:\/\/www.lica.ch\/it\/credito-privato\/come-funziona-la-fiscalita-del-credito-privato-in-svizzera\/\" \/>\n<meta property=\"og:site_name\" content=\"Lica cr\u00e9dit priv\u00e9\" \/>\n<meta property=\"article:publisher\" content=\"https:\/\/www.facebook.com\/lica.suisse\/\" \/>\n<meta property=\"article:published_time\" content=\"2022-10-18T14:20:55+00:00\" \/>\n<meta property=\"article:modified_time\" content=\"2025-12-10T17:42:08+00:00\" \/>\n<meta property=\"og:image\" content=\"https:\/\/www.lica.ch\/wp-content\/uploads\/2021\/10\/Fiscalite-du-credit-prive_IMA.webp\" \/>\n\t<meta property=\"og:image:width\" content=\"1000\" \/>\n\t<meta property=\"og:image:height\" content=\"650\" \/>\n\t<meta property=\"og:image:type\" content=\"image\/webp\" \/>\n<meta name=\"author\" content=\"writer-login\" \/>\n<meta name=\"twitter:card\" content=\"summary_large_image\" \/>\n<script type=\"application\/ld+json\" class=\"yoast-schema-graph\">{\"@context\":\"https:\\\/\\\/schema.org\",\"@graph\":[{\"@type\":\"Article\",\"@id\":\"https:\\\/\\\/www.lica.ch\\\/credit-personnel\\\/comment-fonctionne-la-fiscalite-du-credit-prive-en-suisse\\\/#article\",\"isPartOf\":{\"@id\":\"https:\\\/\\\/www.lica.ch\\\/credit-personnel\\\/comment-fonctionne-la-fiscalite-du-credit-prive-en-suisse\\\/\"},\"author\":{\"name\":\"writer-login\",\"@id\":\"https:\\\/\\\/www.lica.ch\\\/en\\\/#\\\/schema\\\/person\\\/43f9fd6c0991b2ea4e0ce88a7472a04c\"},\"headline\":\"Comment fonctionne la fiscalit\u00e9 du cr\u00e9dit priv\u00e9 en Suisse ?\",\"datePublished\":\"2022-10-18T14:20:55+00:00\",\"dateModified\":\"2025-12-10T17:42:08+00:00\",\"mainEntityOfPage\":{\"@id\":\"https:\\\/\\\/www.lica.ch\\\/credit-personnel\\\/comment-fonctionne-la-fiscalite-du-credit-prive-en-suisse\\\/\"},\"wordCount\":1342,\"publisher\":{\"@id\":\"https:\\\/\\\/www.lica.ch\\\/en\\\/#organization\"},\"image\":{\"@id\":\"https:\\\/\\\/www.lica.ch\\\/credit-personnel\\\/comment-fonctionne-la-fiscalite-du-credit-prive-en-suisse\\\/#primaryimage\"},\"thumbnailUrl\":\"https:\\\/\\\/www.lica.ch\\\/wp-content\\\/uploads\\\/2021\\\/10\\\/Fiscalite-du-credit-prive_IMA.webp\",\"articleSection\":[\"Cr\u00e9dit personnel\"],\"inLanguage\":\"it-IT\"},{\"@type\":\"WebPage\",\"@id\":\"https:\\\/\\\/www.lica.ch\\\/credit-personnel\\\/comment-fonctionne-la-fiscalite-du-credit-prive-en-suisse\\\/\",\"url\":\"https:\\\/\\\/www.lica.ch\\\/credit-personnel\\\/comment-fonctionne-la-fiscalite-du-credit-prive-en-suisse\\\/\",\"name\":\"La fiscalit\u00e9 du cr\u00e9dit priv\u00e9 en Suisse permet des \u00e9conomies\",\"isPartOf\":{\"@id\":\"https:\\\/\\\/www.lica.ch\\\/en\\\/#website\"},\"primaryImageOfPage\":{\"@id\":\"https:\\\/\\\/www.lica.ch\\\/credit-personnel\\\/comment-fonctionne-la-fiscalite-du-credit-prive-en-suisse\\\/#primaryimage\"},\"image\":{\"@id\":\"https:\\\/\\\/www.lica.ch\\\/credit-personnel\\\/comment-fonctionne-la-fiscalite-du-credit-prive-en-suisse\\\/#primaryimage\"},\"thumbnailUrl\":\"https:\\\/\\\/www.lica.ch\\\/wp-content\\\/uploads\\\/2021\\\/10\\\/Fiscalite-du-credit-prive_IMA.webp\",\"datePublished\":\"2022-10-18T14:20:55+00:00\",\"dateModified\":\"2025-12-10T17:42:08+00:00\",\"description\":\"Pour comprendre la fiscalit\u00e9 du cr\u00e9dit priv\u00e9 en Suisse, Lica vous d\u00e9tail comment d\u00e9clarer vos pr\u00eats et \u00e9conomiser sur vos imp\u00f4ts.\",\"breadcrumb\":{\"@id\":\"https:\\\/\\\/www.lica.ch\\\/credit-personnel\\\/comment-fonctionne-la-fiscalite-du-credit-prive-en-suisse\\\/#breadcrumb\"},\"inLanguage\":\"it-IT\",\"potentialAction\":[{\"@type\":\"ReadAction\",\"target\":[\"https:\\\/\\\/www.lica.ch\\\/credit-personnel\\\/comment-fonctionne-la-fiscalite-du-credit-prive-en-suisse\\\/\"]}]},{\"@type\":\"ImageObject\",\"inLanguage\":\"it-IT\",\"@id\":\"https:\\\/\\\/www.lica.ch\\\/credit-personnel\\\/comment-fonctionne-la-fiscalite-du-credit-prive-en-suisse\\\/#primaryimage\",\"url\":\"https:\\\/\\\/www.lica.ch\\\/wp-content\\\/uploads\\\/2021\\\/10\\\/Fiscalite-du-credit-prive_IMA.webp\",\"contentUrl\":\"https:\\\/\\\/www.lica.ch\\\/wp-content\\\/uploads\\\/2021\\\/10\\\/Fiscalite-du-credit-prive_IMA.webp\",\"width\":1000,\"height\":650,\"caption\":\"Fiscalit\u00e9 du cr\u00e9dit priv\u00e9\"},{\"@type\":\"BreadcrumbList\",\"@id\":\"https:\\\/\\\/www.lica.ch\\\/credit-personnel\\\/comment-fonctionne-la-fiscalite-du-credit-prive-en-suisse\\\/#breadcrumb\",\"itemListElement\":[{\"@type\":\"ListItem\",\"position\":1,\"name\":\"Accueil\",\"item\":\"https:\\\/\\\/www.lica.ch\\\/\"},{\"@type\":\"ListItem\",\"position\":2,\"name\":\"Comment fonctionne la fiscalit\u00e9 du cr\u00e9dit priv\u00e9 en Suisse ?\"}]},{\"@type\":\"WebSite\",\"@id\":\"https:\\\/\\\/www.lica.ch\\\/en\\\/#website\",\"url\":\"https:\\\/\\\/www.lica.ch\\\/en\\\/\",\"name\":\"Lica\",\"description\":\"Cr\u00e9dit priv\u00e9\",\"publisher\":{\"@id\":\"https:\\\/\\\/www.lica.ch\\\/en\\\/#organization\"},\"alternateName\":\"Lica\",\"potentialAction\":[{\"@type\":\"SearchAction\",\"target\":{\"@type\":\"EntryPoint\",\"urlTemplate\":\"https:\\\/\\\/www.lica.ch\\\/en\\\/?s={search_term_string}\"},\"query-input\":{\"@type\":\"PropertyValueSpecification\",\"valueRequired\":true,\"valueName\":\"search_term_string\"}}],\"inLanguage\":\"it-IT\"},{\"@type\":\"Organization\",\"@id\":\"https:\\\/\\\/www.lica.ch\\\/en\\\/#organization\",\"name\":\"Lica\",\"alternateName\":\"Lica\",\"url\":\"https:\\\/\\\/www.lica.ch\\\/en\\\/\",\"logo\":{\"@type\":\"ImageObject\",\"inLanguage\":\"it-IT\",\"@id\":\"https:\\\/\\\/www.lica.ch\\\/en\\\/#\\\/schema\\\/logo\\\/image\\\/\",\"url\":\"https:\\\/\\\/www.lica.ch\\\/wp-content\\\/uploads\\\/2025\\\/10\\\/Logo_Yoast_Jaune_696x696.webp\",\"contentUrl\":\"https:\\\/\\\/www.lica.ch\\\/wp-content\\\/uploads\\\/2025\\\/10\\\/Logo_Yoast_Jaune_696x696.webp\",\"width\":696,\"height\":696,\"caption\":\"Lica\"},\"image\":{\"@id\":\"https:\\\/\\\/www.lica.ch\\\/en\\\/#\\\/schema\\\/logo\\\/image\\\/\"},\"sameAs\":[\"https:\\\/\\\/www.facebook.com\\\/lica.suisse\\\/\",\"https:\\\/\\\/ch.linkedin.com\\\/company\\\/lica-cr\u00e9dit\",\"https:\\\/\\\/www.tiktok.com\\\/@lica.ch\",\"https:\\\/\\\/www.instagram.com\\\/licacredit\\\/\"]},{\"@type\":\"Person\",\"@id\":\"https:\\\/\\\/www.lica.ch\\\/en\\\/#\\\/schema\\\/person\\\/43f9fd6c0991b2ea4e0ce88a7472a04c\",\"name\":\"writer-login\",\"image\":{\"@type\":\"ImageObject\",\"inLanguage\":\"it-IT\",\"@id\":\"https:\\\/\\\/secure.gravatar.com\\\/avatar\\\/d4854fc4223da2b976f9705ce04407a3e99c4bf956d6190ffef0815d95f87bef?s=96&d=mm&r=g\",\"url\":\"https:\\\/\\\/secure.gravatar.com\\\/avatar\\\/d4854fc4223da2b976f9705ce04407a3e99c4bf956d6190ffef0815d95f87bef?s=96&d=mm&r=g\",\"contentUrl\":\"https:\\\/\\\/secure.gravatar.com\\\/avatar\\\/d4854fc4223da2b976f9705ce04407a3e99c4bf956d6190ffef0815d95f87bef?s=96&d=mm&r=g\",\"caption\":\"writer-login\"}}]}<\/script>\n<!-- \/ Yoast SEO plugin. -->","yoast_head_json":{"title":"La fiscalit\u00e0 del credito privato in Svizzera consente di risparmiare","description":"Lica ti spiega come dichiarare correttamente un credito privato in Svizzera e risparmiare sulle tasse.","robots":{"index":"index","follow":"follow","max-snippet":"max-snippet:-1","max-image-preview":"max-image-preview:large","max-video-preview":"max-video-preview:-1"},"canonical":"https:\/\/www.lica.ch\/it\/credito-privato\/come-funziona-la-fiscalita-del-credito-privato-in-svizzera\/","og_locale":"it_IT","og_type":"article","og_title":"La fiscalit\u00e9 du cr\u00e9dit priv\u00e9 en Suisse permet des \u00e9conomies","og_description":"Pour comprendre la fiscalit\u00e9 du cr\u00e9dit priv\u00e9 en Suisse, Lica vous d\u00e9tail comment d\u00e9clarer vos pr\u00eats et \u00e9conomiser sur vos imp\u00f4ts.","og_url":"https:\/\/www.lica.ch\/it\/credito-privato\/come-funziona-la-fiscalita-del-credito-privato-in-svizzera\/","og_site_name":"Lica cr\u00e9dit priv\u00e9","article_publisher":"https:\/\/www.facebook.com\/lica.suisse\/","article_published_time":"2022-10-18T14:20:55+00:00","article_modified_time":"2025-12-10T17:42:08+00:00","og_image":[{"width":1000,"height":650,"url":"https:\/\/www.lica.ch\/wp-content\/uploads\/2021\/10\/Fiscalite-du-credit-prive_IMA.webp","type":"image\/webp"}],"author":"writer-login","twitter_card":"summary_large_image","schema":{"@context":"https:\/\/schema.org","@graph":[{"@type":"Article","@id":"https:\/\/www.lica.ch\/credit-personnel\/comment-fonctionne-la-fiscalite-du-credit-prive-en-suisse\/#article","isPartOf":{"@id":"https:\/\/www.lica.ch\/credit-personnel\/comment-fonctionne-la-fiscalite-du-credit-prive-en-suisse\/"},"author":{"name":"writer-login","@id":"https:\/\/www.lica.ch\/en\/#\/schema\/person\/43f9fd6c0991b2ea4e0ce88a7472a04c"},"headline":"Comment fonctionne la fiscalit\u00e9 du cr\u00e9dit priv\u00e9 en Suisse ?","datePublished":"2022-10-18T14:20:55+00:00","dateModified":"2025-12-10T17:42:08+00:00","mainEntityOfPage":{"@id":"https:\/\/www.lica.ch\/credit-personnel\/comment-fonctionne-la-fiscalite-du-credit-prive-en-suisse\/"},"wordCount":1342,"publisher":{"@id":"https:\/\/www.lica.ch\/en\/#organization"},"image":{"@id":"https:\/\/www.lica.ch\/credit-personnel\/comment-fonctionne-la-fiscalite-du-credit-prive-en-suisse\/#primaryimage"},"thumbnailUrl":"https:\/\/www.lica.ch\/wp-content\/uploads\/2021\/10\/Fiscalite-du-credit-prive_IMA.webp","articleSection":["Cr\u00e9dit personnel"],"inLanguage":"it-IT"},{"@type":"WebPage","@id":"https:\/\/www.lica.ch\/credit-personnel\/comment-fonctionne-la-fiscalite-du-credit-prive-en-suisse\/","url":"https:\/\/www.lica.ch\/credit-personnel\/comment-fonctionne-la-fiscalite-du-credit-prive-en-suisse\/","name":"La fiscalit\u00e0 del credito privato in Svizzera consente di risparmiare","isPartOf":{"@id":"https:\/\/www.lica.ch\/en\/#website"},"primaryImageOfPage":{"@id":"https:\/\/www.lica.ch\/credit-personnel\/comment-fonctionne-la-fiscalite-du-credit-prive-en-suisse\/#primaryimage"},"image":{"@id":"https:\/\/www.lica.ch\/credit-personnel\/comment-fonctionne-la-fiscalite-du-credit-prive-en-suisse\/#primaryimage"},"thumbnailUrl":"https:\/\/www.lica.ch\/wp-content\/uploads\/2021\/10\/Fiscalite-du-credit-prive_IMA.webp","datePublished":"2022-10-18T14:20:55+00:00","dateModified":"2025-12-10T17:42:08+00:00","description":"Lica ti spiega come dichiarare correttamente un credito privato in Svizzera e risparmiare sulle tasse.","breadcrumb":{"@id":"https:\/\/www.lica.ch\/credit-personnel\/comment-fonctionne-la-fiscalite-du-credit-prive-en-suisse\/#breadcrumb"},"inLanguage":"it-IT","potentialAction":[{"@type":"ReadAction","target":["https:\/\/www.lica.ch\/credit-personnel\/comment-fonctionne-la-fiscalite-du-credit-prive-en-suisse\/"]}]},{"@type":"ImageObject","inLanguage":"it-IT","@id":"https:\/\/www.lica.ch\/credit-personnel\/comment-fonctionne-la-fiscalite-du-credit-prive-en-suisse\/#primaryimage","url":"https:\/\/www.lica.ch\/wp-content\/uploads\/2021\/10\/Fiscalite-du-credit-prive_IMA.webp","contentUrl":"https:\/\/www.lica.ch\/wp-content\/uploads\/2021\/10\/Fiscalite-du-credit-prive_IMA.webp","width":1000,"height":650,"caption":"Fiscalit\u00e9 du cr\u00e9dit priv\u00e9"},{"@type":"BreadcrumbList","@id":"https:\/\/www.lica.ch\/credit-personnel\/comment-fonctionne-la-fiscalite-du-credit-prive-en-suisse\/#breadcrumb","itemListElement":[{"@type":"ListItem","position":1,"name":"Accueil","item":"https:\/\/www.lica.ch\/"},{"@type":"ListItem","position":2,"name":"Comment fonctionne la fiscalit\u00e9 du cr\u00e9dit priv\u00e9 en Suisse ?"}]},{"@type":"WebSite","@id":"https:\/\/www.lica.ch\/en\/#website","url":"https:\/\/www.lica.ch\/en\/","name":"Lica","description":"Credito privato","publisher":{"@id":"https:\/\/www.lica.ch\/en\/#organization"},"alternateName":"Lica","potentialAction":[{"@type":"SearchAction","target":{"@type":"EntryPoint","urlTemplate":"https:\/\/www.lica.ch\/en\/?s={search_term_string}"},"query-input":{"@type":"PropertyValueSpecification","valueRequired":true,"valueName":"search_term_string"}}],"inLanguage":"it-IT"},{"@type":"Organization","@id":"https:\/\/www.lica.ch\/en\/#organization","name":"Lica","alternateName":"Lica","url":"https:\/\/www.lica.ch\/en\/","logo":{"@type":"ImageObject","inLanguage":"it-IT","@id":"https:\/\/www.lica.ch\/en\/#\/schema\/logo\/image\/","url":"https:\/\/www.lica.ch\/wp-content\/uploads\/2025\/10\/Logo_Yoast_Jaune_696x696.webp","contentUrl":"https:\/\/www.lica.ch\/wp-content\/uploads\/2025\/10\/Logo_Yoast_Jaune_696x696.webp","width":696,"height":696,"caption":"Lica"},"image":{"@id":"https:\/\/www.lica.ch\/en\/#\/schema\/logo\/image\/"},"sameAs":["https:\/\/www.facebook.com\/lica.suisse\/","https:\/\/ch.linkedin.com\/company\/lica-cr\u00e9dit","https:\/\/www.tiktok.com\/@lica.ch","https:\/\/www.instagram.com\/licacredit\/"]},{"@type":"Person","@id":"https:\/\/www.lica.ch\/en\/#\/schema\/person\/43f9fd6c0991b2ea4e0ce88a7472a04c","name":"scrittore-login","image":{"@type":"ImageObject","inLanguage":"it-IT","@id":"https:\/\/secure.gravatar.com\/avatar\/d4854fc4223da2b976f9705ce04407a3e99c4bf956d6190ffef0815d95f87bef?s=96&d=mm&r=g","url":"https:\/\/secure.gravatar.com\/avatar\/d4854fc4223da2b976f9705ce04407a3e99c4bf956d6190ffef0815d95f87bef?s=96&d=mm&r=g","contentUrl":"https:\/\/secure.gravatar.com\/avatar\/d4854fc4223da2b976f9705ce04407a3e99c4bf956d6190ffef0815d95f87bef?s=96&d=mm&r=g","caption":"writer-login"}}]}},"_links":{"self":[{"href":"https:\/\/www.lica.ch\/it\/wp-json\/wp\/v2\/posts\/14902","targetHints":{"allow":["GET"]}}],"collection":[{"href":"https:\/\/www.lica.ch\/it\/wp-json\/wp\/v2\/posts"}],"about":[{"href":"https:\/\/www.lica.ch\/it\/wp-json\/wp\/v2\/types\/post"}],"author":[{"embeddable":true,"href":"https:\/\/www.lica.ch\/it\/wp-json\/wp\/v2\/users\/8"}],"replies":[{"embeddable":true,"href":"https:\/\/www.lica.ch\/it\/wp-json\/wp\/v2\/comments?post=14902"}],"version-history":[{"count":0,"href":"https:\/\/www.lica.ch\/it\/wp-json\/wp\/v2\/posts\/14902\/revisions"}],"wp:featuredmedia":[{"embeddable":true,"href":"https:\/\/www.lica.ch\/it\/wp-json\/wp\/v2\/media\/27914"}],"wp:attachment":[{"href":"https:\/\/www.lica.ch\/it\/wp-json\/wp\/v2\/media?parent=14902"}],"wp:term":[{"taxonomy":"category","embeddable":true,"href":"https:\/\/www.lica.ch\/it\/wp-json\/wp\/v2\/categories?post=14902"},{"taxonomy":"post_tag","embeddable":true,"href":"https:\/\/www.lica.ch\/it\/wp-json\/wp\/v2\/tags?post=14902"}],"curies":[{"name":"wp","href":"https:\/\/api.w.org\/{rel}","templated":true}]}}