{"id":15054,"date":"2025-09-15T17:48:32","date_gmt":"2025-09-15T15:48:32","guid":{"rendered":"https:\/\/lica.ch\/?p=15054"},"modified":"2026-03-15T14:04:36","modified_gmt":"2026-03-15T13:04:36","slug":"assicurazione-sulle-rate-del-credito","status":"publish","type":"post","link":"https:\/\/www.lica.ch\/it\/assurance-mensualites\/assurance-des-mensualites-du-credit\/","title":{"rendered":"L\u2019assicurazione delle rate del credito per proteggere il tuo reddito"},"content":{"rendered":"<p>Quando si ottiene <a href=\"https:\/\/www.lica.ch\/it\/\">un prestito<\/a>, Quando si parla di credito, \u00e8 importante essere in grado di rimborsare il prestito nonostante gli alti e bassi della vita. I mutuatari possono essere soggetti a <a href=\"https:\/\/www.lica.ch\/it\/assicurazione-complementare-disoccupazione\/\">un caso di disoccupazione<\/a>, Se non siete in grado di lavorare a causa di un infortunio o di una malattia. Con l'assicurazione dei pagamenti mensili, potete proteggere il vostro stipendio in qualsiasi circostanza!<\/p>\n\n\n\n<h2 class=\"wp-block-heading\">Assicurazione del pagamento mensile per non lasciare nulla al caso!<\/h2>\n\n\n\n<p>Gli imprevisti fanno parte della vita ed \u00e8 importante sapere quali coperture sono disponibili per soddisfare le proprie esigenze. Anche se facoltativa, l'assicurazione sul rimborso mensile \u00e8 di vitale importanza, in quanto protegge i mutuatari da potenziali sconvolgimenti come <a href=\"https:\/\/www.lica.ch\/it\/assicurazione-complementare-disoccupazione\/\">inabilit\u00e0 al lavoro per malattia o infortunio e disoccupazione<\/a> ad esempio. I pagamenti mensili del credito sono quindi coperti in base ai termini del contratto.<\/p>\n\n\n\n<h2 class=\"wp-block-heading\">Perch\u00e9 assicurare il prestito?<\/h2>\n\n\n\n<p>In caso di disoccupazione, se sono assicurati per legge 70% dell'ultimo stipendio, con un reddito mensile di CHF 5\u2019000.- si ha una perdita di CHF 1\u2019500.- al mese. Tuttavia, i costi fissi quotidiani rimangono invariati! In caso di malattia, in alcuni casi le lacune possono essere ancora maggiori, non lasciando alcun margine per continuare a pagare le bollette o i contributi sociali. <a href=\"https:\/\/www.lica.ch\/it\/demande-de-credit-prive-en-ligne\/\">pagamenti mensili del credito<\/a>.  <\/p>\n\n\n\n<blockquote class=\"wp-block-quote is-layout-flow wp-block-quote-is-layout-flow\">\n<p>Sapevate che a partire da CHF 1,- al giorno, potete mantenere il vostro stipendio a prescindere da tutto?<\/p>\n<\/blockquote>\n\n\n\n<p>Per sapere esattamente l'entit\u00e0 dell'indennizzo che riceverete in caso di disoccupazione, potete sempre effettuare una simulazione. <a href=\"https:\/\/caissechomage.unia.ch\/services\/calculateur\" target=\"_blank\" rel=\"noreferrer noopener\">sul sito web di UNIA<\/a>.<\/p>\n\n\n\n<h2 class=\"wp-block-heading\">Che cos'\u00e8 l'assicurazione di protezione dei pagamenti?<\/h2>\n\n\n\n<p>L'assicurazione di protezione dei pagamenti \u00e8 un'opzione disponibile quando <a href=\"https:\/\/www.lica.ch\/it\/demande-de-credit-prive-en-ligne\/\">richiedere un prestito privato<\/a>. Siete liberi di scegliere se sottoscrivere o meno questa assicurazione di protezione dei pagamenti. Tuttavia, dovete sapere che l'assicurazione di protezione dei pagamenti garantir\u00e0 il rimborso dei vostri prestiti e la copertura dei vostri pagamenti mensili in caso di sinistro.  <\/p>\n\n\n\n<p>Purtroppo, i lavoratori autonomi, i frontalieri e i pensionati non possono beneficiare di questa assicurazione.<\/p>\n\n\n\n<h2 class=\"wp-block-heading\">Cosa devo fare se ho gi\u00e0 un credito ma non ho un'assicurazione per il pagamento mensile?<\/h2>\n\n\n\n<p>Niente panico! <a class=\"lien-blog\" href=\"https:\/\/www.lica.ch\/it\/\" target=\"_blank\" rel=\"noreferrer noopener\">Lica<\/a> vi offre una soluzione esclusiva che potete facilmente inserire nel vostro budget e proteggervi finanziariamente.<\/p>\n\n\n\n<p>Siete liberi di iniziare o annullare il vostro contratto di assicurazione con pagamento mensile in qualsiasi momento. Inoltre, potete, <a class=\"lien-blog\" href=\"https:\/\/www.lica.ch\/it\/assicurazione-complementare-disoccupazione\/\" target=\"_blank\" rel=\"noreferrer noopener\">la nostra soluzione<\/a> non \u00e8 soggetta a un questionario medico. Potete quindi godere di un'eccellente protezione indipendentemente dalla vostra situazione attuale.<\/p>\n\n\n\n<h2 class=\"wp-block-heading\">Assicurare i propri rimborsi mensili \u00e8 un buon modo per pianificare il proprio budget<\/h2>\n\n\n\n<p>L'assicurazione di protezione dei pagamenti \u00e8 uno strumento fondamentale per la pianificazione del vostro budget. Certo, pu\u00f2 rappresentare un costo non necessariamente previsto, ma in caso di sinistro sarete molto contenti di averla stipulata.  <\/p>\n\n\n\n<h3 class=\"wp-block-heading\">Quanto costa l'assicurazione di protezione dei pagamenti?<\/h3>\n\n\n\n<p>Il premio dell'assicurazione per pagamenti mensili varia, ovviamente, a seconda dell'importo che si desidera assicurare (gli indennizzi). L'assicurazione di pagamento mensile inizia con un premio di CHF 23,85, equivalente a un indennizzo di CHF 300.- al mese. Ad esempio, per un indennizzo mensile di CHF 1\u2019200.-, il premio sar\u00e0 di CHF 95.40. <\/p>\n\n\n\n<p>Durante il <a href=\"https:\/\/www.lica.ch\/it\/assicurazione-complementare-disoccupazione\/\">abbonamento<\/a> Per assicurare i vostri rimborsi mensili, dovete innanzitutto definire l'importo dei vostri impegni di prestito. Se avete un affitto di CHF 1\u2019500.- e un prestito con una rata mensile di CHF 300.-, dovreste optare per una rata mensile assicurata di CHF 1\u2019800.-.<\/p>\n\n\n\n<p>La buona notizia \u00e8 che, con o senza credito, potete abbonarvi a <a href=\"https:\/\/www.lica.ch\/it\/assicurazione-complementare-disoccupazione\/\">assicurazione complementare di disoccupazione<\/a> e garantire il vostro reddito in caso di perdita involontaria del lavoro, malattia o infortunio.<\/p>\n\n\n\n<h2 class=\"wp-block-heading\">Quali sono le condizioni per stipulare un'assicurazione di pagamento mensile?<\/h2>\n\n\n\n<p>L'assicurazione dei pagamenti mensili non \u00e8 automaticamente associata alla <a href=\"https:\/\/www.lica.ch\/it\/\">credito privato<\/a>. Chiunque pu\u00f2 quindi stipulare questa assicurazione per garantire la propria situazione finanziaria. Per beneficiare di questa assicurazione, ecco i punti da tenere in considerazione:<\/p>\n\n\n\n<ul class=\"wp-block-list\">\n<li>\u00c8 necessario aver lavorato almeno 30 ore alla settimana negli ultimi 12 mesi.<\/li>\n\n\n\n<li>Negli ultimi 12 mesi, non dovete essere stati assenti per malattia o infortunio per pi\u00f9 di 20 giorni.<\/li>\n\n\n\n<li>Inoltre, non dovete essere stati licenziati o essere a conoscenza del fatto che state per essere licenziati.<\/li>\n<\/ul>\n\n\n\n<h2 class=\"wp-block-heading\">Cosa succede se il mio contratto di credito viene annullato?<\/h2>\n\n\n\n<p>In Svizzera, avete la possibilit\u00e0 di prelevare da un <a class=\"lien-blog\" href=\"https:\/\/www.lica.ch\/it\/credito-privato-2\/come-funziona-il-credito-privato-in-svizzera\/\" target=\"_blank\" rel=\"noreferrer noopener\">contratto di credito<\/a> a determinate condizioni. Nel caso del credito al consumo, ad esempio, potrebbe essere cancellato in caso di rimborso anticipato. Nel caso del credito ipotecario, potrebbe essere cancellata in caso di vendita dell'immobile. Cosa succede alla mia assicurazione?<\/p>\n\n\n\n<p>La grande forza della soluzione proposta da <a href=\"https:\/\/www.lica.ch\/it\/\">Lica <\/a>\u00e8 che il vostro contratto non \u00e8 direttamente legato a un prestito. Siete quindi liberi di annullarlo in qualsiasi momento! <\/p>\n\n\n\n<h2 class=\"wp-block-heading\">E in caso di morte...<\/h2>\n\n\n\n<p>La situazione al momento del decesso varia a seconda del tipo di prestito e degli impegni di ogni persona. Anche la situazione ereditaria personale deve essere presa in considerazione. <\/p>\n\n\n\n<p>Questo aspetto viene quindi affrontato su base individuale con <a href=\"https:\/\/www.lica.ch\/it\/credito-privato-in-svizzera\/\" type=\"link\" id=\"https:\/\/www.lica.ch\/credit-prive-en-suisse\/\">il vostro consulente Lica<\/a> al momento della sottoscrizione di un prestito. Potete anche rivolgervi ai nostri specialisti immobiliari, che risponderanno gratuitamente a tutte le vostre domande.<\/p>\n\n\n\n<h2 class=\"wp-block-heading\">La nostra conclusione sull'assicurazione per il pagamento mensile <\/h2>\n\n\n\n<p>La nostra esperienza e passione nel campo della <a href=\"https:\/\/www.lica.ch\/it\/\">credito privato<\/a> ci ha immediatamente indirizzato verso soluzioni di protezione dei pagamenti per i nostri clienti. Sebbene sia molto importante, la creazione di un'assicurazione di protezione dei pagamenti dipende dalla situazione personale di ciascuno. Ecco perch\u00e9, <a class=\"lien-blog\" href=\"https:\/\/www.lica.ch\/it\/\" target=\"_blank\" rel=\"noreferrer noopener\">Lica <\/a>In ogni caso, viene incoraggiato un approccio personalizzato alla questione del credito e della gestione del rischio. <a href=\"https:\/\/www.lica.ch\/it\/assicurazione-complementare-disoccupazione\/\">assicurazione complementare di disoccupazione<\/a>. <\/p>\n\n\n\n<p>Prima di stipulare un'assicurazione, \u00e8 bene dedicare un po' di tempo al proprio consulente Lica per fare il punto della situazione. Una volta determinate le vostre esigenze, sar\u00e0 molto facile prendere la decisione giusta per proteggervi finanziariamente in qualsiasi caso. <\/p>\n\n\n\n<p>Ora che sapete come funziona l'assicurazione di protezione dei pagamenti, non vi resta che fare domanda. Con <a href=\"https:\/\/www.lica.ch\/it\/\">Lica<\/a> \u00e8 semplice, veloce ed efficiente! S\u00ec, fate la vostra richiesta online in meno di 2 minuti e poi i nostri team specializzati faranno il lavoro per voi. Questo vi fa risparmiare tempo e denaro!<\/p>","protected":false},"excerpt":{"rendered":"<p>Lorsque l\u2019on obtient un pr\u00eat, il est important d\u2019\u00eatre en mesure de rembourser son cr\u00e9dit malgr\u00e9 tous les al\u00e9as de la vie. L\u2019emprunteur peut \u00eatre sujet \u00e0 un cas de ch\u00f4mage, un arr\u00eat de travail suite \u00e0 un accident ou une maladie. Avec une assurance des mensualit\u00e9s, vous prot\u00e9gez votre salaire quoi qu&rsquo;il arrive ! [&hellip;]<\/p>\n","protected":false},"author":8,"featured_media":27690,"comment_status":"closed","ping_status":"closed","sticky":false,"template":"","format":"standard","meta":{"footnotes":""},"categories":[48],"tags":[],"class_list":["post-15054","post","type-post","status-publish","format-standard","has-post-thumbnail","hentry","category-assurance-mensualites"],"_yoast_wpseo_focuskw":"Assurance des mensualit\u00e9s","_yoast_wpseo_title":"L'assurance des mensualit\u00e9s de cr\u00e9dit prot\u00e8ge votre patrimoine","_yoast_wpseo_metadesc":"Avec une assurance des mensualit\u00e9s vos emprunts sont assur\u00e9s quoi qu'il arrive. Perte d'emploi, maladie, accident ou d\u00e9c\u00e8s !","yoast_head":"<!-- This site is optimized with the Yoast SEO plugin v27.5 - https:\/\/yoast.com\/product\/yoast-seo-wordpress\/ -->\n<title>L&#039;assurance des mensualit\u00e9s de cr\u00e9dit prot\u00e8ge votre patrimoine<\/title>\n<meta name=\"description\" content=\"Avec une assurance des mensualit\u00e9s vos emprunts sont assur\u00e9s quoi qu&#039;il arrive. Perte d&#039;emploi, maladie, accident ou d\u00e9c\u00e8s !\" \/>\n<meta name=\"robots\" content=\"index, follow, max-snippet:-1, max-image-preview:large, max-video-preview:-1\" \/>\n<link rel=\"canonical\" href=\"https:\/\/www.lica.ch\/it\/assicurazione-sulle-rate\/assicurazione-sulle-rate-del-credito\/\" \/>\n<meta property=\"og:locale\" content=\"it_IT\" \/>\n<meta property=\"og:type\" content=\"article\" \/>\n<meta property=\"og:title\" content=\"L&#039;assurance des mensualit\u00e9s de cr\u00e9dit prot\u00e8ge votre patrimoine\" \/>\n<meta property=\"og:description\" content=\"Avec une assurance des mensualit\u00e9s vos emprunts sont assur\u00e9s quoi qu&#039;il arrive. Perte d&#039;emploi, maladie, accident ou d\u00e9c\u00e8s !\" \/>\n<meta property=\"og:url\" content=\"https:\/\/www.lica.ch\/it\/assicurazione-sulle-rate\/assicurazione-sulle-rate-del-credito\/\" \/>\n<meta property=\"og:site_name\" content=\"Lica cr\u00e9dit priv\u00e9\" \/>\n<meta property=\"article:publisher\" content=\"https:\/\/www.facebook.com\/lica.suisse\/\" \/>\n<meta property=\"article:published_time\" content=\"2025-09-15T15:48:32+00:00\" \/>\n<meta property=\"article:modified_time\" content=\"2026-03-15T13:04:36+00:00\" \/>\n<meta property=\"og:image\" content=\"https:\/\/www.lica.ch\/wp-content\/uploads\/2025\/10\/Assurance-des-mensualites_IMA.webp\" \/>\n\t<meta property=\"og:image:width\" content=\"1000\" \/>\n\t<meta property=\"og:image:height\" content=\"650\" \/>\n\t<meta property=\"og:image:type\" content=\"image\/webp\" \/>\n<meta name=\"author\" content=\"writer-login\" \/>\n<meta name=\"twitter:card\" content=\"summary_large_image\" \/>\n<script type=\"application\/ld+json\" class=\"yoast-schema-graph\">{\"@context\":\"https:\\\/\\\/schema.org\",\"@graph\":[{\"@type\":\"Article\",\"@id\":\"https:\\\/\\\/www.lica.ch\\\/assurance-mensualites\\\/assurance-des-mensualites-du-credit\\\/#article\",\"isPartOf\":{\"@id\":\"https:\\\/\\\/www.lica.ch\\\/assurance-mensualites\\\/assurance-des-mensualites-du-credit\\\/\"},\"author\":{\"name\":\"writer-login\",\"@id\":\"https:\\\/\\\/www.lica.ch\\\/en\\\/#\\\/schema\\\/person\\\/43f9fd6c0991b2ea4e0ce88a7472a04c\"},\"headline\":\"L\u2019assurance des mensualit\u00e9s du cr\u00e9dit pour prot\u00e9ger ses revenus\",\"datePublished\":\"2025-09-15T15:48:32+00:00\",\"dateModified\":\"2026-03-15T13:04:36+00:00\",\"mainEntityOfPage\":{\"@id\":\"https:\\\/\\\/www.lica.ch\\\/assurance-mensualites\\\/assurance-des-mensualites-du-credit\\\/\"},\"wordCount\":1181,\"publisher\":{\"@id\":\"https:\\\/\\\/www.lica.ch\\\/en\\\/#organization\"},\"image\":{\"@id\":\"https:\\\/\\\/www.lica.ch\\\/assurance-mensualites\\\/assurance-des-mensualites-du-credit\\\/#primaryimage\"},\"thumbnailUrl\":\"https:\\\/\\\/www.lica.ch\\\/wp-content\\\/uploads\\\/2025\\\/10\\\/Assurance-des-mensualites_IMA.webp\",\"articleSection\":[\"Assurance mensualit\u00e9s\"],\"inLanguage\":\"it-IT\"},{\"@type\":\"WebPage\",\"@id\":\"https:\\\/\\\/www.lica.ch\\\/assurance-mensualites\\\/assurance-des-mensualites-du-credit\\\/\",\"url\":\"https:\\\/\\\/www.lica.ch\\\/assurance-mensualites\\\/assurance-des-mensualites-du-credit\\\/\",\"name\":\"L'assurance des mensualit\u00e9s de cr\u00e9dit prot\u00e8ge votre patrimoine\",\"isPartOf\":{\"@id\":\"https:\\\/\\\/www.lica.ch\\\/en\\\/#website\"},\"primaryImageOfPage\":{\"@id\":\"https:\\\/\\\/www.lica.ch\\\/assurance-mensualites\\\/assurance-des-mensualites-du-credit\\\/#primaryimage\"},\"image\":{\"@id\":\"https:\\\/\\\/www.lica.ch\\\/assurance-mensualites\\\/assurance-des-mensualites-du-credit\\\/#primaryimage\"},\"thumbnailUrl\":\"https:\\\/\\\/www.lica.ch\\\/wp-content\\\/uploads\\\/2025\\\/10\\\/Assurance-des-mensualites_IMA.webp\",\"datePublished\":\"2025-09-15T15:48:32+00:00\",\"dateModified\":\"2026-03-15T13:04:36+00:00\",\"description\":\"Avec une assurance des mensualit\u00e9s vos emprunts sont assur\u00e9s quoi qu'il arrive. Perte d'emploi, maladie, accident ou d\u00e9c\u00e8s !\",\"breadcrumb\":{\"@id\":\"https:\\\/\\\/www.lica.ch\\\/assurance-mensualites\\\/assurance-des-mensualites-du-credit\\\/#breadcrumb\"},\"inLanguage\":\"it-IT\",\"potentialAction\":[{\"@type\":\"ReadAction\",\"target\":[\"https:\\\/\\\/www.lica.ch\\\/assurance-mensualites\\\/assurance-des-mensualites-du-credit\\\/\"]}]},{\"@type\":\"ImageObject\",\"inLanguage\":\"it-IT\",\"@id\":\"https:\\\/\\\/www.lica.ch\\\/assurance-mensualites\\\/assurance-des-mensualites-du-credit\\\/#primaryimage\",\"url\":\"https:\\\/\\\/www.lica.ch\\\/wp-content\\\/uploads\\\/2025\\\/10\\\/Assurance-des-mensualites_IMA.webp\",\"contentUrl\":\"https:\\\/\\\/www.lica.ch\\\/wp-content\\\/uploads\\\/2025\\\/10\\\/Assurance-des-mensualites_IMA.webp\",\"width\":1000,\"height\":650,\"caption\":\"Assurance des mensualit\u00e9s\"},{\"@type\":\"BreadcrumbList\",\"@id\":\"https:\\\/\\\/www.lica.ch\\\/assurance-mensualites\\\/assurance-des-mensualites-du-credit\\\/#breadcrumb\",\"itemListElement\":[{\"@type\":\"ListItem\",\"position\":1,\"name\":\"Accueil\",\"item\":\"https:\\\/\\\/www.lica.ch\\\/\"},{\"@type\":\"ListItem\",\"position\":2,\"name\":\"L\u2019assurance des mensualit\u00e9s du cr\u00e9dit pour prot\u00e9ger ses revenus\"}]},{\"@type\":\"WebSite\",\"@id\":\"https:\\\/\\\/www.lica.ch\\\/en\\\/#website\",\"url\":\"https:\\\/\\\/www.lica.ch\\\/en\\\/\",\"name\":\"Lica\",\"description\":\"Cr\u00e9dit priv\u00e9\",\"publisher\":{\"@id\":\"https:\\\/\\\/www.lica.ch\\\/en\\\/#organization\"},\"alternateName\":\"Lica\",\"potentialAction\":[{\"@type\":\"SearchAction\",\"target\":{\"@type\":\"EntryPoint\",\"urlTemplate\":\"https:\\\/\\\/www.lica.ch\\\/en\\\/?s={search_term_string}\"},\"query-input\":{\"@type\":\"PropertyValueSpecification\",\"valueRequired\":true,\"valueName\":\"search_term_string\"}}],\"inLanguage\":\"it-IT\"},{\"@type\":\"Organization\",\"@id\":\"https:\\\/\\\/www.lica.ch\\\/en\\\/#organization\",\"name\":\"Lica\",\"alternateName\":\"Lica\",\"url\":\"https:\\\/\\\/www.lica.ch\\\/en\\\/\",\"logo\":{\"@type\":\"ImageObject\",\"inLanguage\":\"it-IT\",\"@id\":\"https:\\\/\\\/www.lica.ch\\\/en\\\/#\\\/schema\\\/logo\\\/image\\\/\",\"url\":\"https:\\\/\\\/www.lica.ch\\\/wp-content\\\/uploads\\\/2025\\\/10\\\/Logo_Yoast_Jaune_696x696.webp\",\"contentUrl\":\"https:\\\/\\\/www.lica.ch\\\/wp-content\\\/uploads\\\/2025\\\/10\\\/Logo_Yoast_Jaune_696x696.webp\",\"width\":696,\"height\":696,\"caption\":\"Lica\"},\"image\":{\"@id\":\"https:\\\/\\\/www.lica.ch\\\/en\\\/#\\\/schema\\\/logo\\\/image\\\/\"},\"sameAs\":[\"https:\\\/\\\/www.facebook.com\\\/lica.suisse\\\/\",\"https:\\\/\\\/ch.linkedin.com\\\/company\\\/lica-cr\u00e9dit\",\"https:\\\/\\\/www.tiktok.com\\\/@lica.ch\",\"https:\\\/\\\/www.instagram.com\\\/licacredit\\\/\"]},{\"@type\":\"Person\",\"@id\":\"https:\\\/\\\/www.lica.ch\\\/en\\\/#\\\/schema\\\/person\\\/43f9fd6c0991b2ea4e0ce88a7472a04c\",\"name\":\"writer-login\",\"image\":{\"@type\":\"ImageObject\",\"inLanguage\":\"it-IT\",\"@id\":\"https:\\\/\\\/secure.gravatar.com\\\/avatar\\\/d4854fc4223da2b976f9705ce04407a3e99c4bf956d6190ffef0815d95f87bef?s=96&d=mm&r=g\",\"url\":\"https:\\\/\\\/secure.gravatar.com\\\/avatar\\\/d4854fc4223da2b976f9705ce04407a3e99c4bf956d6190ffef0815d95f87bef?s=96&d=mm&r=g\",\"contentUrl\":\"https:\\\/\\\/secure.gravatar.com\\\/avatar\\\/d4854fc4223da2b976f9705ce04407a3e99c4bf956d6190ffef0815d95f87bef?s=96&d=mm&r=g\",\"caption\":\"writer-login\"}}]}<\/script>\n<!-- \/ Yoast SEO plugin. -->","yoast_head_json":{"title":"L\u2019assicurazione delle rate del credito protegge il tuo patrimonio","description":"Con un\u2019assicurazione sulle rate, i tuoi prestiti sono coperti in ogni circostanza: disoccupazione, malattia, infortunio o decesso!","robots":{"index":"index","follow":"follow","max-snippet":"max-snippet:-1","max-image-preview":"max-image-preview:large","max-video-preview":"max-video-preview:-1"},"canonical":"https:\/\/www.lica.ch\/it\/assicurazione-sulle-rate\/assicurazione-sulle-rate-del-credito\/","og_locale":"it_IT","og_type":"article","og_title":"L'assurance des mensualit\u00e9s de cr\u00e9dit prot\u00e8ge votre patrimoine","og_description":"Avec une assurance des mensualit\u00e9s vos emprunts sont assur\u00e9s quoi qu'il arrive. Perte d'emploi, maladie, accident ou d\u00e9c\u00e8s !","og_url":"https:\/\/www.lica.ch\/it\/assicurazione-sulle-rate\/assicurazione-sulle-rate-del-credito\/","og_site_name":"Lica cr\u00e9dit priv\u00e9","article_publisher":"https:\/\/www.facebook.com\/lica.suisse\/","article_published_time":"2025-09-15T15:48:32+00:00","article_modified_time":"2026-03-15T13:04:36+00:00","og_image":[{"width":1000,"height":650,"url":"https:\/\/www.lica.ch\/wp-content\/uploads\/2025\/10\/Assurance-des-mensualites_IMA.webp","type":"image\/webp"}],"author":"writer-login","twitter_card":"summary_large_image","schema":{"@context":"https:\/\/schema.org","@graph":[{"@type":"Article","@id":"https:\/\/www.lica.ch\/assurance-mensualites\/assurance-des-mensualites-du-credit\/#article","isPartOf":{"@id":"https:\/\/www.lica.ch\/assurance-mensualites\/assurance-des-mensualites-du-credit\/"},"author":{"name":"writer-login","@id":"https:\/\/www.lica.ch\/en\/#\/schema\/person\/43f9fd6c0991b2ea4e0ce88a7472a04c"},"headline":"L\u2019assurance des mensualit\u00e9s du cr\u00e9dit pour prot\u00e9ger ses revenus","datePublished":"2025-09-15T15:48:32+00:00","dateModified":"2026-03-15T13:04:36+00:00","mainEntityOfPage":{"@id":"https:\/\/www.lica.ch\/assurance-mensualites\/assurance-des-mensualites-du-credit\/"},"wordCount":1181,"publisher":{"@id":"https:\/\/www.lica.ch\/en\/#organization"},"image":{"@id":"https:\/\/www.lica.ch\/assurance-mensualites\/assurance-des-mensualites-du-credit\/#primaryimage"},"thumbnailUrl":"https:\/\/www.lica.ch\/wp-content\/uploads\/2025\/10\/Assurance-des-mensualites_IMA.webp","articleSection":["Assurance mensualit\u00e9s"],"inLanguage":"it-IT"},{"@type":"WebPage","@id":"https:\/\/www.lica.ch\/assurance-mensualites\/assurance-des-mensualites-du-credit\/","url":"https:\/\/www.lica.ch\/assurance-mensualites\/assurance-des-mensualites-du-credit\/","name":"L\u2019assicurazione delle rate del credito protegge il tuo patrimonio","isPartOf":{"@id":"https:\/\/www.lica.ch\/en\/#website"},"primaryImageOfPage":{"@id":"https:\/\/www.lica.ch\/assurance-mensualites\/assurance-des-mensualites-du-credit\/#primaryimage"},"image":{"@id":"https:\/\/www.lica.ch\/assurance-mensualites\/assurance-des-mensualites-du-credit\/#primaryimage"},"thumbnailUrl":"https:\/\/www.lica.ch\/wp-content\/uploads\/2025\/10\/Assurance-des-mensualites_IMA.webp","datePublished":"2025-09-15T15:48:32+00:00","dateModified":"2026-03-15T13:04:36+00:00","description":"Con un\u2019assicurazione sulle rate, i tuoi prestiti sono coperti in ogni circostanza: disoccupazione, malattia, infortunio o decesso!","breadcrumb":{"@id":"https:\/\/www.lica.ch\/assurance-mensualites\/assurance-des-mensualites-du-credit\/#breadcrumb"},"inLanguage":"it-IT","potentialAction":[{"@type":"ReadAction","target":["https:\/\/www.lica.ch\/assurance-mensualites\/assurance-des-mensualites-du-credit\/"]}]},{"@type":"ImageObject","inLanguage":"it-IT","@id":"https:\/\/www.lica.ch\/assurance-mensualites\/assurance-des-mensualites-du-credit\/#primaryimage","url":"https:\/\/www.lica.ch\/wp-content\/uploads\/2025\/10\/Assurance-des-mensualites_IMA.webp","contentUrl":"https:\/\/www.lica.ch\/wp-content\/uploads\/2025\/10\/Assurance-des-mensualites_IMA.webp","width":1000,"height":650,"caption":"Assurance des mensualit\u00e9s"},{"@type":"BreadcrumbList","@id":"https:\/\/www.lica.ch\/assurance-mensualites\/assurance-des-mensualites-du-credit\/#breadcrumb","itemListElement":[{"@type":"ListItem","position":1,"name":"Accueil","item":"https:\/\/www.lica.ch\/"},{"@type":"ListItem","position":2,"name":"L\u2019assurance des mensualit\u00e9s du cr\u00e9dit pour prot\u00e9ger ses revenus"}]},{"@type":"WebSite","@id":"https:\/\/www.lica.ch\/en\/#website","url":"https:\/\/www.lica.ch\/en\/","name":"Lica","description":"Credito privato","publisher":{"@id":"https:\/\/www.lica.ch\/en\/#organization"},"alternateName":"Lica","potentialAction":[{"@type":"SearchAction","target":{"@type":"EntryPoint","urlTemplate":"https:\/\/www.lica.ch\/en\/?s={search_term_string}"},"query-input":{"@type":"PropertyValueSpecification","valueRequired":true,"valueName":"search_term_string"}}],"inLanguage":"it-IT"},{"@type":"Organization","@id":"https:\/\/www.lica.ch\/en\/#organization","name":"Lica","alternateName":"Lica","url":"https:\/\/www.lica.ch\/en\/","logo":{"@type":"ImageObject","inLanguage":"it-IT","@id":"https:\/\/www.lica.ch\/en\/#\/schema\/logo\/image\/","url":"https:\/\/www.lica.ch\/wp-content\/uploads\/2025\/10\/Logo_Yoast_Jaune_696x696.webp","contentUrl":"https:\/\/www.lica.ch\/wp-content\/uploads\/2025\/10\/Logo_Yoast_Jaune_696x696.webp","width":696,"height":696,"caption":"Lica"},"image":{"@id":"https:\/\/www.lica.ch\/en\/#\/schema\/logo\/image\/"},"sameAs":["https:\/\/www.facebook.com\/lica.suisse\/","https:\/\/ch.linkedin.com\/company\/lica-cr\u00e9dit","https:\/\/www.tiktok.com\/@lica.ch","https:\/\/www.instagram.com\/licacredit\/"]},{"@type":"Person","@id":"https:\/\/www.lica.ch\/en\/#\/schema\/person\/43f9fd6c0991b2ea4e0ce88a7472a04c","name":"scrittore-login","image":{"@type":"ImageObject","inLanguage":"it-IT","@id":"https:\/\/secure.gravatar.com\/avatar\/d4854fc4223da2b976f9705ce04407a3e99c4bf956d6190ffef0815d95f87bef?s=96&d=mm&r=g","url":"https:\/\/secure.gravatar.com\/avatar\/d4854fc4223da2b976f9705ce04407a3e99c4bf956d6190ffef0815d95f87bef?s=96&d=mm&r=g","contentUrl":"https:\/\/secure.gravatar.com\/avatar\/d4854fc4223da2b976f9705ce04407a3e99c4bf956d6190ffef0815d95f87bef?s=96&d=mm&r=g","caption":"writer-login"}}]}},"_links":{"self":[{"href":"https:\/\/www.lica.ch\/it\/wp-json\/wp\/v2\/posts\/15054","targetHints":{"allow":["GET"]}}],"collection":[{"href":"https:\/\/www.lica.ch\/it\/wp-json\/wp\/v2\/posts"}],"about":[{"href":"https:\/\/www.lica.ch\/it\/wp-json\/wp\/v2\/types\/post"}],"author":[{"embeddable":true,"href":"https:\/\/www.lica.ch\/it\/wp-json\/wp\/v2\/users\/8"}],"replies":[{"embeddable":true,"href":"https:\/\/www.lica.ch\/it\/wp-json\/wp\/v2\/comments?post=15054"}],"version-history":[{"count":0,"href":"https:\/\/www.lica.ch\/it\/wp-json\/wp\/v2\/posts\/15054\/revisions"}],"wp:featuredmedia":[{"embeddable":true,"href":"https:\/\/www.lica.ch\/it\/wp-json\/wp\/v2\/media\/27690"}],"wp:attachment":[{"href":"https:\/\/www.lica.ch\/it\/wp-json\/wp\/v2\/media?parent=15054"}],"wp:term":[{"taxonomy":"category","embeddable":true,"href":"https:\/\/www.lica.ch\/it\/wp-json\/wp\/v2\/categories?post=15054"},{"taxonomy":"post_tag","embeddable":true,"href":"https:\/\/www.lica.ch\/it\/wp-json\/wp\/v2\/tags?post=15054"}],"curies":[{"name":"wp","href":"https:\/\/api.w.org\/{rel}","templated":true}]}}