{"id":25935,"date":"2023-08-13T09:56:32","date_gmt":"2023-08-13T07:56:32","guid":{"rendered":"https:\/\/lica.ch\/?p=25935"},"modified":"2025-12-10T22:50:15","modified_gmt":"2025-12-10T21:50:15","slug":"come-si-evolveranno-i-tassi-di-interesse-dei-prestiti-privati-in-svizzera","status":"publish","type":"post","link":"https:\/\/www.lica.ch\/it\/credit-personnel\/quelle-sera-levolution-des-taux-dinteret-des-prets-prives-en-suisse\/","title":{"rendered":"Quale sar\u00e0 l\u2019evoluzione dei tassi d\u2019interesse dei crediti privati in Svizzera?"},"content":{"rendered":"<p>La Svizzera, spesso considerata un baluardo della stabilit\u00e0 economica in Europa, sembra trovarsi in una posizione migliore rispetto ai suoi vicini dell'eurozona per quanto riguarda i tassi di prestito privati. Tuttavia, una serie di fattori suggerisce che i tassi sui prestiti privati potrebbero ancora aumentare. <a href=\"https:\/\/www.lica.ch\/it\/credito-privato-2\/aumento-del-tasso-massimale-per-i-crediti-privati-e-effettivo-in-svizzera\/\" target=\"_blank\" rel=\"noreferrer noopener\">aumentare leggermente<\/a> nei prossimi mesi. Questo articolo si concentra quindi su un elemento chiave di questa dinamica: l'andamento dei tassi di interesse sull'euro.<a href=\"https:\/\/www.lica.ch\/it\/\" target=\"_blank\" rel=\"noreferrer noopener\"> prestiti privati<\/a> in Svizzera entro la fine dell'anno.<\/p>\n\n\n\n<h2 class=\"wp-block-heading\" id=\"evolution-des-taux-dinteret-des-prets-prives-en-suisse-1\">3 segnali da tenere d'occhio quando si tratta di tassi di prestito privati!<\/h2>\n\n\n\n<h3 class=\"wp-block-heading\">1. Un mercato del lavoro forte fornisce una sicurezza aggiuntiva per i prestiti privati<\/h3>\n\n\n\n<p>Il mercato del lavoro svizzero gode di ottima salute! Inoltre, godiamo di uno dei migliori posti di lavoro al mondo. <a href=\"https:\/\/www.admin.ch\/gov\/fr\/accueil\/documentation\/communiques.msg-id-94144.html\" target=\"_blank\" rel=\"noreferrer noopener\">i tassi di disoccupazione pi\u00f9 bassi mai registrati<\/a>. Ci\u00f2 contribuisce a rafforzare la fiducia dei consumatori e a sostenere la domanda interna, che a sua volta favorisce la crescita economica. Il segnale positivo del mercato del lavoro significa che gli istituti di credito in Svizzera sono fiduciosi. In teoria, quindi, dovrebbero mantenere le stesse condizioni di concessione dei prestiti privati degli ultimi anni. Di conseguenza, <a href=\"https:\/\/www.lica.ch\/it\/demande-de-credit-prive-en-ligne\/\" target=\"_blank\" rel=\"noreferrer noopener\">futuri richiedenti di credito privato<\/a> non si prevedeva una riduzione della capacit\u00e0 di indebitamento nei prossimi mesi.<\/p>\n\n\n\n<h3 class=\"wp-block-heading\">2. L'inflazione \u00e8 sotto controllo in Svizzera, ma continua a influenzare i tassi di prestito privati<\/h3>\n\n\n\n<p>L'inflazione, spesso un indicatore chiave della salute economica, \u00e8 molto pi\u00f9 controllata in Svizzera che in Europa. Con un tasso di inflazione previsto di 2,4% nel 2023, rispetto al 5,5% della zona euro, la Svizzera gode di un ambiente pi\u00f9 stabile. Ci\u00f2 \u00e8 dovuto principalmente alla forza del franco svizzero.<\/p>\n\n\n\n<p>Tuttavia, l'obiettivo di inflazione \u00e8 fissato a <a href=\"https:\/\/www.rts.ch\/info\/economie\/14205229-hausse-des-taux-la-bns-suivratelle-washington-et-francfort.html\" target=\"_blank\" rel=\"noreferrer noopener\">inferiore a 2% da parte della BNS<\/a>. Ci\u00f2 implica che non si possono escludere uno o due futuri aumenti del tasso di riferimento da qui alla fine del 2023. Ci\u00f2 avrebbe un impatto diretto sui tassi di prestito privati. Per maggiori informazioni, si veda l'articolo \" <a href=\"https:\/\/www.lica.ch\/it\/credito-privato-2\/aumento-del-tasso-massimale-per-i-crediti-privati-e-effettivo-in-svizzera\/\" target=\"_blank\" rel=\"noreferrer noopener\">Aumento effettivo del tasso di interesse massimo per i prestiti privati<\/a> \". In questo contesto, riteniamo quindi che il tasso massimo sul credito al consumo potrebbe raggiungere i 12% entro la fine del 2023.<\/p>\n\n\n\n<h3 class=\"wp-block-heading\">3. La Svizzera mantiene la crescita del suo PIF<\/h3>\n\n\n\n<p>\u00c8 importante notare che, mentre l'eurozona ha registrato due trimestri consecutivi di contrazione del PIL, la Svizzera ha mantenuto una crescita positiva, seppur modesta. Anche le prospettive per il 2023 prevedono una crescita del PIL svizzero leggermente superiore a quella dell'Eurozona. Questa situazione sta quindi generando segnali positivi in termini di consumo di beni e servizi. In questo contesto, possiamo anche immaginare che <a href=\"https:\/\/comparateur-credit.ch\/\" target=\"_blank\" rel=\"noreferrer noopener\">istituti di credito<\/a> in Svizzera dovrebbero continuare a mettere a disposizione fondi per i prestiti privati allo stesso livello degli anni precedenti. Per i futuri mutuatari, ci\u00f2 significa che <a href=\"https:\/\/www.lica.ch\/it\/credito-privato-2\/calcolare-importo-massimale-di-un-credito\/\" target=\"_blank\" rel=\"noreferrer noopener\">somme di denaro<\/a> sar\u00e0 la stessa degli anni precedenti!<\/p>\n\n\n\n<h2 class=\"wp-block-heading\" id=\"evolution-des-taux-dinteret-des-prets-prives-en-suisse-2\">Cosa dobbiamo ricordare di questi tre segnali per prevedere l'andamento del mercato dei prestiti privati in Svizzera<\/h2>\n\n\n\n<p>Il contesto economico della Svizzera \u00e8 attualmente caratterizzato da tre indicatori chiave: un mercato del lavoro solido, un'inflazione pi\u00f9 controllata e una crescita positiva del PIL. Questi fattori stanno aumentando la fiducia degli istituti di credito in Svizzera. Di conseguenza, <a href=\"https:\/\/www.lica.ch\/it\/credito-privato-2\/quali-documenti-sono-necessari-per-ottenere-un-credito\/\" target=\"_blank\" rel=\"noreferrer noopener\">termini e condizioni<\/a> dei prestiti privati dovrebbe rimanere simile a quello degli anni precedenti.<\/p>\n\n\n\n<p>Tuttavia, anche se il tasso d'inflazione della Svizzera \u00e8 meglio controllato rispetto a quello dei suoi vicini europei, superando il <a href=\"https:\/\/www.rts.ch\/info\/economie\/14205229-hausse-des-taux-la-bns-suivratelle-washington-et-francfort.html\" target=\"_blank\" rel=\"noreferrer noopener\">La BNS suggerisce di aumentare il tasso di riferimento<\/a> sono previsti entro la fine del 2023. Questo potrebbe portare a un aumento del tasso massimo per il credito al consumo in Svizzera.<\/p>\n\n\n\n<p>Nonostante questo fattore potenzialmente restrittivo, la crescita costante del PIL svizzero fa pensare che il volume dei prestiti privati sar\u00e0 simile a quello degli anni precedenti. <a href=\"https:\/\/www.lica.ch\/it\/demande-de-credit-prive-en-ligne\/\" target=\"_blank\" rel=\"noreferrer noopener\">Futuri mutuatari<\/a> possono quindi rimanere relativamente fiduciosi circa <a href=\"https:\/\/www.lica.ch\/it\/credito-privato-2\/calcolare-importo-massimale-di-un-credito\/\" target=\"_blank\" rel=\"noreferrer noopener\">la loro capacit\u00e0 di indebitamento<\/a> e le condizioni dei prestiti futuri.<\/p>\n\n\n\n<h2 class=\"wp-block-heading\" id=\"evolution-des-taux-dinteret-des-prets-prives-en-suisse-3\">Come risparmiare sul credito al consumo in Svizzera?<\/h2>\n\n\n\n<p>Con l'aumento dei tassi di interesse sui prestiti privati in Svizzera, i consumatori sono alla ricerca di modi per risparmiare sui loro prestiti. <a href=\"https:\/\/www.lica.ch\/it\/\" target=\"_blank\" rel=\"noreferrer noopener\">prestiti privati<\/a>. Ecco alcune soluzioni che possono aiutare a ridurre i costi:<\/p>\n\n\n\n<h3 class=\"wp-block-heading\">Confronta le offerte di credito privato :<\/h3>\n\n\n\n<p>Il primo passo per risparmiare su un prestito privato \u00e8 confrontare le varie offerte disponibili sul mercato. Piattaforme online come <a href=\"https:\/\/comparateur-credit.ch\/\" target=\"_blank\" rel=\"noreferrer noopener\">comparateur-credit.ch<\/a> vi offre una panoramica delle migliori offerte attuali per il vostro profilo.<\/p>\n\n\n\n<h3 class=\"wp-block-heading\">Negoziazione con gli istituti di credito :<\/h3>\n\n\n\n<p>Non sottovalutate mai il potere della negoziazione! Se avete un buon curriculum e un <a href=\"https:\/\/www.lica.ch\/it\/solvable\/cancellare-un-codice-zek\/\" target=\"_blank\" rel=\"noreferrer noopener\">una solida storia creditizia<\/a>utilizzarlo come leva per ottenere condizioni di prestito pi\u00f9 vantaggiose.<a href=\"https:\/\/www.lica.ch\/it\/\" target=\"_blank\" rel=\"noreferrer noopener\"> Lica <\/a>\u00e8 perfettamente a conoscenza di questo processo e gestisce tutti i rapporti con i vari fornitori di servizi sul mercato svizzero.<\/p>\n\n\n\n<h3 class=\"wp-block-heading\">Utilizzate un mediatore creditizio privato specializzato:<\/h3>\n\n\n\n<p><a href=\"https:\/\/www.lica.ch\/it\/\" target=\"_blank\" rel=\"noreferrer noopener\">Un professionista<\/a> pu\u00f2 aiutarvi a trovare la strategia migliore per il vostro prestito. I servizi di Lica vanno oltre il semplice <a href=\"https:\/\/comparateur-credit.ch\/\" target=\"_blank\" rel=\"noreferrer noopener\">confronto tra le offerte<\/a>. Il nostro team di consulenti pu\u00f2 guidarvi verso soluzioni personalizzate per <a href=\"https:\/\/www.lica.ch\/it\/credito-privato-2\/ottimizzare-il-proprio-budget-per-ottenere-un-credito-al-consumo\/\" target=\"_blank\" rel=\"noreferrer noopener\">ottimizzate il vostro prestito<\/a>.<\/p>\n\n\n\n<h3 class=\"wp-block-heading\">Estinguete pi\u00f9 velocemente il vostro credito al consumo:<\/h3>\n\n\n\n<p>Se la vostra situazione finanziaria lo consente, prendete in considerazione la possibilit\u00e0 di aumentare le rate mensili. Rimborsando il prestito pi\u00f9 rapidamente, <a href=\"https:\/\/www.lica.ch\/it\/credito-privato-2\/il-vostro-credito-privato-al-miglior-tasso-della-svizzera\/\" target=\"_blank\" rel=\"noreferrer noopener\">ridurre l'importo totale degli interessi pagati<\/a>.<\/p>\n\n\n\n<h3 class=\"wp-block-heading\">Consolidate i vostri prestiti privati con la soluzione del riacquisto:<\/h3>\n\n\n\n<p>Se avete diversi prestiti in corso, prendete in considerazione la possibilit\u00e0 di combinarli o di accendere un nuovo prestito. <a href=\"https:\/\/www.lica.ch\/it\/rachat-de-credit-prive-en-ligne\/\" target=\"_blank\" rel=\"noreferrer noopener\">riacquisto dei prestiti privati<\/a>. In questo modo \u00e8 possibile ottenere un unico tasso di interesse che spesso \u00e8 pi\u00f9 vantaggioso e <a href=\"https:\/\/www.lica.ch\/it\/credito-privato-2\/riscatto-del-credito-privato-scoprite-come-lica-puo-aiutarvi\/\" target=\"_blank\" rel=\"noreferrer noopener\">gestione semplificata dei vostri finanziamenti<\/a>.<\/p>\n\n\n\n<h3 class=\"wp-block-heading\">Prestate attenzione ai costi accessori:<\/h3>\n\n\n\n<p>Oltre al tasso di interesse, alcuni prestiti prevedono spese aggiuntive (spese amministrative, assicurazione del mutuatario, ecc.). Leggete attentamente i termini e le condizioni. <a href=\"https:\/\/www.lica.ch\/it\/credito-privato-2\/come-funziona-un-credito-privato\/\" target=\"_blank\" rel=\"noreferrer noopener\">condizioni<\/a> e scoprire questi costi aggiuntivi. <a href=\"https:\/\/www.lica.ch\/it\/\" target=\"_blank\" rel=\"noreferrer noopener\">Servizi Lica<\/a> pu\u00f2 aiutarvi a identificare ed evitare questi costi nascosti.<\/p>\n\n\n\n<h2 class=\"wp-block-heading\" id=\"evolution-des-taux-dinteret-des-prets-prives-en-suisse-4\">Le nostre conclusioni sull'andamento dei tassi dei prestiti privati<\/h2>\n\n\n\n<p>Il contesto economico svizzero presenta un quadro eterogeneo che inevitabilmente influenzer\u00e0 il settore dei prestiti privati. In effetti, il solido mercato del lavoro e la continua crescita del PIL segnalano un certo grado di stabilit\u00e0 e fiducia. Tuttavia, l'inflazione leggermente superiore all'obiettivo della Banca nazionale suggerisce che <a href=\"https:\/\/www.lica.ch\/it\/credito-privato-2\/aumento-del-tasso-massimale-per-i-crediti-privati-e-effettivo-in-svizzera\/\" target=\"_blank\" rel=\"noreferrer noopener\">aumento dei tassi di interesse<\/a> sono previsti nei prossimi 12 mesi.<\/p>\n\n\n\n<p>Tuttavia, nonostante questa prospettiva, esistono delle soluzioni per massimizzare <a href=\"https:\/\/www.lica.ch\/it\/credito-privato-2\/ottimizzare-il-proprio-budget-per-ottenere-un-credito-al-consumo\/\" target=\"_blank\" rel=\"noreferrer noopener\">risparmio<\/a> sui prestiti privati. Tenendo presente questo aspetto, <a href=\"https:\/\/www.lica.ch\/it\/\" target=\"_blank\" rel=\"noreferrer noopener\">la piattaforma Lica<\/a> sta emergendo come un alleato essenziale per i consumatori. Consentendo un confronto efficace <a href=\"https:\/\/comparateur-credit.ch\/\" target=\"_blank\" rel=\"noreferrer noopener\">delle diverse offerte presenti sul mercato<\/a>Lica fornisce ai mutuatari gli strumenti necessari per fare scelte consapevoli. Con il supporto di consulenti dedicati, Lica va oltre il semplice mettere in contatto le persone, offrendo soluzioni su misura per ogni profilo di mutuatario.<\/p>","protected":false},"excerpt":{"rendered":"<p>La Suisse, souvent consid\u00e9r\u00e9e comme un bastion de stabilit\u00e9 \u00e9conomique en Europe, semble \u00eatre en meilleure position que ses voisins de la zone euro en ce qui concerne l\u2019\u00e9volution des taux des pr\u00eats priv\u00e9s. Cependant, plusieurs facteurs laissent penser que les taux des pr\u00eats priv\u00e9s pourraient encore l\u00e9g\u00e8rement augmenter ces prochains mois. Cet article se [&hellip;]<\/p>\n","protected":false},"author":8,"featured_media":27739,"comment_status":"closed","ping_status":"closed","sticky":false,"template":"","format":"standard","meta":{"footnotes":""},"categories":[21],"tags":[],"class_list":["post-25935","post","type-post","status-publish","format-standard","has-post-thumbnail","hentry","category-credit-personnel"],"_yoast_wpseo_focuskw":"Pr\u00eats priv\u00e9s","_yoast_wpseo_title":"Pr\u00eats priv\u00e9s - Quelle sera l\u2019\u00e9volution des taux d'int\u00e9r\u00eat en Suisse ?","_yoast_wpseo_metadesc":"D\u00e9couvrez l'\u00e9volution des taux d'int\u00e9r\u00eat des pr\u00eats priv\u00e9s en Suisse face \u00e0 la stabilit\u00e9 \u00e9conomique, l'inflation, et la croissance du PIB.","yoast_head":"<!-- This site is optimized with the Yoast SEO plugin v27.5 - https:\/\/yoast.com\/product\/yoast-seo-wordpress\/ -->\n<title>Pr\u00eats priv\u00e9s - Quelle sera l\u2019\u00e9volution des taux d&#039;int\u00e9r\u00eat en Suisse ?<\/title>\n<meta name=\"description\" content=\"D\u00e9couvrez l&#039;\u00e9volution des taux d&#039;int\u00e9r\u00eat des pr\u00eats priv\u00e9s en Suisse face \u00e0 la stabilit\u00e9 \u00e9conomique, l&#039;inflation, et la croissance du PIB.\" \/>\n<meta name=\"robots\" content=\"index, follow, max-snippet:-1, max-image-preview:large, max-video-preview:-1\" \/>\n<link rel=\"canonical\" href=\"https:\/\/www.lica.ch\/it\/credito-privato\/come-si-evolveranno-i-tassi-di-interesse-dei-prestiti-privati-in-svizzera\/\" \/>\n<meta property=\"og:locale\" content=\"it_IT\" \/>\n<meta property=\"og:type\" content=\"article\" \/>\n<meta property=\"og:title\" content=\"Pr\u00eats priv\u00e9s - Quelle sera l\u2019\u00e9volution des taux d&#039;int\u00e9r\u00eat en Suisse ?\" \/>\n<meta property=\"og:description\" content=\"D\u00e9couvrez l&#039;\u00e9volution des taux d&#039;int\u00e9r\u00eat des pr\u00eats priv\u00e9s en Suisse face \u00e0 la stabilit\u00e9 \u00e9conomique, l&#039;inflation, et la croissance du PIB.\" \/>\n<meta property=\"og:url\" content=\"https:\/\/www.lica.ch\/it\/credito-privato\/come-si-evolveranno-i-tassi-di-interesse-dei-prestiti-privati-in-svizzera\/\" \/>\n<meta property=\"og:site_name\" content=\"Lica cr\u00e9dit priv\u00e9\" \/>\n<meta property=\"article:publisher\" content=\"https:\/\/www.facebook.com\/lica.suisse\/\" \/>\n<meta property=\"article:published_time\" content=\"2023-08-13T07:56:32+00:00\" \/>\n<meta property=\"article:modified_time\" content=\"2025-12-10T21:50:15+00:00\" \/>\n<meta property=\"og:image\" content=\"https:\/\/www.lica.ch\/wp-content\/uploads\/2023\/08\/Prets-prives_IMA.webp\" \/>\n\t<meta property=\"og:image:width\" content=\"1000\" \/>\n\t<meta property=\"og:image:height\" content=\"650\" \/>\n\t<meta property=\"og:image:type\" content=\"image\/webp\" \/>\n<meta name=\"author\" content=\"writer-login\" \/>\n<meta name=\"twitter:card\" content=\"summary_large_image\" \/>\n<script type=\"application\/ld+json\" class=\"yoast-schema-graph\">{\"@context\":\"https:\\\/\\\/schema.org\",\"@graph\":[{\"@type\":\"Article\",\"@id\":\"https:\\\/\\\/www.lica.ch\\\/credit-personnel\\\/quelle-sera-levolution-des-taux-dinteret-des-prets-prives-en-suisse\\\/#article\",\"isPartOf\":{\"@id\":\"https:\\\/\\\/www.lica.ch\\\/credit-personnel\\\/quelle-sera-levolution-des-taux-dinteret-des-prets-prives-en-suisse\\\/\"},\"author\":{\"name\":\"writer-login\",\"@id\":\"https:\\\/\\\/www.lica.ch\\\/en\\\/#\\\/schema\\\/person\\\/43f9fd6c0991b2ea4e0ce88a7472a04c\"},\"headline\":\"Quelle sera l\u2019\u00e9volution des taux d&rsquo;int\u00e9r\u00eat des pr\u00eats priv\u00e9s en Suisse ?\",\"datePublished\":\"2023-08-13T07:56:32+00:00\",\"dateModified\":\"2025-12-10T21:50:15+00:00\",\"mainEntityOfPage\":{\"@id\":\"https:\\\/\\\/www.lica.ch\\\/credit-personnel\\\/quelle-sera-levolution-des-taux-dinteret-des-prets-prives-en-suisse\\\/\"},\"wordCount\":1299,\"publisher\":{\"@id\":\"https:\\\/\\\/www.lica.ch\\\/en\\\/#organization\"},\"image\":{\"@id\":\"https:\\\/\\\/www.lica.ch\\\/credit-personnel\\\/quelle-sera-levolution-des-taux-dinteret-des-prets-prives-en-suisse\\\/#primaryimage\"},\"thumbnailUrl\":\"https:\\\/\\\/www.lica.ch\\\/wp-content\\\/uploads\\\/2023\\\/08\\\/Prets-prives_IMA.webp\",\"articleSection\":[\"Cr\u00e9dit personnel\"],\"inLanguage\":\"it-IT\"},{\"@type\":\"WebPage\",\"@id\":\"https:\\\/\\\/www.lica.ch\\\/credit-personnel\\\/quelle-sera-levolution-des-taux-dinteret-des-prets-prives-en-suisse\\\/\",\"url\":\"https:\\\/\\\/www.lica.ch\\\/credit-personnel\\\/quelle-sera-levolution-des-taux-dinteret-des-prets-prives-en-suisse\\\/\",\"name\":\"Pr\u00eats priv\u00e9s - Quelle sera l\u2019\u00e9volution des taux d'int\u00e9r\u00eat en Suisse ?\",\"isPartOf\":{\"@id\":\"https:\\\/\\\/www.lica.ch\\\/en\\\/#website\"},\"primaryImageOfPage\":{\"@id\":\"https:\\\/\\\/www.lica.ch\\\/credit-personnel\\\/quelle-sera-levolution-des-taux-dinteret-des-prets-prives-en-suisse\\\/#primaryimage\"},\"image\":{\"@id\":\"https:\\\/\\\/www.lica.ch\\\/credit-personnel\\\/quelle-sera-levolution-des-taux-dinteret-des-prets-prives-en-suisse\\\/#primaryimage\"},\"thumbnailUrl\":\"https:\\\/\\\/www.lica.ch\\\/wp-content\\\/uploads\\\/2023\\\/08\\\/Prets-prives_IMA.webp\",\"datePublished\":\"2023-08-13T07:56:32+00:00\",\"dateModified\":\"2025-12-10T21:50:15+00:00\",\"description\":\"D\u00e9couvrez l'\u00e9volution des taux d'int\u00e9r\u00eat des pr\u00eats priv\u00e9s en Suisse face \u00e0 la stabilit\u00e9 \u00e9conomique, l'inflation, et la croissance du PIB.\",\"breadcrumb\":{\"@id\":\"https:\\\/\\\/www.lica.ch\\\/credit-personnel\\\/quelle-sera-levolution-des-taux-dinteret-des-prets-prives-en-suisse\\\/#breadcrumb\"},\"inLanguage\":\"it-IT\",\"potentialAction\":[{\"@type\":\"ReadAction\",\"target\":[\"https:\\\/\\\/www.lica.ch\\\/credit-personnel\\\/quelle-sera-levolution-des-taux-dinteret-des-prets-prives-en-suisse\\\/\"]}]},{\"@type\":\"ImageObject\",\"inLanguage\":\"it-IT\",\"@id\":\"https:\\\/\\\/www.lica.ch\\\/credit-personnel\\\/quelle-sera-levolution-des-taux-dinteret-des-prets-prives-en-suisse\\\/#primaryimage\",\"url\":\"https:\\\/\\\/www.lica.ch\\\/wp-content\\\/uploads\\\/2023\\\/08\\\/Prets-prives_IMA.webp\",\"contentUrl\":\"https:\\\/\\\/www.lica.ch\\\/wp-content\\\/uploads\\\/2023\\\/08\\\/Prets-prives_IMA.webp\",\"width\":1000,\"height\":650,\"caption\":\"Pr\u00eats priv\u00e9s\"},{\"@type\":\"BreadcrumbList\",\"@id\":\"https:\\\/\\\/www.lica.ch\\\/credit-personnel\\\/quelle-sera-levolution-des-taux-dinteret-des-prets-prives-en-suisse\\\/#breadcrumb\",\"itemListElement\":[{\"@type\":\"ListItem\",\"position\":1,\"name\":\"Accueil\",\"item\":\"https:\\\/\\\/www.lica.ch\\\/\"},{\"@type\":\"ListItem\",\"position\":2,\"name\":\"Quelle sera l\u2019\u00e9volution des taux d&rsquo;int\u00e9r\u00eat des pr\u00eats priv\u00e9s en Suisse ?\"}]},{\"@type\":\"WebSite\",\"@id\":\"https:\\\/\\\/www.lica.ch\\\/en\\\/#website\",\"url\":\"https:\\\/\\\/www.lica.ch\\\/en\\\/\",\"name\":\"Lica\",\"description\":\"Cr\u00e9dit priv\u00e9\",\"publisher\":{\"@id\":\"https:\\\/\\\/www.lica.ch\\\/en\\\/#organization\"},\"alternateName\":\"Lica\",\"potentialAction\":[{\"@type\":\"SearchAction\",\"target\":{\"@type\":\"EntryPoint\",\"urlTemplate\":\"https:\\\/\\\/www.lica.ch\\\/en\\\/?s={search_term_string}\"},\"query-input\":{\"@type\":\"PropertyValueSpecification\",\"valueRequired\":true,\"valueName\":\"search_term_string\"}}],\"inLanguage\":\"it-IT\"},{\"@type\":\"Organization\",\"@id\":\"https:\\\/\\\/www.lica.ch\\\/en\\\/#organization\",\"name\":\"Lica\",\"alternateName\":\"Lica\",\"url\":\"https:\\\/\\\/www.lica.ch\\\/en\\\/\",\"logo\":{\"@type\":\"ImageObject\",\"inLanguage\":\"it-IT\",\"@id\":\"https:\\\/\\\/www.lica.ch\\\/en\\\/#\\\/schema\\\/logo\\\/image\\\/\",\"url\":\"https:\\\/\\\/www.lica.ch\\\/wp-content\\\/uploads\\\/2025\\\/10\\\/Logo_Yoast_Jaune_696x696.webp\",\"contentUrl\":\"https:\\\/\\\/www.lica.ch\\\/wp-content\\\/uploads\\\/2025\\\/10\\\/Logo_Yoast_Jaune_696x696.webp\",\"width\":696,\"height\":696,\"caption\":\"Lica\"},\"image\":{\"@id\":\"https:\\\/\\\/www.lica.ch\\\/en\\\/#\\\/schema\\\/logo\\\/image\\\/\"},\"sameAs\":[\"https:\\\/\\\/www.facebook.com\\\/lica.suisse\\\/\",\"https:\\\/\\\/ch.linkedin.com\\\/company\\\/lica-cr\u00e9dit\",\"https:\\\/\\\/www.tiktok.com\\\/@lica.ch\",\"https:\\\/\\\/www.instagram.com\\\/licacredit\\\/\"]},{\"@type\":\"Person\",\"@id\":\"https:\\\/\\\/www.lica.ch\\\/en\\\/#\\\/schema\\\/person\\\/43f9fd6c0991b2ea4e0ce88a7472a04c\",\"name\":\"writer-login\",\"image\":{\"@type\":\"ImageObject\",\"inLanguage\":\"it-IT\",\"@id\":\"https:\\\/\\\/secure.gravatar.com\\\/avatar\\\/d4854fc4223da2b976f9705ce04407a3e99c4bf956d6190ffef0815d95f87bef?s=96&d=mm&r=g\",\"url\":\"https:\\\/\\\/secure.gravatar.com\\\/avatar\\\/d4854fc4223da2b976f9705ce04407a3e99c4bf956d6190ffef0815d95f87bef?s=96&d=mm&r=g\",\"contentUrl\":\"https:\\\/\\\/secure.gravatar.com\\\/avatar\\\/d4854fc4223da2b976f9705ce04407a3e99c4bf956d6190ffef0815d95f87bef?s=96&d=mm&r=g\",\"caption\":\"writer-login\"}}]}<\/script>\n<!-- \/ Yoast SEO plugin. -->","yoast_head_json":{"title":"Prestiti privati \u2013 Quale sar\u00e0 l\u2019evoluzione dei tassi d\u2019interesse in Svizzera?","description":"Scopri l\u2019evoluzione dei tassi d\u2019interesse sui prestiti privati in Svizzera in relazione a stabilit\u00e0 economica, inflazione e crescita del PIL.","robots":{"index":"index","follow":"follow","max-snippet":"max-snippet:-1","max-image-preview":"max-image-preview:large","max-video-preview":"max-video-preview:-1"},"canonical":"https:\/\/www.lica.ch\/it\/credito-privato\/come-si-evolveranno-i-tassi-di-interesse-dei-prestiti-privati-in-svizzera\/","og_locale":"it_IT","og_type":"article","og_title":"Pr\u00eats priv\u00e9s - Quelle sera l\u2019\u00e9volution des taux d'int\u00e9r\u00eat en Suisse ?","og_description":"D\u00e9couvrez l'\u00e9volution des taux d'int\u00e9r\u00eat des pr\u00eats priv\u00e9s en Suisse face \u00e0 la stabilit\u00e9 \u00e9conomique, l'inflation, et la croissance du PIB.","og_url":"https:\/\/www.lica.ch\/it\/credito-privato\/come-si-evolveranno-i-tassi-di-interesse-dei-prestiti-privati-in-svizzera\/","og_site_name":"Lica cr\u00e9dit priv\u00e9","article_publisher":"https:\/\/www.facebook.com\/lica.suisse\/","article_published_time":"2023-08-13T07:56:32+00:00","article_modified_time":"2025-12-10T21:50:15+00:00","og_image":[{"width":1000,"height":650,"url":"https:\/\/www.lica.ch\/wp-content\/uploads\/2023\/08\/Prets-prives_IMA.webp","type":"image\/webp"}],"author":"writer-login","twitter_card":"summary_large_image","schema":{"@context":"https:\/\/schema.org","@graph":[{"@type":"Article","@id":"https:\/\/www.lica.ch\/credit-personnel\/quelle-sera-levolution-des-taux-dinteret-des-prets-prives-en-suisse\/#article","isPartOf":{"@id":"https:\/\/www.lica.ch\/credit-personnel\/quelle-sera-levolution-des-taux-dinteret-des-prets-prives-en-suisse\/"},"author":{"name":"writer-login","@id":"https:\/\/www.lica.ch\/en\/#\/schema\/person\/43f9fd6c0991b2ea4e0ce88a7472a04c"},"headline":"Quelle sera l\u2019\u00e9volution des taux d&rsquo;int\u00e9r\u00eat des pr\u00eats priv\u00e9s en Suisse ?","datePublished":"2023-08-13T07:56:32+00:00","dateModified":"2025-12-10T21:50:15+00:00","mainEntityOfPage":{"@id":"https:\/\/www.lica.ch\/credit-personnel\/quelle-sera-levolution-des-taux-dinteret-des-prets-prives-en-suisse\/"},"wordCount":1299,"publisher":{"@id":"https:\/\/www.lica.ch\/en\/#organization"},"image":{"@id":"https:\/\/www.lica.ch\/credit-personnel\/quelle-sera-levolution-des-taux-dinteret-des-prets-prives-en-suisse\/#primaryimage"},"thumbnailUrl":"https:\/\/www.lica.ch\/wp-content\/uploads\/2023\/08\/Prets-prives_IMA.webp","articleSection":["Cr\u00e9dit personnel"],"inLanguage":"it-IT"},{"@type":"WebPage","@id":"https:\/\/www.lica.ch\/credit-personnel\/quelle-sera-levolution-des-taux-dinteret-des-prets-prives-en-suisse\/","url":"https:\/\/www.lica.ch\/credit-personnel\/quelle-sera-levolution-des-taux-dinteret-des-prets-prives-en-suisse\/","name":"Prestiti privati \u2013 Quale sar\u00e0 l\u2019evoluzione dei tassi d\u2019interesse in Svizzera?","isPartOf":{"@id":"https:\/\/www.lica.ch\/en\/#website"},"primaryImageOfPage":{"@id":"https:\/\/www.lica.ch\/credit-personnel\/quelle-sera-levolution-des-taux-dinteret-des-prets-prives-en-suisse\/#primaryimage"},"image":{"@id":"https:\/\/www.lica.ch\/credit-personnel\/quelle-sera-levolution-des-taux-dinteret-des-prets-prives-en-suisse\/#primaryimage"},"thumbnailUrl":"https:\/\/www.lica.ch\/wp-content\/uploads\/2023\/08\/Prets-prives_IMA.webp","datePublished":"2023-08-13T07:56:32+00:00","dateModified":"2025-12-10T21:50:15+00:00","description":"Scopri l\u2019evoluzione dei tassi d\u2019interesse sui prestiti privati in Svizzera in relazione a stabilit\u00e0 economica, inflazione e crescita del PIL.","breadcrumb":{"@id":"https:\/\/www.lica.ch\/credit-personnel\/quelle-sera-levolution-des-taux-dinteret-des-prets-prives-en-suisse\/#breadcrumb"},"inLanguage":"it-IT","potentialAction":[{"@type":"ReadAction","target":["https:\/\/www.lica.ch\/credit-personnel\/quelle-sera-levolution-des-taux-dinteret-des-prets-prives-en-suisse\/"]}]},{"@type":"ImageObject","inLanguage":"it-IT","@id":"https:\/\/www.lica.ch\/credit-personnel\/quelle-sera-levolution-des-taux-dinteret-des-prets-prives-en-suisse\/#primaryimage","url":"https:\/\/www.lica.ch\/wp-content\/uploads\/2023\/08\/Prets-prives_IMA.webp","contentUrl":"https:\/\/www.lica.ch\/wp-content\/uploads\/2023\/08\/Prets-prives_IMA.webp","width":1000,"height":650,"caption":"Pr\u00eats priv\u00e9s"},{"@type":"BreadcrumbList","@id":"https:\/\/www.lica.ch\/credit-personnel\/quelle-sera-levolution-des-taux-dinteret-des-prets-prives-en-suisse\/#breadcrumb","itemListElement":[{"@type":"ListItem","position":1,"name":"Accueil","item":"https:\/\/www.lica.ch\/"},{"@type":"ListItem","position":2,"name":"Quelle sera l\u2019\u00e9volution des taux d&rsquo;int\u00e9r\u00eat des pr\u00eats priv\u00e9s en Suisse ?"}]},{"@type":"WebSite","@id":"https:\/\/www.lica.ch\/en\/#website","url":"https:\/\/www.lica.ch\/en\/","name":"Lica","description":"Credito privato","publisher":{"@id":"https:\/\/www.lica.ch\/en\/#organization"},"alternateName":"Lica","potentialAction":[{"@type":"SearchAction","target":{"@type":"EntryPoint","urlTemplate":"https:\/\/www.lica.ch\/en\/?s={search_term_string}"},"query-input":{"@type":"PropertyValueSpecification","valueRequired":true,"valueName":"search_term_string"}}],"inLanguage":"it-IT"},{"@type":"Organization","@id":"https:\/\/www.lica.ch\/en\/#organization","name":"Lica","alternateName":"Lica","url":"https:\/\/www.lica.ch\/en\/","logo":{"@type":"ImageObject","inLanguage":"it-IT","@id":"https:\/\/www.lica.ch\/en\/#\/schema\/logo\/image\/","url":"https:\/\/www.lica.ch\/wp-content\/uploads\/2025\/10\/Logo_Yoast_Jaune_696x696.webp","contentUrl":"https:\/\/www.lica.ch\/wp-content\/uploads\/2025\/10\/Logo_Yoast_Jaune_696x696.webp","width":696,"height":696,"caption":"Lica"},"image":{"@id":"https:\/\/www.lica.ch\/en\/#\/schema\/logo\/image\/"},"sameAs":["https:\/\/www.facebook.com\/lica.suisse\/","https:\/\/ch.linkedin.com\/company\/lica-cr\u00e9dit","https:\/\/www.tiktok.com\/@lica.ch","https:\/\/www.instagram.com\/licacredit\/"]},{"@type":"Person","@id":"https:\/\/www.lica.ch\/en\/#\/schema\/person\/43f9fd6c0991b2ea4e0ce88a7472a04c","name":"scrittore-login","image":{"@type":"ImageObject","inLanguage":"it-IT","@id":"https:\/\/secure.gravatar.com\/avatar\/d4854fc4223da2b976f9705ce04407a3e99c4bf956d6190ffef0815d95f87bef?s=96&d=mm&r=g","url":"https:\/\/secure.gravatar.com\/avatar\/d4854fc4223da2b976f9705ce04407a3e99c4bf956d6190ffef0815d95f87bef?s=96&d=mm&r=g","contentUrl":"https:\/\/secure.gravatar.com\/avatar\/d4854fc4223da2b976f9705ce04407a3e99c4bf956d6190ffef0815d95f87bef?s=96&d=mm&r=g","caption":"writer-login"}}]}},"_links":{"self":[{"href":"https:\/\/www.lica.ch\/it\/wp-json\/wp\/v2\/posts\/25935","targetHints":{"allow":["GET"]}}],"collection":[{"href":"https:\/\/www.lica.ch\/it\/wp-json\/wp\/v2\/posts"}],"about":[{"href":"https:\/\/www.lica.ch\/it\/wp-json\/wp\/v2\/types\/post"}],"author":[{"embeddable":true,"href":"https:\/\/www.lica.ch\/it\/wp-json\/wp\/v2\/users\/8"}],"replies":[{"embeddable":true,"href":"https:\/\/www.lica.ch\/it\/wp-json\/wp\/v2\/comments?post=25935"}],"version-history":[{"count":0,"href":"https:\/\/www.lica.ch\/it\/wp-json\/wp\/v2\/posts\/25935\/revisions"}],"wp:featuredmedia":[{"embeddable":true,"href":"https:\/\/www.lica.ch\/it\/wp-json\/wp\/v2\/media\/27739"}],"wp:attachment":[{"href":"https:\/\/www.lica.ch\/it\/wp-json\/wp\/v2\/media?parent=25935"}],"wp:term":[{"taxonomy":"category","embeddable":true,"href":"https:\/\/www.lica.ch\/it\/wp-json\/wp\/v2\/categories?post=25935"},{"taxonomy":"post_tag","embeddable":true,"href":"https:\/\/www.lica.ch\/it\/wp-json\/wp\/v2\/tags?post=25935"}],"curies":[{"name":"wp","href":"https:\/\/api.w.org\/{rel}","templated":true}]}}