{"id":27033,"date":"2023-12-04T16:52:12","date_gmt":"2023-12-04T14:52:12","guid":{"rendered":"https:\/\/lica.ch\/?p=27033"},"modified":"2025-11-16T12:13:24","modified_gmt":"2025-11-16T10:13:24","slug":"aumento-del-tasso-massimale-per-i-crediti-privati-dal-1-gennaio-2024","status":"publish","type":"post","link":"https:\/\/www.lica.ch\/it\/reglementation\/augmentation-du-taux-maximal-pour-les-credits-prives-des-le-1er-janvier-2024\/","title":{"rendered":"Aumento del tasso massimo per i crediti privati da gennaio 2024"},"content":{"rendered":"<p>Nel gennaio 2024 i consumatori svizzeri si troveranno di fronte ad una nuova realt\u00e0 finanziaria: l'aumento del tasso massimo di <a href=\"https:\/\/www.lica.ch\/it\/\">credito privato<\/a>. Questo cambiamento, significativo nel panorama creditizio svizzero, porter\u00e0 il tasso a 12 % per i prestiti in contanti e a 14 % per gli scoperti. Si tratta di un momento fondamentale per i consumatori, che devono non solo comprendere le implicazioni di questo aumento, ma anche agire di conseguenza. Questo articolo si propone di demistificare questo sviluppo e di fornire una chiara panoramica di ci\u00f2 che significa per i consumatori. <a href=\"https:\/\/www.lica.ch\/it\/demande-de-credit-prive-en-ligne\/\">singoli mutuatari<\/a>. La comprensione di questi cambiamenti \u00e8 essenziale per prendere decisioni finanziarie informate e tempestive in un ambiente in continua evoluzione.<\/p>\n\n\n\n<h2 class=\"wp-block-heading\" id=\"-augmentation-du-taux-maximal-1er-janvier-2024-1\">Obiettivo di un tasso massimo per i prestiti privati<\/h2>\n\n\n\n<p>I tassi di interesse per i prestiti privati sono attualmente regolamentati in Svizzera e offrono ai consumatori condizioni relativamente vantaggiose. Questi tassi sono determinati da <a href=\"https:\/\/www.fedlex.admin.ch\/eli\/cc\/2002\/593\/it\" target=\"_blank\" rel=\"noreferrer noopener\">la legge federale sul credito al consumo<\/a>, che mira a proteggere i mutuatari da tassi eccessivi e a garantire l'equit\u00e0 nel settore del credito. La legge stabilisce <a href=\"https:\/\/www.lica.ch\/it\/credito-privato-2\/come-si-evolveranno-i-tassi-di-interesse-dei-prestiti-privati-in-svizzera\/\">un tasso massimo<\/a>, Ci\u00f2 impedisce agli istituti di credito di applicare tassi di interesse irragionevolmente elevati. Attualmente, questi tassi consentono ai consumatori di accedere a prestiti per diverse esigenze personali a condizioni ragionevoli, promuovendo cos\u00ec una gestione finanziaria stabile e sostenendo i consumi. Tuttavia, ci sono alcune preoccupazioni, <a href=\"https:\/\/www.admin.ch\/gov\/fr\/accueil\/documentation\/communiques.msg-id-99111.html\">l'aumento previsto nel 2024<\/a> potrebbe cambiare le carte in tavola, rendendo il credito pi\u00f9 costoso e influenzando potenzialmente le decisioni finanziarie delle famiglie svizzere.<\/p>\n\n\n\n<h2 class=\"wp-block-heading\" id=\"-augmentation-du-taux-maximal-1er-janvier-2024-2\">Cosa rappresenta un aumento del tasso di 1%?<\/h2>\n\n\n\n<p>Il confronto tra <a href=\"https:\/\/www.lica.ch\/it\/credito-privato-2\/quali-documenti-sono-necessari-per-ottenere-un-credito\/\">condizioni di credito<\/a> Per comprendere l'impatto finanziario sui consumatori svizzeri, \u00e8 fondamentale capire i tassi attuali e quelli previsti dopo l'aumento del tasso massimo nel 2024. Ecco un esempio numerico che aiuta a comprendere l'impatto di questo aumento:<\/p>\n\n\n\n<figure class=\"wp-block-table is-style-stripes\"><table><tbody><tr><td>Importo del credito<\/td><td class=\"has-text-align-center\" data-align=\"center\">CHF 30\u2019000.-<\/td><td class=\"has-text-align-center\" data-align=\"center\">CHF 30\u2019000.-<\/td><\/tr><tr><td>Tassi di interesse<\/td><td class=\"has-text-align-center\" data-align=\"center\">10.95%<\/td><td class=\"has-text-align-center\" data-align=\"center\">11.95%<\/td><\/tr><tr><td>Periodo di rimborso<\/td><td class=\"has-text-align-center\" data-align=\"center\">60 mesi<\/td><td class=\"has-text-align-center\" data-align=\"center\">60 mesi<\/td><\/tr><tr><td><strong>Costo degli interessi<\/strong><\/td><td class=\"has-text-align-center\" data-align=\"center\"><strong>CHF 9\u2019091.-<\/strong><\/td><td class=\"has-text-align-center\" data-align=\"center\"><strong>CHF 9\u2019994.-<\/strong><\/td><\/tr><\/tbody><\/table><\/figure>\n\n\n\n<p>Con <a href=\"https:\/\/www.lica.ch\/it\/demande-de-credit-prive-en-ligne\/\">credito privato <\/a>Da CHF 30\u2019000.- sottoscritti in un periodo di 60 mesi a 10,95%, il costo degli interessi pagati nel corso del periodo \u00e8 di 9\u2019091.-. D'altra parte, con <a href=\"https:\/\/www.lica.ch\/it\/credito-privato-2\/aumento-dei-tassi-di-interesse-sui-crediti-al-consumo\/\">un aumento del tasso massimo<\/a> per i prestiti privati a 11,95%, il costo aggiuntivo salirebbe a CHF 903.- per tutta la durata del prestito. Questo aumento, anche se apparentemente modesto a prima vista, ha implicazioni significative per i bilanci delle famiglie, in particolare per coloro che si affidano al credito per <a href=\"https:\/\/www.lica.ch\/it\/solvable\/ridurre-le-spese-e-ottimizzare-il-budget\/\">gestire le spese quotidiane<\/a> o per far fronte a spese impreviste. Questo aumento del tasso massimo per il credito privato sottolinea l'importanza per i consumatori di pianificare con attenzione le proprie esigenze di credito e di <a href=\"https:\/\/www.lica.ch\/it\/demande-de-credit-prive-en-ligne\/\">sfruttare le condizioni attuali<\/a> pi\u00f9 favorevole prima del cambiamento nel 2024.<\/p>\n\n\n\n<h2 class=\"wp-block-heading\" id=\"-augmentation-du-taux-maximal-1er-janvier-2024-3\">Prevede di contrarre un prestito privato entro la fine dell'anno<\/h2>\n\n\n\n<p>Per i consumatori che stanno valutando <a href=\"https:\/\/www.lica.ch\/it\/demande-de-credit-prive-en-ligne\/\">ottenere credito<\/a> Prima che i tassi aumentino nel 2024, \u00e8 importante procedere in modo strategico e cauto. Innanzitutto, valutate le vostre reali esigenze e <a href=\"https:\/\/www.lica.ch\/it\/credito-privato-2\/calcolare-importo-massimale-di-un-credito\/\">la vostra capacit\u00e0 di rimborso<\/a>. \u00c8 fondamentale prendere in prestito solo l'importo necessario e assicurarsi che i rimborsi mensili siano gestibili all'interno del proprio budget. In secondo luogo, confrontate le offerte utilizzando <a href=\"https:\/\/www.lica.ch\/it\/\">Servizi Lica<\/a> per trovare le condizioni migliori. <\/p>\n\n\n\n<p>Non affrettatevi a stipulare un contratto senza aver esplorato diverse opzioni. In terzo luogo, valutate la possibilit\u00e0 di stabilire la durata del credito in modo da ottimizzare il costo totale del prestito. <a href=\"https:\/\/www.lica.ch\/it\/\">prestito<\/a>. Una durata pi\u00f9 breve pu\u00f2 comportare pagamenti mensili pi\u00f9 elevati, ma un costo totale degli interessi inferiore. Infine, pianificate il vostro futuro finanziario tenendo conto di <a href=\"https:\/\/www.lica.ch\/it\/credito-privato-2\/aumento-dei-tassi-di-interesse-sui-crediti-al-consumo\/\">sviluppi del mercato del credito<\/a>. Mettete da parte i risparmi per le emergenze e considerate gli investimenti a lungo termine per ridurre la vostra dipendenza dal credito. Questi passi vi aiuteranno a navigare nel mutevole panorama finanziario e a mantenere una solida salute finanziaria.<\/p>\n\n\n\n<h2 class=\"wp-block-heading\" id=\"-augmentation-du-taux-maximal-1er-janvier-2024-4\">Impatto dell'aumento del tasso massimo per i prestiti privati<\/h2>\n\n\n\n<p>L'aumento previsto di <a href=\"https:\/\/www.lica.ch\/it\/credito-privato-2\/criteri-che-determinano-il-tasso-di-interesse-del-vostro-credito\/\">tasso di interesse<\/a> per i prestiti privati in Svizzera avr\u00e0 ripercussioni a lungo termine sia per i consumatori che per il mercato del credito. Per i consumatori, questo aumento potrebbe portare a una maggiore cautela nell'uso del credito. <a href=\"https:\/\/www.lica.ch\/it\/demande-de-credit-prive-en-ligne\/\">prestito<\/a>, Ci\u00f2 potrebbe limitare la spesa discrezionale e incidere sulla capacit\u00e0 di gestire le spese impreviste. Sul mercato del credito, potrebbe emergere una riduzione della domanda di nuovi prestiti, influenzando potenzialmente <a href=\"https:\/\/www.lica.ch\/it\/credito-privato-2\/come-funziona-un-credito-privato\/\">strategie di prestito<\/a>. L'andamento futuro dei tassi di interesse in Svizzera dipender\u00e0 da diversi fattori economici e normativi. Potremmo assistere a periodici aggiustamenti in risposta alle condizioni di mercato e alle politiche monetarie. I consumatori dovrebbero quindi rimanere informati e flessibili nella loro pianificazione finanziaria per adattarsi a questi cambiamenti.<a href=\"https:\/\/www.lica.ch\/it\/\"> Scegliere il credito giusto<\/a>.<\/p>\n\n\n\n<h2 class=\"wp-block-heading\" id=\"-augmentation-du-taux-maximal-1er-janvier-2024-5\">Le nostre conclusioni su questo ultimo aumento dei tassi<\/h2>\n\n\n\n<p>In conclusione, il previsto aumento del tasso massimo per i prestiti privati in Svizzera nel 2024 richiede un'attenzione e un'azione immediata da parte dei consumatori. \u00c8 fondamentale comprendere l'impatto di questo aumento sulle proprie finanze personali e agire in modo proattivo per assicurarsi <a href=\"https:\/\/www.lica.ch\/it\/demande-de-credit-prive-en-ligne\/\">condizioni di credito vantaggiose<\/a> il pi\u00f9 possibile. I consumatori devono rimanere vigili, ben informati e prudenti nella loro gestione finanziaria per navigare efficacemente in questo panorama in continua evoluzione.<\/p>","protected":false},"excerpt":{"rendered":"<p>En janvier 2024, les consommateurs suisses seront confront\u00e9s \u00e0 une nouvelle r\u00e9alit\u00e9 financi\u00e8re : l&rsquo;augmentation du taux maximal pour les cr\u00e9dits priv\u00e9s. Cette \u00e9volution, significative dans le paysage du cr\u00e9dit suisse, portera le taux \u00e0 12 % pour les cr\u00e9dits au comptant et \u00e0 14 % pour les d\u00e9couverts. Il s&rsquo;agit d&rsquo;un moment cl\u00e9 pour [&hellip;]<\/p>\n","protected":false},"author":8,"featured_media":27717,"comment_status":"closed","ping_status":"closed","sticky":false,"template":"","format":"standard","meta":{"footnotes":""},"categories":[55],"tags":[],"class_list":["post-27033","post","type-post","status-publish","format-standard","has-post-thumbnail","hentry","category-reglementation"],"_yoast_wpseo_focuskw":"Taux maximal pour les cr\u00e9dits priv\u00e9s","_yoast_wpseo_title":"Augmentation du taux maximal pour les cr\u00e9dits priv\u00e9s","_yoast_wpseo_metadesc":"Le taux maximal pour les cr\u00e9dits priv\u00e9s augmente d\u00e8s le 1er janvier 2024. Regardons ensemble quelles sont les implications de cette nouvelle.","yoast_head":"<!-- This site is optimized with the Yoast SEO plugin v27.5 - https:\/\/yoast.com\/product\/yoast-seo-wordpress\/ -->\n<title>Augmentation du taux maximal pour les cr\u00e9dits priv\u00e9s<\/title>\n<meta name=\"description\" content=\"Le taux maximal pour les cr\u00e9dits priv\u00e9s augmente d\u00e8s le 1er janvier 2024. Regardons ensemble quelles sont les implications de cette nouvelle.\" \/>\n<meta name=\"robots\" content=\"index, follow, max-snippet:-1, max-image-preview:large, max-video-preview:-1\" \/>\n<link rel=\"canonical\" href=\"https:\/\/www.lica.ch\/it\/regolamentazione\/aumento-del-tasso-massimale-per-i-crediti-privati-dal-1-gennaio-2024\/\" \/>\n<meta property=\"og:locale\" content=\"it_IT\" \/>\n<meta property=\"og:type\" content=\"article\" \/>\n<meta property=\"og:title\" content=\"Augmentation du taux maximal pour les cr\u00e9dits priv\u00e9s\" \/>\n<meta property=\"og:description\" content=\"Le taux maximal pour les cr\u00e9dits priv\u00e9s augmente d\u00e8s le 1er janvier 2024. Regardons ensemble quelles sont les implications de cette nouvelle.\" \/>\n<meta property=\"og:url\" content=\"https:\/\/www.lica.ch\/it\/regolamentazione\/aumento-del-tasso-massimale-per-i-crediti-privati-dal-1-gennaio-2024\/\" \/>\n<meta property=\"og:site_name\" content=\"Lica cr\u00e9dit priv\u00e9\" \/>\n<meta property=\"article:publisher\" content=\"https:\/\/www.facebook.com\/lica.suisse\/\" \/>\n<meta property=\"article:published_time\" content=\"2023-12-04T14:52:12+00:00\" \/>\n<meta property=\"article:modified_time\" content=\"2025-11-16T10:13:24+00:00\" \/>\n<meta property=\"og:image\" content=\"https:\/\/www.lica.ch\/wp-content\/uploads\/2023\/12\/Taux-maximal-pour-les-credits-prives_IMA.webp\" \/>\n\t<meta property=\"og:image:width\" content=\"1000\" \/>\n\t<meta property=\"og:image:height\" content=\"650\" \/>\n\t<meta property=\"og:image:type\" content=\"image\/webp\" \/>\n<meta name=\"author\" content=\"writer-login\" \/>\n<meta name=\"twitter:card\" content=\"summary_large_image\" \/>\n<script type=\"application\/ld+json\" class=\"yoast-schema-graph\">{\"@context\":\"https:\\\/\\\/schema.org\",\"@graph\":[{\"@type\":\"Article\",\"@id\":\"https:\\\/\\\/www.lica.ch\\\/reglementation\\\/augmentation-du-taux-maximal-pour-les-credits-prives-des-le-1er-janvier-2024\\\/#article\",\"isPartOf\":{\"@id\":\"https:\\\/\\\/www.lica.ch\\\/reglementation\\\/augmentation-du-taux-maximal-pour-les-credits-prives-des-le-1er-janvier-2024\\\/\"},\"author\":{\"name\":\"writer-login\",\"@id\":\"https:\\\/\\\/www.lica.ch\\\/en\\\/#\\\/schema\\\/person\\\/43f9fd6c0991b2ea4e0ce88a7472a04c\"},\"headline\":\"Augmentation du taux maximal pour les cr\u00e9dits priv\u00e9s d\u00e8s janvier 2024\",\"datePublished\":\"2023-12-04T14:52:12+00:00\",\"dateModified\":\"2025-11-16T10:13:24+00:00\",\"mainEntityOfPage\":{\"@id\":\"https:\\\/\\\/www.lica.ch\\\/reglementation\\\/augmentation-du-taux-maximal-pour-les-credits-prives-des-le-1er-janvier-2024\\\/\"},\"wordCount\":1000,\"publisher\":{\"@id\":\"https:\\\/\\\/www.lica.ch\\\/en\\\/#organization\"},\"image\":{\"@id\":\"https:\\\/\\\/www.lica.ch\\\/reglementation\\\/augmentation-du-taux-maximal-pour-les-credits-prives-des-le-1er-janvier-2024\\\/#primaryimage\"},\"thumbnailUrl\":\"https:\\\/\\\/www.lica.ch\\\/wp-content\\\/uploads\\\/2023\\\/12\\\/Taux-maximal-pour-les-credits-prives_IMA.webp\",\"articleSection\":[\"R\u00e9glementation\"],\"inLanguage\":\"it-IT\"},{\"@type\":\"WebPage\",\"@id\":\"https:\\\/\\\/www.lica.ch\\\/reglementation\\\/augmentation-du-taux-maximal-pour-les-credits-prives-des-le-1er-janvier-2024\\\/\",\"url\":\"https:\\\/\\\/www.lica.ch\\\/reglementation\\\/augmentation-du-taux-maximal-pour-les-credits-prives-des-le-1er-janvier-2024\\\/\",\"name\":\"Augmentation du taux maximal pour les cr\u00e9dits priv\u00e9s\",\"isPartOf\":{\"@id\":\"https:\\\/\\\/www.lica.ch\\\/en\\\/#website\"},\"primaryImageOfPage\":{\"@id\":\"https:\\\/\\\/www.lica.ch\\\/reglementation\\\/augmentation-du-taux-maximal-pour-les-credits-prives-des-le-1er-janvier-2024\\\/#primaryimage\"},\"image\":{\"@id\":\"https:\\\/\\\/www.lica.ch\\\/reglementation\\\/augmentation-du-taux-maximal-pour-les-credits-prives-des-le-1er-janvier-2024\\\/#primaryimage\"},\"thumbnailUrl\":\"https:\\\/\\\/www.lica.ch\\\/wp-content\\\/uploads\\\/2023\\\/12\\\/Taux-maximal-pour-les-credits-prives_IMA.webp\",\"datePublished\":\"2023-12-04T14:52:12+00:00\",\"dateModified\":\"2025-11-16T10:13:24+00:00\",\"description\":\"Le taux maximal pour les cr\u00e9dits priv\u00e9s augmente d\u00e8s le 1er janvier 2024. Regardons ensemble quelles sont les implications de cette nouvelle.\",\"breadcrumb\":{\"@id\":\"https:\\\/\\\/www.lica.ch\\\/reglementation\\\/augmentation-du-taux-maximal-pour-les-credits-prives-des-le-1er-janvier-2024\\\/#breadcrumb\"},\"inLanguage\":\"it-IT\",\"potentialAction\":[{\"@type\":\"ReadAction\",\"target\":[\"https:\\\/\\\/www.lica.ch\\\/reglementation\\\/augmentation-du-taux-maximal-pour-les-credits-prives-des-le-1er-janvier-2024\\\/\"]}]},{\"@type\":\"ImageObject\",\"inLanguage\":\"it-IT\",\"@id\":\"https:\\\/\\\/www.lica.ch\\\/reglementation\\\/augmentation-du-taux-maximal-pour-les-credits-prives-des-le-1er-janvier-2024\\\/#primaryimage\",\"url\":\"https:\\\/\\\/www.lica.ch\\\/wp-content\\\/uploads\\\/2023\\\/12\\\/Taux-maximal-pour-les-credits-prives_IMA.webp\",\"contentUrl\":\"https:\\\/\\\/www.lica.ch\\\/wp-content\\\/uploads\\\/2023\\\/12\\\/Taux-maximal-pour-les-credits-prives_IMA.webp\",\"width\":1000,\"height\":650,\"caption\":\"Taux maximal pour les cr\u00e9dits priv\u00e9s\"},{\"@type\":\"BreadcrumbList\",\"@id\":\"https:\\\/\\\/www.lica.ch\\\/reglementation\\\/augmentation-du-taux-maximal-pour-les-credits-prives-des-le-1er-janvier-2024\\\/#breadcrumb\",\"itemListElement\":[{\"@type\":\"ListItem\",\"position\":1,\"name\":\"Accueil\",\"item\":\"https:\\\/\\\/www.lica.ch\\\/\"},{\"@type\":\"ListItem\",\"position\":2,\"name\":\"Augmentation du taux maximal pour les cr\u00e9dits priv\u00e9s d\u00e8s janvier 2024\"}]},{\"@type\":\"WebSite\",\"@id\":\"https:\\\/\\\/www.lica.ch\\\/en\\\/#website\",\"url\":\"https:\\\/\\\/www.lica.ch\\\/en\\\/\",\"name\":\"Lica\",\"description\":\"Cr\u00e9dit priv\u00e9\",\"publisher\":{\"@id\":\"https:\\\/\\\/www.lica.ch\\\/en\\\/#organization\"},\"alternateName\":\"Lica\",\"potentialAction\":[{\"@type\":\"SearchAction\",\"target\":{\"@type\":\"EntryPoint\",\"urlTemplate\":\"https:\\\/\\\/www.lica.ch\\\/en\\\/?s={search_term_string}\"},\"query-input\":{\"@type\":\"PropertyValueSpecification\",\"valueRequired\":true,\"valueName\":\"search_term_string\"}}],\"inLanguage\":\"it-IT\"},{\"@type\":\"Organization\",\"@id\":\"https:\\\/\\\/www.lica.ch\\\/en\\\/#organization\",\"name\":\"Lica\",\"alternateName\":\"Lica\",\"url\":\"https:\\\/\\\/www.lica.ch\\\/en\\\/\",\"logo\":{\"@type\":\"ImageObject\",\"inLanguage\":\"it-IT\",\"@id\":\"https:\\\/\\\/www.lica.ch\\\/en\\\/#\\\/schema\\\/logo\\\/image\\\/\",\"url\":\"https:\\\/\\\/www.lica.ch\\\/wp-content\\\/uploads\\\/2025\\\/10\\\/Logo_Yoast_Jaune_696x696.webp\",\"contentUrl\":\"https:\\\/\\\/www.lica.ch\\\/wp-content\\\/uploads\\\/2025\\\/10\\\/Logo_Yoast_Jaune_696x696.webp\",\"width\":696,\"height\":696,\"caption\":\"Lica\"},\"image\":{\"@id\":\"https:\\\/\\\/www.lica.ch\\\/en\\\/#\\\/schema\\\/logo\\\/image\\\/\"},\"sameAs\":[\"https:\\\/\\\/www.facebook.com\\\/lica.suisse\\\/\",\"https:\\\/\\\/ch.linkedin.com\\\/company\\\/lica-cr\u00e9dit\",\"https:\\\/\\\/www.tiktok.com\\\/@lica.ch\",\"https:\\\/\\\/www.instagram.com\\\/licacredit\\\/\"]},{\"@type\":\"Person\",\"@id\":\"https:\\\/\\\/www.lica.ch\\\/en\\\/#\\\/schema\\\/person\\\/43f9fd6c0991b2ea4e0ce88a7472a04c\",\"name\":\"writer-login\",\"image\":{\"@type\":\"ImageObject\",\"inLanguage\":\"it-IT\",\"@id\":\"https:\\\/\\\/secure.gravatar.com\\\/avatar\\\/d4854fc4223da2b976f9705ce04407a3e99c4bf956d6190ffef0815d95f87bef?s=96&d=mm&r=g\",\"url\":\"https:\\\/\\\/secure.gravatar.com\\\/avatar\\\/d4854fc4223da2b976f9705ce04407a3e99c4bf956d6190ffef0815d95f87bef?s=96&d=mm&r=g\",\"contentUrl\":\"https:\\\/\\\/secure.gravatar.com\\\/avatar\\\/d4854fc4223da2b976f9705ce04407a3e99c4bf956d6190ffef0815d95f87bef?s=96&d=mm&r=g\",\"caption\":\"writer-login\"}}]}<\/script>\n<!-- \/ Yoast SEO plugin. -->","yoast_head_json":{"title":"Aumento del tasso massimo per i crediti privati","description":"Il tasso massimo per i crediti privati aumenter\u00e0 dal 1\u00b0 gennaio 2024. Vediamo insieme cosa comporta questa novit\u00e0.","robots":{"index":"index","follow":"follow","max-snippet":"max-snippet:-1","max-image-preview":"max-image-preview:large","max-video-preview":"max-video-preview:-1"},"canonical":"https:\/\/www.lica.ch\/it\/regolamentazione\/aumento-del-tasso-massimale-per-i-crediti-privati-dal-1-gennaio-2024\/","og_locale":"it_IT","og_type":"article","og_title":"Augmentation du taux maximal pour les cr\u00e9dits priv\u00e9s","og_description":"Le taux maximal pour les cr\u00e9dits priv\u00e9s augmente d\u00e8s le 1er janvier 2024. Regardons ensemble quelles sont les implications de cette nouvelle.","og_url":"https:\/\/www.lica.ch\/it\/regolamentazione\/aumento-del-tasso-massimale-per-i-crediti-privati-dal-1-gennaio-2024\/","og_site_name":"Lica cr\u00e9dit priv\u00e9","article_publisher":"https:\/\/www.facebook.com\/lica.suisse\/","article_published_time":"2023-12-04T14:52:12+00:00","article_modified_time":"2025-11-16T10:13:24+00:00","og_image":[{"width":1000,"height":650,"url":"https:\/\/www.lica.ch\/wp-content\/uploads\/2023\/12\/Taux-maximal-pour-les-credits-prives_IMA.webp","type":"image\/webp"}],"author":"writer-login","twitter_card":"summary_large_image","schema":{"@context":"https:\/\/schema.org","@graph":[{"@type":"Article","@id":"https:\/\/www.lica.ch\/reglementation\/augmentation-du-taux-maximal-pour-les-credits-prives-des-le-1er-janvier-2024\/#article","isPartOf":{"@id":"https:\/\/www.lica.ch\/reglementation\/augmentation-du-taux-maximal-pour-les-credits-prives-des-le-1er-janvier-2024\/"},"author":{"name":"writer-login","@id":"https:\/\/www.lica.ch\/en\/#\/schema\/person\/43f9fd6c0991b2ea4e0ce88a7472a04c"},"headline":"Augmentation du taux maximal pour les cr\u00e9dits priv\u00e9s d\u00e8s janvier 2024","datePublished":"2023-12-04T14:52:12+00:00","dateModified":"2025-11-16T10:13:24+00:00","mainEntityOfPage":{"@id":"https:\/\/www.lica.ch\/reglementation\/augmentation-du-taux-maximal-pour-les-credits-prives-des-le-1er-janvier-2024\/"},"wordCount":1000,"publisher":{"@id":"https:\/\/www.lica.ch\/en\/#organization"},"image":{"@id":"https:\/\/www.lica.ch\/reglementation\/augmentation-du-taux-maximal-pour-les-credits-prives-des-le-1er-janvier-2024\/#primaryimage"},"thumbnailUrl":"https:\/\/www.lica.ch\/wp-content\/uploads\/2023\/12\/Taux-maximal-pour-les-credits-prives_IMA.webp","articleSection":["R\u00e9glementation"],"inLanguage":"it-IT"},{"@type":"WebPage","@id":"https:\/\/www.lica.ch\/reglementation\/augmentation-du-taux-maximal-pour-les-credits-prives-des-le-1er-janvier-2024\/","url":"https:\/\/www.lica.ch\/reglementation\/augmentation-du-taux-maximal-pour-les-credits-prives-des-le-1er-janvier-2024\/","name":"Aumento del tasso massimo per i crediti privati","isPartOf":{"@id":"https:\/\/www.lica.ch\/en\/#website"},"primaryImageOfPage":{"@id":"https:\/\/www.lica.ch\/reglementation\/augmentation-du-taux-maximal-pour-les-credits-prives-des-le-1er-janvier-2024\/#primaryimage"},"image":{"@id":"https:\/\/www.lica.ch\/reglementation\/augmentation-du-taux-maximal-pour-les-credits-prives-des-le-1er-janvier-2024\/#primaryimage"},"thumbnailUrl":"https:\/\/www.lica.ch\/wp-content\/uploads\/2023\/12\/Taux-maximal-pour-les-credits-prives_IMA.webp","datePublished":"2023-12-04T14:52:12+00:00","dateModified":"2025-11-16T10:13:24+00:00","description":"Il tasso massimo per i crediti privati aumenter\u00e0 dal 1\u00b0 gennaio 2024. Vediamo insieme cosa comporta questa novit\u00e0.","breadcrumb":{"@id":"https:\/\/www.lica.ch\/reglementation\/augmentation-du-taux-maximal-pour-les-credits-prives-des-le-1er-janvier-2024\/#breadcrumb"},"inLanguage":"it-IT","potentialAction":[{"@type":"ReadAction","target":["https:\/\/www.lica.ch\/reglementation\/augmentation-du-taux-maximal-pour-les-credits-prives-des-le-1er-janvier-2024\/"]}]},{"@type":"ImageObject","inLanguage":"it-IT","@id":"https:\/\/www.lica.ch\/reglementation\/augmentation-du-taux-maximal-pour-les-credits-prives-des-le-1er-janvier-2024\/#primaryimage","url":"https:\/\/www.lica.ch\/wp-content\/uploads\/2023\/12\/Taux-maximal-pour-les-credits-prives_IMA.webp","contentUrl":"https:\/\/www.lica.ch\/wp-content\/uploads\/2023\/12\/Taux-maximal-pour-les-credits-prives_IMA.webp","width":1000,"height":650,"caption":"Taux maximal pour les cr\u00e9dits priv\u00e9s"},{"@type":"BreadcrumbList","@id":"https:\/\/www.lica.ch\/reglementation\/augmentation-du-taux-maximal-pour-les-credits-prives-des-le-1er-janvier-2024\/#breadcrumb","itemListElement":[{"@type":"ListItem","position":1,"name":"Accueil","item":"https:\/\/www.lica.ch\/"},{"@type":"ListItem","position":2,"name":"Augmentation du taux maximal pour les cr\u00e9dits priv\u00e9s d\u00e8s janvier 2024"}]},{"@type":"WebSite","@id":"https:\/\/www.lica.ch\/en\/#website","url":"https:\/\/www.lica.ch\/en\/","name":"Lica","description":"Credito privato","publisher":{"@id":"https:\/\/www.lica.ch\/en\/#organization"},"alternateName":"Lica","potentialAction":[{"@type":"SearchAction","target":{"@type":"EntryPoint","urlTemplate":"https:\/\/www.lica.ch\/en\/?s={search_term_string}"},"query-input":{"@type":"PropertyValueSpecification","valueRequired":true,"valueName":"search_term_string"}}],"inLanguage":"it-IT"},{"@type":"Organization","@id":"https:\/\/www.lica.ch\/en\/#organization","name":"Lica","alternateName":"Lica","url":"https:\/\/www.lica.ch\/en\/","logo":{"@type":"ImageObject","inLanguage":"it-IT","@id":"https:\/\/www.lica.ch\/en\/#\/schema\/logo\/image\/","url":"https:\/\/www.lica.ch\/wp-content\/uploads\/2025\/10\/Logo_Yoast_Jaune_696x696.webp","contentUrl":"https:\/\/www.lica.ch\/wp-content\/uploads\/2025\/10\/Logo_Yoast_Jaune_696x696.webp","width":696,"height":696,"caption":"Lica"},"image":{"@id":"https:\/\/www.lica.ch\/en\/#\/schema\/logo\/image\/"},"sameAs":["https:\/\/www.facebook.com\/lica.suisse\/","https:\/\/ch.linkedin.com\/company\/lica-cr\u00e9dit","https:\/\/www.tiktok.com\/@lica.ch","https:\/\/www.instagram.com\/licacredit\/"]},{"@type":"Person","@id":"https:\/\/www.lica.ch\/en\/#\/schema\/person\/43f9fd6c0991b2ea4e0ce88a7472a04c","name":"scrittore-login","image":{"@type":"ImageObject","inLanguage":"it-IT","@id":"https:\/\/secure.gravatar.com\/avatar\/d4854fc4223da2b976f9705ce04407a3e99c4bf956d6190ffef0815d95f87bef?s=96&d=mm&r=g","url":"https:\/\/secure.gravatar.com\/avatar\/d4854fc4223da2b976f9705ce04407a3e99c4bf956d6190ffef0815d95f87bef?s=96&d=mm&r=g","contentUrl":"https:\/\/secure.gravatar.com\/avatar\/d4854fc4223da2b976f9705ce04407a3e99c4bf956d6190ffef0815d95f87bef?s=96&d=mm&r=g","caption":"writer-login"}}]}},"_links":{"self":[{"href":"https:\/\/www.lica.ch\/it\/wp-json\/wp\/v2\/posts\/27033","targetHints":{"allow":["GET"]}}],"collection":[{"href":"https:\/\/www.lica.ch\/it\/wp-json\/wp\/v2\/posts"}],"about":[{"href":"https:\/\/www.lica.ch\/it\/wp-json\/wp\/v2\/types\/post"}],"author":[{"embeddable":true,"href":"https:\/\/www.lica.ch\/it\/wp-json\/wp\/v2\/users\/8"}],"replies":[{"embeddable":true,"href":"https:\/\/www.lica.ch\/it\/wp-json\/wp\/v2\/comments?post=27033"}],"version-history":[{"count":0,"href":"https:\/\/www.lica.ch\/it\/wp-json\/wp\/v2\/posts\/27033\/revisions"}],"wp:featuredmedia":[{"embeddable":true,"href":"https:\/\/www.lica.ch\/it\/wp-json\/wp\/v2\/media\/27717"}],"wp:attachment":[{"href":"https:\/\/www.lica.ch\/it\/wp-json\/wp\/v2\/media?parent=27033"}],"wp:term":[{"taxonomy":"category","embeddable":true,"href":"https:\/\/www.lica.ch\/it\/wp-json\/wp\/v2\/categories?post=27033"},{"taxonomy":"post_tag","embeddable":true,"href":"https:\/\/www.lica.ch\/it\/wp-json\/wp\/v2\/tags?post=27033"}],"curies":[{"name":"wp","href":"https:\/\/api.w.org\/{rel}","templated":true}]}}