{"id":5781,"date":"2025-09-25T09:06:55","date_gmt":"2025-09-25T07:06:55","guid":{"rendered":"https:\/\/test.lica.ch\/?p=5781"},"modified":"2026-01-16T23:58:21","modified_gmt":"2026-01-16T22:58:21","slug":"consolidare-i-miei-crediti-e-ridurre-le-rate-mensili","status":"publish","type":"post","link":"https:\/\/www.lica.ch\/it\/rachat-de-credit\/regrouper-mes-credits-et-diminuer-mes-mensualites\/","title":{"rendered":"Perch\u00e9 \u00e8 interessante raggruppare i miei crediti?"},"content":{"rendered":"<p id=\"viewer-7ojq1\">Che si tratti di acquistare una nuova auto, pagare gli studi, comprare nuovi mobili o qualsiasi altra spesa, i prestiti si accumulano rapidamente. Spesso i tassi di interesse sono molto elevati e le fatture mensili sono difficili da gestire. Gestire bene i propri debiti e ridurre il pi\u00f9 possibile le rate mensili sono le soluzioni migliori se si vuole essere liberi dai prestiti il pi\u00f9 rapidamente possibile! Il consolidamento del mio credito \u00e8 un ottimo modo per risparmiare sulle rate mensili.<\/p>\n\n\n\n<p id=\"viewer-ckkh3\">Il cosiddetto consolidamento dei debiti \u00e8 una strategia in grado di semplificare la gestione dei pagamenti mensili. Ci\u00f2 si ottiene combinando tutti i debiti in un unico pagamento. Spesso il tasso d'interesse \u00e8 molto pi\u00f9 basso di quello che pagavate prima. Oltre a migliorare il vostro rating creditizio con <a class=\"lien-blog\" href=\"https:\/\/www.zek.ch\/fr-ch\/preneurs-de-credit-et-de-leasing?cID=&amp;langID=2&amp;langID=1&amp;langID=2\" target=\"_blank\" rel=\"noreferrer noopener\">il centro di intelligence creditizia.<\/a><\/p>\n\n\n\n<p id=\"viewer-cgmtj\">Un modo efficace per consolidare i debiti \u00e8 quello di sottoscrivere un prestito personale. Si tratta di trasferire i vari prestiti, come leasing, credito privato e carte di credito, in modo da avere un'unica rata mensile molto pi\u00f9 bassa.<\/p>\n\n\n\n<h2 class=\"wp-block-heading\" id=\"viewer-9a8jo\">Vediamo pi\u00f9 da vicino in che modo il consolidamento dei prestiti pu\u00f2 essere vantaggioso per me<\/h2>\n\n\n\n<h3 class=\"wp-block-heading\" id=\"viewer-t530\"># 1 Riduzione dei tassi di interesse<\/h3>\n\n\n\n<p id=\"viewer-efchq\">La maggior parte dei piccoli debiti avr\u00e0 <a class=\"lien-blog\" href=\"https:\/\/www.vaudfamille.ch\/N231172\/credit-a-la-consommation-attention-aux-arnaques.html\" target=\"_blank\" rel=\"noreferrer noopener\">tassi di interesse molto elevati<\/a>. Possono aumentare notevolmente il debito. Estinguendo diversi debiti ad alto tasso di interesse con un prestito a un tasso pi\u00f9 basso, pagherete molto meno a lungo termine. Di conseguenza, i vostri rimborsi mensili saranno pi\u00f9 bassi e il vostro bilancio sar\u00e0 migliore.<\/p>\n\n\n\n<h3 class=\"wp-block-heading\" id=\"viewer-38si1\"># 2 pu\u00f2 migliorare il vostro punteggio di credito<\/h3>\n\n\n\n<p id=\"viewer-bcjl5\">A proposito di punteggi di credito (<a class=\"lien-blog\" href=\"https:\/\/www.zek.ch\/fr-ch\/preneurs-de-credit-et-de-leasing?cID=&amp;langID=2&amp;langID=1&amp;langID=2\" target=\"_blank\" rel=\"noreferrer noopener\">registrazione negli archivi centrali ZEK e IKO<\/a>), un altro vantaggio del consolidamento del debito \u00e8 che pu\u00f2 dare una buona spinta al vostro punteggio attuale. Se consolidate il debito con un prestito personale, \u00e8 probabile che il vostro punteggio aumenti. Ci\u00f2 avverr\u00e0 nel giro di pochi mesi, in quanto si ridurranno le <a href=\"https:\/\/www.lica.ch\/it\/\">credito<\/a>. Un buon rating negli archivi centrali = buone condizioni di prestito!<\/p>\n\n\n\n<h3 class=\"wp-block-heading\" id=\"viewer-k57\"># 3 Meno stress<\/h3>\n\n\n\n<p id=\"viewer-d9c0n\">Il consolidamento del debito in un unico pagamento gestibile ridurr\u00e0 in modo significativo lo stress e aiuter\u00e0 a eliminare il disordine che i pagamenti multipli possono creare. Le questioni finanziarie, come i debiti, sono notoriamente causa di stress. Prendendo il controllo delle vostre finanze con un unico pagamento mensile, vi ritroverete rapidamente in una situazione finanziaria migliore grazie a <a href=\"https:\/\/www.lica.ch\/it\/solvable\/ridurre-le-spese-e-ottimizzare-il-budget\/\">un bilancio sotto controllo<\/a>.<\/p>\n\n\n\n<h3 class=\"wp-block-heading\" id=\"viewer-e0111\"># 4 Combinare i miei prestiti significa poterli rimborsare pi\u00f9 velocemente <\/h3>\n\n\n\n<p id=\"viewer-1gjic\">Non \u00e8 insolito che i saldi delle carte di credito o i piccoli prestiti richiedano anni per essere ripagati completamente. Dopotutto, guadagnano interessi su ci\u00f2 che dovete! Quindi agli istituti di credito non interessa se ci vogliono 5 anni o pi\u00f9 per estinguere il debito. Un vantaggio del consolidamento del debito \u00e8 che il processo vi permetter\u00e0 di pianificare rimborsi regolari di <a href=\"https:\/\/www.lica.ch\/it\/\">i vostri prestiti<\/a>. Questo per garantire che i prestiti vengano rimborsati entro un periodo di tempo ragionevole.<\/p>\n\n\n\n<h3 class=\"wp-block-heading\" id=\"viewer-fiqvr\">E infine...<\/h3>\n\n\n\n<p id=\"viewer-17e9f\">Come per tutti i <a href=\"https:\/\/www.lica.ch\/it\/credito-privato\/\">domanda di finanziamento<\/a>, Ma \u00e8 importante valutare attentamente la propria situazione. Questo per determinare se questa \u00e8 la soluzione migliore per voi e qual \u00e8 il vostro budget attuale. Il consolidamento dei prestiti offre generalmente un risparmio significativo, quindi \u00e8 un'opzione molto interessante da prendere in considerazione.<\/p>\n\n\n\n<h2 class=\"wp-block-heading\" id=\"viewer-895c3\">Voglio consolidare i miei prestiti e rimettere in sesto il mio bilancio!<\/h2>\n\n\n\n<p id=\"viewer-8bstv\">Ora che conoscete i vantaggi del consolidamento del credito privato, non vi resta che fare domanda. Con <a href=\"https:\/\/www.lica.ch\/it\/\">Lica<\/a> \u00e8 semplice, veloce ed efficiente! S\u00ec, fate la vostra richiesta online in meno di 2 minuti e poi i nostri team specializzati faranno il lavoro per voi. Questo vi fa risparmiare tempo e denaro!<\/p>","protected":false},"excerpt":{"rendered":"<p>Que ce soit pour acheter une nouvelle voiture, payer vos \u00e9tudes, du nouveau mobilier ou toute autre d\u00e9pense, les pr\u00eats s\u2019accumulent rapidement. Ils peuvent souvent \u00eatre \u00e0 des taux d&rsquo;int\u00e9r\u00eats tr\u00e8s \u00e9lev\u00e9s avec des factures mensuelles difficiles \u00e0 g\u00e9rer. Bien g\u00e9rer ses dettes et r\u00e9duire au maximum ses diff\u00e9rentes mensualit\u00e9s sont les meilleures solutions pour [&hellip;]<\/p>\n","protected":false},"author":8,"featured_media":27687,"comment_status":"closed","ping_status":"closed","sticky":false,"template":"","format":"standard","meta":{"footnotes":""},"categories":[36],"tags":[],"class_list":["post-5781","post","type-post","status-publish","format-standard","has-post-thumbnail","hentry","category-rachat-de-credit"],"_yoast_wpseo_focuskw":"Regrouper mes cr\u00e9dits","_yoast_wpseo_title":"Regrouper mes cr\u00e9dits pour diminuer mes mensualit\u00e9s","_yoast_wpseo_metadesc":"Regrouper mes cr\u00e9dits permet de diminuer mes mensualit\u00e9s et de retrouver un \u00e9quilibre dans mon budget. J'\u00e9conomise avec un cr\u00e9dit chez Lica.","yoast_head":"<!-- This site is optimized with the Yoast SEO plugin v27.5 - https:\/\/yoast.com\/product\/yoast-seo-wordpress\/ -->\n<title>Regrouper mes cr\u00e9dits pour diminuer mes mensualit\u00e9s<\/title>\n<meta name=\"description\" content=\"Regrouper mes cr\u00e9dits permet de diminuer mes mensualit\u00e9s et de retrouver un \u00e9quilibre dans mon budget. J&#039;\u00e9conomise avec un cr\u00e9dit chez Lica.\" \/>\n<meta name=\"robots\" content=\"index, follow, max-snippet:-1, max-image-preview:large, max-video-preview:-1\" \/>\n<link rel=\"canonical\" href=\"https:\/\/www.lica.ch\/it\/riacquisto-di-credito\/consolidare-i-miei-crediti-e-ridurre-le-rate-mensili\/\" \/>\n<meta property=\"og:locale\" content=\"it_IT\" \/>\n<meta property=\"og:type\" content=\"article\" \/>\n<meta property=\"og:title\" content=\"Regrouper mes cr\u00e9dits pour diminuer mes mensualit\u00e9s\" \/>\n<meta property=\"og:description\" content=\"Regrouper mes cr\u00e9dits permet de diminuer mes mensualit\u00e9s et de retrouver un \u00e9quilibre dans mon budget. J&#039;\u00e9conomise avec un cr\u00e9dit chez Lica.\" \/>\n<meta property=\"og:url\" content=\"https:\/\/www.lica.ch\/it\/riacquisto-di-credito\/consolidare-i-miei-crediti-e-ridurre-le-rate-mensili\/\" \/>\n<meta property=\"og:site_name\" content=\"Lica cr\u00e9dit priv\u00e9\" \/>\n<meta property=\"article:publisher\" content=\"https:\/\/www.facebook.com\/lica.suisse\/\" \/>\n<meta property=\"article:published_time\" content=\"2025-09-25T07:06:55+00:00\" \/>\n<meta property=\"article:modified_time\" content=\"2026-01-16T22:58:21+00:00\" \/>\n<meta property=\"og:image\" content=\"https:\/\/www.lica.ch\/wp-content\/uploads\/2025\/10\/Regrouper-mes-credits_IMA.webp\" \/>\n\t<meta property=\"og:image:width\" content=\"1000\" \/>\n\t<meta property=\"og:image:height\" content=\"650\" \/>\n\t<meta property=\"og:image:type\" content=\"image\/webp\" \/>\n<meta name=\"author\" content=\"writer-login\" \/>\n<meta name=\"twitter:card\" content=\"summary_large_image\" \/>\n<script type=\"application\/ld+json\" class=\"yoast-schema-graph\">{\"@context\":\"https:\\\/\\\/schema.org\",\"@graph\":[{\"@type\":\"Article\",\"@id\":\"https:\\\/\\\/www.lica.ch\\\/rachat-de-credit\\\/regrouper-mes-credits-et-diminuer-mes-mensualites\\\/#article\",\"isPartOf\":{\"@id\":\"https:\\\/\\\/www.lica.ch\\\/rachat-de-credit\\\/regrouper-mes-credits-et-diminuer-mes-mensualites\\\/\"},\"author\":{\"name\":\"writer-login\",\"@id\":\"https:\\\/\\\/www.lica.ch\\\/en\\\/#\\\/schema\\\/person\\\/43f9fd6c0991b2ea4e0ce88a7472a04c\"},\"headline\":\"Pourquoi est-ce int\u00e9ressant de regrouper mes cr\u00e9dits ?\",\"datePublished\":\"2025-09-25T07:06:55+00:00\",\"dateModified\":\"2026-01-16T22:58:21+00:00\",\"mainEntityOfPage\":{\"@id\":\"https:\\\/\\\/www.lica.ch\\\/rachat-de-credit\\\/regrouper-mes-credits-et-diminuer-mes-mensualites\\\/\"},\"wordCount\":728,\"publisher\":{\"@id\":\"https:\\\/\\\/www.lica.ch\\\/en\\\/#organization\"},\"image\":{\"@id\":\"https:\\\/\\\/www.lica.ch\\\/rachat-de-credit\\\/regrouper-mes-credits-et-diminuer-mes-mensualites\\\/#primaryimage\"},\"thumbnailUrl\":\"https:\\\/\\\/www.lica.ch\\\/wp-content\\\/uploads\\\/2025\\\/10\\\/Regrouper-mes-credits_IMA.webp\",\"articleSection\":[\"Rachat de cr\u00e9dit\"],\"inLanguage\":\"it-IT\"},{\"@type\":\"WebPage\",\"@id\":\"https:\\\/\\\/www.lica.ch\\\/rachat-de-credit\\\/regrouper-mes-credits-et-diminuer-mes-mensualites\\\/\",\"url\":\"https:\\\/\\\/www.lica.ch\\\/rachat-de-credit\\\/regrouper-mes-credits-et-diminuer-mes-mensualites\\\/\",\"name\":\"Regrouper mes cr\u00e9dits pour diminuer mes mensualit\u00e9s\",\"isPartOf\":{\"@id\":\"https:\\\/\\\/www.lica.ch\\\/en\\\/#website\"},\"primaryImageOfPage\":{\"@id\":\"https:\\\/\\\/www.lica.ch\\\/rachat-de-credit\\\/regrouper-mes-credits-et-diminuer-mes-mensualites\\\/#primaryimage\"},\"image\":{\"@id\":\"https:\\\/\\\/www.lica.ch\\\/rachat-de-credit\\\/regrouper-mes-credits-et-diminuer-mes-mensualites\\\/#primaryimage\"},\"thumbnailUrl\":\"https:\\\/\\\/www.lica.ch\\\/wp-content\\\/uploads\\\/2025\\\/10\\\/Regrouper-mes-credits_IMA.webp\",\"datePublished\":\"2025-09-25T07:06:55+00:00\",\"dateModified\":\"2026-01-16T22:58:21+00:00\",\"description\":\"Regrouper mes cr\u00e9dits permet de diminuer mes mensualit\u00e9s et de retrouver un \u00e9quilibre dans mon budget. J'\u00e9conomise avec un cr\u00e9dit chez Lica.\",\"breadcrumb\":{\"@id\":\"https:\\\/\\\/www.lica.ch\\\/rachat-de-credit\\\/regrouper-mes-credits-et-diminuer-mes-mensualites\\\/#breadcrumb\"},\"inLanguage\":\"it-IT\",\"potentialAction\":[{\"@type\":\"ReadAction\",\"target\":[\"https:\\\/\\\/www.lica.ch\\\/rachat-de-credit\\\/regrouper-mes-credits-et-diminuer-mes-mensualites\\\/\"]}]},{\"@type\":\"ImageObject\",\"inLanguage\":\"it-IT\",\"@id\":\"https:\\\/\\\/www.lica.ch\\\/rachat-de-credit\\\/regrouper-mes-credits-et-diminuer-mes-mensualites\\\/#primaryimage\",\"url\":\"https:\\\/\\\/www.lica.ch\\\/wp-content\\\/uploads\\\/2025\\\/10\\\/Regrouper-mes-credits_IMA.webp\",\"contentUrl\":\"https:\\\/\\\/www.lica.ch\\\/wp-content\\\/uploads\\\/2025\\\/10\\\/Regrouper-mes-credits_IMA.webp\",\"width\":1000,\"height\":650,\"caption\":\"Regrouper mes cr\u00e9dits\"},{\"@type\":\"BreadcrumbList\",\"@id\":\"https:\\\/\\\/www.lica.ch\\\/rachat-de-credit\\\/regrouper-mes-credits-et-diminuer-mes-mensualites\\\/#breadcrumb\",\"itemListElement\":[{\"@type\":\"ListItem\",\"position\":1,\"name\":\"Accueil\",\"item\":\"https:\\\/\\\/www.lica.ch\\\/\"},{\"@type\":\"ListItem\",\"position\":2,\"name\":\"Pourquoi est-ce int\u00e9ressant de regrouper mes cr\u00e9dits ?\"}]},{\"@type\":\"WebSite\",\"@id\":\"https:\\\/\\\/www.lica.ch\\\/en\\\/#website\",\"url\":\"https:\\\/\\\/www.lica.ch\\\/en\\\/\",\"name\":\"Lica\",\"description\":\"Cr\u00e9dit priv\u00e9\",\"publisher\":{\"@id\":\"https:\\\/\\\/www.lica.ch\\\/en\\\/#organization\"},\"alternateName\":\"Lica\",\"potentialAction\":[{\"@type\":\"SearchAction\",\"target\":{\"@type\":\"EntryPoint\",\"urlTemplate\":\"https:\\\/\\\/www.lica.ch\\\/en\\\/?s={search_term_string}\"},\"query-input\":{\"@type\":\"PropertyValueSpecification\",\"valueRequired\":true,\"valueName\":\"search_term_string\"}}],\"inLanguage\":\"it-IT\"},{\"@type\":\"Organization\",\"@id\":\"https:\\\/\\\/www.lica.ch\\\/en\\\/#organization\",\"name\":\"Lica\",\"alternateName\":\"Lica\",\"url\":\"https:\\\/\\\/www.lica.ch\\\/en\\\/\",\"logo\":{\"@type\":\"ImageObject\",\"inLanguage\":\"it-IT\",\"@id\":\"https:\\\/\\\/www.lica.ch\\\/en\\\/#\\\/schema\\\/logo\\\/image\\\/\",\"url\":\"https:\\\/\\\/www.lica.ch\\\/wp-content\\\/uploads\\\/2025\\\/10\\\/Logo_Yoast_Jaune_696x696.webp\",\"contentUrl\":\"https:\\\/\\\/www.lica.ch\\\/wp-content\\\/uploads\\\/2025\\\/10\\\/Logo_Yoast_Jaune_696x696.webp\",\"width\":696,\"height\":696,\"caption\":\"Lica\"},\"image\":{\"@id\":\"https:\\\/\\\/www.lica.ch\\\/en\\\/#\\\/schema\\\/logo\\\/image\\\/\"},\"sameAs\":[\"https:\\\/\\\/www.facebook.com\\\/lica.suisse\\\/\",\"https:\\\/\\\/ch.linkedin.com\\\/company\\\/lica-cr\u00e9dit\",\"https:\\\/\\\/www.tiktok.com\\\/@lica.ch\",\"https:\\\/\\\/www.instagram.com\\\/licacredit\\\/\"]},{\"@type\":\"Person\",\"@id\":\"https:\\\/\\\/www.lica.ch\\\/en\\\/#\\\/schema\\\/person\\\/43f9fd6c0991b2ea4e0ce88a7472a04c\",\"name\":\"writer-login\",\"image\":{\"@type\":\"ImageObject\",\"inLanguage\":\"it-IT\",\"@id\":\"https:\\\/\\\/secure.gravatar.com\\\/avatar\\\/d4854fc4223da2b976f9705ce04407a3e99c4bf956d6190ffef0815d95f87bef?s=96&d=mm&r=g\",\"url\":\"https:\\\/\\\/secure.gravatar.com\\\/avatar\\\/d4854fc4223da2b976f9705ce04407a3e99c4bf956d6190ffef0815d95f87bef?s=96&d=mm&r=g\",\"contentUrl\":\"https:\\\/\\\/secure.gravatar.com\\\/avatar\\\/d4854fc4223da2b976f9705ce04407a3e99c4bf956d6190ffef0815d95f87bef?s=96&d=mm&r=g\",\"caption\":\"writer-login\"}}]}<\/script>\n<!-- \/ Yoast SEO plugin. -->","yoast_head_json":{"title":"Consolidare i miei crediti per ridurre le rate mensili","description":"Consolidando i miei crediti, riduco le rate mensili e ritrovo l\u2019equilibrio nel mio budget. Risparmio con un prestito da Lica.","robots":{"index":"index","follow":"follow","max-snippet":"max-snippet:-1","max-image-preview":"max-image-preview:large","max-video-preview":"max-video-preview:-1"},"canonical":"https:\/\/www.lica.ch\/it\/riacquisto-di-credito\/consolidare-i-miei-crediti-e-ridurre-le-rate-mensili\/","og_locale":"it_IT","og_type":"article","og_title":"Regrouper mes cr\u00e9dits pour diminuer mes mensualit\u00e9s","og_description":"Regrouper mes cr\u00e9dits permet de diminuer mes mensualit\u00e9s et de retrouver un \u00e9quilibre dans mon budget. J'\u00e9conomise avec un cr\u00e9dit chez Lica.","og_url":"https:\/\/www.lica.ch\/it\/riacquisto-di-credito\/consolidare-i-miei-crediti-e-ridurre-le-rate-mensili\/","og_site_name":"Lica cr\u00e9dit priv\u00e9","article_publisher":"https:\/\/www.facebook.com\/lica.suisse\/","article_published_time":"2025-09-25T07:06:55+00:00","article_modified_time":"2026-01-16T22:58:21+00:00","og_image":[{"width":1000,"height":650,"url":"https:\/\/www.lica.ch\/wp-content\/uploads\/2025\/10\/Regrouper-mes-credits_IMA.webp","type":"image\/webp"}],"author":"writer-login","twitter_card":"summary_large_image","schema":{"@context":"https:\/\/schema.org","@graph":[{"@type":"Article","@id":"https:\/\/www.lica.ch\/rachat-de-credit\/regrouper-mes-credits-et-diminuer-mes-mensualites\/#article","isPartOf":{"@id":"https:\/\/www.lica.ch\/rachat-de-credit\/regrouper-mes-credits-et-diminuer-mes-mensualites\/"},"author":{"name":"writer-login","@id":"https:\/\/www.lica.ch\/en\/#\/schema\/person\/43f9fd6c0991b2ea4e0ce88a7472a04c"},"headline":"Pourquoi est-ce int\u00e9ressant de regrouper mes cr\u00e9dits ?","datePublished":"2025-09-25T07:06:55+00:00","dateModified":"2026-01-16T22:58:21+00:00","mainEntityOfPage":{"@id":"https:\/\/www.lica.ch\/rachat-de-credit\/regrouper-mes-credits-et-diminuer-mes-mensualites\/"},"wordCount":728,"publisher":{"@id":"https:\/\/www.lica.ch\/en\/#organization"},"image":{"@id":"https:\/\/www.lica.ch\/rachat-de-credit\/regrouper-mes-credits-et-diminuer-mes-mensualites\/#primaryimage"},"thumbnailUrl":"https:\/\/www.lica.ch\/wp-content\/uploads\/2025\/10\/Regrouper-mes-credits_IMA.webp","articleSection":["Rachat de cr\u00e9dit"],"inLanguage":"it-IT"},{"@type":"WebPage","@id":"https:\/\/www.lica.ch\/rachat-de-credit\/regrouper-mes-credits-et-diminuer-mes-mensualites\/","url":"https:\/\/www.lica.ch\/rachat-de-credit\/regrouper-mes-credits-et-diminuer-mes-mensualites\/","name":"Consolidare i miei crediti per ridurre le rate mensili","isPartOf":{"@id":"https:\/\/www.lica.ch\/en\/#website"},"primaryImageOfPage":{"@id":"https:\/\/www.lica.ch\/rachat-de-credit\/regrouper-mes-credits-et-diminuer-mes-mensualites\/#primaryimage"},"image":{"@id":"https:\/\/www.lica.ch\/rachat-de-credit\/regrouper-mes-credits-et-diminuer-mes-mensualites\/#primaryimage"},"thumbnailUrl":"https:\/\/www.lica.ch\/wp-content\/uploads\/2025\/10\/Regrouper-mes-credits_IMA.webp","datePublished":"2025-09-25T07:06:55+00:00","dateModified":"2026-01-16T22:58:21+00:00","description":"Consolidando i miei crediti, riduco le rate mensili e ritrovo l\u2019equilibrio nel mio budget. Risparmio con un prestito da Lica.","breadcrumb":{"@id":"https:\/\/www.lica.ch\/rachat-de-credit\/regrouper-mes-credits-et-diminuer-mes-mensualites\/#breadcrumb"},"inLanguage":"it-IT","potentialAction":[{"@type":"ReadAction","target":["https:\/\/www.lica.ch\/rachat-de-credit\/regrouper-mes-credits-et-diminuer-mes-mensualites\/"]}]},{"@type":"ImageObject","inLanguage":"it-IT","@id":"https:\/\/www.lica.ch\/rachat-de-credit\/regrouper-mes-credits-et-diminuer-mes-mensualites\/#primaryimage","url":"https:\/\/www.lica.ch\/wp-content\/uploads\/2025\/10\/Regrouper-mes-credits_IMA.webp","contentUrl":"https:\/\/www.lica.ch\/wp-content\/uploads\/2025\/10\/Regrouper-mes-credits_IMA.webp","width":1000,"height":650,"caption":"Regrouper mes cr\u00e9dits"},{"@type":"BreadcrumbList","@id":"https:\/\/www.lica.ch\/rachat-de-credit\/regrouper-mes-credits-et-diminuer-mes-mensualites\/#breadcrumb","itemListElement":[{"@type":"ListItem","position":1,"name":"Accueil","item":"https:\/\/www.lica.ch\/"},{"@type":"ListItem","position":2,"name":"Pourquoi est-ce int\u00e9ressant de regrouper mes cr\u00e9dits ?"}]},{"@type":"WebSite","@id":"https:\/\/www.lica.ch\/en\/#website","url":"https:\/\/www.lica.ch\/en\/","name":"Lica","description":"Credito privato","publisher":{"@id":"https:\/\/www.lica.ch\/en\/#organization"},"alternateName":"Lica","potentialAction":[{"@type":"SearchAction","target":{"@type":"EntryPoint","urlTemplate":"https:\/\/www.lica.ch\/en\/?s={search_term_string}"},"query-input":{"@type":"PropertyValueSpecification","valueRequired":true,"valueName":"search_term_string"}}],"inLanguage":"it-IT"},{"@type":"Organization","@id":"https:\/\/www.lica.ch\/en\/#organization","name":"Lica","alternateName":"Lica","url":"https:\/\/www.lica.ch\/en\/","logo":{"@type":"ImageObject","inLanguage":"it-IT","@id":"https:\/\/www.lica.ch\/en\/#\/schema\/logo\/image\/","url":"https:\/\/www.lica.ch\/wp-content\/uploads\/2025\/10\/Logo_Yoast_Jaune_696x696.webp","contentUrl":"https:\/\/www.lica.ch\/wp-content\/uploads\/2025\/10\/Logo_Yoast_Jaune_696x696.webp","width":696,"height":696,"caption":"Lica"},"image":{"@id":"https:\/\/www.lica.ch\/en\/#\/schema\/logo\/image\/"},"sameAs":["https:\/\/www.facebook.com\/lica.suisse\/","https:\/\/ch.linkedin.com\/company\/lica-cr\u00e9dit","https:\/\/www.tiktok.com\/@lica.ch","https:\/\/www.instagram.com\/licacredit\/"]},{"@type":"Person","@id":"https:\/\/www.lica.ch\/en\/#\/schema\/person\/43f9fd6c0991b2ea4e0ce88a7472a04c","name":"scrittore-login","image":{"@type":"ImageObject","inLanguage":"it-IT","@id":"https:\/\/secure.gravatar.com\/avatar\/d4854fc4223da2b976f9705ce04407a3e99c4bf956d6190ffef0815d95f87bef?s=96&d=mm&r=g","url":"https:\/\/secure.gravatar.com\/avatar\/d4854fc4223da2b976f9705ce04407a3e99c4bf956d6190ffef0815d95f87bef?s=96&d=mm&r=g","contentUrl":"https:\/\/secure.gravatar.com\/avatar\/d4854fc4223da2b976f9705ce04407a3e99c4bf956d6190ffef0815d95f87bef?s=96&d=mm&r=g","caption":"writer-login"}}]}},"_links":{"self":[{"href":"https:\/\/www.lica.ch\/it\/wp-json\/wp\/v2\/posts\/5781","targetHints":{"allow":["GET"]}}],"collection":[{"href":"https:\/\/www.lica.ch\/it\/wp-json\/wp\/v2\/posts"}],"about":[{"href":"https:\/\/www.lica.ch\/it\/wp-json\/wp\/v2\/types\/post"}],"author":[{"embeddable":true,"href":"https:\/\/www.lica.ch\/it\/wp-json\/wp\/v2\/users\/8"}],"replies":[{"embeddable":true,"href":"https:\/\/www.lica.ch\/it\/wp-json\/wp\/v2\/comments?post=5781"}],"version-history":[{"count":0,"href":"https:\/\/www.lica.ch\/it\/wp-json\/wp\/v2\/posts\/5781\/revisions"}],"wp:featuredmedia":[{"embeddable":true,"href":"https:\/\/www.lica.ch\/it\/wp-json\/wp\/v2\/media\/27687"}],"wp:attachment":[{"href":"https:\/\/www.lica.ch\/it\/wp-json\/wp\/v2\/media?parent=5781"}],"wp:term":[{"taxonomy":"category","embeddable":true,"href":"https:\/\/www.lica.ch\/it\/wp-json\/wp\/v2\/categories?post=5781"},{"taxonomy":"post_tag","embeddable":true,"href":"https:\/\/www.lica.ch\/it\/wp-json\/wp\/v2\/tags?post=5781"}],"curies":[{"name":"wp","href":"https:\/\/api.w.org\/{rel}","templated":true}]}}