{"id":5810,"date":"2023-10-20T17:26:00","date_gmt":"2023-10-20T15:26:00","guid":{"rendered":"https:\/\/test.lica.ch\/?p=5810"},"modified":"2026-03-09T15:18:34","modified_gmt":"2026-03-09T14:18:34","slug":"credito-per-pensionati-avs-e-ai","status":"publish","type":"post","link":"https:\/\/www.lica.ch\/it\/credit-rentier\/credit-pour-les-rentiers-avs-et-ai\/","title":{"rendered":"Il credito privato per i pensionati AVS e AI"},"content":{"rendered":"<h2 class=\"wp-block-heading\" id=\"viewer-52egu\">Siete pensionati AVS o AVI?<\/h2>\n\n\n\n<p id=\"viewer-5cl6a\">L'AVS e l'AI sono i due fornitori del primo pilastro. L'assicurazione per la vecchiaia e i superstiti (AVS) paga le pensioni ai pensionati e le pensioni di vedovanza e orfani ai superstiti. L'assicurazione per l'invalidit\u00e0 (AI) eroga prestazioni (pensioni) alle persone disabili. Vediamo quindi come questi tre tipi di beneficiari possono beneficiare di finanziamenti quando ne hanno veramente bisogno.<\/p>\n\n\n\n<h2 class=\"wp-block-heading\" id=\"viewer-p87s\">Quali sono le condizioni per ottenere un credito privato?<\/h2>\n\n\n\n<p id=\"viewer-7srk6\">Anche se \u00e8 possibile<mark style=\"background-color:rgba(0, 0, 0, 0)\" class=\"has-inline-color has-brand-color\"> <\/mark>a<mark style=\"background-color:rgba(0, 0, 0, 0)\" class=\"has-inline-color has-brand-color\"> <a class=\"lien-blog\" href=\"https:\/\/www.lica.ch\/it\/demande-de-credit-prive-en-ligne\/\" target=\"_blank\" rel=\"noreferrer noopener\">richiesta di prestito personale<\/a> <\/mark>se siete titolari di una pensione AVS\/AI, non tutte le banche accetteranno la vostra domanda. Affinch\u00e9 la vostra domanda venga elaborata da una banca, dovrete soddisfare le seguenti condizioni:<\/p>\n\n\n\n<ul class=\"wp-block-list\">\n<li>Le sue prestazioni AVS o AI, le rendite del secondo pilastro e un\u2019eventuale altra fonte di reddito ammontano complessivamente ad almeno CHF 3\u2019000.\u2013 al mese.<\/li>\n\n\n\n<li>Avete meno di 65 anni al momento della stipula del contratto<\/li>\n\n\n\n<li>Non avete procedimenti giudiziari in corso (compresi gli atti di inadempimento)<\/li>\n<\/ul>\n\n\n\n<p>Con Lica avete tutte le possibilit\u00e0 di ottenere un prestito a condizioni molto vantaggiose se siete titolari di una rendita. Fate la vostra domanda gratuitamente e senza impegno. Insieme troveremo una soluzione per farvi ottenere il finanziamento che desiderate.<\/p>\n\n\n\n<h2 class=\"wp-block-heading\" id=\"viewer-56i6b\">Tassi di interesse per i pensionati<\/h2>\n\n\n\n<p id=\"viewer-3gbre\">Per le persone che percepiscono una pensione, i tassi di interesse per i prestiti personali variano generalmente tra il 4,95% e il 10,9%. Il tasso dipende principalmente dalla situazione individuale di ciascun richiedente. Lica vi offre sempre i migliori tassi disponibili per il vostro prestito privato in base ai risultati ottenuti dai nostri consulenti dopo la negoziazione.<\/p>\n\n\n\n<h2 class=\"wp-block-heading\" id=\"viewer-epfhv\">Credito per i pensionati: quali documenti devo fornire?<\/h2>\n\n\n\n<p id=\"viewer-8ao3f\">Affinch\u00e9 la domanda venga elaborata correttamente, \u00e8 necessario fornire :<\/p>\n\n\n\n<ul class=\"wp-block-list\">\n<li>Copia della carta d'identit\u00e0<\/li>\n\n\n\n<li>Copia della decisione AI \/ AVS \/ Caisse de pension<\/li>\n\n\n\n<li>Copia degli ultimi 3 estratti conto del conto da cui si riceve la pensione (o le pensioni)<\/li>\n\n\n\n<li>Copia delle ultime 3 buste paga per i redditi aggiuntivi (se applicabile)<\/li>\n\n\n\n<li>Contratto di locazione o di mutuo<\/li>\n\n\n\n<li>Se siete sposati o vivete in coppia :<\/li>\n\n\n\n<li>Copia della carta d'identit\u00e0 svizzera o del permesso di soggiorno del partner.<\/li>\n\n\n\n<li>Copia delle vostre ultime 3 buste paga e delle ultime 3 dichiarazioni dei redditi supplementari del vostro partner (se applicabile).<\/li>\n<\/ul>\n\n\n\n<h2 class=\"wp-block-heading\" id=\"viewer-7gqvu\">Perch\u00e9 scegliere Lica?<\/h2>\n\n\n\n<p id=\"viewer-3s1s9\">I consulenti di Lica si occuperanno della vostra richiesta in modo trasparente ed efficiente. Studiamo la vostra situazione attuale, pensiamo al vostro budget e vi offriamo un finanziamento perfettamente adatto alla vostra situazione. Lica si occuper\u00e0 anche di negoziare il vostro tasso d'interesse in modo che possiate ottenere la migliore offerta sul mercato.<\/p>","protected":false},"excerpt":{"rendered":"<p>Vous \u00eates rentier AVS ou AVI ? AVS et l\u2019AI sont les deux prestataires du premier pilier. L\u2019assurance vieillesse et survivants (AVS) verse des rentes aux retrait\u00e9s et des rentes de veufs, veuves et orphelins aux survivants. Alors que l\u2019assurance invalidit\u00e9 (AI), elle verse des prestations (rentes) aux personnes qui sont invalides. Nous allons donc [&hellip;]<\/p>\n","protected":false},"author":8,"featured_media":27888,"comment_status":"closed","ping_status":"closed","sticky":false,"template":"","format":"standard","meta":{"footnotes":""},"categories":[35],"tags":[],"class_list":["post-5810","post","type-post","status-publish","format-standard","has-post-thumbnail","hentry","category-credit-rentier"],"_yoast_wpseo_focuskw":"Cr\u00e9dit pour les rentiers","_yoast_wpseo_title":"Le cr\u00e9dit priv\u00e9 pour les rentiers AVS et AI %%sep%% Lica cr\u00e9dit priv\u00e9 \u00e0 Vevey","_yoast_wpseo_metadesc":"Le cr\u00e9dit pour les rentiers AVS et AI est possible \u00e0 condition de respecter certaines conditions. Lica cr\u00e9dit vous explique comment faire.","yoast_head":"<!-- This site is optimized with the Yoast SEO plugin v27.5 - https:\/\/yoast.com\/product\/yoast-seo-wordpress\/ -->\n<title>Le cr\u00e9dit priv\u00e9 pour les rentiers AVS et AI - Lica cr\u00e9dit priv\u00e9 \u00e0 Vevey<\/title>\n<meta name=\"description\" content=\"Le cr\u00e9dit pour les rentiers AVS et AI est possible \u00e0 condition de respecter certaines conditions. Lica cr\u00e9dit vous explique comment faire.\" \/>\n<meta name=\"robots\" content=\"index, follow, max-snippet:-1, max-image-preview:large, max-video-preview:-1\" \/>\n<link rel=\"canonical\" href=\"https:\/\/www.lica.ch\/it\/credito-pensionati\/credito-per-pensionati-avs-e-ai\/\" \/>\n<meta property=\"og:locale\" content=\"it_IT\" \/>\n<meta property=\"og:type\" content=\"article\" \/>\n<meta property=\"og:title\" content=\"Le cr\u00e9dit priv\u00e9 pour les rentiers AVS et AI - Lica cr\u00e9dit priv\u00e9 \u00e0 Vevey\" \/>\n<meta property=\"og:description\" content=\"Le cr\u00e9dit pour les rentiers AVS et AI est possible \u00e0 condition de respecter certaines conditions. Lica cr\u00e9dit vous explique comment faire.\" \/>\n<meta property=\"og:url\" content=\"https:\/\/www.lica.ch\/it\/credito-pensionati\/credito-per-pensionati-avs-e-ai\/\" \/>\n<meta property=\"og:site_name\" content=\"Lica cr\u00e9dit priv\u00e9\" \/>\n<meta property=\"article:publisher\" content=\"https:\/\/www.facebook.com\/lica.suisse\/\" \/>\n<meta property=\"article:published_time\" content=\"2023-10-20T15:26:00+00:00\" \/>\n<meta property=\"article:modified_time\" content=\"2026-03-09T14:18:34+00:00\" \/>\n<meta property=\"og:image\" content=\"https:\/\/www.lica.ch\/wp-content\/uploads\/2022\/02\/Credit-pour-les-rentiers_IMA.webp\" \/>\n\t<meta property=\"og:image:width\" content=\"1000\" \/>\n\t<meta property=\"og:image:height\" content=\"650\" \/>\n\t<meta property=\"og:image:type\" content=\"image\/webp\" \/>\n<meta name=\"author\" content=\"writer-login\" \/>\n<meta name=\"twitter:card\" content=\"summary_large_image\" \/>\n<script type=\"application\/ld+json\" class=\"yoast-schema-graph\">{\"@context\":\"https:\\\/\\\/schema.org\",\"@graph\":[{\"@type\":\"Article\",\"@id\":\"https:\\\/\\\/www.lica.ch\\\/credit-rentier\\\/credit-pour-les-rentiers-avs-et-ai\\\/#article\",\"isPartOf\":{\"@id\":\"https:\\\/\\\/www.lica.ch\\\/credit-rentier\\\/credit-pour-les-rentiers-avs-et-ai\\\/\"},\"author\":{\"name\":\"writer-login\",\"@id\":\"https:\\\/\\\/www.lica.ch\\\/en\\\/#\\\/schema\\\/person\\\/43f9fd6c0991b2ea4e0ce88a7472a04c\"},\"headline\":\"Le cr\u00e9dit priv\u00e9 pour les rentiers AVS et AI\",\"datePublished\":\"2023-10-20T15:26:00+00:00\",\"dateModified\":\"2026-03-09T14:18:34+00:00\",\"mainEntityOfPage\":{\"@id\":\"https:\\\/\\\/www.lica.ch\\\/credit-rentier\\\/credit-pour-les-rentiers-avs-et-ai\\\/\"},\"wordCount\":509,\"publisher\":{\"@id\":\"https:\\\/\\\/www.lica.ch\\\/en\\\/#organization\"},\"image\":{\"@id\":\"https:\\\/\\\/www.lica.ch\\\/credit-rentier\\\/credit-pour-les-rentiers-avs-et-ai\\\/#primaryimage\"},\"thumbnailUrl\":\"https:\\\/\\\/www.lica.ch\\\/wp-content\\\/uploads\\\/2022\\\/02\\\/Credit-pour-les-rentiers_IMA.webp\",\"articleSection\":[\"Cr\u00e9dit rentier\"],\"inLanguage\":\"it-IT\"},{\"@type\":\"WebPage\",\"@id\":\"https:\\\/\\\/www.lica.ch\\\/credit-rentier\\\/credit-pour-les-rentiers-avs-et-ai\\\/\",\"url\":\"https:\\\/\\\/www.lica.ch\\\/credit-rentier\\\/credit-pour-les-rentiers-avs-et-ai\\\/\",\"name\":\"Le cr\u00e9dit priv\u00e9 pour les rentiers AVS et AI - Lica cr\u00e9dit priv\u00e9 \u00e0 Vevey\",\"isPartOf\":{\"@id\":\"https:\\\/\\\/www.lica.ch\\\/en\\\/#website\"},\"primaryImageOfPage\":{\"@id\":\"https:\\\/\\\/www.lica.ch\\\/credit-rentier\\\/credit-pour-les-rentiers-avs-et-ai\\\/#primaryimage\"},\"image\":{\"@id\":\"https:\\\/\\\/www.lica.ch\\\/credit-rentier\\\/credit-pour-les-rentiers-avs-et-ai\\\/#primaryimage\"},\"thumbnailUrl\":\"https:\\\/\\\/www.lica.ch\\\/wp-content\\\/uploads\\\/2022\\\/02\\\/Credit-pour-les-rentiers_IMA.webp\",\"datePublished\":\"2023-10-20T15:26:00+00:00\",\"dateModified\":\"2026-03-09T14:18:34+00:00\",\"description\":\"Le cr\u00e9dit pour les rentiers AVS et AI est possible \u00e0 condition de respecter certaines conditions. Lica cr\u00e9dit vous explique comment faire.\",\"breadcrumb\":{\"@id\":\"https:\\\/\\\/www.lica.ch\\\/credit-rentier\\\/credit-pour-les-rentiers-avs-et-ai\\\/#breadcrumb\"},\"inLanguage\":\"it-IT\",\"potentialAction\":[{\"@type\":\"ReadAction\",\"target\":[\"https:\\\/\\\/www.lica.ch\\\/credit-rentier\\\/credit-pour-les-rentiers-avs-et-ai\\\/\"]}]},{\"@type\":\"ImageObject\",\"inLanguage\":\"it-IT\",\"@id\":\"https:\\\/\\\/www.lica.ch\\\/credit-rentier\\\/credit-pour-les-rentiers-avs-et-ai\\\/#primaryimage\",\"url\":\"https:\\\/\\\/www.lica.ch\\\/wp-content\\\/uploads\\\/2022\\\/02\\\/Credit-pour-les-rentiers_IMA.webp\",\"contentUrl\":\"https:\\\/\\\/www.lica.ch\\\/wp-content\\\/uploads\\\/2022\\\/02\\\/Credit-pour-les-rentiers_IMA.webp\",\"width\":1000,\"height\":650,\"caption\":\"Cr\u00e9dit pour les rentiers\"},{\"@type\":\"BreadcrumbList\",\"@id\":\"https:\\\/\\\/www.lica.ch\\\/credit-rentier\\\/credit-pour-les-rentiers-avs-et-ai\\\/#breadcrumb\",\"itemListElement\":[{\"@type\":\"ListItem\",\"position\":1,\"name\":\"Accueil\",\"item\":\"https:\\\/\\\/www.lica.ch\\\/\"},{\"@type\":\"ListItem\",\"position\":2,\"name\":\"Le cr\u00e9dit priv\u00e9 pour les rentiers AVS et AI\"}]},{\"@type\":\"WebSite\",\"@id\":\"https:\\\/\\\/www.lica.ch\\\/en\\\/#website\",\"url\":\"https:\\\/\\\/www.lica.ch\\\/en\\\/\",\"name\":\"Lica\",\"description\":\"Cr\u00e9dit priv\u00e9\",\"publisher\":{\"@id\":\"https:\\\/\\\/www.lica.ch\\\/en\\\/#organization\"},\"alternateName\":\"Lica\",\"potentialAction\":[{\"@type\":\"SearchAction\",\"target\":{\"@type\":\"EntryPoint\",\"urlTemplate\":\"https:\\\/\\\/www.lica.ch\\\/en\\\/?s={search_term_string}\"},\"query-input\":{\"@type\":\"PropertyValueSpecification\",\"valueRequired\":true,\"valueName\":\"search_term_string\"}}],\"inLanguage\":\"it-IT\"},{\"@type\":\"Organization\",\"@id\":\"https:\\\/\\\/www.lica.ch\\\/en\\\/#organization\",\"name\":\"Lica\",\"alternateName\":\"Lica\",\"url\":\"https:\\\/\\\/www.lica.ch\\\/en\\\/\",\"logo\":{\"@type\":\"ImageObject\",\"inLanguage\":\"it-IT\",\"@id\":\"https:\\\/\\\/www.lica.ch\\\/en\\\/#\\\/schema\\\/logo\\\/image\\\/\",\"url\":\"https:\\\/\\\/www.lica.ch\\\/wp-content\\\/uploads\\\/2025\\\/10\\\/Logo_Yoast_Jaune_696x696.webp\",\"contentUrl\":\"https:\\\/\\\/www.lica.ch\\\/wp-content\\\/uploads\\\/2025\\\/10\\\/Logo_Yoast_Jaune_696x696.webp\",\"width\":696,\"height\":696,\"caption\":\"Lica\"},\"image\":{\"@id\":\"https:\\\/\\\/www.lica.ch\\\/en\\\/#\\\/schema\\\/logo\\\/image\\\/\"},\"sameAs\":[\"https:\\\/\\\/www.facebook.com\\\/lica.suisse\\\/\",\"https:\\\/\\\/ch.linkedin.com\\\/company\\\/lica-cr\u00e9dit\",\"https:\\\/\\\/www.tiktok.com\\\/@lica.ch\",\"https:\\\/\\\/www.instagram.com\\\/licacredit\\\/\"]},{\"@type\":\"Person\",\"@id\":\"https:\\\/\\\/www.lica.ch\\\/en\\\/#\\\/schema\\\/person\\\/43f9fd6c0991b2ea4e0ce88a7472a04c\",\"name\":\"writer-login\",\"image\":{\"@type\":\"ImageObject\",\"inLanguage\":\"it-IT\",\"@id\":\"https:\\\/\\\/secure.gravatar.com\\\/avatar\\\/d4854fc4223da2b976f9705ce04407a3e99c4bf956d6190ffef0815d95f87bef?s=96&d=mm&r=g\",\"url\":\"https:\\\/\\\/secure.gravatar.com\\\/avatar\\\/d4854fc4223da2b976f9705ce04407a3e99c4bf956d6190ffef0815d95f87bef?s=96&d=mm&r=g\",\"contentUrl\":\"https:\\\/\\\/secure.gravatar.com\\\/avatar\\\/d4854fc4223da2b976f9705ce04407a3e99c4bf956d6190ffef0815d95f87bef?s=96&d=mm&r=g\",\"caption\":\"writer-login\"}}]}<\/script>\n<!-- \/ Yoast SEO plugin. -->","yoast_head_json":{"title":"Credito privato per pensionati AVS e AI - Credito privato Lica a Vevey","description":"Il credito per pensionati AVS e AI \u00e8 possibile, a condizione di rispettare alcuni requisiti. Lica Credito ti spiega come fare.","robots":{"index":"index","follow":"follow","max-snippet":"max-snippet:-1","max-image-preview":"max-image-preview:large","max-video-preview":"max-video-preview:-1"},"canonical":"https:\/\/www.lica.ch\/it\/credito-pensionati\/credito-per-pensionati-avs-e-ai\/","og_locale":"it_IT","og_type":"article","og_title":"Le cr\u00e9dit priv\u00e9 pour les rentiers AVS et AI - Lica cr\u00e9dit priv\u00e9 \u00e0 Vevey","og_description":"Le cr\u00e9dit pour les rentiers AVS et AI est possible \u00e0 condition de respecter certaines conditions. Lica cr\u00e9dit vous explique comment faire.","og_url":"https:\/\/www.lica.ch\/it\/credito-pensionati\/credito-per-pensionati-avs-e-ai\/","og_site_name":"Lica cr\u00e9dit priv\u00e9","article_publisher":"https:\/\/www.facebook.com\/lica.suisse\/","article_published_time":"2023-10-20T15:26:00+00:00","article_modified_time":"2026-03-09T14:18:34+00:00","og_image":[{"width":1000,"height":650,"url":"https:\/\/www.lica.ch\/wp-content\/uploads\/2022\/02\/Credit-pour-les-rentiers_IMA.webp","type":"image\/webp"}],"author":"writer-login","twitter_card":"summary_large_image","schema":{"@context":"https:\/\/schema.org","@graph":[{"@type":"Article","@id":"https:\/\/www.lica.ch\/credit-rentier\/credit-pour-les-rentiers-avs-et-ai\/#article","isPartOf":{"@id":"https:\/\/www.lica.ch\/credit-rentier\/credit-pour-les-rentiers-avs-et-ai\/"},"author":{"name":"writer-login","@id":"https:\/\/www.lica.ch\/en\/#\/schema\/person\/43f9fd6c0991b2ea4e0ce88a7472a04c"},"headline":"Le cr\u00e9dit priv\u00e9 pour les rentiers AVS et AI","datePublished":"2023-10-20T15:26:00+00:00","dateModified":"2026-03-09T14:18:34+00:00","mainEntityOfPage":{"@id":"https:\/\/www.lica.ch\/credit-rentier\/credit-pour-les-rentiers-avs-et-ai\/"},"wordCount":509,"publisher":{"@id":"https:\/\/www.lica.ch\/en\/#organization"},"image":{"@id":"https:\/\/www.lica.ch\/credit-rentier\/credit-pour-les-rentiers-avs-et-ai\/#primaryimage"},"thumbnailUrl":"https:\/\/www.lica.ch\/wp-content\/uploads\/2022\/02\/Credit-pour-les-rentiers_IMA.webp","articleSection":["Cr\u00e9dit rentier"],"inLanguage":"it-IT"},{"@type":"WebPage","@id":"https:\/\/www.lica.ch\/credit-rentier\/credit-pour-les-rentiers-avs-et-ai\/","url":"https:\/\/www.lica.ch\/credit-rentier\/credit-pour-les-rentiers-avs-et-ai\/","name":"Credito privato per pensionati AVS e AI - Credito privato Lica a Vevey","isPartOf":{"@id":"https:\/\/www.lica.ch\/en\/#website"},"primaryImageOfPage":{"@id":"https:\/\/www.lica.ch\/credit-rentier\/credit-pour-les-rentiers-avs-et-ai\/#primaryimage"},"image":{"@id":"https:\/\/www.lica.ch\/credit-rentier\/credit-pour-les-rentiers-avs-et-ai\/#primaryimage"},"thumbnailUrl":"https:\/\/www.lica.ch\/wp-content\/uploads\/2022\/02\/Credit-pour-les-rentiers_IMA.webp","datePublished":"2023-10-20T15:26:00+00:00","dateModified":"2026-03-09T14:18:34+00:00","description":"Il credito per pensionati AVS e AI \u00e8 possibile, a condizione di rispettare alcuni requisiti. Lica Credito ti spiega come fare.","breadcrumb":{"@id":"https:\/\/www.lica.ch\/credit-rentier\/credit-pour-les-rentiers-avs-et-ai\/#breadcrumb"},"inLanguage":"it-IT","potentialAction":[{"@type":"ReadAction","target":["https:\/\/www.lica.ch\/credit-rentier\/credit-pour-les-rentiers-avs-et-ai\/"]}]},{"@type":"ImageObject","inLanguage":"it-IT","@id":"https:\/\/www.lica.ch\/credit-rentier\/credit-pour-les-rentiers-avs-et-ai\/#primaryimage","url":"https:\/\/www.lica.ch\/wp-content\/uploads\/2022\/02\/Credit-pour-les-rentiers_IMA.webp","contentUrl":"https:\/\/www.lica.ch\/wp-content\/uploads\/2022\/02\/Credit-pour-les-rentiers_IMA.webp","width":1000,"height":650,"caption":"Cr\u00e9dit pour les rentiers"},{"@type":"BreadcrumbList","@id":"https:\/\/www.lica.ch\/credit-rentier\/credit-pour-les-rentiers-avs-et-ai\/#breadcrumb","itemListElement":[{"@type":"ListItem","position":1,"name":"Accueil","item":"https:\/\/www.lica.ch\/"},{"@type":"ListItem","position":2,"name":"Le cr\u00e9dit priv\u00e9 pour les rentiers AVS et AI"}]},{"@type":"WebSite","@id":"https:\/\/www.lica.ch\/en\/#website","url":"https:\/\/www.lica.ch\/en\/","name":"Lica","description":"Credito privato","publisher":{"@id":"https:\/\/www.lica.ch\/en\/#organization"},"alternateName":"Lica","potentialAction":[{"@type":"SearchAction","target":{"@type":"EntryPoint","urlTemplate":"https:\/\/www.lica.ch\/en\/?s={search_term_string}"},"query-input":{"@type":"PropertyValueSpecification","valueRequired":true,"valueName":"search_term_string"}}],"inLanguage":"it-IT"},{"@type":"Organization","@id":"https:\/\/www.lica.ch\/en\/#organization","name":"Lica","alternateName":"Lica","url":"https:\/\/www.lica.ch\/en\/","logo":{"@type":"ImageObject","inLanguage":"it-IT","@id":"https:\/\/www.lica.ch\/en\/#\/schema\/logo\/image\/","url":"https:\/\/www.lica.ch\/wp-content\/uploads\/2025\/10\/Logo_Yoast_Jaune_696x696.webp","contentUrl":"https:\/\/www.lica.ch\/wp-content\/uploads\/2025\/10\/Logo_Yoast_Jaune_696x696.webp","width":696,"height":696,"caption":"Lica"},"image":{"@id":"https:\/\/www.lica.ch\/en\/#\/schema\/logo\/image\/"},"sameAs":["https:\/\/www.facebook.com\/lica.suisse\/","https:\/\/ch.linkedin.com\/company\/lica-cr\u00e9dit","https:\/\/www.tiktok.com\/@lica.ch","https:\/\/www.instagram.com\/licacredit\/"]},{"@type":"Person","@id":"https:\/\/www.lica.ch\/en\/#\/schema\/person\/43f9fd6c0991b2ea4e0ce88a7472a04c","name":"scrittore-login","image":{"@type":"ImageObject","inLanguage":"it-IT","@id":"https:\/\/secure.gravatar.com\/avatar\/d4854fc4223da2b976f9705ce04407a3e99c4bf956d6190ffef0815d95f87bef?s=96&d=mm&r=g","url":"https:\/\/secure.gravatar.com\/avatar\/d4854fc4223da2b976f9705ce04407a3e99c4bf956d6190ffef0815d95f87bef?s=96&d=mm&r=g","contentUrl":"https:\/\/secure.gravatar.com\/avatar\/d4854fc4223da2b976f9705ce04407a3e99c4bf956d6190ffef0815d95f87bef?s=96&d=mm&r=g","caption":"writer-login"}}]}},"_links":{"self":[{"href":"https:\/\/www.lica.ch\/it\/wp-json\/wp\/v2\/posts\/5810","targetHints":{"allow":["GET"]}}],"collection":[{"href":"https:\/\/www.lica.ch\/it\/wp-json\/wp\/v2\/posts"}],"about":[{"href":"https:\/\/www.lica.ch\/it\/wp-json\/wp\/v2\/types\/post"}],"author":[{"embeddable":true,"href":"https:\/\/www.lica.ch\/it\/wp-json\/wp\/v2\/users\/8"}],"replies":[{"embeddable":true,"href":"https:\/\/www.lica.ch\/it\/wp-json\/wp\/v2\/comments?post=5810"}],"version-history":[{"count":0,"href":"https:\/\/www.lica.ch\/it\/wp-json\/wp\/v2\/posts\/5810\/revisions"}],"wp:featuredmedia":[{"embeddable":true,"href":"https:\/\/www.lica.ch\/it\/wp-json\/wp\/v2\/media\/27888"}],"wp:attachment":[{"href":"https:\/\/www.lica.ch\/it\/wp-json\/wp\/v2\/media?parent=5810"}],"wp:term":[{"taxonomy":"category","embeddable":true,"href":"https:\/\/www.lica.ch\/it\/wp-json\/wp\/v2\/categories?post=5810"},{"taxonomy":"post_tag","embeddable":true,"href":"https:\/\/www.lica.ch\/it\/wp-json\/wp\/v2\/tags?post=5810"}],"curies":[{"name":"wp","href":"https:\/\/api.w.org\/{rel}","templated":true}]}}