{"id":14902,"date":"2022-10-18T16:20:55","date_gmt":"2022-10-18T14:20:55","guid":{"rendered":"https:\/\/lica.ch\/?p=14902"},"modified":"2025-12-10T18:42:08","modified_gmt":"2025-12-10T17:42:08","slug":"como-funciona-a-fiscalidade-do-credito-pessoal-na-suica","status":"publish","type":"post","link":"https:\/\/www.lica.ch\/pt\/credit-personnel\/comment-fonctionne-la-fiscalite-du-credit-prive-en-suisse\/","title":{"rendered":"Como funciona a tributa\u00e7\u00e3o do cr\u00e9dito pessoal na Su\u00ed\u00e7a?"},"content":{"rendered":"<p>J\u00e1 ouviu dizer que pode pedir uma dedu\u00e7\u00e3o fiscal quando tem um cr\u00e9dito privado? Mas qual \u00e9 a realidade e como \u00e9 que o cr\u00e9dito privado \u00e9 tributado na Su\u00ed\u00e7a? Vamos analisar o assunto em pormenor para saber mais e, sobretudo, para o ajudar a fazer as escolhas certas. <a class=\"lien-blog\" href=\"https:\/\/www.lica.ch\/pt\/solvable\/reduzir-as-despesas-e-otimizar-o-orcamento\/\" target=\"_blank\" rel=\"noreferrer noopener\">poupar dinheiro<\/a> impostos sempre que poss\u00edvel!<\/p>\n\n\n\n<h2 class=\"wp-block-heading\">A possibilidade de obter uma dedu\u00e7\u00e3o fiscal para o seu empr\u00e9stimo privado<\/h2>\n\n\n\n<p>A contra\u00e7\u00e3o de um empr\u00e9stimo pode reduzir o montante do imposto a pagar. Mas \u00e9 preciso saber como declar\u00e1-lo \u00e0s autoridades fiscais para obter os melhores benef\u00edcios fiscais poss\u00edveis. O que \u00e9 que se pode deduzir quando se tem uma d\u00edvida privada?<\/p>\n\n\n\n<p>Ter um contrato de cr\u00e9dito atual significa que se compromete a reembolsar um montante fixo durante um determinado per\u00edodo. Este montante \u00e9 composto pelos 2 elementos seguintes:<\/p>\n\n\n\n<ul class=\"wp-block-list\">\n<li>o montante que pediu emprestado e que tem de pagar (amortiza\u00e7\u00e3o);<\/li>\n\n\n\n<li>os juros gerados por este empr\u00e9stimo.<\/li>\n<\/ul>\n\n\n\n<p>Pode desde j\u00e1 constatar que estes juros s\u00e3o dedut\u00edveis nos impostos, desde que os inscreva na sua declara\u00e7\u00e3o de impostos. Os juros gerados pelo seu empr\u00e9stimo reduzem o seu rendimento. Isto reduz o seu rendimento tribut\u00e1vel e significa que paga menos impostos. <\/p>\n\n\n\n<h3 class=\"wp-block-heading\">Ap\u00f3s os juros, deduzir o montante da sua d\u00edvida<\/h3>\n\n\n\n<p>Deduzir os juros que paga sobre o seu empr\u00e9stimo reduzir\u00e1 o seu rendimento, enquanto que deduzir o montante da sua d\u00edvida reduzir\u00e1 o seu patrim\u00f3nio. <\/p>\n\n\n\n<p>Eis como declarar o seu cr\u00e9dito no programa inform\u00e1tico \"VaudTax\", v\u00e1lido para os contribuintes tributados no cant\u00e3o de Vaud. <\/p>\n\n\n\n<p> Na sec\u00e7\u00e3o \"D\u00edvida\", preencher as informa\u00e7\u00f5es solicitadas pelo programa no separador \"Outras d\u00edvidas privadas\". Eis uma imagem de ecr\u00e3 que mostra um exemplo de declara\u00e7\u00e3o.<\/p>\n\n\n\n<figure class=\"wp-block-image aligncenter size-large\"><a href=\"https:\/\/www.lica.ch\/pt\/credito-pessoal-2\/fiscalidade-como-declarar-o-seu-credito-pessoal\/attachment\/declarer-son-credit-prive_img_1\/\"><img fetchpriority=\"high\" decoding=\"async\" width=\"1024\" height=\"234\" src=\"https:\/\/www.lica.ch\/wp-content\/uploads\/2025\/08\/Declarer-son-credit-prive_IMG_1-1024x234.webp\" alt=\"Registar o seu cr\u00e9dito privado\" class=\"wp-image-27824\" srcset=\"https:\/\/www.lica.ch\/wp-content\/uploads\/2025\/08\/Declarer-son-credit-prive_IMG_1-1024x234.webp 1024w, https:\/\/www.lica.ch\/wp-content\/uploads\/2025\/08\/Declarer-son-credit-prive_IMG_1-300x69.webp 300w, https:\/\/www.lica.ch\/wp-content\/uploads\/2025\/08\/Declarer-son-credit-prive_IMG_1-768x175.webp 768w, https:\/\/www.lica.ch\/wp-content\/uploads\/2025\/08\/Declarer-son-credit-prive_IMG_1-1536x351.webp 1536w, https:\/\/www.lica.ch\/wp-content\/uploads\/2025\/08\/Declarer-son-credit-prive_IMG_1-18x4.webp 18w, https:\/\/www.lica.ch\/wp-content\/uploads\/2025\/08\/Declarer-son-credit-prive_IMG_1.webp 1694w\" sizes=\"(max-width: 1024px) 100vw, 1024px\" \/><\/a><figcaption class=\"wp-element-caption\">Fonte: VaudTax tutorial<\/figcaption><\/figure>\n\n\n\n<p>No \u00e2mbito do sistema VaudTax, basta preencher as informa\u00e7\u00f5es seguintes para beneficiar das economias fiscais associadas aos seus empr\u00e9stimos. <\/p>\n\n\n\n<ul class=\"wp-block-list\">\n<li>nome do credor (o banco, institui\u00e7\u00e3o ou mutuante a quem deve dinheiro) ;<\/li>\n\n\n\n<li>endere\u00e7o do credor ;<\/li>\n\n\n\n<li>n\u00famero da conta ou do contrato ;<\/li>\n\n\n\n<li>total dos juros pagos durante o per\u00edodo ;<\/li>\n\n\n\n<li>montante da d\u00edvida em 31.12.<\/li>\n<\/ul>\n\n\n\n<p>Uma vez completadas estas informa\u00e7\u00f5es, o software efectua automaticamente as dedu\u00e7\u00f5es corretas dos seus rendimentos e bens.<\/p>\n\n\n\n<h2 class=\"wp-block-heading\">Saiba quanto paga de juros anuais<\/h2>\n\n\n\n<p>Gostaria de saber tudo o que \u00e9 preciso saber sobre a fiscalidade do cr\u00e9dito privado? Comece por conhecer o montante total dos juros que paga anualmente. Dependendo do banco ou do credor, alguns contratos de cr\u00e9dito nem sempre indicam claramente a reparti\u00e7\u00e3o entre juros e amortiza\u00e7\u00f5es. Por isso, releia o seu contrato com aten\u00e7\u00e3o e n\u00e3o hesite em <a class=\"lien-blog\" href=\"https:\/\/www.lica.ch\/pt\/nous-contacter\/\" target=\"_blank\" rel=\"noreferrer noopener\">contactar-nos <\/a>se precisar de ajuda. <\/p>\n\n\n\n<p>Note-se, no entanto, que durante o primeiro per\u00edodo do ano, ou seja, entre janeiro e mar\u00e7o, a institui\u00e7\u00e3o financeira que lhe concedeu o empr\u00e9stimo privado \u00e9 obrigada a enviar-lhe um certificado de juros relativo ao ano anterior. Se o banco (o prestador ou qualquer outra entidade banc\u00e1ria ou institui\u00e7\u00e3o de cr\u00e9dito) n\u00e3o lhe fornecer este certificado, tem o direito de o pedir de volta gratuitamente. Os passos a dar para o solicitar s\u00e3o geralmente bastante simples. No entanto, deve ter em conta que <a class=\"lien-blog\" href=\"https:\/\/www.lica.ch\/pt\/\" target=\"_blank\" rel=\"noreferrer noopener\">Lica<\/a> tamb\u00e9m o pode ajudar se tiver dificuldades com o seu banco.<\/p>\n\n\n\n<h2 class=\"wp-block-heading\">A redu\u00e7\u00e3o fiscal \u00e9 significativa?<\/h2>\n\n\n\n<p>Embora todas as redu\u00e7\u00f5es de impostos sejam apreci\u00e1veis, \u00e9 natural que se pergunte se a sua ser\u00e1 substancial ou n\u00e3o. De facto, o ganho depender\u00e1 essencialmente da situa\u00e7\u00e3o de cada contribuinte em fun\u00e7\u00e3o de certos crit\u00e9rios precisos. Por exemplo, a taxa de imposto, o local de tributa\u00e7\u00e3o, a situa\u00e7\u00e3o familiar e tamb\u00e9m o montante dos juros que paga.<\/p>\n\n\n\n<p>Em qualquer caso, quer o desconto seja substancial ou n\u00e3o, n\u00e3o perde nada. Pelo contr\u00e1rio, ser\u00e1 sempre um desconto mais ou menos substancial, e seria uma pena n\u00e3o o aproveitar.<\/p>\n\n\n\n<p>Se quiser saber exatamente quanto pode poupar, n\u00e3o hesite em pedir-nos uma simula\u00e7\u00e3o precisa das poupan\u00e7as que pode fazer.  Uma an\u00e1lise \u00e9 sempre gratuita no Lica!<\/p>\n\n\n\n<h2 class=\"wp-block-heading\">Tributa\u00e7\u00e3o do cr\u00e9dito privado em compara\u00e7\u00e3o com a loca\u00e7\u00e3o financeira <\/h2>\n\n\n\n<p>Vejamos um exemplo concreto: precisa de comprar um ve\u00edculo e <a class=\"lien-blog\" href=\"https:\/\/www.lica.ch\/pt\/credito-pessoal-2\/porque-resgatar-o-seu-leasing\/\" target=\"_blank\" rel=\"noreferrer noopener\">ainda est\u00e1 a decidir entre um empr\u00e9stimo ou uma loca\u00e7\u00e3o financeira<\/a>. Basicamente, a loca\u00e7\u00e3o financeira parece oferecer taxas de juro muito atractivas. No entanto, ao contr\u00e1rio do cr\u00e9dito privado, os juros da loca\u00e7\u00e3o financeira n\u00e3o s\u00e3o dedut\u00edveis nos impostos, pelo que n\u00e3o poupar\u00e1 qualquer imposto.<\/p>\n\n\n\n<p>O facto \u00e9 que as loca\u00e7\u00f5es s\u00e3o consideradas como alugueres e n\u00e3o como empr\u00e9stimos. E, enquanto loca\u00e7\u00e3o financeira, n\u00e3o poder\u00e1 beneficiar de uma dedu\u00e7\u00e3o fiscal. Em contrapartida, o tratamento fiscal do cr\u00e9dito privado permite-lhe ter a vantagem de ser o propriet\u00e1rio direto do seu ve\u00edculo a partir do momento da compra e de poder deduzir os juros pagos do seu imposto.<\/p>\n\n\n\n<h3 class=\"wp-block-heading\">Com um cr\u00e9dito privado, tem o controlo das suas decis\u00f5es!<\/h3>\n\n\n\n<p>Quando contrai um cr\u00e9dito privado a favor de um leasing, todas as decis\u00f5es relativas ao seu ve\u00edculo s\u00e3o suas. Pode, por exemplo, escolher o seu seguro, comprar ou vender o seu ve\u00edculo, ou mesmo alug\u00e1-lo. Em contrapartida, com o leasing, \u00e9 obrigado a subscrever um seguro completo e n\u00e3o poder\u00e1 revender ou alugar o seu ve\u00edculo como desejar.<\/p>\n\n\n\n<p>Outro aspeto importante a ter em conta: com o cr\u00e9dito, n\u00e3o ter\u00e1 de pagar mais se exceder o limite de quil\u00f3metros ou se rescindir o contrato antecipadamente. Por isso, n\u00e3o se esque\u00e7a de estudar cuidadosamente cada caso antes de decidir se pretende fazer um leasing ou um empr\u00e9stimo privado.<\/p>\n\n\n\n<h2 class=\"wp-block-heading\">A solu\u00e7\u00e3o para beneficiar do melhor da fiscalidade do cr\u00e9dito privado<\/h2>\n\n\n\n<p>Para beneficiar da melhor fiscalidade sobre o cr\u00e9dito privado, utilize os seguintes servi\u00e7os <a class=\"lien-blog\" href=\"https:\/\/www.lica.ch\/pt\/demande-de-credit-choix-option\/\" target=\"_blank\" rel=\"noreferrer noopener\">Servi\u00e7os Lica<\/a>. Processaremos o seu pedido num instante, sem compromisso e sem custos para si. Poder\u00e1 obter uma taxa muito melhor, selecionando a melhor solu\u00e7\u00e3o e obtendo a sua resposta em menos de 24 horas. Al\u00e9m disso, o Lica tamb\u00e9m o pode ajudar gratuitamente em quest\u00f5es complexas relacionadas com os seus empr\u00e9stimos.<\/p>\n\n\n\n<h2 class=\"wp-block-heading\">A nossa conclus\u00e3o sobre a tributa\u00e7\u00e3o do cr\u00e9dito privado<\/h2>\n\n\n\n<p>Um empr\u00e9stimo ser\u00e1 sempre um encargo adicional para o seu or\u00e7amento. No entanto, \u00e9 \u00f3timo poder tirar partido de uma solu\u00e7\u00e3o de empr\u00e9stimo competitiva que tamb\u00e9m \u00e9 dedut\u00edvel nos impostos.<\/p>\n\n\n\n<p>Infelizmente, muitas pessoas n\u00e3o pensam necessariamente em declarar os seus cr\u00e9ditos privados. Isto deve-se muitas vezes a uma falta de conhecimento ou ao receio de cometer um erro. Tamb\u00e9m pode acontecer que os especialistas na mat\u00e9ria, como os fiduci\u00e1rios, se esque\u00e7am simplesmente de declarar o seu cr\u00e9dito.<\/p>","protected":false},"excerpt":{"rendered":"<p>Avez-vous d\u00e9j\u00e0 entendu dire qu\u2019une d\u00e9duction fiscale \u00e9tait possible lorsque l&rsquo;on poss\u00e8de un cr\u00e9dit priv\u00e9. Qu\u2019en est-il r\u00e9ellement et comment se passe la fiscalit\u00e9 du cr\u00e9dit priv\u00e9&nbsp;en Suisse ? Petit zoom sur le sujet afin d\u2019en apprendre davantage et surtout de vous faire \u00e9conomiser des imp\u00f4ts lorsque c&rsquo;est possible ! La possibilit\u00e9 d\u2019obtenir une d\u00e9duction [&hellip;]<\/p>\n","protected":false},"author":8,"featured_media":27914,"comment_status":"closed","ping_status":"closed","sticky":false,"template":"","format":"standard","meta":{"footnotes":""},"categories":[21],"tags":[],"class_list":["post-14902","post","type-post","status-publish","format-standard","has-post-thumbnail","hentry","category-credit-personnel"],"_yoast_wpseo_focuskw":"Fiscalit\u00e9 du cr\u00e9dit priv\u00e9","_yoast_wpseo_title":"La fiscalit\u00e9 du cr\u00e9dit priv\u00e9 en Suisse permet des \u00e9conomies","_yoast_wpseo_metadesc":"Pour comprendre la fiscalit\u00e9 du cr\u00e9dit priv\u00e9 en Suisse, Lica vous d\u00e9tail comment d\u00e9clarer vos pr\u00eats et \u00e9conomiser sur vos imp\u00f4ts.","yoast_head":"<!-- This site is optimized with the Yoast SEO plugin v27.5 - https:\/\/yoast.com\/product\/yoast-seo-wordpress\/ -->\n<title>La fiscalit\u00e9 du cr\u00e9dit priv\u00e9 en Suisse permet des \u00e9conomies<\/title>\n<meta name=\"description\" content=\"Pour comprendre la fiscalit\u00e9 du cr\u00e9dit priv\u00e9 en Suisse, Lica vous d\u00e9tail comment d\u00e9clarer vos pr\u00eats et \u00e9conomiser sur vos imp\u00f4ts.\" \/>\n<meta name=\"robots\" content=\"index, follow, max-snippet:-1, max-image-preview:large, max-video-preview:-1\" \/>\n<link rel=\"canonical\" href=\"https:\/\/www.lica.ch\/pt\/credito-pessoal\/como-funciona-a-fiscalidade-do-credito-pessoal-na-suica\/\" \/>\n<meta property=\"og:locale\" content=\"pt_PT\" \/>\n<meta property=\"og:type\" content=\"article\" \/>\n<meta property=\"og:title\" content=\"La fiscalit\u00e9 du cr\u00e9dit priv\u00e9 en Suisse permet des \u00e9conomies\" \/>\n<meta property=\"og:description\" content=\"Pour comprendre la fiscalit\u00e9 du cr\u00e9dit priv\u00e9 en Suisse, Lica vous d\u00e9tail comment d\u00e9clarer vos pr\u00eats et \u00e9conomiser sur vos imp\u00f4ts.\" \/>\n<meta property=\"og:url\" content=\"https:\/\/www.lica.ch\/pt\/credito-pessoal\/como-funciona-a-fiscalidade-do-credito-pessoal-na-suica\/\" \/>\n<meta property=\"og:site_name\" content=\"Lica cr\u00e9dit priv\u00e9\" \/>\n<meta property=\"article:publisher\" content=\"https:\/\/www.facebook.com\/lica.suisse\/\" \/>\n<meta property=\"article:published_time\" content=\"2022-10-18T14:20:55+00:00\" \/>\n<meta property=\"article:modified_time\" content=\"2025-12-10T17:42:08+00:00\" \/>\n<meta property=\"og:image\" content=\"https:\/\/www.lica.ch\/wp-content\/uploads\/2021\/10\/Fiscalite-du-credit-prive_IMA.webp\" \/>\n\t<meta property=\"og:image:width\" content=\"1000\" \/>\n\t<meta property=\"og:image:height\" content=\"650\" \/>\n\t<meta property=\"og:image:type\" content=\"image\/webp\" \/>\n<meta name=\"author\" content=\"writer-login\" \/>\n<meta name=\"twitter:card\" content=\"summary_large_image\" \/>\n<script type=\"application\/ld+json\" class=\"yoast-schema-graph\">{\"@context\":\"https:\\\/\\\/schema.org\",\"@graph\":[{\"@type\":\"Article\",\"@id\":\"https:\\\/\\\/www.lica.ch\\\/credit-personnel\\\/comment-fonctionne-la-fiscalite-du-credit-prive-en-suisse\\\/#article\",\"isPartOf\":{\"@id\":\"https:\\\/\\\/www.lica.ch\\\/credit-personnel\\\/comment-fonctionne-la-fiscalite-du-credit-prive-en-suisse\\\/\"},\"author\":{\"name\":\"writer-login\",\"@id\":\"https:\\\/\\\/www.lica.ch\\\/en\\\/#\\\/schema\\\/person\\\/43f9fd6c0991b2ea4e0ce88a7472a04c\"},\"headline\":\"Comment fonctionne la fiscalit\u00e9 du cr\u00e9dit priv\u00e9 en Suisse ?\",\"datePublished\":\"2022-10-18T14:20:55+00:00\",\"dateModified\":\"2025-12-10T17:42:08+00:00\",\"mainEntityOfPage\":{\"@id\":\"https:\\\/\\\/www.lica.ch\\\/credit-personnel\\\/comment-fonctionne-la-fiscalite-du-credit-prive-en-suisse\\\/\"},\"wordCount\":1342,\"publisher\":{\"@id\":\"https:\\\/\\\/www.lica.ch\\\/en\\\/#organization\"},\"image\":{\"@id\":\"https:\\\/\\\/www.lica.ch\\\/credit-personnel\\\/comment-fonctionne-la-fiscalite-du-credit-prive-en-suisse\\\/#primaryimage\"},\"thumbnailUrl\":\"https:\\\/\\\/www.lica.ch\\\/wp-content\\\/uploads\\\/2021\\\/10\\\/Fiscalite-du-credit-prive_IMA.webp\",\"articleSection\":[\"Cr\u00e9dit personnel\"],\"inLanguage\":\"pt-PT\"},{\"@type\":\"WebPage\",\"@id\":\"https:\\\/\\\/www.lica.ch\\\/credit-personnel\\\/comment-fonctionne-la-fiscalite-du-credit-prive-en-suisse\\\/\",\"url\":\"https:\\\/\\\/www.lica.ch\\\/credit-personnel\\\/comment-fonctionne-la-fiscalite-du-credit-prive-en-suisse\\\/\",\"name\":\"La fiscalit\u00e9 du cr\u00e9dit priv\u00e9 en Suisse permet des \u00e9conomies\",\"isPartOf\":{\"@id\":\"https:\\\/\\\/www.lica.ch\\\/en\\\/#website\"},\"primaryImageOfPage\":{\"@id\":\"https:\\\/\\\/www.lica.ch\\\/credit-personnel\\\/comment-fonctionne-la-fiscalite-du-credit-prive-en-suisse\\\/#primaryimage\"},\"image\":{\"@id\":\"https:\\\/\\\/www.lica.ch\\\/credit-personnel\\\/comment-fonctionne-la-fiscalite-du-credit-prive-en-suisse\\\/#primaryimage\"},\"thumbnailUrl\":\"https:\\\/\\\/www.lica.ch\\\/wp-content\\\/uploads\\\/2021\\\/10\\\/Fiscalite-du-credit-prive_IMA.webp\",\"datePublished\":\"2022-10-18T14:20:55+00:00\",\"dateModified\":\"2025-12-10T17:42:08+00:00\",\"description\":\"Pour comprendre la fiscalit\u00e9 du cr\u00e9dit priv\u00e9 en Suisse, Lica vous d\u00e9tail comment d\u00e9clarer vos pr\u00eats et \u00e9conomiser sur vos imp\u00f4ts.\",\"breadcrumb\":{\"@id\":\"https:\\\/\\\/www.lica.ch\\\/credit-personnel\\\/comment-fonctionne-la-fiscalite-du-credit-prive-en-suisse\\\/#breadcrumb\"},\"inLanguage\":\"pt-PT\",\"potentialAction\":[{\"@type\":\"ReadAction\",\"target\":[\"https:\\\/\\\/www.lica.ch\\\/credit-personnel\\\/comment-fonctionne-la-fiscalite-du-credit-prive-en-suisse\\\/\"]}]},{\"@type\":\"ImageObject\",\"inLanguage\":\"pt-PT\",\"@id\":\"https:\\\/\\\/www.lica.ch\\\/credit-personnel\\\/comment-fonctionne-la-fiscalite-du-credit-prive-en-suisse\\\/#primaryimage\",\"url\":\"https:\\\/\\\/www.lica.ch\\\/wp-content\\\/uploads\\\/2021\\\/10\\\/Fiscalite-du-credit-prive_IMA.webp\",\"contentUrl\":\"https:\\\/\\\/www.lica.ch\\\/wp-content\\\/uploads\\\/2021\\\/10\\\/Fiscalite-du-credit-prive_IMA.webp\",\"width\":1000,\"height\":650,\"caption\":\"Fiscalit\u00e9 du cr\u00e9dit priv\u00e9\"},{\"@type\":\"BreadcrumbList\",\"@id\":\"https:\\\/\\\/www.lica.ch\\\/credit-personnel\\\/comment-fonctionne-la-fiscalite-du-credit-prive-en-suisse\\\/#breadcrumb\",\"itemListElement\":[{\"@type\":\"ListItem\",\"position\":1,\"name\":\"Accueil\",\"item\":\"https:\\\/\\\/www.lica.ch\\\/\"},{\"@type\":\"ListItem\",\"position\":2,\"name\":\"Comment fonctionne la fiscalit\u00e9 du cr\u00e9dit priv\u00e9 en Suisse ?\"}]},{\"@type\":\"WebSite\",\"@id\":\"https:\\\/\\\/www.lica.ch\\\/en\\\/#website\",\"url\":\"https:\\\/\\\/www.lica.ch\\\/en\\\/\",\"name\":\"Lica\",\"description\":\"Cr\u00e9dit priv\u00e9\",\"publisher\":{\"@id\":\"https:\\\/\\\/www.lica.ch\\\/en\\\/#organization\"},\"alternateName\":\"Lica\",\"potentialAction\":[{\"@type\":\"SearchAction\",\"target\":{\"@type\":\"EntryPoint\",\"urlTemplate\":\"https:\\\/\\\/www.lica.ch\\\/en\\\/?s={search_term_string}\"},\"query-input\":{\"@type\":\"PropertyValueSpecification\",\"valueRequired\":true,\"valueName\":\"search_term_string\"}}],\"inLanguage\":\"pt-PT\"},{\"@type\":\"Organization\",\"@id\":\"https:\\\/\\\/www.lica.ch\\\/en\\\/#organization\",\"name\":\"Lica\",\"alternateName\":\"Lica\",\"url\":\"https:\\\/\\\/www.lica.ch\\\/en\\\/\",\"logo\":{\"@type\":\"ImageObject\",\"inLanguage\":\"pt-PT\",\"@id\":\"https:\\\/\\\/www.lica.ch\\\/en\\\/#\\\/schema\\\/logo\\\/image\\\/\",\"url\":\"https:\\\/\\\/www.lica.ch\\\/wp-content\\\/uploads\\\/2025\\\/10\\\/Logo_Yoast_Jaune_696x696.webp\",\"contentUrl\":\"https:\\\/\\\/www.lica.ch\\\/wp-content\\\/uploads\\\/2025\\\/10\\\/Logo_Yoast_Jaune_696x696.webp\",\"width\":696,\"height\":696,\"caption\":\"Lica\"},\"image\":{\"@id\":\"https:\\\/\\\/www.lica.ch\\\/en\\\/#\\\/schema\\\/logo\\\/image\\\/\"},\"sameAs\":[\"https:\\\/\\\/www.facebook.com\\\/lica.suisse\\\/\",\"https:\\\/\\\/ch.linkedin.com\\\/company\\\/lica-cr\u00e9dit\",\"https:\\\/\\\/www.tiktok.com\\\/@lica.ch\",\"https:\\\/\\\/www.instagram.com\\\/licacredit\\\/\"]},{\"@type\":\"Person\",\"@id\":\"https:\\\/\\\/www.lica.ch\\\/en\\\/#\\\/schema\\\/person\\\/43f9fd6c0991b2ea4e0ce88a7472a04c\",\"name\":\"writer-login\",\"image\":{\"@type\":\"ImageObject\",\"inLanguage\":\"pt-PT\",\"@id\":\"https:\\\/\\\/secure.gravatar.com\\\/avatar\\\/d4854fc4223da2b976f9705ce04407a3e99c4bf956d6190ffef0815d95f87bef?s=96&d=mm&r=g\",\"url\":\"https:\\\/\\\/secure.gravatar.com\\\/avatar\\\/d4854fc4223da2b976f9705ce04407a3e99c4bf956d6190ffef0815d95f87bef?s=96&d=mm&r=g\",\"contentUrl\":\"https:\\\/\\\/secure.gravatar.com\\\/avatar\\\/d4854fc4223da2b976f9705ce04407a3e99c4bf956d6190ffef0815d95f87bef?s=96&d=mm&r=g\",\"caption\":\"writer-login\"}}]}<\/script>\n<!-- \/ Yoast SEO plugin. -->","yoast_head_json":{"title":"A fiscalidade do cr\u00e9dito pessoal na Su\u00ed\u00e7a permite poupar","description":"A Lica explica como declarar corretamente o seu cr\u00e9dito pessoal na Su\u00ed\u00e7a e poupar nos impostos.","robots":{"index":"index","follow":"follow","max-snippet":"max-snippet:-1","max-image-preview":"max-image-preview:large","max-video-preview":"max-video-preview:-1"},"canonical":"https:\/\/www.lica.ch\/pt\/credito-pessoal\/como-funciona-a-fiscalidade-do-credito-pessoal-na-suica\/","og_locale":"pt_PT","og_type":"article","og_title":"La fiscalit\u00e9 du cr\u00e9dit priv\u00e9 en Suisse permet des \u00e9conomies","og_description":"Pour comprendre la fiscalit\u00e9 du cr\u00e9dit priv\u00e9 en Suisse, Lica vous d\u00e9tail comment d\u00e9clarer vos pr\u00eats et \u00e9conomiser sur vos imp\u00f4ts.","og_url":"https:\/\/www.lica.ch\/pt\/credito-pessoal\/como-funciona-a-fiscalidade-do-credito-pessoal-na-suica\/","og_site_name":"Lica cr\u00e9dit priv\u00e9","article_publisher":"https:\/\/www.facebook.com\/lica.suisse\/","article_published_time":"2022-10-18T14:20:55+00:00","article_modified_time":"2025-12-10T17:42:08+00:00","og_image":[{"width":1000,"height":650,"url":"https:\/\/www.lica.ch\/wp-content\/uploads\/2021\/10\/Fiscalite-du-credit-prive_IMA.webp","type":"image\/webp"}],"author":"writer-login","twitter_card":"summary_large_image","schema":{"@context":"https:\/\/schema.org","@graph":[{"@type":"Article","@id":"https:\/\/www.lica.ch\/credit-personnel\/comment-fonctionne-la-fiscalite-du-credit-prive-en-suisse\/#article","isPartOf":{"@id":"https:\/\/www.lica.ch\/credit-personnel\/comment-fonctionne-la-fiscalite-du-credit-prive-en-suisse\/"},"author":{"name":"writer-login","@id":"https:\/\/www.lica.ch\/en\/#\/schema\/person\/43f9fd6c0991b2ea4e0ce88a7472a04c"},"headline":"Comment fonctionne la fiscalit\u00e9 du cr\u00e9dit priv\u00e9 en Suisse ?","datePublished":"2022-10-18T14:20:55+00:00","dateModified":"2025-12-10T17:42:08+00:00","mainEntityOfPage":{"@id":"https:\/\/www.lica.ch\/credit-personnel\/comment-fonctionne-la-fiscalite-du-credit-prive-en-suisse\/"},"wordCount":1342,"publisher":{"@id":"https:\/\/www.lica.ch\/en\/#organization"},"image":{"@id":"https:\/\/www.lica.ch\/credit-personnel\/comment-fonctionne-la-fiscalite-du-credit-prive-en-suisse\/#primaryimage"},"thumbnailUrl":"https:\/\/www.lica.ch\/wp-content\/uploads\/2021\/10\/Fiscalite-du-credit-prive_IMA.webp","articleSection":["Cr\u00e9dit personnel"],"inLanguage":"pt-PT"},{"@type":"WebPage","@id":"https:\/\/www.lica.ch\/credit-personnel\/comment-fonctionne-la-fiscalite-du-credit-prive-en-suisse\/","url":"https:\/\/www.lica.ch\/credit-personnel\/comment-fonctionne-la-fiscalite-du-credit-prive-en-suisse\/","name":"A fiscalidade do cr\u00e9dito pessoal na Su\u00ed\u00e7a permite poupar","isPartOf":{"@id":"https:\/\/www.lica.ch\/en\/#website"},"primaryImageOfPage":{"@id":"https:\/\/www.lica.ch\/credit-personnel\/comment-fonctionne-la-fiscalite-du-credit-prive-en-suisse\/#primaryimage"},"image":{"@id":"https:\/\/www.lica.ch\/credit-personnel\/comment-fonctionne-la-fiscalite-du-credit-prive-en-suisse\/#primaryimage"},"thumbnailUrl":"https:\/\/www.lica.ch\/wp-content\/uploads\/2021\/10\/Fiscalite-du-credit-prive_IMA.webp","datePublished":"2022-10-18T14:20:55+00:00","dateModified":"2025-12-10T17:42:08+00:00","description":"A Lica explica como declarar corretamente o seu cr\u00e9dito pessoal na Su\u00ed\u00e7a e poupar nos impostos.","breadcrumb":{"@id":"https:\/\/www.lica.ch\/credit-personnel\/comment-fonctionne-la-fiscalite-du-credit-prive-en-suisse\/#breadcrumb"},"inLanguage":"pt-PT","potentialAction":[{"@type":"ReadAction","target":["https:\/\/www.lica.ch\/credit-personnel\/comment-fonctionne-la-fiscalite-du-credit-prive-en-suisse\/"]}]},{"@type":"ImageObject","inLanguage":"pt-PT","@id":"https:\/\/www.lica.ch\/credit-personnel\/comment-fonctionne-la-fiscalite-du-credit-prive-en-suisse\/#primaryimage","url":"https:\/\/www.lica.ch\/wp-content\/uploads\/2021\/10\/Fiscalite-du-credit-prive_IMA.webp","contentUrl":"https:\/\/www.lica.ch\/wp-content\/uploads\/2021\/10\/Fiscalite-du-credit-prive_IMA.webp","width":1000,"height":650,"caption":"Fiscalit\u00e9 du cr\u00e9dit priv\u00e9"},{"@type":"BreadcrumbList","@id":"https:\/\/www.lica.ch\/credit-personnel\/comment-fonctionne-la-fiscalite-du-credit-prive-en-suisse\/#breadcrumb","itemListElement":[{"@type":"ListItem","position":1,"name":"Accueil","item":"https:\/\/www.lica.ch\/"},{"@type":"ListItem","position":2,"name":"Comment fonctionne la fiscalit\u00e9 du cr\u00e9dit priv\u00e9 en Suisse ?"}]},{"@type":"WebSite","@id":"https:\/\/www.lica.ch\/en\/#website","url":"https:\/\/www.lica.ch\/en\/","name":"Lica","description":"Cr\u00e9dito pessoal","publisher":{"@id":"https:\/\/www.lica.ch\/en\/#organization"},"alternateName":"Lica","potentialAction":[{"@type":"SearchAction","target":{"@type":"EntryPoint","urlTemplate":"https:\/\/www.lica.ch\/en\/?s={search_term_string}"},"query-input":{"@type":"PropertyValueSpecification","valueRequired":true,"valueName":"search_term_string"}}],"inLanguage":"pt-PT"},{"@type":"Organization","@id":"https:\/\/www.lica.ch\/en\/#organization","name":"Lica","alternateName":"Lica","url":"https:\/\/www.lica.ch\/en\/","logo":{"@type":"ImageObject","inLanguage":"pt-PT","@id":"https:\/\/www.lica.ch\/en\/#\/schema\/logo\/image\/","url":"https:\/\/www.lica.ch\/wp-content\/uploads\/2025\/10\/Logo_Yoast_Jaune_696x696.webp","contentUrl":"https:\/\/www.lica.ch\/wp-content\/uploads\/2025\/10\/Logo_Yoast_Jaune_696x696.webp","width":696,"height":696,"caption":"Lica"},"image":{"@id":"https:\/\/www.lica.ch\/en\/#\/schema\/logo\/image\/"},"sameAs":["https:\/\/www.facebook.com\/lica.suisse\/","https:\/\/ch.linkedin.com\/company\/lica-cr\u00e9dit","https:\/\/www.tiktok.com\/@lica.ch","https:\/\/www.instagram.com\/licacredit\/"]},{"@type":"Person","@id":"https:\/\/www.lica.ch\/en\/#\/schema\/person\/43f9fd6c0991b2ea4e0ce88a7472a04c","name":"login do escritor","image":{"@type":"ImageObject","inLanguage":"pt-PT","@id":"https:\/\/secure.gravatar.com\/avatar\/d4854fc4223da2b976f9705ce04407a3e99c4bf956d6190ffef0815d95f87bef?s=96&d=mm&r=g","url":"https:\/\/secure.gravatar.com\/avatar\/d4854fc4223da2b976f9705ce04407a3e99c4bf956d6190ffef0815d95f87bef?s=96&d=mm&r=g","contentUrl":"https:\/\/secure.gravatar.com\/avatar\/d4854fc4223da2b976f9705ce04407a3e99c4bf956d6190ffef0815d95f87bef?s=96&d=mm&r=g","caption":"writer-login"}}]}},"_links":{"self":[{"href":"https:\/\/www.lica.ch\/pt\/wp-json\/wp\/v2\/posts\/14902","targetHints":{"allow":["GET"]}}],"collection":[{"href":"https:\/\/www.lica.ch\/pt\/wp-json\/wp\/v2\/posts"}],"about":[{"href":"https:\/\/www.lica.ch\/pt\/wp-json\/wp\/v2\/types\/post"}],"author":[{"embeddable":true,"href":"https:\/\/www.lica.ch\/pt\/wp-json\/wp\/v2\/users\/8"}],"replies":[{"embeddable":true,"href":"https:\/\/www.lica.ch\/pt\/wp-json\/wp\/v2\/comments?post=14902"}],"version-history":[{"count":0,"href":"https:\/\/www.lica.ch\/pt\/wp-json\/wp\/v2\/posts\/14902\/revisions"}],"wp:featuredmedia":[{"embeddable":true,"href":"https:\/\/www.lica.ch\/pt\/wp-json\/wp\/v2\/media\/27914"}],"wp:attachment":[{"href":"https:\/\/www.lica.ch\/pt\/wp-json\/wp\/v2\/media?parent=14902"}],"wp:term":[{"taxonomy":"category","embeddable":true,"href":"https:\/\/www.lica.ch\/pt\/wp-json\/wp\/v2\/categories?post=14902"},{"taxonomy":"post_tag","embeddable":true,"href":"https:\/\/www.lica.ch\/pt\/wp-json\/wp\/v2\/tags?post=14902"}],"curies":[{"name":"wp","href":"https:\/\/api.w.org\/{rel}","templated":true}]}}