{"id":15054,"date":"2025-09-15T17:48:32","date_gmt":"2025-09-15T15:48:32","guid":{"rendered":"https:\/\/lica.ch\/?p=15054"},"modified":"2026-03-15T14:04:36","modified_gmt":"2026-03-15T13:04:36","slug":"seguro-das-mensalidades-do-credito","status":"publish","type":"post","link":"https:\/\/www.lica.ch\/pt\/assurance-mensualites\/assurance-des-mensualites-du-credit\/","title":{"rendered":"O seguro das mensalidades do cr\u00e9dito para proteger o seu rendimento"},"content":{"rendered":"<p>Quando se obt\u00e9m <a href=\"https:\/\/www.lica.ch\/pt\/\">um empr\u00e9stimo<\/a>, Quando se trata de cr\u00e9dito, \u00e9 importante poder pagar o seu empr\u00e9stimo apesar dos altos e baixos da vida. Os mutu\u00e1rios podem estar sujeitos a <a href=\"https:\/\/www.lica.ch\/pt\/seguro-complementar-desemprego\/\">um caso de desemprego<\/a>, Se n\u00e3o puder trabalhar devido a um acidente ou a uma doen\u00e7a. Com o seguro de pagamento mensal, pode proteger o seu sal\u00e1rio em qualquer circunst\u00e2ncia!<\/p>\n\n\n\n<h2 class=\"wp-block-heading\">Seguro de pagamento mensal para n\u00e3o deixar nada ao acaso!<\/h2>\n\n\n\n<p>Os imprevistos fazem parte da vida e \u00e9 importante saber que tipo de cobertura est\u00e1 dispon\u00edvel para satisfazer as suas necessidades. Embora opcional, o seguro de reembolso mensal \u00e9 de import\u00e2ncia vital, uma vez que protege os mutu\u00e1rios de potenciais perturba\u00e7\u00f5es, tais como <a href=\"https:\/\/www.lica.ch\/pt\/seguro-complementar-desemprego\/\">incapacidade para o trabalho devido a doen\u00e7a ou acidente e desemprego<\/a> por exemplo. Os seus pagamentos mensais de cr\u00e9dito s\u00e3o, por conseguinte, cobertos em conformidade com as condi\u00e7\u00f5es do contrato.<\/p>\n\n\n\n<h2 class=\"wp-block-heading\">Porqu\u00ea segurar o seu empr\u00e9stimo?<\/h2>\n\n\n\n<p>Em caso de desemprego, se 70% do \u00faltimo sal\u00e1rio estiver legalmente assegurado, com um rendimento mensal de CHF 5\u2019000.- isto representa uma perda de CHF 1\u2019500.- por m\u00eas. No entanto, as despesas fixas quotidianas mant\u00eam-se inalteradas! Em caso de doen\u00e7a, as lacunas podem, em alguns casos, ser ainda maiores, n\u00e3o deixando qualquer margem para continuar a pagar as suas contas ou as suas contribui\u00e7\u00f5es para a seguran\u00e7a social. <a href=\"https:\/\/www.lica.ch\/pt\/demande-de-credit-prive-en-ligne\/\">pagamentos mensais de cr\u00e9dito<\/a>.  <\/p>\n\n\n\n<blockquote class=\"wp-block-quote is-layout-flow wp-block-quote-is-layout-flow\">\n<p>Sabia que, a partir de CHF 1.- por dia, pode manter o seu sal\u00e1rio, aconte\u00e7a o que acontecer?<\/p>\n<\/blockquote>\n\n\n\n<p>Para saber exatamente qual o montante da indemniza\u00e7\u00e3o que receber\u00e1 se ficar desempregado, pode sempre fazer uma simula\u00e7\u00e3o. <a href=\"https:\/\/caissechomage.unia.ch\/services\/calculateur\" target=\"_blank\" rel=\"noreferrer noopener\">no s\u00edtio Web da UNIA<\/a>.<\/p>\n\n\n\n<h2 class=\"wp-block-heading\">O que \u00e9 o seguro de prote\u00e7\u00e3o dos pagamentos?<\/h2>\n\n\n\n<p>O seguro de prote\u00e7\u00e3o dos pagamentos \u00e9 uma op\u00e7\u00e3o dispon\u00edvel quando <a href=\"https:\/\/www.lica.ch\/pt\/demande-de-credit-prive-en-ligne\/\">contrair um empr\u00e9stimo privado<\/a>. \u00c9 livre de escolher se quer ou n\u00e3o subscrever este seguro de prote\u00e7\u00e3o dos pagamentos. No entanto, deve ter em conta que o seguro de prote\u00e7\u00e3o dos pagamentos garante o reembolso dos seus empr\u00e9stimos e a cobertura dos seus pagamentos mensais em caso de sinistro.  <\/p>\n\n\n\n<p>Infelizmente, os trabalhadores independentes, os trabalhadores transfronteiri\u00e7os e os reformados n\u00e3o podem beneficiar deste seguro.<\/p>\n\n\n\n<h2 class=\"wp-block-heading\">O que devo fazer se j\u00e1 tenho cr\u00e9dito mas n\u00e3o tenho seguro de pagamento mensal?<\/h2>\n\n\n\n<p>N\u00e3o entrem em p\u00e2nico! <a class=\"lien-blog\" href=\"https:\/\/www.lica.ch\/pt\/\" target=\"_blank\" rel=\"noreferrer noopener\">Lica<\/a> oferece-lhe uma solu\u00e7\u00e3o exclusiva que pode facilmente integrar no seu or\u00e7amento e proteger-se financeiramente.<\/p>\n\n\n\n<p>Pode iniciar ou rescindir o seu contrato de seguro de pagamento mensal em qualquer altura. Al\u00e9m disso, pode, <a class=\"lien-blog\" href=\"https:\/\/www.lica.ch\/pt\/seguro-complementar-desemprego\/\" target=\"_blank\" rel=\"noreferrer noopener\">a nossa solu\u00e7\u00e3o<\/a> n\u00e3o est\u00e1 sujeito a um question\u00e1rio m\u00e9dico. Assim, pode beneficiar de uma excelente prote\u00e7\u00e3o, independentemente da sua situa\u00e7\u00e3o atual.<\/p>\n\n\n\n<h2 class=\"wp-block-heading\">Assegurar os seus reembolsos mensais \u00e9 uma boa forma de planear o seu or\u00e7amento<\/h2>\n\n\n\n<p>O seguro de prote\u00e7\u00e3o dos pagamentos \u00e9 um instrumento essencial para planear o seu or\u00e7amento. \u00c9 certo que pode representar um certo custo que n\u00e3o tinha necessariamente previsto, mas em caso de sinistro, ficar\u00e1 muito satisfeito por ter subscrito o seguro.  <\/p>\n\n\n\n<h3 class=\"wp-block-heading\">Quanto custa o seguro de prote\u00e7\u00e3o dos pagamentos?<\/h3>\n\n\n\n<p>O pr\u00e9mio do seguro de mensalidades varia, naturalmente, em fun\u00e7\u00e3o do montante que se pretende segurar (as indemniza\u00e7\u00f5es). O seguro de mensalidades come\u00e7a com um pr\u00e9mio de CHF 23,85, equivalente a uma indemniza\u00e7\u00e3o de CHF 300.- por m\u00eas. Por exemplo, para uma indemniza\u00e7\u00e3o mensal de CHF 1\u2019200.-, o pr\u00e9mio ser\u00e1 de CHF 95.40. <\/p>\n\n\n\n<p>Durante a <a href=\"https:\/\/www.lica.ch\/pt\/seguro-complementar-desemprego\/\">subscri\u00e7\u00e3o<\/a> de um seguro de presta\u00e7\u00f5es mensais, deve primeiro definir o montante dos seus compromissos em termos de empr\u00e9stimo. Se tiver uma renda de CHF 1.500.- e um cr\u00e9dito com uma presta\u00e7\u00e3o mensal de CHF 300.-, dever\u00e1 optar por uma indemniza\u00e7\u00e3o mensal assegurada de CHF 1.800.-.<\/p>\n\n\n\n<p>A boa not\u00edcia \u00e9 que, com ou sem cr\u00e9dito, pode subscrever <a href=\"https:\/\/www.lica.ch\/pt\/seguro-complementar-desemprego\/\">seguro de desemprego complementar<\/a> e garantir o seu rendimento em caso de perda involunt\u00e1ria de emprego, doen\u00e7a ou acidente.<\/p>\n\n\n\n<h2 class=\"wp-block-heading\">Quais s\u00e3o as condi\u00e7\u00f5es para subscrever um seguro de pagamento mensal?<\/h2>\n\n\n\n<p>O seguro de pagamento mensal n\u00e3o est\u00e1 automaticamente associado ao <a href=\"https:\/\/www.lica.ch\/pt\/\">cr\u00e9dito pessoal<\/a>. Assim, qualquer pessoa pode subscrever este seguro para garantir a sua situa\u00e7\u00e3o financeira. Para beneficiar deste seguro, eis os pontos a ter em conta:<\/p>\n\n\n\n<ul class=\"wp-block-list\">\n<li>Deve ter trabalhado pelo menos 30 horas por semana durante os \u00faltimos 12 meses.<\/li>\n\n\n\n<li>Nos \u00faltimos 12 meses, n\u00e3o deve ter estado ausente por doen\u00e7a ou acidente durante mais de 20 dias.<\/li>\n\n\n\n<li>Tamb\u00e9m n\u00e3o deve ter sido despedido nem ter conhecimento de que est\u00e1 prestes a s\u00ea-lo.<\/li>\n<\/ul>\n\n\n\n<h2 class=\"wp-block-heading\">O que acontece se o meu contrato de cr\u00e9dito for anulado?<\/h2>\n\n\n\n<p>Na Su\u00ed\u00e7a, tem a possibilidade de efetuar levantamentos a partir de um <a class=\"lien-blog\" href=\"https:\/\/www.lica.ch\/pt\/credito-pessoal-2\/como-funciona-o-credito-pessoal-na-suica\/\" target=\"_blank\" rel=\"noreferrer noopener\">contrato de cr\u00e9dito<\/a> sob certas condi\u00e7\u00f5es. No caso do cr\u00e9dito ao consumo, por exemplo, pode ser anulado em caso de reembolso antecipado. No caso do cr\u00e9dito hipotec\u00e1rio, pode ser anulado se o im\u00f3vel for vendido. O que \u00e9 que acontece ao meu seguro?<\/p>\n\n\n\n<p>A grande for\u00e7a da solu\u00e7\u00e3o proposta por <a href=\"https:\/\/www.lica.ch\/pt\/\">Lica <\/a>\u00e9 que o seu contrato n\u00e3o est\u00e1 diretamente ligado a um empr\u00e9stimo. Por conseguinte, \u00e9 livre de o rescindir em qualquer altura! <\/p>\n\n\n\n<h2 class=\"wp-block-heading\">E em caso de morte...<\/h2>\n\n\n\n<p>A situa\u00e7\u00e3o no momento da morte varia consoante o tipo de empr\u00e9stimo e os compromissos de cada pessoa. A situa\u00e7\u00e3o sucess\u00f3ria pessoal tamb\u00e9m deve ser tida em conta. <\/p>\n\n\n\n<p>Por conseguinte, este aspeto \u00e9 tratado numa base individual com <a href=\"https:\/\/www.lica.ch\/pt\/credito-pessoal-na-suica\/\" type=\"link\" id=\"https:\/\/www.lica.ch\/credit-prive-en-suisse\/\">o seu consultor Lica<\/a> ao contrair um empr\u00e9stimo. Pode tamb\u00e9m recorrer aos nossos especialistas em patrim\u00f3nio, que responder\u00e3o gratuitamente a todas as suas perguntas.<\/p>\n\n\n\n<h2 class=\"wp-block-heading\">A nossa conclus\u00e3o sobre o seguro de pagamento mensal <\/h2>\n\n\n\n<p>A nossa experi\u00eancia e paix\u00e3o no dom\u00ednio da <a href=\"https:\/\/www.lica.ch\/pt\/\">cr\u00e9dito pessoal<\/a> apontou-nos imediatamente a dire\u00e7\u00e3o das solu\u00e7\u00f5es de prote\u00e7\u00e3o dos pagamentos para os nossos clientes. Embora muito importante, a cria\u00e7\u00e3o de um seguro de prote\u00e7\u00e3o dos pagamentos depende da situa\u00e7\u00e3o pessoal de cada um. \u00c9 por isso que, <a class=\"lien-blog\" href=\"https:\/\/www.lica.ch\/pt\/\" target=\"_blank\" rel=\"noreferrer noopener\">Lica <\/a>Em todos os casos, \u00e9 encorajada uma abordagem personalizada da quest\u00e3o do cr\u00e9dito e da gest\u00e3o dos riscos. <a href=\"https:\/\/www.lica.ch\/pt\/seguro-complementar-desemprego\/\">seguro de desemprego complementar<\/a>. <\/p>\n\n\n\n<p>Antes de subscrever um seguro, \u00e9 aconselh\u00e1vel passar algum tempo com o seu consultor Lica para fazer o ponto da situa\u00e7\u00e3o. Uma vez determinadas as suas necessidades, ser\u00e1 muito f\u00e1cil tomar a decis\u00e3o correta para se proteger financeiramente, aconte\u00e7a o que acontecer. <\/p>\n\n\n\n<p>Agora que j\u00e1 sabe como funciona o seguro de prote\u00e7\u00e3o dos pagamentos, s\u00f3 tem de o subscrever. Com <a href=\"https:\/\/www.lica.ch\/pt\/\">Lica<\/a> \u00e9 simples, r\u00e1pido e eficaz! Sim, faz o seu pedido online em menos de 2 minutos e depois as nossas equipas de especialistas fazem o trabalho por si. Isso poupa-lhe tempo e dinheiro!<\/p>","protected":false},"excerpt":{"rendered":"<p>Lorsque l\u2019on obtient un pr\u00eat, il est important d\u2019\u00eatre en mesure de rembourser son cr\u00e9dit malgr\u00e9 tous les al\u00e9as de la vie. L\u2019emprunteur peut \u00eatre sujet \u00e0 un cas de ch\u00f4mage, un arr\u00eat de travail suite \u00e0 un accident ou une maladie. Avec une assurance des mensualit\u00e9s, vous prot\u00e9gez votre salaire quoi qu&rsquo;il arrive ! [&hellip;]<\/p>\n","protected":false},"author":8,"featured_media":27690,"comment_status":"closed","ping_status":"closed","sticky":false,"template":"","format":"standard","meta":{"footnotes":""},"categories":[48],"tags":[],"class_list":["post-15054","post","type-post","status-publish","format-standard","has-post-thumbnail","hentry","category-assurance-mensualites"],"_yoast_wpseo_focuskw":"Assurance des mensualit\u00e9s","_yoast_wpseo_title":"L'assurance des mensualit\u00e9s de cr\u00e9dit prot\u00e8ge votre patrimoine","_yoast_wpseo_metadesc":"Avec une assurance des mensualit\u00e9s vos emprunts sont assur\u00e9s quoi qu'il arrive. Perte d'emploi, maladie, accident ou d\u00e9c\u00e8s !","yoast_head":"<!-- This site is optimized with the Yoast SEO plugin v27.5 - https:\/\/yoast.com\/product\/yoast-seo-wordpress\/ -->\n<title>L&#039;assurance des mensualit\u00e9s de cr\u00e9dit prot\u00e8ge votre patrimoine<\/title>\n<meta name=\"description\" content=\"Avec une assurance des mensualit\u00e9s vos emprunts sont assur\u00e9s quoi qu&#039;il arrive. Perte d&#039;emploi, maladie, accident ou d\u00e9c\u00e8s !\" \/>\n<meta name=\"robots\" content=\"index, follow, max-snippet:-1, max-image-preview:large, max-video-preview:-1\" \/>\n<link rel=\"canonical\" href=\"https:\/\/www.lica.ch\/pt\/seguro-das-mensalidades\/seguro-das-mensalidades-do-credito\/\" \/>\n<meta property=\"og:locale\" content=\"pt_PT\" \/>\n<meta property=\"og:type\" content=\"article\" \/>\n<meta property=\"og:title\" content=\"L&#039;assurance des mensualit\u00e9s de cr\u00e9dit prot\u00e8ge votre patrimoine\" \/>\n<meta property=\"og:description\" content=\"Avec une assurance des mensualit\u00e9s vos emprunts sont assur\u00e9s quoi qu&#039;il arrive. Perte d&#039;emploi, maladie, accident ou d\u00e9c\u00e8s !\" \/>\n<meta property=\"og:url\" content=\"https:\/\/www.lica.ch\/pt\/seguro-das-mensalidades\/seguro-das-mensalidades-do-credito\/\" \/>\n<meta property=\"og:site_name\" content=\"Lica cr\u00e9dit priv\u00e9\" \/>\n<meta property=\"article:publisher\" content=\"https:\/\/www.facebook.com\/lica.suisse\/\" \/>\n<meta property=\"article:published_time\" content=\"2025-09-15T15:48:32+00:00\" \/>\n<meta property=\"article:modified_time\" content=\"2026-03-15T13:04:36+00:00\" \/>\n<meta property=\"og:image\" content=\"https:\/\/www.lica.ch\/wp-content\/uploads\/2025\/10\/Assurance-des-mensualites_IMA.webp\" \/>\n\t<meta property=\"og:image:width\" content=\"1000\" \/>\n\t<meta property=\"og:image:height\" content=\"650\" \/>\n\t<meta property=\"og:image:type\" content=\"image\/webp\" \/>\n<meta name=\"author\" content=\"writer-login\" \/>\n<meta name=\"twitter:card\" content=\"summary_large_image\" \/>\n<script type=\"application\/ld+json\" class=\"yoast-schema-graph\">{\"@context\":\"https:\\\/\\\/schema.org\",\"@graph\":[{\"@type\":\"Article\",\"@id\":\"https:\\\/\\\/www.lica.ch\\\/assurance-mensualites\\\/assurance-des-mensualites-du-credit\\\/#article\",\"isPartOf\":{\"@id\":\"https:\\\/\\\/www.lica.ch\\\/assurance-mensualites\\\/assurance-des-mensualites-du-credit\\\/\"},\"author\":{\"name\":\"writer-login\",\"@id\":\"https:\\\/\\\/www.lica.ch\\\/en\\\/#\\\/schema\\\/person\\\/43f9fd6c0991b2ea4e0ce88a7472a04c\"},\"headline\":\"L\u2019assurance des mensualit\u00e9s du cr\u00e9dit pour prot\u00e9ger ses revenus\",\"datePublished\":\"2025-09-15T15:48:32+00:00\",\"dateModified\":\"2026-03-15T13:04:36+00:00\",\"mainEntityOfPage\":{\"@id\":\"https:\\\/\\\/www.lica.ch\\\/assurance-mensualites\\\/assurance-des-mensualites-du-credit\\\/\"},\"wordCount\":1181,\"publisher\":{\"@id\":\"https:\\\/\\\/www.lica.ch\\\/en\\\/#organization\"},\"image\":{\"@id\":\"https:\\\/\\\/www.lica.ch\\\/assurance-mensualites\\\/assurance-des-mensualites-du-credit\\\/#primaryimage\"},\"thumbnailUrl\":\"https:\\\/\\\/www.lica.ch\\\/wp-content\\\/uploads\\\/2025\\\/10\\\/Assurance-des-mensualites_IMA.webp\",\"articleSection\":[\"Assurance mensualit\u00e9s\"],\"inLanguage\":\"pt-PT\"},{\"@type\":\"WebPage\",\"@id\":\"https:\\\/\\\/www.lica.ch\\\/assurance-mensualites\\\/assurance-des-mensualites-du-credit\\\/\",\"url\":\"https:\\\/\\\/www.lica.ch\\\/assurance-mensualites\\\/assurance-des-mensualites-du-credit\\\/\",\"name\":\"L'assurance des mensualit\u00e9s de cr\u00e9dit prot\u00e8ge votre patrimoine\",\"isPartOf\":{\"@id\":\"https:\\\/\\\/www.lica.ch\\\/en\\\/#website\"},\"primaryImageOfPage\":{\"@id\":\"https:\\\/\\\/www.lica.ch\\\/assurance-mensualites\\\/assurance-des-mensualites-du-credit\\\/#primaryimage\"},\"image\":{\"@id\":\"https:\\\/\\\/www.lica.ch\\\/assurance-mensualites\\\/assurance-des-mensualites-du-credit\\\/#primaryimage\"},\"thumbnailUrl\":\"https:\\\/\\\/www.lica.ch\\\/wp-content\\\/uploads\\\/2025\\\/10\\\/Assurance-des-mensualites_IMA.webp\",\"datePublished\":\"2025-09-15T15:48:32+00:00\",\"dateModified\":\"2026-03-15T13:04:36+00:00\",\"description\":\"Avec une assurance des mensualit\u00e9s vos emprunts sont assur\u00e9s quoi qu'il arrive. Perte d'emploi, maladie, accident ou d\u00e9c\u00e8s !\",\"breadcrumb\":{\"@id\":\"https:\\\/\\\/www.lica.ch\\\/assurance-mensualites\\\/assurance-des-mensualites-du-credit\\\/#breadcrumb\"},\"inLanguage\":\"pt-PT\",\"potentialAction\":[{\"@type\":\"ReadAction\",\"target\":[\"https:\\\/\\\/www.lica.ch\\\/assurance-mensualites\\\/assurance-des-mensualites-du-credit\\\/\"]}]},{\"@type\":\"ImageObject\",\"inLanguage\":\"pt-PT\",\"@id\":\"https:\\\/\\\/www.lica.ch\\\/assurance-mensualites\\\/assurance-des-mensualites-du-credit\\\/#primaryimage\",\"url\":\"https:\\\/\\\/www.lica.ch\\\/wp-content\\\/uploads\\\/2025\\\/10\\\/Assurance-des-mensualites_IMA.webp\",\"contentUrl\":\"https:\\\/\\\/www.lica.ch\\\/wp-content\\\/uploads\\\/2025\\\/10\\\/Assurance-des-mensualites_IMA.webp\",\"width\":1000,\"height\":650,\"caption\":\"Assurance des mensualit\u00e9s\"},{\"@type\":\"BreadcrumbList\",\"@id\":\"https:\\\/\\\/www.lica.ch\\\/assurance-mensualites\\\/assurance-des-mensualites-du-credit\\\/#breadcrumb\",\"itemListElement\":[{\"@type\":\"ListItem\",\"position\":1,\"name\":\"Accueil\",\"item\":\"https:\\\/\\\/www.lica.ch\\\/\"},{\"@type\":\"ListItem\",\"position\":2,\"name\":\"L\u2019assurance des mensualit\u00e9s du cr\u00e9dit pour prot\u00e9ger ses revenus\"}]},{\"@type\":\"WebSite\",\"@id\":\"https:\\\/\\\/www.lica.ch\\\/en\\\/#website\",\"url\":\"https:\\\/\\\/www.lica.ch\\\/en\\\/\",\"name\":\"Lica\",\"description\":\"Cr\u00e9dit priv\u00e9\",\"publisher\":{\"@id\":\"https:\\\/\\\/www.lica.ch\\\/en\\\/#organization\"},\"alternateName\":\"Lica\",\"potentialAction\":[{\"@type\":\"SearchAction\",\"target\":{\"@type\":\"EntryPoint\",\"urlTemplate\":\"https:\\\/\\\/www.lica.ch\\\/en\\\/?s={search_term_string}\"},\"query-input\":{\"@type\":\"PropertyValueSpecification\",\"valueRequired\":true,\"valueName\":\"search_term_string\"}}],\"inLanguage\":\"pt-PT\"},{\"@type\":\"Organization\",\"@id\":\"https:\\\/\\\/www.lica.ch\\\/en\\\/#organization\",\"name\":\"Lica\",\"alternateName\":\"Lica\",\"url\":\"https:\\\/\\\/www.lica.ch\\\/en\\\/\",\"logo\":{\"@type\":\"ImageObject\",\"inLanguage\":\"pt-PT\",\"@id\":\"https:\\\/\\\/www.lica.ch\\\/en\\\/#\\\/schema\\\/logo\\\/image\\\/\",\"url\":\"https:\\\/\\\/www.lica.ch\\\/wp-content\\\/uploads\\\/2025\\\/10\\\/Logo_Yoast_Jaune_696x696.webp\",\"contentUrl\":\"https:\\\/\\\/www.lica.ch\\\/wp-content\\\/uploads\\\/2025\\\/10\\\/Logo_Yoast_Jaune_696x696.webp\",\"width\":696,\"height\":696,\"caption\":\"Lica\"},\"image\":{\"@id\":\"https:\\\/\\\/www.lica.ch\\\/en\\\/#\\\/schema\\\/logo\\\/image\\\/\"},\"sameAs\":[\"https:\\\/\\\/www.facebook.com\\\/lica.suisse\\\/\",\"https:\\\/\\\/ch.linkedin.com\\\/company\\\/lica-cr\u00e9dit\",\"https:\\\/\\\/www.tiktok.com\\\/@lica.ch\",\"https:\\\/\\\/www.instagram.com\\\/licacredit\\\/\"]},{\"@type\":\"Person\",\"@id\":\"https:\\\/\\\/www.lica.ch\\\/en\\\/#\\\/schema\\\/person\\\/43f9fd6c0991b2ea4e0ce88a7472a04c\",\"name\":\"writer-login\",\"image\":{\"@type\":\"ImageObject\",\"inLanguage\":\"pt-PT\",\"@id\":\"https:\\\/\\\/secure.gravatar.com\\\/avatar\\\/d4854fc4223da2b976f9705ce04407a3e99c4bf956d6190ffef0815d95f87bef?s=96&d=mm&r=g\",\"url\":\"https:\\\/\\\/secure.gravatar.com\\\/avatar\\\/d4854fc4223da2b976f9705ce04407a3e99c4bf956d6190ffef0815d95f87bef?s=96&d=mm&r=g\",\"contentUrl\":\"https:\\\/\\\/secure.gravatar.com\\\/avatar\\\/d4854fc4223da2b976f9705ce04407a3e99c4bf956d6190ffef0815d95f87bef?s=96&d=mm&r=g\",\"caption\":\"writer-login\"}}]}<\/script>\n<!-- \/ Yoast SEO plugin. -->","yoast_head_json":{"title":"O seguro das mensalidades do cr\u00e9dito protege o seu patrim\u00f3nio","description":"Com um seguro das mensalidades, os seus empr\u00e9stimos est\u00e3o protegidos em qualquer situa\u00e7\u00e3o \u2013 desemprego, doen\u00e7a, acidente ou falecimento!","robots":{"index":"index","follow":"follow","max-snippet":"max-snippet:-1","max-image-preview":"max-image-preview:large","max-video-preview":"max-video-preview:-1"},"canonical":"https:\/\/www.lica.ch\/pt\/seguro-das-mensalidades\/seguro-das-mensalidades-do-credito\/","og_locale":"pt_PT","og_type":"article","og_title":"L'assurance des mensualit\u00e9s de cr\u00e9dit prot\u00e8ge votre patrimoine","og_description":"Avec une assurance des mensualit\u00e9s vos emprunts sont assur\u00e9s quoi qu'il arrive. Perte d'emploi, maladie, accident ou d\u00e9c\u00e8s !","og_url":"https:\/\/www.lica.ch\/pt\/seguro-das-mensalidades\/seguro-das-mensalidades-do-credito\/","og_site_name":"Lica cr\u00e9dit priv\u00e9","article_publisher":"https:\/\/www.facebook.com\/lica.suisse\/","article_published_time":"2025-09-15T15:48:32+00:00","article_modified_time":"2026-03-15T13:04:36+00:00","og_image":[{"width":1000,"height":650,"url":"https:\/\/www.lica.ch\/wp-content\/uploads\/2025\/10\/Assurance-des-mensualites_IMA.webp","type":"image\/webp"}],"author":"writer-login","twitter_card":"summary_large_image","schema":{"@context":"https:\/\/schema.org","@graph":[{"@type":"Article","@id":"https:\/\/www.lica.ch\/assurance-mensualites\/assurance-des-mensualites-du-credit\/#article","isPartOf":{"@id":"https:\/\/www.lica.ch\/assurance-mensualites\/assurance-des-mensualites-du-credit\/"},"author":{"name":"writer-login","@id":"https:\/\/www.lica.ch\/en\/#\/schema\/person\/43f9fd6c0991b2ea4e0ce88a7472a04c"},"headline":"L\u2019assurance des mensualit\u00e9s du cr\u00e9dit pour prot\u00e9ger ses revenus","datePublished":"2025-09-15T15:48:32+00:00","dateModified":"2026-03-15T13:04:36+00:00","mainEntityOfPage":{"@id":"https:\/\/www.lica.ch\/assurance-mensualites\/assurance-des-mensualites-du-credit\/"},"wordCount":1181,"publisher":{"@id":"https:\/\/www.lica.ch\/en\/#organization"},"image":{"@id":"https:\/\/www.lica.ch\/assurance-mensualites\/assurance-des-mensualites-du-credit\/#primaryimage"},"thumbnailUrl":"https:\/\/www.lica.ch\/wp-content\/uploads\/2025\/10\/Assurance-des-mensualites_IMA.webp","articleSection":["Assurance mensualit\u00e9s"],"inLanguage":"pt-PT"},{"@type":"WebPage","@id":"https:\/\/www.lica.ch\/assurance-mensualites\/assurance-des-mensualites-du-credit\/","url":"https:\/\/www.lica.ch\/assurance-mensualites\/assurance-des-mensualites-du-credit\/","name":"O seguro das mensalidades do cr\u00e9dito protege o seu patrim\u00f3nio","isPartOf":{"@id":"https:\/\/www.lica.ch\/en\/#website"},"primaryImageOfPage":{"@id":"https:\/\/www.lica.ch\/assurance-mensualites\/assurance-des-mensualites-du-credit\/#primaryimage"},"image":{"@id":"https:\/\/www.lica.ch\/assurance-mensualites\/assurance-des-mensualites-du-credit\/#primaryimage"},"thumbnailUrl":"https:\/\/www.lica.ch\/wp-content\/uploads\/2025\/10\/Assurance-des-mensualites_IMA.webp","datePublished":"2025-09-15T15:48:32+00:00","dateModified":"2026-03-15T13:04:36+00:00","description":"Com um seguro das mensalidades, os seus empr\u00e9stimos est\u00e3o protegidos em qualquer situa\u00e7\u00e3o \u2013 desemprego, doen\u00e7a, acidente ou falecimento!","breadcrumb":{"@id":"https:\/\/www.lica.ch\/assurance-mensualites\/assurance-des-mensualites-du-credit\/#breadcrumb"},"inLanguage":"pt-PT","potentialAction":[{"@type":"ReadAction","target":["https:\/\/www.lica.ch\/assurance-mensualites\/assurance-des-mensualites-du-credit\/"]}]},{"@type":"ImageObject","inLanguage":"pt-PT","@id":"https:\/\/www.lica.ch\/assurance-mensualites\/assurance-des-mensualites-du-credit\/#primaryimage","url":"https:\/\/www.lica.ch\/wp-content\/uploads\/2025\/10\/Assurance-des-mensualites_IMA.webp","contentUrl":"https:\/\/www.lica.ch\/wp-content\/uploads\/2025\/10\/Assurance-des-mensualites_IMA.webp","width":1000,"height":650,"caption":"Assurance des mensualit\u00e9s"},{"@type":"BreadcrumbList","@id":"https:\/\/www.lica.ch\/assurance-mensualites\/assurance-des-mensualites-du-credit\/#breadcrumb","itemListElement":[{"@type":"ListItem","position":1,"name":"Accueil","item":"https:\/\/www.lica.ch\/"},{"@type":"ListItem","position":2,"name":"L\u2019assurance des mensualit\u00e9s du cr\u00e9dit pour prot\u00e9ger ses revenus"}]},{"@type":"WebSite","@id":"https:\/\/www.lica.ch\/en\/#website","url":"https:\/\/www.lica.ch\/en\/","name":"Lica","description":"Cr\u00e9dito pessoal","publisher":{"@id":"https:\/\/www.lica.ch\/en\/#organization"},"alternateName":"Lica","potentialAction":[{"@type":"SearchAction","target":{"@type":"EntryPoint","urlTemplate":"https:\/\/www.lica.ch\/en\/?s={search_term_string}"},"query-input":{"@type":"PropertyValueSpecification","valueRequired":true,"valueName":"search_term_string"}}],"inLanguage":"pt-PT"},{"@type":"Organization","@id":"https:\/\/www.lica.ch\/en\/#organization","name":"Lica","alternateName":"Lica","url":"https:\/\/www.lica.ch\/en\/","logo":{"@type":"ImageObject","inLanguage":"pt-PT","@id":"https:\/\/www.lica.ch\/en\/#\/schema\/logo\/image\/","url":"https:\/\/www.lica.ch\/wp-content\/uploads\/2025\/10\/Logo_Yoast_Jaune_696x696.webp","contentUrl":"https:\/\/www.lica.ch\/wp-content\/uploads\/2025\/10\/Logo_Yoast_Jaune_696x696.webp","width":696,"height":696,"caption":"Lica"},"image":{"@id":"https:\/\/www.lica.ch\/en\/#\/schema\/logo\/image\/"},"sameAs":["https:\/\/www.facebook.com\/lica.suisse\/","https:\/\/ch.linkedin.com\/company\/lica-cr\u00e9dit","https:\/\/www.tiktok.com\/@lica.ch","https:\/\/www.instagram.com\/licacredit\/"]},{"@type":"Person","@id":"https:\/\/www.lica.ch\/en\/#\/schema\/person\/43f9fd6c0991b2ea4e0ce88a7472a04c","name":"login do escritor","image":{"@type":"ImageObject","inLanguage":"pt-PT","@id":"https:\/\/secure.gravatar.com\/avatar\/d4854fc4223da2b976f9705ce04407a3e99c4bf956d6190ffef0815d95f87bef?s=96&d=mm&r=g","url":"https:\/\/secure.gravatar.com\/avatar\/d4854fc4223da2b976f9705ce04407a3e99c4bf956d6190ffef0815d95f87bef?s=96&d=mm&r=g","contentUrl":"https:\/\/secure.gravatar.com\/avatar\/d4854fc4223da2b976f9705ce04407a3e99c4bf956d6190ffef0815d95f87bef?s=96&d=mm&r=g","caption":"writer-login"}}]}},"_links":{"self":[{"href":"https:\/\/www.lica.ch\/pt\/wp-json\/wp\/v2\/posts\/15054","targetHints":{"allow":["GET"]}}],"collection":[{"href":"https:\/\/www.lica.ch\/pt\/wp-json\/wp\/v2\/posts"}],"about":[{"href":"https:\/\/www.lica.ch\/pt\/wp-json\/wp\/v2\/types\/post"}],"author":[{"embeddable":true,"href":"https:\/\/www.lica.ch\/pt\/wp-json\/wp\/v2\/users\/8"}],"replies":[{"embeddable":true,"href":"https:\/\/www.lica.ch\/pt\/wp-json\/wp\/v2\/comments?post=15054"}],"version-history":[{"count":0,"href":"https:\/\/www.lica.ch\/pt\/wp-json\/wp\/v2\/posts\/15054\/revisions"}],"wp:featuredmedia":[{"embeddable":true,"href":"https:\/\/www.lica.ch\/pt\/wp-json\/wp\/v2\/media\/27690"}],"wp:attachment":[{"href":"https:\/\/www.lica.ch\/pt\/wp-json\/wp\/v2\/media?parent=15054"}],"wp:term":[{"taxonomy":"category","embeddable":true,"href":"https:\/\/www.lica.ch\/pt\/wp-json\/wp\/v2\/categories?post=15054"},{"taxonomy":"post_tag","embeddable":true,"href":"https:\/\/www.lica.ch\/pt\/wp-json\/wp\/v2\/tags?post=15054"}],"curies":[{"name":"wp","href":"https:\/\/api.w.org\/{rel}","templated":true}]}}