{"id":21699,"date":"2023-01-15T14:54:39","date_gmt":"2023-01-15T13:54:39","guid":{"rendered":"https:\/\/lica.ch\/?p=21699"},"modified":"2025-12-10T18:40:55","modified_gmt":"2025-12-10T17:40:55","slug":"aumento-das-taxas-de-juros-nos-creditos-ao-consumo","status":"publish","type":"post","link":"https:\/\/www.lica.ch\/pt\/reglementation\/augmentation-des-taux-d-interet-sur-les-credits-a-la-consommation\/","title":{"rendered":"Aumento das taxas de juro nos cr\u00e9ditos pessoais na Su\u00ed\u00e7a"},"content":{"rendered":"<p>As taxas de juro na Su\u00ed\u00e7a est\u00e3o a subir h\u00e1 v\u00e1rios meses. S\u00e3o muitos os factores subjacentes a esta subida, desde as pol\u00edticas dos bancos centrais at\u00e9 \u00e0 economia mundial. Por conseguinte, \u00e9 importante que os consumidores compreendam as implica\u00e7\u00f5es desta subida e a forma como pode afetar as suas finan\u00e7as. <a href=\"https:\/\/www.lica.ch\/pt\/credito-pessoal-2\/calcular-montante-maximo-de-um-credito\/\" target=\"_blank\" rel=\"noreferrer noopener\">capacidade de acesso ao cr\u00e9dito ao consumo<\/a> na Su\u00ed\u00e7a. Neste novo artigo, analisamos a regulamenta\u00e7\u00e3o do cr\u00e9dito ao consumo na Su\u00ed\u00e7a, as tend\u00eancias das taxas de juro, o impacto do aumento das taxas de juro nos empr\u00e9stimos e as estrat\u00e9gias para combater o aumento das taxas de juro. Esperamos que goste da leitura!<\/p>\n\n\n\n<h2 class=\"wp-block-heading\">Como s\u00e3o fixadas as taxas de juro do cr\u00e9dito ao consumo?<\/h2>\n\n\n\n<p>Taxas de juro sobre <a href=\"https:\/\/www.lica.ch\/pt\/\">cr\u00e9dito privado<\/a>, Estas taxas dependem de uma s\u00e9rie de intervenientes e factores. Eis um resumo de quem faz o qu\u00ea antes de poder calcular as taxas de juro dos empr\u00e9stimos privados na Su\u00ed\u00e7a.<\/p>\n\n\n\n<h3 class=\"wp-block-heading\">O Banco Nacional Su\u00ed\u00e7o e o Conselho Federal<\/h3>\n\n\n\n<p>As taxas de juro na Su\u00ed\u00e7a s\u00e3o fixadas pelo Banco Nacional Su\u00ed\u00e7o e tamb\u00e9m pelo Conselho Federal. <a href=\"https:\/\/www.snb.ch\/fr\/\" target=\"_blank\" rel=\"noreferrer noopener\">O Banco Nacional Su\u00ed\u00e7o<\/a> \u00e9 respons\u00e1vel pela fixa\u00e7\u00e3o da taxa de juro de refer\u00eancia (<a href=\"https:\/\/www.snb.ch\/fr\/iabout\/stat\/statrep\/id\/current_interest_exchange_rates\" target=\"_blank\" rel=\"noreferrer noopener\">taxa diretora<\/a>). \u00c9 depois utilizada como base para as taxas de juro dos empr\u00e9stimos e dos dep\u00f3sitos. Para as institui\u00e7\u00f5es de cr\u00e9dito, o objetivo \u00e9 realizar opera\u00e7\u00f5es de financiamento ao mais baixo custo poss\u00edvel. O objetivo \u00e9 obter fundos o mais barato poss\u00edvel e depois emprest\u00e1-los com lucro. <a href=\"https:\/\/www.fedlex.admin.ch\/eli\/cc\/2002\/593\/fr\" target=\"_blank\" rel=\"noreferrer noopener\">O Conselho Federal<\/a> fixa a taxa de juro m\u00e1xima aplic\u00e1vel ao cr\u00e9dito ao consumo. Estas duas taxas est\u00e3o estreitamente ligadas e influenciam o n\u00edvel geral das taxas de juro do cr\u00e9dito ao consumo.<\/p>\n\n\n\n<p>Eis a tend\u00eancia das taxas directoras nos \u00faltimos 12 meses de 2022: <\/p>\n\n\n\n<figure class=\"wp-block-image aligncenter size-large\"><img fetchpriority=\"high\" decoding=\"async\" width=\"1024\" height=\"515\" src=\"https:\/\/www.lica.ch\/wp-content\/uploads\/2023\/01\/Credits-a-la-consommation_IMG_1-1024x515.webp\" alt=\"Cr\u00e9dito ao consumo\" class=\"wp-image-27811\" srcset=\"https:\/\/www.lica.ch\/wp-content\/uploads\/2023\/01\/Credits-a-la-consommation_IMG_1-1024x515.webp 1024w, https:\/\/www.lica.ch\/wp-content\/uploads\/2023\/01\/Credits-a-la-consommation_IMG_1-300x151.webp 300w, https:\/\/www.lica.ch\/wp-content\/uploads\/2023\/01\/Credits-a-la-consommation_IMG_1-768x387.webp 768w, https:\/\/www.lica.ch\/wp-content\/uploads\/2023\/01\/Credits-a-la-consommation_IMG_1-18x9.webp 18w, https:\/\/www.lica.ch\/wp-content\/uploads\/2023\/01\/Credits-a-la-consommation_IMG_1.webp 1188w\" sizes=\"(max-width: 1024px) 100vw, 1024px\" \/><figcaption class=\"wp-element-caption\"><a href=\"https:\/\/www.snb.ch\/fr\/iabout\/stat\/statrep\/id\/current_interest_exchange_rates\" target=\"_blank\" rel=\"noreferrer noopener\">Fonte: SNB<\/a><\/figcaption><\/figure>\n\n\n\n<h3 class=\"wp-block-heading\">Institui\u00e7\u00f5es de cr\u00e9dito <\/h3>\n\n\n\n<p>Uma vez fixadas a taxa diretora e a taxa de juro m\u00e1xima para a contra\u00e7\u00e3o de empr\u00e9stimos, <a href=\"https:\/\/www.lica.ch\/pt\/credito-pessoal-2\/calcular-montante-maximo-de-um-credito\/\" target=\"_blank\" rel=\"noreferrer noopener\">taxas de juro dos empr\u00e9stimos<\/a> As taxas de juro do cr\u00e9dito ao consumo na Su\u00ed\u00e7a s\u00e3o depois determinadas pelas pr\u00f3prias institui\u00e7\u00f5es de cr\u00e9dito. Esta depende da sua pr\u00f3pria pol\u00edtica de taxas de juro e do risco de cr\u00e9dito. <a href=\"https:\/\/www.lica.ch\/pt\/credito-pessoal-2\/o-seu-credito-pessoal-com-a-melhor-taxa-da-suica\/\" target=\"_blank\" rel=\"noreferrer noopener\">As taxas de juro podem variar<\/a> em fun\u00e7\u00e3o do prazo e do montante do empr\u00e9stimo. Depende igualmente da situa\u00e7\u00e3o financeira e do perfil de risco do requerente do empr\u00e9stimo. Embora sejam objeto de um controlo muito rigoroso, as actividades de cr\u00e9dito privado evoluem num contexto de mudan\u00e7a.<a href=\"https:\/\/www.lica.ch\/pt\/lica\/porque-recorrer-a-um-corretor-de-credito-pessoal\/\" target=\"_blank\" rel=\"noreferrer noopener\"> um mercado altamente competitivo<\/a>. Por conseguinte, \u00e9 importante que as institui\u00e7\u00f5es de cr\u00e9dito mantenham as suas taxas de juro t\u00e3o baixas quanto poss\u00edvel. <\/p>\n\n\n\n<h3 class=\"wp-block-heading\">Regulamentos da FINMA e portaria do Departamento de Justi\u00e7a e Pol\u00edcia (FDJP)<\/h3>\n\n\n\n<p>Por \u00faltimo, \u00e9 importante sublinhar que as institui\u00e7\u00f5es de cr\u00e9dito est\u00e3o sujeitas \u00e0s regulamenta\u00e7\u00f5es cantonais, bem como \u00e0 supervis\u00e3o do <a href=\"https:\/\/www.finma.ch\/fr\/\" target=\"_blank\" rel=\"noreferrer noopener\">FINMA<\/a> (Autoridade Su\u00ed\u00e7a de Supervis\u00e3o do Mercado Financeiro). A sua miss\u00e3o consiste em proteger os interesses dos consumidores, manter a estabilidade do sistema financeiro su\u00ed\u00e7o e controlar as boas pr\u00e1ticas das institui\u00e7\u00f5es de cr\u00e9dito. O Departamento Federal de Justi\u00e7a e Pol\u00edcia (FDJP) anuncia a taxa de juro m\u00e1xima para o cr\u00e9dito ao consumo. Esta comunica\u00e7\u00e3o \u00e9 efectuada sob instru\u00e7\u00f5es do Conselho Federal, atrav\u00e9s da publica\u00e7\u00e3o de uma portaria (ver <a href=\"https:\/\/www.fedlex.admin.ch\/eli\/cc\/2002\/593\/fr\" target=\"_blank\" rel=\"noreferrer noopener\">LCC<\/a> e <a href=\"https:\/\/www.fedlex.admin.ch\/eli\/cc\/2002\/594\/fr\" target=\"_blank\" rel=\"noreferrer noopener\">OLCC<\/a>). <strong>At\u00e9 \u00e0 data, a taxa m\u00e1xima foi fixada em 10 % para o cr\u00e9dito ao consumo e em 12 % para os cart\u00f5es de cr\u00e9dito.<\/strong>. Dada a atual subida das taxas de juro, \u00e9 muito prov\u00e1vel que estas duas taxas sejam reajustadas nos pr\u00f3ximos meses!<\/p>\n\n\n\n<h3 class=\"wp-block-heading\">Em poucas palavras:<\/h3>\n\n\n\n<p>O Banco Nacional Su\u00ed\u00e7o fixa a taxa diretora e o Conselho Federal fixa a taxa de juro devedora. Com base nestas duas taxas de refer\u00eancia, os mutuantes podem ent\u00e3o determinar as taxas de juro que aplicam aos seus empr\u00e9stimos. <a href=\"https:\/\/www.lica.ch\/pt\/\" target=\"_blank\" rel=\"noreferrer noopener\">cr\u00e9dito privado<\/a>. Esta tem em conta v\u00e1rios factores pessoais e concorrenciais. Simultaneamente, a FINMA e o Departamento Federal da Justi\u00e7a e da Pol\u00edcia (FDJP) est\u00e3o atentos para proteger os consumidores e evitar quaisquer excessos!<\/p>\n\n\n\n<h2 class=\"wp-block-heading\">Os efeitos das taxas de juro no cr\u00e9dito ao consumo na Su\u00ed\u00e7a<\/h2>\n\n\n\n<p>As taxas de juro t\u00eam um grande impacto no cr\u00e9dito ao consumo na Su\u00ed\u00e7a. Quando as taxas de juro s\u00e3o baixas, \u00e9 mais f\u00e1cil para os consumidores <a href=\"https:\/\/www.lica.ch\/pt\/\">contrair empr\u00e9stimos<\/a>. Podem aceder ao cr\u00e9dito a um custo mais baixo. Pelo contr\u00e1rio, quando as taxas de juro s\u00e3o elevadas, \u00e9 mais dif\u00edcil para os consumidores acederem ao cr\u00e9dito porque o custo do empr\u00e9stimo \u00e9 mais elevado.<\/p>\n\n\n\n<p>As taxas de juro t\u00eam tamb\u00e9m um impacto sobre <a href=\"https:\/\/www.lica.ch\/pt\/credito-pessoal-2\/calcular-montante-maximo-de-um-credito\/\" target=\"_blank\" rel=\"noreferrer noopener\">o montante da d\u00edvida<\/a> que os consumidores podem contrair. Quando as taxas de juro s\u00e3o baixas, os consumidores podem contrair mais d\u00edvidas porque o custo do servi\u00e7o da d\u00edvida \u00e9 mais baixo. Quando as taxas de juro s\u00e3o elevadas, pode ser mais dif\u00edcil para os consumidores acederem ao cr\u00e9dito. Isto deve-se ao facto de o custo do servi\u00e7o da d\u00edvida ser mais elevado.<\/p>\n\n\n\n<h2 class=\"wp-block-heading\">Evolu\u00e7\u00e3o recente das taxas de juro do cr\u00e9dito ao consumo na Su\u00ed\u00e7a<\/h2>\n\n\n\n<p>As taxas de juro do cr\u00e9dito ao consumo na Su\u00ed\u00e7a dever\u00e3o registar um aumento significativo nos pr\u00f3ximos meses e anos. Tal deve-se, em parte, \u00e0 pol\u00edtica do Banco Nacional Su\u00ed\u00e7o, que est\u00e1 a aumentar a taxa de juro objetivo. A sua miss\u00e3o consiste em contrariar as press\u00f5es inflacionistas na economia su\u00ed\u00e7a. A taxa Saron em francos su\u00ed\u00e7os tamb\u00e9m tem vindo a aumentar de forma constante nos \u00faltimos meses. Esta subida das taxas ter\u00e1, por conseguinte, um impacto <a href=\"https:\/\/www.laliberte.ch\/news\/suisse\/la-bns-releve-son-taux-directeur-quel-impact-pour-les-consommateurs-671080#:~:text=La%20hausse%20des%20taux%20n,ici%20au%20milieu%20de%202023.\" target=\"_blank\" rel=\"noreferrer noopener\">impacto direto nas taxas de juro<\/a> que os consumidores pagam pelos seus empr\u00e9stimos.<\/p>\n\n\n\n<p>Para al\u00e9m das pol\u00edticas do Banco Nacional Su\u00ed\u00e7o, a recente subida das taxas de juro deve-se tamb\u00e9m \u00e0 economia mundial. Por exemplo, a Reserva Federal dos EUA aumentou a sua taxa de juro de refer\u00eancia, o que tamb\u00e9m teve um impacto na economia su\u00ed\u00e7a. Consequentemente, <a href=\"https:\/\/www.lica.ch\/pt\/credito-pessoal-2\/criterios-que-determinam-a-taxa-de-juros-do-seu-credito\/\" target=\"_blank\" rel=\"noreferrer noopener\">taxas de juro dos empr\u00e9stimos<\/a> na Su\u00ed\u00e7a seguir\u00e1 certamente esta tend\u00eancia ascendente.<\/p>\n\n\n\n<h2 class=\"wp-block-heading\">Impacto do aumento das taxas de juro no cr\u00e9dito ao consumo na Su\u00ed\u00e7a<\/h2>\n\n\n\n<p>A subida das taxas de juro do cr\u00e9dito ao consumo na Su\u00ed\u00e7a ter\u00e1 um impacto definitivo nos consumidores. Por um lado, o acesso ao cr\u00e9dito ser\u00e1 mais dif\u00edcil para os consumidores, uma vez que o custo do empr\u00e9stimo ter\u00e1 aumentado. Isto \u00e9 particularmente verdade para as fam\u00edlias com baixos rendimentos. \u00c9 mais prov\u00e1vel que estas se encontrem <a href=\"https:\/\/www.lica.ch\/pt\/credito-pessoal-2\/principais-razoes-de-um-credito-recusado\/\" target=\"_blank\" rel=\"noreferrer noopener\">recusa de cr\u00e9dito<\/a> porque a sua capacidade de endividamento \u00e9 menor.<\/p>\n\n\n\n<p>O aumento das taxas de juro ter\u00e1 tamb\u00e9m um impacto no montante da d\u00edvida que os consumidores podem contrair. Com o aumento do custo do servi\u00e7o da d\u00edvida, muitos consumidores ver-se-\u00e3o obrigados a reduzir os seus n\u00edveis de endividamento. Isto para evitar o incumprimento dos seus empr\u00e9stimos. Esta situa\u00e7\u00e3o \u00e9 suscet\u00edvel de ter um impacto relativamente significativo na economia, uma vez que os consumidores ter\u00e3o de <a href=\"https:\/\/www.lica.ch\/pt\/solvable\/reduzir-as-despesas-e-otimizar-o-orcamento\/\" target=\"_blank\" rel=\"noreferrer noopener\">reduzir as suas despesas<\/a>.<\/p>\n\n\n\n<h2 class=\"wp-block-heading\">Estrat\u00e9gias para gerir o aumento das taxas de juro do cr\u00e9dito ao consumo<\/h2>\n\n\n\n<p>Com o aumento das taxas de juro do cr\u00e9dito ao consumo previsto para a Su\u00ed\u00e7a, \u00e9 importante que os consumidores conhe\u00e7am as estrat\u00e9gias que podem utilizar para atenuar o impacto financeiro. <\/p>\n\n\n\n<p>Uma das estrat\u00e9gias mais eficazes \u00e9 <a href=\"https:\/\/www.lica.ch\/pt\/\" target=\"_blank\" rel=\"noreferrer noopener\">encontrar a melhor taxa de juro<\/a>. Diferentes mutuantes podem oferecer diferentes taxas de juro para os empr\u00e9stimos ao consumo.  Por conseguinte, \u00e9 importante que os consumidores comparem as ofertas de diferentes mutuantes, a fim de<a href=\"https:\/\/www.lica.ch\/pt\/credito-pessoal-2\/o-seu-credito-pessoal-com-a-melhor-taxa-da-suica\/\" target=\"_blank\" rel=\"noreferrer noopener\">obter as melhores condi\u00e7\u00f5es<\/a>. Os consumidores devem tamb\u00e9m considerar <a href=\"https:\/\/www.lica.ch\/pt\/credito-pessoal-2\/porque-resgatar-o-seu-credito-pessoal-os-cartoes-de-credito-e-o-leasing\/\" target=\"_blank\" rel=\"noreferrer noopener\">comprar de volta os seus empr\u00e9stimos actuais<\/a>Isto pode ajud\u00e1-los a reduzir as suas despesas mensais.<\/p>\n\n\n\n<p>\u00c9 igualmente importante que os consumidores estabele\u00e7am um or\u00e7amento prudente. Isto pode ajud\u00e1-los a evitar o endividamento excessivo e o incumprimento dos empr\u00e9stimos. Os consumidores devem tamb\u00e9m considerar <a href=\"https:\/\/www.lica.ch\/pt\/rachat-de-credit-prive-en-ligne\/\" target=\"_blank\" rel=\"noreferrer noopener\">consolidar as suas d\u00edvidas<\/a>. Isto pode ajud\u00e1-los a reduzir os seus pagamentos de juros, reduzindo o n\u00famero de empr\u00e9stimos que t\u00eam de gerir.<\/p>\n\n\n\n<h2 class=\"wp-block-heading\">O cr\u00e9dito ao consumo na Su\u00ed\u00e7a continua a ser uma solu\u00e7\u00e3o vantajosa<\/h2>\n\n\n\n<p>Apesar do aumento das taxas de juro do cr\u00e9dito ao consumo na Su\u00ed\u00e7a, a contra\u00e7\u00e3o de um empr\u00e9stimo continua a ter muitas vantagens. Em primeiro lugar, pode dar aos consumidores acesso a fundos a que de outra forma n\u00e3o teriam acesso. Isto pode ajud\u00e1-los a cobrir despesas inesperadas ou a <a href=\"https:\/\/www.lica.ch\/pt\/lica\/os-3-melhores-projetos-financiados-neste-verao-com-a-nossa-solucao-de-credito-online\/\" target=\"_blank\" rel=\"noreferrer noopener\">efetuar uma compra importante<\/a> que de outra forma n\u00e3o poderiam pagar.<\/p>\n\n\n\n<p>O cr\u00e9dito ao consumo pode tamb\u00e9m ajudar os consumidores a <a href=\"https:\/\/www.lica.ch\/pt\/credito-pessoal-2\/como-funciona-um-credito-pessoal\/\" target=\"_blank\" rel=\"noreferrer noopener\">melhorar a sua nota\u00e7\u00e3o de cr\u00e9dito<\/a>. Ao contrair um empr\u00e9stimo e efetuar pagamentos atempados, os consumidores podem demonstrar aos mutuantes que s\u00e3o mutu\u00e1rios respons\u00e1veis. Isto pode melhorar as suas hip\u00f3teses de acesso ao cr\u00e9dito no futuro.<\/p>\n\n\n\n<h2 class=\"wp-block-heading\">FAQ sobre o aumento das taxas de juro do cr\u00e9dito ao consumo na Su\u00ed\u00e7a<\/h2>\n\n\n\n<h3 class=\"wp-block-heading\">O que est\u00e1 por detr\u00e1s do aumento das taxas de juro do cr\u00e9dito ao consumo na Su\u00ed\u00e7a?<\/h3>\n\n\n\n<p><em>A principal raz\u00e3o para o aumento das taxas de juro do cr\u00e9dito ao consumo na Su\u00ed\u00e7a \u00e9 a pol\u00edtica de rea\u00e7\u00e3o e adapta\u00e7\u00e3o do Banco Nacional \u00e0 situa\u00e7\u00e3o da economia mundial. O Banco Nacional Su\u00ed\u00e7o aumentou a sua taxa objetivo e a sua taxa de desconto para contrariar as press\u00f5es inflacionistas na economia. A Reserva Federal dos EUA tamb\u00e9m aumentou a sua taxa de juro de refer\u00eancia, o que tamb\u00e9m teve um impacto na economia su\u00ed\u00e7a.<\/em><\/p>\n\n\n\n<h3 class=\"wp-block-heading\">Como posso gerir o aumento das taxas de juro dos meus empr\u00e9stimos ao consumo na Su\u00ed\u00e7a?<\/h3>\n\n\n\n<p><em>Existem v\u00e1rias estrat\u00e9gias que podem ser utilizadas para gerir o aumento das taxas de juro do cr\u00e9dito ao consumo na Su\u00ed\u00e7a. <a href=\"https:\/\/www.lica.ch\/pt\/demande-de-credit-prive-en-ligne\/\" target=\"_blank\" rel=\"noreferrer noopener\">Encontrar a melhor taxa de juro<\/a> pode ser uma boa op\u00e7\u00e3o, uma vez que diferentes credores podem oferecer diferentes taxas de juro. Tamb\u00e9m deve considerar o refinanciamento dos seus empr\u00e9stimos existentes e a consolida\u00e7\u00e3o das suas d\u00edvidas para reduzir os seus pagamentos mensais. Por \u00faltimo, um or\u00e7amento bem estabelecido pode ajud\u00e1-lo a evitar contrair demasiadas d\u00edvidas.<\/em><\/p>\n\n\n\n<h3 class=\"wp-block-heading\">\u00c9 certo que as taxas de juro do cr\u00e9dito ao consumo v\u00e3o aumentar nos pr\u00f3ximos meses?<\/h3>\n\n\n\n<p><em>Provavelmente sim! No entanto, continua a ser dif\u00edcil prever quando \u00e9 que este aumento ter\u00e1 lugar. A \u00fanica certeza neste momento \u00e9 que o aumento das taxas directoras e das taxas de juro do cr\u00e9dito j\u00e1 est\u00e1 a ter um impacto na nossa economia. A subida das taxas do cr\u00e9dito ao consumo n\u00e3o \u00e9, portanto, uma certeza absoluta. No entanto, existe uma probabilidade muito elevada de que tal venha a acontecer nos pr\u00f3ximos meses ou anos. Tamb\u00e9m n\u00e3o \u00e9 imposs\u00edvel que a subida das taxas de juro dos empr\u00e9stimos privados se mantenha baixa. Isto deve-se \u00e0 forte concorr\u00eancia existente neste sector. Novos actores procuram posicionar-se, obrigando os v\u00e1rios concorrentes a adaptar as suas condi\u00e7\u00f5es para se manterem atractivos. <\/em><\/p>\n\n\n\n<h3 class=\"wp-block-heading\">Continuarei a poder obter cr\u00e9dito facilmente nos pr\u00f3ximos anos?<\/h3>\n\n\n\n<p><em>\u00c9 prov\u00e1vel que o acesso \u00e0 liquidez atrav\u00e9s do cr\u00e9dito ao consumo continue a ser uma solu\u00e7\u00e3o vantajosa nos pr\u00f3ximos anos. \u00c9 importante compreender que ningu\u00e9m teria interesse em impossibilitar o acesso ao cr\u00e9dito ao consumo para a grande maioria dos consumidores. De facto, quando os consumidores podem contrair empr\u00e9stimos facilmente, tamb\u00e9m gastam mais facilmente na nossa economia. \u00c9 importante que os consumidores consumam porque isso mant\u00e9m a economia a funcionar. Estimula a produ\u00e7\u00e3o e cria emprego. Os consumidores que gastam dinheiro em bens e servi\u00e7os estimulam a procura desses produtos. Isto, por sua vez, incentiva as empresas a produzir mais para satisfazer essa procura. Em suma, um consumo saud\u00e1vel \u00e9 essencial para manter um crescimento econ\u00f3mico est\u00e1vel. Por conseguinte, os diferentes intervenientes far\u00e3o tudo o que estiver ao seu alcance para manter a atratividade do cr\u00e9dito ao consumo.<\/em><\/p>\n\n\n\n<h2 class=\"wp-block-heading\">A nossa conclus\u00e3o sobre a subida das taxas de juro na Su\u00ed\u00e7a<\/h2>\n\n\n\n<p>As taxas de juro do cr\u00e9dito ao consumo na Su\u00ed\u00e7a v\u00e3o certamente aumentar nos pr\u00f3ximos meses e anos. Este facto ter\u00e1 um impacto nos consumidores, uma vez que lhes ser\u00e1 um pouco mais dif\u00edcil aceder ao cr\u00e9dito. <a href=\"https:\/\/www.lica.ch\/pt\/demande-de-credit-prive-en-ligne\/\" target=\"_blank\" rel=\"noreferrer noopener\">empr\u00e9stimos privados<\/a>. O endividamento que poder\u00e3o contrair tamb\u00e9m ser\u00e1 certamente reduzido. No entanto, o interesse comum em manter um elevado n\u00edvel de consumo na Su\u00ed\u00e7a e os efeitos positivos de um mercado altamente competitivo dever\u00e3o conter este aumento. Por conseguinte, os consumidores continuar\u00e3o a poder aceder ao cr\u00e9dito ao consumo, mas certamente de uma forma mais moderada. <\/p>\n\n\n\n<h3 class=\"wp-block-heading\">Mais vale prevenir do que remediar...<\/h3>\n\n\n\n<p>Ao mesmo tempo, \u00e9 importante que os consumidores estejam conscientes das estrat\u00e9gias que podem utilizar para gerir o aumento das taxas de juro. Por exemplo, procurando a melhor taxa de juro e consolidando as suas d\u00edvidas. \u00c9 igualmente importante<a href=\"https:\/\/www.lica.ch\/pt\/protection-des-revenus\/como-funciona-o-seguro-complementar-desemprego\/\" target=\"_blank\" rel=\"noreferrer noopener\">garantir o seu rendimento<\/a> aconte\u00e7a o que acontecer. Ao compreenderem a regulamenta\u00e7\u00e3o, os efeitos das taxas de juro e as estrat\u00e9gias para gerir o aumento das taxas de juro, os consumidores podem tomar decis\u00f5es informadas sobre o seu cr\u00e9dito ao consumo. Desta forma, podem garantir que <a href=\"https:\/\/www.lica.ch\/pt\/\" target=\"_blank\" rel=\"noreferrer noopener\">as melhores ofertas poss\u00edveis<\/a> !<\/p>\n\n\n\n<p>Ao recorrer aos servi\u00e7os do Lica, pode garantir poupan\u00e7as substanciais, obtendo as melhores condi\u00e7\u00f5es do mercado.  O seu especialista em cr\u00e9dito est\u00e1 \u00e0 sua disposi\u00e7\u00e3o para o orientar e ajudar a tomar as decis\u00f5es corretas. Quanto mais cedo come\u00e7ar, mais cedo poupar\u00e1 dinheiro todos os meses. Ao confiar em <a href=\"https:\/\/www.lica.ch\/pt\/\" target=\"_blank\" rel=\"noreferrer noopener\">um intermedi\u00e1rio independente<\/a> como o Lica, pode ter a certeza de receber os melhores conselhos. Beneficiar\u00e1 da melhor solu\u00e7\u00e3o de cr\u00e9dito privado na Su\u00ed\u00e7a.<\/p>","protected":false},"excerpt":{"rendered":"<p>Les taux d&rsquo;int\u00e9r\u00eat en Suisse augmentent depuis quelques mois. De nombreux facteurs sont \u00e0 l&rsquo;origine de cette hausse, des politiques des banques centrales \u00e0 l&rsquo;\u00e9conomie mondiale. Par cons\u00e9quent, il est important pour les consommateurs de comprendre les implications de cette hausse et comment elle peut affecter leur capacit\u00e9 \u00e0 acc\u00e9der aux cr\u00e9dits \u00e0 la consommation [&hellip;]<\/p>\n","protected":false},"author":8,"featured_media":27786,"comment_status":"closed","ping_status":"closed","sticky":false,"template":"","format":"standard","meta":{"footnotes":""},"categories":[55],"tags":[],"class_list":["post-21699","post","type-post","status-publish","format-standard","has-post-thumbnail","hentry","category-reglementation"],"_yoast_wpseo_focuskw":"Cr\u00e9dits \u00e0 la consommation","_yoast_wpseo_title":"Cr\u00e9dits \u00e0 la consommation - Augmentation des taux d'int\u00e9r\u00eat !","_yoast_wpseo_metadesc":"Les cr\u00e9dits \u00e0 la consommation vont certainement subir une augmentation des taux d'int\u00e9r\u00eat. Que va-t-il se passer dans les mois \u00e0 venir ?","yoast_head":"<!-- This site is optimized with the Yoast SEO plugin v27.5 - https:\/\/yoast.com\/product\/yoast-seo-wordpress\/ -->\n<title>Cr\u00e9dits \u00e0 la consommation - Augmentation des taux d&#039;int\u00e9r\u00eat !<\/title>\n<meta name=\"description\" content=\"Les cr\u00e9dits \u00e0 la consommation vont certainement subir une augmentation des taux d&#039;int\u00e9r\u00eat. Que va-t-il se passer dans les mois \u00e0 venir ?\" \/>\n<meta name=\"robots\" content=\"index, follow, max-snippet:-1, max-image-preview:large, max-video-preview:-1\" \/>\n<link rel=\"canonical\" href=\"https:\/\/www.lica.ch\/pt\/regulamentacao\/aumento-das-taxas-de-juros-nos-creditos-ao-consumo\/\" \/>\n<meta property=\"og:locale\" content=\"pt_PT\" \/>\n<meta property=\"og:type\" content=\"article\" \/>\n<meta property=\"og:title\" content=\"Cr\u00e9dits \u00e0 la consommation - Augmentation des taux d&#039;int\u00e9r\u00eat !\" \/>\n<meta property=\"og:description\" content=\"Les cr\u00e9dits \u00e0 la consommation vont certainement subir une augmentation des taux d&#039;int\u00e9r\u00eat. Que va-t-il se passer dans les mois \u00e0 venir ?\" \/>\n<meta property=\"og:url\" content=\"https:\/\/www.lica.ch\/pt\/regulamentacao\/aumento-das-taxas-de-juros-nos-creditos-ao-consumo\/\" \/>\n<meta property=\"og:site_name\" content=\"Lica cr\u00e9dit priv\u00e9\" \/>\n<meta property=\"article:publisher\" content=\"https:\/\/www.facebook.com\/lica.suisse\/\" \/>\n<meta property=\"article:published_time\" content=\"2023-01-15T13:54:39+00:00\" \/>\n<meta property=\"article:modified_time\" content=\"2025-12-10T17:40:55+00:00\" \/>\n<meta property=\"og:image\" content=\"https:\/\/www.lica.ch\/wp-content\/uploads\/2023\/01\/Credits-a-la-consommation_IMA.webp\" \/>\n\t<meta property=\"og:image:width\" content=\"1000\" \/>\n\t<meta property=\"og:image:height\" content=\"650\" \/>\n\t<meta property=\"og:image:type\" content=\"image\/webp\" \/>\n<meta name=\"author\" content=\"writer-login\" \/>\n<meta name=\"twitter:card\" content=\"summary_large_image\" \/>\n<script type=\"application\/ld+json\" class=\"yoast-schema-graph\">{\"@context\":\"https:\\\/\\\/schema.org\",\"@graph\":[{\"@type\":\"Article\",\"@id\":\"https:\\\/\\\/www.lica.ch\\\/reglementation\\\/augmentation-des-taux-d-interet-sur-les-credits-a-la-consommation\\\/#article\",\"isPartOf\":{\"@id\":\"https:\\\/\\\/www.lica.ch\\\/reglementation\\\/augmentation-des-taux-d-interet-sur-les-credits-a-la-consommation\\\/\"},\"author\":{\"name\":\"writer-login\",\"@id\":\"https:\\\/\\\/www.lica.ch\\\/en\\\/#\\\/schema\\\/person\\\/43f9fd6c0991b2ea4e0ce88a7472a04c\"},\"headline\":\"Augmentation des taux d&rsquo;int\u00e9r\u00eat sur les cr\u00e9dits \u00e0 la consommation en Suisse\",\"datePublished\":\"2023-01-15T13:54:39+00:00\",\"dateModified\":\"2025-12-10T17:40:55+00:00\",\"mainEntityOfPage\":{\"@id\":\"https:\\\/\\\/www.lica.ch\\\/reglementation\\\/augmentation-des-taux-d-interet-sur-les-credits-a-la-consommation\\\/\"},\"wordCount\":2610,\"publisher\":{\"@id\":\"https:\\\/\\\/www.lica.ch\\\/en\\\/#organization\"},\"image\":{\"@id\":\"https:\\\/\\\/www.lica.ch\\\/reglementation\\\/augmentation-des-taux-d-interet-sur-les-credits-a-la-consommation\\\/#primaryimage\"},\"thumbnailUrl\":\"https:\\\/\\\/www.lica.ch\\\/wp-content\\\/uploads\\\/2023\\\/01\\\/Credits-a-la-consommation_IMA.webp\",\"articleSection\":[\"R\u00e9glementation\"],\"inLanguage\":\"pt-PT\"},{\"@type\":\"WebPage\",\"@id\":\"https:\\\/\\\/www.lica.ch\\\/reglementation\\\/augmentation-des-taux-d-interet-sur-les-credits-a-la-consommation\\\/\",\"url\":\"https:\\\/\\\/www.lica.ch\\\/reglementation\\\/augmentation-des-taux-d-interet-sur-les-credits-a-la-consommation\\\/\",\"name\":\"Cr\u00e9dits \u00e0 la consommation - Augmentation des taux d'int\u00e9r\u00eat !\",\"isPartOf\":{\"@id\":\"https:\\\/\\\/www.lica.ch\\\/en\\\/#website\"},\"primaryImageOfPage\":{\"@id\":\"https:\\\/\\\/www.lica.ch\\\/reglementation\\\/augmentation-des-taux-d-interet-sur-les-credits-a-la-consommation\\\/#primaryimage\"},\"image\":{\"@id\":\"https:\\\/\\\/www.lica.ch\\\/reglementation\\\/augmentation-des-taux-d-interet-sur-les-credits-a-la-consommation\\\/#primaryimage\"},\"thumbnailUrl\":\"https:\\\/\\\/www.lica.ch\\\/wp-content\\\/uploads\\\/2023\\\/01\\\/Credits-a-la-consommation_IMA.webp\",\"datePublished\":\"2023-01-15T13:54:39+00:00\",\"dateModified\":\"2025-12-10T17:40:55+00:00\",\"description\":\"Les cr\u00e9dits \u00e0 la consommation vont certainement subir une augmentation des taux d'int\u00e9r\u00eat. Que va-t-il se passer dans les mois \u00e0 venir ?\",\"breadcrumb\":{\"@id\":\"https:\\\/\\\/www.lica.ch\\\/reglementation\\\/augmentation-des-taux-d-interet-sur-les-credits-a-la-consommation\\\/#breadcrumb\"},\"inLanguage\":\"pt-PT\",\"potentialAction\":[{\"@type\":\"ReadAction\",\"target\":[\"https:\\\/\\\/www.lica.ch\\\/reglementation\\\/augmentation-des-taux-d-interet-sur-les-credits-a-la-consommation\\\/\"]}]},{\"@type\":\"ImageObject\",\"inLanguage\":\"pt-PT\",\"@id\":\"https:\\\/\\\/www.lica.ch\\\/reglementation\\\/augmentation-des-taux-d-interet-sur-les-credits-a-la-consommation\\\/#primaryimage\",\"url\":\"https:\\\/\\\/www.lica.ch\\\/wp-content\\\/uploads\\\/2023\\\/01\\\/Credits-a-la-consommation_IMA.webp\",\"contentUrl\":\"https:\\\/\\\/www.lica.ch\\\/wp-content\\\/uploads\\\/2023\\\/01\\\/Credits-a-la-consommation_IMA.webp\",\"width\":1000,\"height\":650,\"caption\":\"Cr\u00e9dits \u00e0 la consommation\"},{\"@type\":\"BreadcrumbList\",\"@id\":\"https:\\\/\\\/www.lica.ch\\\/reglementation\\\/augmentation-des-taux-d-interet-sur-les-credits-a-la-consommation\\\/#breadcrumb\",\"itemListElement\":[{\"@type\":\"ListItem\",\"position\":1,\"name\":\"Accueil\",\"item\":\"https:\\\/\\\/www.lica.ch\\\/\"},{\"@type\":\"ListItem\",\"position\":2,\"name\":\"Augmentation des taux d&rsquo;int\u00e9r\u00eat sur les cr\u00e9dits \u00e0 la consommation en Suisse\"}]},{\"@type\":\"WebSite\",\"@id\":\"https:\\\/\\\/www.lica.ch\\\/en\\\/#website\",\"url\":\"https:\\\/\\\/www.lica.ch\\\/en\\\/\",\"name\":\"Lica\",\"description\":\"Cr\u00e9dit priv\u00e9\",\"publisher\":{\"@id\":\"https:\\\/\\\/www.lica.ch\\\/en\\\/#organization\"},\"alternateName\":\"Lica\",\"potentialAction\":[{\"@type\":\"SearchAction\",\"target\":{\"@type\":\"EntryPoint\",\"urlTemplate\":\"https:\\\/\\\/www.lica.ch\\\/en\\\/?s={search_term_string}\"},\"query-input\":{\"@type\":\"PropertyValueSpecification\",\"valueRequired\":true,\"valueName\":\"search_term_string\"}}],\"inLanguage\":\"pt-PT\"},{\"@type\":\"Organization\",\"@id\":\"https:\\\/\\\/www.lica.ch\\\/en\\\/#organization\",\"name\":\"Lica\",\"alternateName\":\"Lica\",\"url\":\"https:\\\/\\\/www.lica.ch\\\/en\\\/\",\"logo\":{\"@type\":\"ImageObject\",\"inLanguage\":\"pt-PT\",\"@id\":\"https:\\\/\\\/www.lica.ch\\\/en\\\/#\\\/schema\\\/logo\\\/image\\\/\",\"url\":\"https:\\\/\\\/www.lica.ch\\\/wp-content\\\/uploads\\\/2025\\\/10\\\/Logo_Yoast_Jaune_696x696.webp\",\"contentUrl\":\"https:\\\/\\\/www.lica.ch\\\/wp-content\\\/uploads\\\/2025\\\/10\\\/Logo_Yoast_Jaune_696x696.webp\",\"width\":696,\"height\":696,\"caption\":\"Lica\"},\"image\":{\"@id\":\"https:\\\/\\\/www.lica.ch\\\/en\\\/#\\\/schema\\\/logo\\\/image\\\/\"},\"sameAs\":[\"https:\\\/\\\/www.facebook.com\\\/lica.suisse\\\/\",\"https:\\\/\\\/ch.linkedin.com\\\/company\\\/lica-cr\u00e9dit\",\"https:\\\/\\\/www.tiktok.com\\\/@lica.ch\",\"https:\\\/\\\/www.instagram.com\\\/licacredit\\\/\"]},{\"@type\":\"Person\",\"@id\":\"https:\\\/\\\/www.lica.ch\\\/en\\\/#\\\/schema\\\/person\\\/43f9fd6c0991b2ea4e0ce88a7472a04c\",\"name\":\"writer-login\",\"image\":{\"@type\":\"ImageObject\",\"inLanguage\":\"pt-PT\",\"@id\":\"https:\\\/\\\/secure.gravatar.com\\\/avatar\\\/d4854fc4223da2b976f9705ce04407a3e99c4bf956d6190ffef0815d95f87bef?s=96&d=mm&r=g\",\"url\":\"https:\\\/\\\/secure.gravatar.com\\\/avatar\\\/d4854fc4223da2b976f9705ce04407a3e99c4bf956d6190ffef0815d95f87bef?s=96&d=mm&r=g\",\"contentUrl\":\"https:\\\/\\\/secure.gravatar.com\\\/avatar\\\/d4854fc4223da2b976f9705ce04407a3e99c4bf956d6190ffef0815d95f87bef?s=96&d=mm&r=g\",\"caption\":\"writer-login\"}}]}<\/script>\n<!-- \/ Yoast SEO plugin. -->","yoast_head_json":{"title":"Cr\u00e9ditos ao consumo \u2013 Aumento das taxas de juro!","description":"Os cr\u00e9ditos ao consumo v\u00e3o provavelmente enfrentar um aumento das taxas de juro. O que esperar nos pr\u00f3ximos meses?","robots":{"index":"index","follow":"follow","max-snippet":"max-snippet:-1","max-image-preview":"max-image-preview:large","max-video-preview":"max-video-preview:-1"},"canonical":"https:\/\/www.lica.ch\/pt\/regulamentacao\/aumento-das-taxas-de-juros-nos-creditos-ao-consumo\/","og_locale":"pt_PT","og_type":"article","og_title":"Cr\u00e9dits \u00e0 la consommation - Augmentation des taux d'int\u00e9r\u00eat !","og_description":"Les cr\u00e9dits \u00e0 la consommation vont certainement subir une augmentation des taux d'int\u00e9r\u00eat. Que va-t-il se passer dans les mois \u00e0 venir ?","og_url":"https:\/\/www.lica.ch\/pt\/regulamentacao\/aumento-das-taxas-de-juros-nos-creditos-ao-consumo\/","og_site_name":"Lica cr\u00e9dit priv\u00e9","article_publisher":"https:\/\/www.facebook.com\/lica.suisse\/","article_published_time":"2023-01-15T13:54:39+00:00","article_modified_time":"2025-12-10T17:40:55+00:00","og_image":[{"width":1000,"height":650,"url":"https:\/\/www.lica.ch\/wp-content\/uploads\/2023\/01\/Credits-a-la-consommation_IMA.webp","type":"image\/webp"}],"author":"writer-login","twitter_card":"summary_large_image","schema":{"@context":"https:\/\/schema.org","@graph":[{"@type":"Article","@id":"https:\/\/www.lica.ch\/reglementation\/augmentation-des-taux-d-interet-sur-les-credits-a-la-consommation\/#article","isPartOf":{"@id":"https:\/\/www.lica.ch\/reglementation\/augmentation-des-taux-d-interet-sur-les-credits-a-la-consommation\/"},"author":{"name":"writer-login","@id":"https:\/\/www.lica.ch\/en\/#\/schema\/person\/43f9fd6c0991b2ea4e0ce88a7472a04c"},"headline":"Augmentation des taux d&rsquo;int\u00e9r\u00eat sur les cr\u00e9dits \u00e0 la consommation en Suisse","datePublished":"2023-01-15T13:54:39+00:00","dateModified":"2025-12-10T17:40:55+00:00","mainEntityOfPage":{"@id":"https:\/\/www.lica.ch\/reglementation\/augmentation-des-taux-d-interet-sur-les-credits-a-la-consommation\/"},"wordCount":2610,"publisher":{"@id":"https:\/\/www.lica.ch\/en\/#organization"},"image":{"@id":"https:\/\/www.lica.ch\/reglementation\/augmentation-des-taux-d-interet-sur-les-credits-a-la-consommation\/#primaryimage"},"thumbnailUrl":"https:\/\/www.lica.ch\/wp-content\/uploads\/2023\/01\/Credits-a-la-consommation_IMA.webp","articleSection":["R\u00e9glementation"],"inLanguage":"pt-PT"},{"@type":"WebPage","@id":"https:\/\/www.lica.ch\/reglementation\/augmentation-des-taux-d-interet-sur-les-credits-a-la-consommation\/","url":"https:\/\/www.lica.ch\/reglementation\/augmentation-des-taux-d-interet-sur-les-credits-a-la-consommation\/","name":"Cr\u00e9ditos ao consumo \u2013 Aumento das taxas de juro!","isPartOf":{"@id":"https:\/\/www.lica.ch\/en\/#website"},"primaryImageOfPage":{"@id":"https:\/\/www.lica.ch\/reglementation\/augmentation-des-taux-d-interet-sur-les-credits-a-la-consommation\/#primaryimage"},"image":{"@id":"https:\/\/www.lica.ch\/reglementation\/augmentation-des-taux-d-interet-sur-les-credits-a-la-consommation\/#primaryimage"},"thumbnailUrl":"https:\/\/www.lica.ch\/wp-content\/uploads\/2023\/01\/Credits-a-la-consommation_IMA.webp","datePublished":"2023-01-15T13:54:39+00:00","dateModified":"2025-12-10T17:40:55+00:00","description":"Os cr\u00e9ditos ao consumo v\u00e3o provavelmente enfrentar um aumento das taxas de juro. O que esperar nos pr\u00f3ximos meses?","breadcrumb":{"@id":"https:\/\/www.lica.ch\/reglementation\/augmentation-des-taux-d-interet-sur-les-credits-a-la-consommation\/#breadcrumb"},"inLanguage":"pt-PT","potentialAction":[{"@type":"ReadAction","target":["https:\/\/www.lica.ch\/reglementation\/augmentation-des-taux-d-interet-sur-les-credits-a-la-consommation\/"]}]},{"@type":"ImageObject","inLanguage":"pt-PT","@id":"https:\/\/www.lica.ch\/reglementation\/augmentation-des-taux-d-interet-sur-les-credits-a-la-consommation\/#primaryimage","url":"https:\/\/www.lica.ch\/wp-content\/uploads\/2023\/01\/Credits-a-la-consommation_IMA.webp","contentUrl":"https:\/\/www.lica.ch\/wp-content\/uploads\/2023\/01\/Credits-a-la-consommation_IMA.webp","width":1000,"height":650,"caption":"Cr\u00e9dits \u00e0 la consommation"},{"@type":"BreadcrumbList","@id":"https:\/\/www.lica.ch\/reglementation\/augmentation-des-taux-d-interet-sur-les-credits-a-la-consommation\/#breadcrumb","itemListElement":[{"@type":"ListItem","position":1,"name":"Accueil","item":"https:\/\/www.lica.ch\/"},{"@type":"ListItem","position":2,"name":"Augmentation des taux d&rsquo;int\u00e9r\u00eat sur les cr\u00e9dits \u00e0 la consommation en Suisse"}]},{"@type":"WebSite","@id":"https:\/\/www.lica.ch\/en\/#website","url":"https:\/\/www.lica.ch\/en\/","name":"Lica","description":"Cr\u00e9dito pessoal","publisher":{"@id":"https:\/\/www.lica.ch\/en\/#organization"},"alternateName":"Lica","potentialAction":[{"@type":"SearchAction","target":{"@type":"EntryPoint","urlTemplate":"https:\/\/www.lica.ch\/en\/?s={search_term_string}"},"query-input":{"@type":"PropertyValueSpecification","valueRequired":true,"valueName":"search_term_string"}}],"inLanguage":"pt-PT"},{"@type":"Organization","@id":"https:\/\/www.lica.ch\/en\/#organization","name":"Lica","alternateName":"Lica","url":"https:\/\/www.lica.ch\/en\/","logo":{"@type":"ImageObject","inLanguage":"pt-PT","@id":"https:\/\/www.lica.ch\/en\/#\/schema\/logo\/image\/","url":"https:\/\/www.lica.ch\/wp-content\/uploads\/2025\/10\/Logo_Yoast_Jaune_696x696.webp","contentUrl":"https:\/\/www.lica.ch\/wp-content\/uploads\/2025\/10\/Logo_Yoast_Jaune_696x696.webp","width":696,"height":696,"caption":"Lica"},"image":{"@id":"https:\/\/www.lica.ch\/en\/#\/schema\/logo\/image\/"},"sameAs":["https:\/\/www.facebook.com\/lica.suisse\/","https:\/\/ch.linkedin.com\/company\/lica-cr\u00e9dit","https:\/\/www.tiktok.com\/@lica.ch","https:\/\/www.instagram.com\/licacredit\/"]},{"@type":"Person","@id":"https:\/\/www.lica.ch\/en\/#\/schema\/person\/43f9fd6c0991b2ea4e0ce88a7472a04c","name":"login do escritor","image":{"@type":"ImageObject","inLanguage":"pt-PT","@id":"https:\/\/secure.gravatar.com\/avatar\/d4854fc4223da2b976f9705ce04407a3e99c4bf956d6190ffef0815d95f87bef?s=96&d=mm&r=g","url":"https:\/\/secure.gravatar.com\/avatar\/d4854fc4223da2b976f9705ce04407a3e99c4bf956d6190ffef0815d95f87bef?s=96&d=mm&r=g","contentUrl":"https:\/\/secure.gravatar.com\/avatar\/d4854fc4223da2b976f9705ce04407a3e99c4bf956d6190ffef0815d95f87bef?s=96&d=mm&r=g","caption":"writer-login"}}]}},"_links":{"self":[{"href":"https:\/\/www.lica.ch\/pt\/wp-json\/wp\/v2\/posts\/21699","targetHints":{"allow":["GET"]}}],"collection":[{"href":"https:\/\/www.lica.ch\/pt\/wp-json\/wp\/v2\/posts"}],"about":[{"href":"https:\/\/www.lica.ch\/pt\/wp-json\/wp\/v2\/types\/post"}],"author":[{"embeddable":true,"href":"https:\/\/www.lica.ch\/pt\/wp-json\/wp\/v2\/users\/8"}],"replies":[{"embeddable":true,"href":"https:\/\/www.lica.ch\/pt\/wp-json\/wp\/v2\/comments?post=21699"}],"version-history":[{"count":0,"href":"https:\/\/www.lica.ch\/pt\/wp-json\/wp\/v2\/posts\/21699\/revisions"}],"wp:featuredmedia":[{"embeddable":true,"href":"https:\/\/www.lica.ch\/pt\/wp-json\/wp\/v2\/media\/27786"}],"wp:attachment":[{"href":"https:\/\/www.lica.ch\/pt\/wp-json\/wp\/v2\/media?parent=21699"}],"wp:term":[{"taxonomy":"category","embeddable":true,"href":"https:\/\/www.lica.ch\/pt\/wp-json\/wp\/v2\/categories?post=21699"},{"taxonomy":"post_tag","embeddable":true,"href":"https:\/\/www.lica.ch\/pt\/wp-json\/wp\/v2\/tags?post=21699"}],"curies":[{"name":"wp","href":"https:\/\/api.w.org\/{rel}","templated":true}]}}