{"id":22973,"date":"2023-04-08T14:45:10","date_gmt":"2023-04-08T13:45:10","guid":{"rendered":"https:\/\/lica.ch\/?p=22973"},"modified":"2025-12-11T18:54:38","modified_gmt":"2025-12-11T17:54:38","slug":"aumento-da-taxa-maxima-para-creditos-pessoais-esta-em-vigor-na-suica","status":"publish","type":"post","link":"https:\/\/www.lica.ch\/pt\/reglementation\/hausse-du-taux-d-interet-maximal-pour-les-credits-prives-est-effective-en-suisse\/","title":{"rendered":"Aumento efetivo da taxa de juro m\u00e1xima para os cr\u00e9ditos pessoais!"},"content":{"rendered":"<p>O aumento da taxa de juro m\u00e1xima para os empr\u00e9stimos privados na Su\u00ed\u00e7a j\u00e1 entrou em vigor. De acordo com um comunicado de imprensa da Administra\u00e7\u00e3o Federal Su\u00ed\u00e7a, a taxa m\u00e1xima ser\u00e1 de 11% a partir de 1 de janeiro de 2010.<sup>er<\/sup> maio de 2023. Esta decis\u00e3o surge num contexto de <a href=\"https:\/\/www.lica.ch\/pt\/credito-pessoal-2\/aumento-das-taxas-de-juros-nos-creditos-ao-consumo\/\" target=\"_blank\" rel=\"noreferrer noopener\">aumento geral das taxas de juro<\/a>. O seu objetivo \u00e9 proteger os consumidores contra os riscos associados ao endividamento. Neste artigo, analisamos as raz\u00f5es subjacentes a este aumento da taxa de juro m\u00e1xima do cr\u00e9dito privado e as suas consequ\u00eancias para os consumidores e para os actores do mercado.<\/p>\n\n\n\n<h2 class=\"wp-block-heading\" id=\"hausse-effective-du-taux-d-int\u00e9r\u00eat-1\">As duas raz\u00f5es para o aumento da taxa de juro m\u00e1xima dos empr\u00e9stimos privados<\/h2>\n\n\n\n<p>O aumento da taxa de juro m\u00e1xima do cr\u00e9dito ao consumo na Su\u00ed\u00e7a, previsto para 1 de maio de 2023, deve-se a dois factores econ\u00f3micos bem conhecidos. Eis os dois factores que est\u00e3o na base desta decis\u00e3o:<\/p>\n\n\n\n<h3 class=\"wp-block-heading\">1. Combater os efeitos da infla\u00e7\u00e3o : <\/h3>\n\n\n\n<p>A infla\u00e7\u00e3o \u00e9 um fator determinante para as taxas de juro. Se a infla\u00e7\u00e3o aumenta, os bancos centrais tendem a aumentar as taxas de juro para contrariar o efeito negativo sobre a economia. No caso da Su\u00ed\u00e7a, um <a href=\"https:\/\/www.lenouvelliste.ch\/valais\/linflation-suisse-surprend-a-la-hausse-le-commentaire-boursier-bcvs-1271263\" target=\"_blank\" rel=\"noreferrer noopener\">acelera\u00e7\u00e3o inesperada da infla\u00e7\u00e3o<\/a> sugere que o Banco Nacional Su\u00ed\u00e7o (<a href=\"https:\/\/www.snb.ch\/fr\/iabout\/stat\/statrep\/id\/current_interest_exchange_rates#t2\" target=\"_blank\" rel=\"noreferrer noopener\">SNB<\/a>) dever\u00e1, por conseguinte, continuar a aumentar as taxas directoras nos pr\u00f3ximos meses. <\/p>\n\n\n\n<h3 class=\"wp-block-heading\">2. Estabilizar a situa\u00e7\u00e3o financeira das fam\u00edlias : <\/h3>\n\n\n\n<p>As autoridades su\u00ed\u00e7as est\u00e3o a aumentar a taxa de juro m\u00e1xima do cr\u00e9dito ao consumo, a fim de reduzir o risco de sobre-endividamento das fam\u00edlias. Ao aumentar as taxas de juro, o cr\u00e9dito ao consumo torna-se mais caro para os consumidores, o que pode incentiv\u00e1-los a reduzir o seu endividamento e a <a href=\"https:\/\/www.lica.ch\/pt\/solvable\/reduzir-as-despesas-e-otimizar-o-orcamento\/\" target=\"_blank\" rel=\"noreferrer noopener\">melhorar a sua situa\u00e7\u00e3o financeira<\/a>.<\/p>\n\n\n\n<h2 class=\"wp-block-heading\" id=\"hausse-effective-du-taux-d-int\u00e9r\u00eat-2\">O que diz a portaria sobre a lei federal relativa ao cr\u00e9dito ao consumo?<\/h2>\n\n\n\n<p>O diploma relativo \u00e0 lei federal sobre o cr\u00e9dito ao consumo (<a href=\"https:\/\/www.fedlex.admin.ch\/eli\/cc\/2002\/594\/fr\" target=\"_blank\" rel=\"noreferrer noopener\">OLCC<\/a>) \u00e9 um instrumento jur\u00eddico. Fornece disposi\u00e7\u00f5es adicionais e esclarecimentos sobre a aplica\u00e7\u00e3o da Lei Federal do Cr\u00e9dito ao Consumo (<a href=\"https:\/\/www.fedlex.admin.ch\/eli\/cc\/2002\/593\/fr\" target=\"_blank\" rel=\"noreferrer noopener\">LCC<\/a>). No que se refere \u00e0 taxa de juro m\u00e1xima, o OLCC n\u00e3o a fixa diretamente, mas estabelece os crit\u00e9rios e o procedimento para a sua determina\u00e7\u00e3o.<\/p>\n\n\n\n<p>De acordo com o artigo 14, par\u00e1grafo 2, da LCC, o Departamento Federal de Finan\u00e7as (<a href=\"https:\/\/www.efd.admin.ch\/efd\/fr\/home.html\" target=\"_blank\" rel=\"noreferrer noopener\">DFF<\/a>), em consulta com o Banco Nacional Su\u00ed\u00e7o (SNB), \u00e9 respons\u00e1vel pela fixa\u00e7\u00e3o da taxa de juro m\u00e1xima para <a href=\"https:\/\/www.lica.ch\/pt\/credito-pessoal-2\/lei-sobre-o-credito-ao-consumo-o-que-precisa-saber\/\" target=\"_blank\" rel=\"noreferrer noopener\">cr\u00e9dito ao consumo<\/a>. O OLCC especifica as modalidades desta consulta e os crit\u00e9rios a ter em conta para determinar a taxa de juro m\u00e1xima. De um ponto de vista t\u00e9cnico, a taxa de juro m\u00e1xima dos empr\u00e9stimos privados obt\u00e9m-se adicionando os dois elementos seguintes: <\/p>\n\n\n\n<ul class=\"wp-block-list\">\n<li>A taxa Saron composta a tr\u00eas meses (<a href=\"https:\/\/www.snb.ch\/fr\/iabout\/stat\/statrep\/id\/current_interest_exchange_rates#t2\" target=\"_blank\" rel=\"noreferrer noopener\">SAR3MC<\/a>)<\/li>\n\n\n\n<li>Mais 10 pontos percentuais<\/li>\n<\/ul>\n\n\n\n<p>A taxa m\u00e1xima \u00e9 ent\u00e3o arredondada para o n\u00famero inteiro mais pr\u00f3ximo, de acordo com as regras comerciais.<\/p>\n\n\n\n<h3 class=\"wp-block-heading\">Com n\u00fameros reais, \u00e9 como...<\/h3>\n\n\n\n<p>No contexto atual, a taxa Saron \u00e9 de 1,411PT15T (em 5 de abril de 2023), pelo que basta acrescentar a este valor os 10 pontos percentuais (101PT15T) e arredondar o valor para obter a taxa m\u00e1xima. Obt\u00e9m-se assim: 1,411PT15T + 101PT15T = 11,411PT15T, arredondado ao n\u00famero inteiro mais pr\u00f3ximo = 111PT15T.<\/p>\n\n\n\n<blockquote class=\"wp-block-quote is-layout-flow wp-block-quote-is-layout-flow\">\n<p>A taxa Saron (SAR3MC) adicionada a 10% e depois arredondada para o n\u00famero inteiro mais pr\u00f3ximo d\u00e1 a taxa de juro m\u00e1xima para empr\u00e9stimos privados na Su\u00ed\u00e7a.<\/p>\n<cite>Fonte: Portaria relativa \u00e0 lei federal sobre o cr\u00e9dito ao consumo (OLCC)<\/cite><\/blockquote>\n\n\n\n<p>Dada a tend\u00eancia de subida da Saron, \u00e9 razo\u00e1vel esperar que a taxa de juro m\u00e1xima dos cr\u00e9ditos privados na Su\u00ed\u00e7a continue a aumentar nos pr\u00f3ximos meses. <\/p>\n\n\n\n<h2 class=\"wp-block-heading\" id=\"hausse-effective-du-taux-d-int\u00e9r\u00eat-3\">As consequ\u00eancias para os consumidores<\/h2>\n\n\n\n<p>O aumento da taxa de juro m\u00e1xima dos empr\u00e9stimos privados na Su\u00ed\u00e7a dever\u00e1 ter v\u00e1rias consequ\u00eancias para os consumidores. Em primeiro lugar, os mutu\u00e1rios poder\u00e3o estar mais atentos ao seu endividamento e \u00e0 sua capacidade de reembolso. Este facto poder\u00e1 incentiv\u00e1-los a contrair empr\u00e9stimos de forma mais respons\u00e1vel, evitando assim situa\u00e7\u00f5es de sobre-endividamento. Em segundo lugar, os consumidores poder\u00e3o ser incentivados a procurar <a href=\"https:\/\/www.lica.ch\/pt\/\" target=\"_blank\" rel=\"noreferrer noopener\">solu\u00e7\u00f5es de financiamento<\/a> t\u00e3o atrativo quanto poss\u00edvel.<\/p>\n\n\n\n<p>Quando a taxa de juro m\u00e1xima dos empr\u00e9stimos privados aumenta, a hist\u00f3ria mostra-nos o seguinte fen\u00f3meno em termos de consumo:<\/p>\n\n\n\n<ul class=\"wp-block-list\">\n<li>Os clientes s\u00e3o muito mais cuidadosos com as condi\u00e7\u00f5es dos seus empr\u00e9stimos privados<\/li>\n\n\n\n<li>Pensam duas vezes antes de pedir emprestado grandes somas de dinheiro<\/li>\n<\/ul>\n\n\n\n<p>Esta mudan\u00e7a de comportamento est\u00e1 perfeitamente de acordo com o objetivo fixado pelas autoridades su\u00ed\u00e7as. As fam\u00edlias est\u00e3o a reduzir o seu endividamento, melhorando assim a sua situa\u00e7\u00e3o financeira. O mesmo acontece com os financiamentos hipotec\u00e1rios, que seguem o mesmo mecanismo quando as taxas de juro sobem.<\/p>\n\n\n\n<h2 class=\"wp-block-heading\" id=\"hausse-effective-du-taux-d-int\u00e9r\u00eat-4\">Consequ\u00eancias para os intervenientes no mercado<\/h2>\n\n\n\n<p>Os actores do mercado de cr\u00e9dito su\u00ed\u00e7o, como os bancos e as institui\u00e7\u00f5es de cr\u00e9dito, poder\u00e3o tamb\u00e9m sentir os efeitos do aumento da taxa de juro m\u00e1xima para os cr\u00e9ditos privados. Alguns especialistas prev\u00eaem uma diminui\u00e7\u00e3o dos pedidos de <a href=\"https:\/\/www.lica.ch\/pt\/credito-pessoal-2\/como-funciona-um-credito-pessoal\/\" target=\"_blank\" rel=\"noreferrer noopener\">cr\u00e9dito ao consumo<\/a> devido ao aumento dos custos dos empr\u00e9stimos. As institui\u00e7\u00f5es de cr\u00e9dito poder\u00e3o ter de adaptar a sua oferta. Ter\u00e3o certamente de oferecer <a href=\"https:\/\/www.lica.ch\/pt\/\" target=\"_blank\" rel=\"noreferrer noopener\">solu\u00e7\u00f5es de financiamento mais inovadoras<\/a> e competitivos para satisfazer as necessidades dos consumidores. <\/p>\n\n\n\n<h2 class=\"wp-block-heading\" id=\"hausse-effective-du-taux-d-int\u00e9r\u00eat-5\">O aumento da taxa de juro m\u00e1xima dos empr\u00e9stimos privados \u00e9 uma tend\u00eancia mundial?<\/h2>\n\n\n\n<p>O aumento da taxa de juro m\u00e1xima dos empr\u00e9stimos privados na Su\u00ed\u00e7a insere-se numa tend\u00eancia global observada em v\u00e1rios pa\u00edses. Esta evolu\u00e7\u00e3o reflecte as preocupa\u00e7\u00f5es das autoridades de todo o mundo relativamente aos riscos de endividamento excessivo e \u00e0s pr\u00e1ticas abusivas de certos mutuantes. As autoridades reguladoras est\u00e3o a tentar proteger os consumidores. Promovem um crescimento econ\u00f3mico sustent\u00e1vel, regulando <a href=\"https:\/\/www.lica.ch\/pt\/credito-pessoal-2\/quais-documentos-sao-necessarios-para-obter-um-credito\/\" target=\"_blank\" rel=\"noreferrer noopener\">condi\u00e7\u00f5es de cr\u00e9dito<\/a> e incentivar uma gest\u00e3o respons\u00e1vel da d\u00edvida.<\/p>\n\n\n\n<h2 class=\"wp-block-heading\" id=\"hausse-effective-du-taux-d-int\u00e9r\u00eat-6\">Conselhos para lidar com o aumento da taxa de juro m\u00e1xima dos empr\u00e9stimos privados<\/h2>\n\n\n\n<p>Eis alguns conselhos para os consumidores que os ajudar\u00e3o a fazer face ao aumento da taxa de juro m\u00e1xima dos cr\u00e9ditos privados na Su\u00ed\u00e7a:<\/p>\n\n\n\n<h3 class=\"wp-block-heading\">Comparar ofertas de cr\u00e9dito privado<\/h3>\n\n\n\n<p>Antes de <a href=\"https:\/\/www.lica.ch\/pt\/demande-de-credit-prive-en-ligne\/\" target=\"_blank\" rel=\"noreferrer noopener\">contrair um empr\u00e9stimo privado<\/a>Se est\u00e1 \u00e0 procura de um cr\u00e9dito hipotec\u00e1rio, aproveite para recorrer aos servi\u00e7os de um corretor. Este permitir-lhe-\u00e1 encontrar a melhor solu\u00e7\u00e3o para a sua situa\u00e7\u00e3o financeira e as suas necessidades. Um intermedi\u00e1rio de cr\u00e9dito privado saber\u00e1 exatamente onde dirigir o seu pedido. Desta forma, maximizar\u00e1 as suas hip\u00f3teses de obter um cr\u00e9dito privado sem cometer erros.<a href=\"https:\/\/www.lica.ch\/pt\/credito-pessoal-2\/principais-razoes-de-um-credito-recusado\/\" target=\"_blank\" rel=\"noreferrer noopener\"> erros cl\u00e1ssicos que podem levar a uma recusa<\/a>. <\/p>\n\n\n\n<h3 class=\"wp-block-heading\">Avaliar corretamente a sua capacidade de reembolso <\/h3>\n\n\n\n<p>Antes de contrair um empr\u00e9stimo, certifique-se de que sabe exatamente quanto pode pagar e quais os custos envolvidos. N\u00e3o hesite em <a href=\"https:\/\/www.lica.ch\/pt\/\" target=\"_blank\" rel=\"noreferrer noopener\">procurar aconselhamento profissional<\/a> para avaliar a sua situa\u00e7\u00e3o financeira. Na Lica, elaboramos sistematicamente um or\u00e7amento coerente para cada um dos nossos clientes antes de lhes propor um cr\u00e9dito ao consumo.<\/p>\n\n\n\n<h3 class=\"wp-block-heading\">Concentrar-se em solu\u00e7\u00f5es novas e inovadoras<\/h3>\n\n\n\n<p>Com custos de empr\u00e9stimo mais elevados, deve considerar outras op\u00e7\u00f5es de financiamento. Os nossos <a href=\"https:\/\/www.lica.ch\/pt\/lica\/lica-credito-pessoal-com-cashback\/\" target=\"_blank\" rel=\"noreferrer noopener\">solu\u00e7\u00e3o exclusiva do cashback<\/a> \u00e9 uma forma muito interessante de reduzir o custo do seu cr\u00e9dito privado. Ao fazer o seu <a href=\"https:\/\/www.lica.ch\/pt\/credito-com-cashback\/\">pedido de cr\u00e9dito privado 100% online<\/a>Com o Lica, beneficia de um cashback de at\u00e9 CHF 5\u2019000.-. O princ\u00edpio \u00e9 simples: o Lica partilha a sua comiss\u00e3o quando um cliente solicita um empr\u00e9stimo por conta pr\u00f3pria, o que lhe permite ter muito menos trabalho. Uma solu\u00e7\u00e3o mais justa e financeiramente mais atractiva para o seu cr\u00e9dito privado!<\/p>\n\n\n\n<h2 class=\"wp-block-heading\" id=\"hausse-effective-du-taux-d-int\u00e9r\u00eat-7\">A nossa conclus\u00e3o sobre o aumento da taxa de juro m\u00e1xima dos empr\u00e9stimos privados<\/h2>\n\n\n\n<p>O aumento da taxa de juro m\u00e1xima dos empr\u00e9stimos privados na Su\u00ed\u00e7a tem por objetivo proteger os consumidores. Por conseguinte, incentiva uma gest\u00e3o respons\u00e1vel do cr\u00e9dito. As consequ\u00eancias desta decis\u00e3o para os consumidores e para os intervenientes no mercado est\u00e3o ainda por determinar. \u00c9 prov\u00e1vel que esta medida incentive os mutu\u00e1rios a adoptarem uma abordagem mais prudente e respons\u00e1vel em rela\u00e7\u00e3o ao cr\u00e9dito. <\/p>\n\n\n\n<p>Em conclus\u00e3o, \u00e9 essencial que os mutu\u00e1rios estejam conscientes desta nova realidade, recorrendo aos servi\u00e7os de um profissional antes de efectuarem o seu empr\u00e9stimo hipotec\u00e1rio. <a href=\"https:\/\/www.lica.ch\/pt\/\" target=\"_blank\" rel=\"noreferrer noopener\">cr\u00e9dito pessoal<\/a>. <\/p>","protected":false},"excerpt":{"rendered":"<p>La hausse du taux d&rsquo;int\u00e9r\u00eat maximal pour les cr\u00e9dits priv\u00e9s en Suisse est d\u00e9sormais effective. En effet, selon le communiqu\u00e9 de l&rsquo;administration f\u00e9d\u00e9rale suisse, le taux maximal sera donc fix\u00e9 \u00e0 11% d\u00e8s le 1er mai 2023. Cette d\u00e9cision, intervient dans un contexte de hausse g\u00e9n\u00e9rale des taux d&rsquo;int\u00e9r\u00eat. Elle a pour objectif de prot\u00e9ger [&hellip;]<\/p>\n","protected":false},"author":8,"featured_media":27764,"comment_status":"closed","ping_status":"closed","sticky":false,"template":"","format":"standard","meta":{"footnotes":""},"categories":[55],"tags":[],"class_list":["post-22973","post","type-post","status-publish","format-standard","has-post-thumbnail","hentry","category-reglementation"],"_yoast_wpseo_focuskw":"Int\u00e9r\u00eat maximal pour les cr\u00e9dits priv\u00e9s","_yoast_wpseo_title":"Int\u00e9r\u00eat maximal pour les cr\u00e9dits priv\u00e9s en Suisse - Hausse \u00e0 11%","_yoast_wpseo_metadesc":"Int\u00e9r\u00eat maximal pour les cr\u00e9dits priv\u00e9s - La hausse est d\u00e9sormais effective en Suisse depuis le 1 mai 2023. Lica vous explique tout !","yoast_head":"<!-- This site is optimized with the Yoast SEO plugin v27.5 - https:\/\/yoast.com\/product\/yoast-seo-wordpress\/ -->\n<title>Int\u00e9r\u00eat maximal pour les cr\u00e9dits priv\u00e9s en Suisse - Hausse \u00e0 11%<\/title>\n<meta name=\"description\" content=\"Int\u00e9r\u00eat maximal pour les cr\u00e9dits priv\u00e9s - La hausse est d\u00e9sormais effective en Suisse depuis le 1 mai 2023. Lica vous explique tout !\" \/>\n<meta name=\"robots\" content=\"index, follow, max-snippet:-1, max-image-preview:large, max-video-preview:-1\" \/>\n<link rel=\"canonical\" href=\"https:\/\/www.lica.ch\/pt\/regulamentacao\/aumento-da-taxa-maxima-para-creditos-pessoais-esta-em-vigor-na-suica\/\" \/>\n<meta property=\"og:locale\" content=\"pt_PT\" \/>\n<meta property=\"og:type\" content=\"article\" \/>\n<meta property=\"og:title\" content=\"Int\u00e9r\u00eat maximal pour les cr\u00e9dits priv\u00e9s en Suisse - Hausse \u00e0 11%\" \/>\n<meta property=\"og:description\" content=\"Int\u00e9r\u00eat maximal pour les cr\u00e9dits priv\u00e9s - La hausse est d\u00e9sormais effective en Suisse depuis le 1 mai 2023. Lica vous explique tout !\" \/>\n<meta property=\"og:url\" content=\"https:\/\/www.lica.ch\/pt\/regulamentacao\/aumento-da-taxa-maxima-para-creditos-pessoais-esta-em-vigor-na-suica\/\" \/>\n<meta property=\"og:site_name\" content=\"Lica cr\u00e9dit priv\u00e9\" \/>\n<meta property=\"article:publisher\" content=\"https:\/\/www.facebook.com\/lica.suisse\/\" \/>\n<meta property=\"article:published_time\" content=\"2023-04-08T13:45:10+00:00\" \/>\n<meta property=\"article:modified_time\" content=\"2025-12-11T17:54:38+00:00\" \/>\n<meta property=\"og:image\" content=\"https:\/\/www.lica.ch\/wp-content\/uploads\/2023\/04\/Interet-maximal-pour-les-credits-prives_IMA.webp\" \/>\n\t<meta property=\"og:image:width\" content=\"1000\" \/>\n\t<meta property=\"og:image:height\" content=\"650\" \/>\n\t<meta property=\"og:image:type\" content=\"image\/webp\" \/>\n<meta name=\"author\" content=\"writer-login\" \/>\n<meta name=\"twitter:card\" content=\"summary_large_image\" \/>\n<script type=\"application\/ld+json\" class=\"yoast-schema-graph\">{\"@context\":\"https:\\\/\\\/schema.org\",\"@graph\":[{\"@type\":\"Article\",\"@id\":\"https:\\\/\\\/www.lica.ch\\\/reglementation\\\/hausse-du-taux-d-interet-maximal-pour-les-credits-prives-est-effective-en-suisse\\\/#article\",\"isPartOf\":{\"@id\":\"https:\\\/\\\/www.lica.ch\\\/reglementation\\\/hausse-du-taux-d-interet-maximal-pour-les-credits-prives-est-effective-en-suisse\\\/\"},\"author\":{\"name\":\"writer-login\",\"@id\":\"https:\\\/\\\/www.lica.ch\\\/en\\\/#\\\/schema\\\/person\\\/43f9fd6c0991b2ea4e0ce88a7472a04c\"},\"headline\":\"Hausse effective du taux d&rsquo;int\u00e9r\u00eat maximal pour les cr\u00e9dits priv\u00e9s !\",\"datePublished\":\"2023-04-08T13:45:10+00:00\",\"dateModified\":\"2025-12-11T17:54:38+00:00\",\"mainEntityOfPage\":{\"@id\":\"https:\\\/\\\/www.lica.ch\\\/reglementation\\\/hausse-du-taux-d-interet-maximal-pour-les-credits-prives-est-effective-en-suisse\\\/\"},\"wordCount\":1529,\"publisher\":{\"@id\":\"https:\\\/\\\/www.lica.ch\\\/en\\\/#organization\"},\"image\":{\"@id\":\"https:\\\/\\\/www.lica.ch\\\/reglementation\\\/hausse-du-taux-d-interet-maximal-pour-les-credits-prives-est-effective-en-suisse\\\/#primaryimage\"},\"thumbnailUrl\":\"https:\\\/\\\/www.lica.ch\\\/wp-content\\\/uploads\\\/2023\\\/04\\\/Interet-maximal-pour-les-credits-prives_IMA.webp\",\"articleSection\":[\"R\u00e9glementation\"],\"inLanguage\":\"pt-PT\"},{\"@type\":\"WebPage\",\"@id\":\"https:\\\/\\\/www.lica.ch\\\/reglementation\\\/hausse-du-taux-d-interet-maximal-pour-les-credits-prives-est-effective-en-suisse\\\/\",\"url\":\"https:\\\/\\\/www.lica.ch\\\/reglementation\\\/hausse-du-taux-d-interet-maximal-pour-les-credits-prives-est-effective-en-suisse\\\/\",\"name\":\"Int\u00e9r\u00eat maximal pour les cr\u00e9dits priv\u00e9s en Suisse - Hausse \u00e0 11%\",\"isPartOf\":{\"@id\":\"https:\\\/\\\/www.lica.ch\\\/en\\\/#website\"},\"primaryImageOfPage\":{\"@id\":\"https:\\\/\\\/www.lica.ch\\\/reglementation\\\/hausse-du-taux-d-interet-maximal-pour-les-credits-prives-est-effective-en-suisse\\\/#primaryimage\"},\"image\":{\"@id\":\"https:\\\/\\\/www.lica.ch\\\/reglementation\\\/hausse-du-taux-d-interet-maximal-pour-les-credits-prives-est-effective-en-suisse\\\/#primaryimage\"},\"thumbnailUrl\":\"https:\\\/\\\/www.lica.ch\\\/wp-content\\\/uploads\\\/2023\\\/04\\\/Interet-maximal-pour-les-credits-prives_IMA.webp\",\"datePublished\":\"2023-04-08T13:45:10+00:00\",\"dateModified\":\"2025-12-11T17:54:38+00:00\",\"description\":\"Int\u00e9r\u00eat maximal pour les cr\u00e9dits priv\u00e9s - La hausse est d\u00e9sormais effective en Suisse depuis le 1 mai 2023. Lica vous explique tout !\",\"breadcrumb\":{\"@id\":\"https:\\\/\\\/www.lica.ch\\\/reglementation\\\/hausse-du-taux-d-interet-maximal-pour-les-credits-prives-est-effective-en-suisse\\\/#breadcrumb\"},\"inLanguage\":\"pt-PT\",\"potentialAction\":[{\"@type\":\"ReadAction\",\"target\":[\"https:\\\/\\\/www.lica.ch\\\/reglementation\\\/hausse-du-taux-d-interet-maximal-pour-les-credits-prives-est-effective-en-suisse\\\/\"]}]},{\"@type\":\"ImageObject\",\"inLanguage\":\"pt-PT\",\"@id\":\"https:\\\/\\\/www.lica.ch\\\/reglementation\\\/hausse-du-taux-d-interet-maximal-pour-les-credits-prives-est-effective-en-suisse\\\/#primaryimage\",\"url\":\"https:\\\/\\\/www.lica.ch\\\/wp-content\\\/uploads\\\/2023\\\/04\\\/Interet-maximal-pour-les-credits-prives_IMA.webp\",\"contentUrl\":\"https:\\\/\\\/www.lica.ch\\\/wp-content\\\/uploads\\\/2023\\\/04\\\/Interet-maximal-pour-les-credits-prives_IMA.webp\",\"width\":1000,\"height\":650,\"caption\":\"Int\u00e9r\u00eat maximal pour les cr\u00e9dits priv\u00e9s\"},{\"@type\":\"BreadcrumbList\",\"@id\":\"https:\\\/\\\/www.lica.ch\\\/reglementation\\\/hausse-du-taux-d-interet-maximal-pour-les-credits-prives-est-effective-en-suisse\\\/#breadcrumb\",\"itemListElement\":[{\"@type\":\"ListItem\",\"position\":1,\"name\":\"Accueil\",\"item\":\"https:\\\/\\\/www.lica.ch\\\/\"},{\"@type\":\"ListItem\",\"position\":2,\"name\":\"Hausse effective du taux d&rsquo;int\u00e9r\u00eat maximal pour les cr\u00e9dits priv\u00e9s !\"}]},{\"@type\":\"WebSite\",\"@id\":\"https:\\\/\\\/www.lica.ch\\\/en\\\/#website\",\"url\":\"https:\\\/\\\/www.lica.ch\\\/en\\\/\",\"name\":\"Lica\",\"description\":\"Cr\u00e9dit priv\u00e9\",\"publisher\":{\"@id\":\"https:\\\/\\\/www.lica.ch\\\/en\\\/#organization\"},\"alternateName\":\"Lica\",\"potentialAction\":[{\"@type\":\"SearchAction\",\"target\":{\"@type\":\"EntryPoint\",\"urlTemplate\":\"https:\\\/\\\/www.lica.ch\\\/en\\\/?s={search_term_string}\"},\"query-input\":{\"@type\":\"PropertyValueSpecification\",\"valueRequired\":true,\"valueName\":\"search_term_string\"}}],\"inLanguage\":\"pt-PT\"},{\"@type\":\"Organization\",\"@id\":\"https:\\\/\\\/www.lica.ch\\\/en\\\/#organization\",\"name\":\"Lica\",\"alternateName\":\"Lica\",\"url\":\"https:\\\/\\\/www.lica.ch\\\/en\\\/\",\"logo\":{\"@type\":\"ImageObject\",\"inLanguage\":\"pt-PT\",\"@id\":\"https:\\\/\\\/www.lica.ch\\\/en\\\/#\\\/schema\\\/logo\\\/image\\\/\",\"url\":\"https:\\\/\\\/www.lica.ch\\\/wp-content\\\/uploads\\\/2025\\\/10\\\/Logo_Yoast_Jaune_696x696.webp\",\"contentUrl\":\"https:\\\/\\\/www.lica.ch\\\/wp-content\\\/uploads\\\/2025\\\/10\\\/Logo_Yoast_Jaune_696x696.webp\",\"width\":696,\"height\":696,\"caption\":\"Lica\"},\"image\":{\"@id\":\"https:\\\/\\\/www.lica.ch\\\/en\\\/#\\\/schema\\\/logo\\\/image\\\/\"},\"sameAs\":[\"https:\\\/\\\/www.facebook.com\\\/lica.suisse\\\/\",\"https:\\\/\\\/ch.linkedin.com\\\/company\\\/lica-cr\u00e9dit\",\"https:\\\/\\\/www.tiktok.com\\\/@lica.ch\",\"https:\\\/\\\/www.instagram.com\\\/licacredit\\\/\"]},{\"@type\":\"Person\",\"@id\":\"https:\\\/\\\/www.lica.ch\\\/en\\\/#\\\/schema\\\/person\\\/43f9fd6c0991b2ea4e0ce88a7472a04c\",\"name\":\"writer-login\",\"image\":{\"@type\":\"ImageObject\",\"inLanguage\":\"pt-PT\",\"@id\":\"https:\\\/\\\/secure.gravatar.com\\\/avatar\\\/d4854fc4223da2b976f9705ce04407a3e99c4bf956d6190ffef0815d95f87bef?s=96&d=mm&r=g\",\"url\":\"https:\\\/\\\/secure.gravatar.com\\\/avatar\\\/d4854fc4223da2b976f9705ce04407a3e99c4bf956d6190ffef0815d95f87bef?s=96&d=mm&r=g\",\"contentUrl\":\"https:\\\/\\\/secure.gravatar.com\\\/avatar\\\/d4854fc4223da2b976f9705ce04407a3e99c4bf956d6190ffef0815d95f87bef?s=96&d=mm&r=g\",\"caption\":\"writer-login\"}}]}<\/script>\n<!-- \/ Yoast SEO plugin. -->","yoast_head_json":{"title":"Taxa m\u00e1xima de juros para cr\u00e9ditos pessoais na Su\u00ed\u00e7a \u2013 Subida para 11%","description":"Taxa m\u00e1xima de juros para cr\u00e9ditos pessoais \u2013 O aumento est\u00e1 em vigor na Su\u00ed\u00e7a desde 1 de maio de 2023. A Lica explica tudo!","robots":{"index":"index","follow":"follow","max-snippet":"max-snippet:-1","max-image-preview":"max-image-preview:large","max-video-preview":"max-video-preview:-1"},"canonical":"https:\/\/www.lica.ch\/pt\/regulamentacao\/aumento-da-taxa-maxima-para-creditos-pessoais-esta-em-vigor-na-suica\/","og_locale":"pt_PT","og_type":"article","og_title":"Int\u00e9r\u00eat maximal pour les cr\u00e9dits priv\u00e9s en Suisse - Hausse \u00e0 11%","og_description":"Int\u00e9r\u00eat maximal pour les cr\u00e9dits priv\u00e9s - La hausse est d\u00e9sormais effective en Suisse depuis le 1 mai 2023. Lica vous explique tout !","og_url":"https:\/\/www.lica.ch\/pt\/regulamentacao\/aumento-da-taxa-maxima-para-creditos-pessoais-esta-em-vigor-na-suica\/","og_site_name":"Lica cr\u00e9dit priv\u00e9","article_publisher":"https:\/\/www.facebook.com\/lica.suisse\/","article_published_time":"2023-04-08T13:45:10+00:00","article_modified_time":"2025-12-11T17:54:38+00:00","og_image":[{"width":1000,"height":650,"url":"https:\/\/www.lica.ch\/wp-content\/uploads\/2023\/04\/Interet-maximal-pour-les-credits-prives_IMA.webp","type":"image\/webp"}],"author":"writer-login","twitter_card":"summary_large_image","schema":{"@context":"https:\/\/schema.org","@graph":[{"@type":"Article","@id":"https:\/\/www.lica.ch\/reglementation\/hausse-du-taux-d-interet-maximal-pour-les-credits-prives-est-effective-en-suisse\/#article","isPartOf":{"@id":"https:\/\/www.lica.ch\/reglementation\/hausse-du-taux-d-interet-maximal-pour-les-credits-prives-est-effective-en-suisse\/"},"author":{"name":"writer-login","@id":"https:\/\/www.lica.ch\/en\/#\/schema\/person\/43f9fd6c0991b2ea4e0ce88a7472a04c"},"headline":"Hausse effective du taux d&rsquo;int\u00e9r\u00eat maximal pour les cr\u00e9dits priv\u00e9s !","datePublished":"2023-04-08T13:45:10+00:00","dateModified":"2025-12-11T17:54:38+00:00","mainEntityOfPage":{"@id":"https:\/\/www.lica.ch\/reglementation\/hausse-du-taux-d-interet-maximal-pour-les-credits-prives-est-effective-en-suisse\/"},"wordCount":1529,"publisher":{"@id":"https:\/\/www.lica.ch\/en\/#organization"},"image":{"@id":"https:\/\/www.lica.ch\/reglementation\/hausse-du-taux-d-interet-maximal-pour-les-credits-prives-est-effective-en-suisse\/#primaryimage"},"thumbnailUrl":"https:\/\/www.lica.ch\/wp-content\/uploads\/2023\/04\/Interet-maximal-pour-les-credits-prives_IMA.webp","articleSection":["R\u00e9glementation"],"inLanguage":"pt-PT"},{"@type":"WebPage","@id":"https:\/\/www.lica.ch\/reglementation\/hausse-du-taux-d-interet-maximal-pour-les-credits-prives-est-effective-en-suisse\/","url":"https:\/\/www.lica.ch\/reglementation\/hausse-du-taux-d-interet-maximal-pour-les-credits-prives-est-effective-en-suisse\/","name":"Taxa m\u00e1xima de juros para cr\u00e9ditos pessoais na Su\u00ed\u00e7a \u2013 Subida para 11%","isPartOf":{"@id":"https:\/\/www.lica.ch\/en\/#website"},"primaryImageOfPage":{"@id":"https:\/\/www.lica.ch\/reglementation\/hausse-du-taux-d-interet-maximal-pour-les-credits-prives-est-effective-en-suisse\/#primaryimage"},"image":{"@id":"https:\/\/www.lica.ch\/reglementation\/hausse-du-taux-d-interet-maximal-pour-les-credits-prives-est-effective-en-suisse\/#primaryimage"},"thumbnailUrl":"https:\/\/www.lica.ch\/wp-content\/uploads\/2023\/04\/Interet-maximal-pour-les-credits-prives_IMA.webp","datePublished":"2023-04-08T13:45:10+00:00","dateModified":"2025-12-11T17:54:38+00:00","description":"Taxa m\u00e1xima de juros para cr\u00e9ditos pessoais \u2013 O aumento est\u00e1 em vigor na Su\u00ed\u00e7a desde 1 de maio de 2023. A Lica explica tudo!","breadcrumb":{"@id":"https:\/\/www.lica.ch\/reglementation\/hausse-du-taux-d-interet-maximal-pour-les-credits-prives-est-effective-en-suisse\/#breadcrumb"},"inLanguage":"pt-PT","potentialAction":[{"@type":"ReadAction","target":["https:\/\/www.lica.ch\/reglementation\/hausse-du-taux-d-interet-maximal-pour-les-credits-prives-est-effective-en-suisse\/"]}]},{"@type":"ImageObject","inLanguage":"pt-PT","@id":"https:\/\/www.lica.ch\/reglementation\/hausse-du-taux-d-interet-maximal-pour-les-credits-prives-est-effective-en-suisse\/#primaryimage","url":"https:\/\/www.lica.ch\/wp-content\/uploads\/2023\/04\/Interet-maximal-pour-les-credits-prives_IMA.webp","contentUrl":"https:\/\/www.lica.ch\/wp-content\/uploads\/2023\/04\/Interet-maximal-pour-les-credits-prives_IMA.webp","width":1000,"height":650,"caption":"Int\u00e9r\u00eat maximal pour les cr\u00e9dits priv\u00e9s"},{"@type":"BreadcrumbList","@id":"https:\/\/www.lica.ch\/reglementation\/hausse-du-taux-d-interet-maximal-pour-les-credits-prives-est-effective-en-suisse\/#breadcrumb","itemListElement":[{"@type":"ListItem","position":1,"name":"Accueil","item":"https:\/\/www.lica.ch\/"},{"@type":"ListItem","position":2,"name":"Hausse effective du taux d&rsquo;int\u00e9r\u00eat maximal pour les cr\u00e9dits priv\u00e9s !"}]},{"@type":"WebSite","@id":"https:\/\/www.lica.ch\/en\/#website","url":"https:\/\/www.lica.ch\/en\/","name":"Lica","description":"Cr\u00e9dito pessoal","publisher":{"@id":"https:\/\/www.lica.ch\/en\/#organization"},"alternateName":"Lica","potentialAction":[{"@type":"SearchAction","target":{"@type":"EntryPoint","urlTemplate":"https:\/\/www.lica.ch\/en\/?s={search_term_string}"},"query-input":{"@type":"PropertyValueSpecification","valueRequired":true,"valueName":"search_term_string"}}],"inLanguage":"pt-PT"},{"@type":"Organization","@id":"https:\/\/www.lica.ch\/en\/#organization","name":"Lica","alternateName":"Lica","url":"https:\/\/www.lica.ch\/en\/","logo":{"@type":"ImageObject","inLanguage":"pt-PT","@id":"https:\/\/www.lica.ch\/en\/#\/schema\/logo\/image\/","url":"https:\/\/www.lica.ch\/wp-content\/uploads\/2025\/10\/Logo_Yoast_Jaune_696x696.webp","contentUrl":"https:\/\/www.lica.ch\/wp-content\/uploads\/2025\/10\/Logo_Yoast_Jaune_696x696.webp","width":696,"height":696,"caption":"Lica"},"image":{"@id":"https:\/\/www.lica.ch\/en\/#\/schema\/logo\/image\/"},"sameAs":["https:\/\/www.facebook.com\/lica.suisse\/","https:\/\/ch.linkedin.com\/company\/lica-cr\u00e9dit","https:\/\/www.tiktok.com\/@lica.ch","https:\/\/www.instagram.com\/licacredit\/"]},{"@type":"Person","@id":"https:\/\/www.lica.ch\/en\/#\/schema\/person\/43f9fd6c0991b2ea4e0ce88a7472a04c","name":"login do escritor","image":{"@type":"ImageObject","inLanguage":"pt-PT","@id":"https:\/\/secure.gravatar.com\/avatar\/d4854fc4223da2b976f9705ce04407a3e99c4bf956d6190ffef0815d95f87bef?s=96&d=mm&r=g","url":"https:\/\/secure.gravatar.com\/avatar\/d4854fc4223da2b976f9705ce04407a3e99c4bf956d6190ffef0815d95f87bef?s=96&d=mm&r=g","contentUrl":"https:\/\/secure.gravatar.com\/avatar\/d4854fc4223da2b976f9705ce04407a3e99c4bf956d6190ffef0815d95f87bef?s=96&d=mm&r=g","caption":"writer-login"}}]}},"_links":{"self":[{"href":"https:\/\/www.lica.ch\/pt\/wp-json\/wp\/v2\/posts\/22973","targetHints":{"allow":["GET"]}}],"collection":[{"href":"https:\/\/www.lica.ch\/pt\/wp-json\/wp\/v2\/posts"}],"about":[{"href":"https:\/\/www.lica.ch\/pt\/wp-json\/wp\/v2\/types\/post"}],"author":[{"embeddable":true,"href":"https:\/\/www.lica.ch\/pt\/wp-json\/wp\/v2\/users\/8"}],"replies":[{"embeddable":true,"href":"https:\/\/www.lica.ch\/pt\/wp-json\/wp\/v2\/comments?post=22973"}],"version-history":[{"count":0,"href":"https:\/\/www.lica.ch\/pt\/wp-json\/wp\/v2\/posts\/22973\/revisions"}],"wp:featuredmedia":[{"embeddable":true,"href":"https:\/\/www.lica.ch\/pt\/wp-json\/wp\/v2\/media\/27764"}],"wp:attachment":[{"href":"https:\/\/www.lica.ch\/pt\/wp-json\/wp\/v2\/media?parent=22973"}],"wp:term":[{"taxonomy":"category","embeddable":true,"href":"https:\/\/www.lica.ch\/pt\/wp-json\/wp\/v2\/categories?post=22973"},{"taxonomy":"post_tag","embeddable":true,"href":"https:\/\/www.lica.ch\/pt\/wp-json\/wp\/v2\/tags?post=22973"}],"curies":[{"name":"wp","href":"https:\/\/api.w.org\/{rel}","templated":true}]}}