{"id":25935,"date":"2023-08-13T09:56:32","date_gmt":"2023-08-13T07:56:32","guid":{"rendered":"https:\/\/lica.ch\/?p=25935"},"modified":"2025-12-10T22:50:15","modified_gmt":"2025-12-10T21:50:15","slug":"como-evoluirao-as-taxas-de-juros-dos-creditos-pessoais-na-suica","status":"publish","type":"post","link":"https:\/\/www.lica.ch\/pt\/credit-personnel\/quelle-sera-levolution-des-taux-dinteret-des-prets-prives-en-suisse\/","title":{"rendered":"Qual ser\u00e1 a evolu\u00e7\u00e3o das taxas de juro dos cr\u00e9ditos pessoais na Su\u00ed\u00e7a?"},"content":{"rendered":"<p>A Su\u00ed\u00e7a, frequentemente considerada como um basti\u00e3o da estabilidade econ\u00f3mica na Europa, parece estar numa posi\u00e7\u00e3o melhor do que os seus vizinhos da zona euro no que diz respeito \u00e0s taxas de juro do cr\u00e9dito privado. No entanto, v\u00e1rios factores sugerem que as taxas de juro do cr\u00e9dito privado poder\u00e3o ainda subir. <a href=\"https:\/\/www.lica.ch\/pt\/credito-pessoal-2\/aumento-da-taxa-maxima-para-creditos-pessoais-esta-em-vigor-na-suica\/\" target=\"_blank\" rel=\"noreferrer noopener\">aumentar ligeiramente<\/a> nos pr\u00f3ximos meses. O presente artigo centra-se, por conseguinte, num elemento-chave desta din\u00e2mica: a evolu\u00e7\u00e3o das taxas de juro do euro.<a href=\"https:\/\/www.lica.ch\/pt\/\" target=\"_blank\" rel=\"noreferrer noopener\"> empr\u00e9stimos privados<\/a> na Su\u00ed\u00e7a at\u00e9 ao final do ano.<\/p>\n\n\n\n<h2 class=\"wp-block-heading\" id=\"evolution-des-taux-dinteret-des-prets-prives-en-suisse-1\">3 sinais a ter em conta quando se trata de taxas de empr\u00e9stimos privados!<\/h2>\n\n\n\n<h3 class=\"wp-block-heading\">1. Um mercado de trabalho forte proporciona uma seguran\u00e7a adicional aos empr\u00e9stimos privados<\/h3>\n\n\n\n<p>O mercado de trabalho su\u00ed\u00e7o est\u00e1 de excelente sa\u00fade! Para al\u00e9m disso, desfrutamos de uma das <a href=\"https:\/\/www.admin.ch\/gov\/fr\/accueil\/documentation\/communiques.msg-id-94144.html\" target=\"_blank\" rel=\"noreferrer noopener\">taxas de desemprego mais baixas de que h\u00e1 registo<\/a>. Isto contribui para aumentar a confian\u00e7a dos consumidores e apoiar a procura interna, o que, por sua vez, impulsiona o crescimento econ\u00f3mico. O sinal positivo do mercado de trabalho significa que as institui\u00e7\u00f5es de cr\u00e9dito na Su\u00ed\u00e7a est\u00e3o confiantes. Por isso, teoricamente, deveriam manter as mesmas condi\u00e7\u00f5es de concess\u00e3o de cr\u00e9dito privado dos \u00faltimos anos. O resultado \u00e9 o seguinte, <a href=\"https:\/\/www.lica.ch\/pt\/demande-de-credit-prive-en-ligne\/\" target=\"_blank\" rel=\"noreferrer noopener\">futuros candidatos a cr\u00e9dito privado<\/a> n\u00e3o se esperava que a sua capacidade de endividamento diminu\u00edsse nos pr\u00f3ximos meses.<\/p>\n\n\n\n<h3 class=\"wp-block-heading\">2. A infla\u00e7\u00e3o est\u00e1 sob controlo na Su\u00ed\u00e7a, mas continua a ter impacto nas taxas de juro dos empr\u00e9stimos privados<\/h3>\n\n\n\n<p>A infla\u00e7\u00e3o, frequentemente um indicador-chave da sa\u00fade econ\u00f3mica, \u00e9 muito mais bem controlada na Su\u00ed\u00e7a do que na Europa. Com uma taxa de infla\u00e7\u00e3o prevista de 2,4% em 2023, em compara\u00e7\u00e3o com 5,5% na zona euro, a Su\u00ed\u00e7a goza de um ambiente mais est\u00e1vel. Este facto deve-se principalmente \u00e0 for\u00e7a do franco su\u00ed\u00e7o.<\/p>\n\n\n\n<p>No entanto, o objetivo de infla\u00e7\u00e3o \u00e9 fixado em <a href=\"https:\/\/www.rts.ch\/info\/economie\/14205229-hausse-des-taux-la-bns-suivratelle-washington-et-francfort.html\" target=\"_blank\" rel=\"noreferrer noopener\">menos de 2% pelo SNB<\/a>. Isto implica que n\u00e3o \u00e9 de excluir um ou dois aumentos futuros da taxa diretora at\u00e9 ao final de 2023. Tal teria um impacto direto nas taxas de juro dos empr\u00e9stimos privados. Para mais informa\u00e7\u00f5es, consultar o artigo \" <a href=\"https:\/\/www.lica.ch\/pt\/credito-pessoal-2\/aumento-da-taxa-maxima-para-creditos-pessoais-esta-em-vigor-na-suica\/\" target=\"_blank\" rel=\"noreferrer noopener\">Aumento efetivo da taxa de juro m\u00e1xima dos empr\u00e9stimos privados<\/a> \". Neste contexto, consideramos que a taxa m\u00e1xima do cr\u00e9dito ao consumo poder\u00e1 atingir 12% no final de 2023.<\/p>\n\n\n\n<h3 class=\"wp-block-heading\">3. A Su\u00ed\u00e7a mant\u00e9m o crescimento do seu PIF<\/h3>\n\n\n\n<p>\u00c9 importante notar que, enquanto a zona euro registou dois trimestres consecutivos de contra\u00e7\u00e3o do PIB, a Su\u00ed\u00e7a manteve um crescimento positivo, embora modesto. Al\u00e9m disso, as perspectivas para 2023 apontam para um crescimento do PIB su\u00ed\u00e7o ligeiramente superior ao da zona euro. Esta situa\u00e7\u00e3o est\u00e1, portanto, a gerar sinais positivos em termos de consumo de bens e servi\u00e7os. Neste contexto, podemos tamb\u00e9m imaginar que <a href=\"https:\/\/comparateur-credit.ch\/\" target=\"_blank\" rel=\"noreferrer noopener\">institui\u00e7\u00f5es de cr\u00e9dito<\/a> na Su\u00ed\u00e7a devem continuar a disponibilizar fundos para empr\u00e9stimos privados ao mesmo n\u00edvel que nos anos anteriores. Para os futuros mutu\u00e1rios, isto significa que <a href=\"https:\/\/www.lica.ch\/pt\/credito-pessoal-2\/calcular-montante-maximo-de-um-credito\/\" target=\"_blank\" rel=\"noreferrer noopener\">somas de dinheiro<\/a> ser\u00e1 a mesma dos anos anteriores!<\/p>\n\n\n\n<h2 class=\"wp-block-heading\" id=\"evolution-des-taux-dinteret-des-prets-prives-en-suisse-2\">O que \u00e9 preciso reter destes tr\u00eas sinais para prever a evolu\u00e7\u00e3o do mercado dos empr\u00e9stimos privados na Su\u00ed\u00e7a<\/h2>\n\n\n\n<p>O ambiente econ\u00f3mico da Su\u00ed\u00e7a \u00e9 atualmente marcado por tr\u00eas indicadores-chave: um mercado de trabalho s\u00f3lido, uma infla\u00e7\u00e3o mais controlada e um crescimento positivo do PIB. Estes factores refor\u00e7am a confian\u00e7a das institui\u00e7\u00f5es de cr\u00e9dito na Su\u00ed\u00e7a. O resultado \u00e9 o seguinte, <a href=\"https:\/\/www.lica.ch\/pt\/credito-pessoal-2\/quais-documentos-sao-necessarios-para-obter-um-credito\/\" target=\"_blank\" rel=\"noreferrer noopener\">termos e condi\u00e7\u00f5es<\/a> dos empr\u00e9stimos privados dever\u00e3o manter-se semelhantes aos dos anos anteriores.<\/p>\n\n\n\n<p>No entanto, mesmo que a taxa de infla\u00e7\u00e3o da Su\u00ed\u00e7a seja mais bem controlada do que a dos seus vizinhos europeus, ultrapassando os <a href=\"https:\/\/www.rts.ch\/info\/economie\/14205229-hausse-des-taux-la-bns-suivratelle-washington-et-francfort.html\" target=\"_blank\" rel=\"noreferrer noopener\">O SNB sugere que os aumentos da taxa diretora<\/a> at\u00e9 ao final de 2023. Esta situa\u00e7\u00e3o poder\u00e1 conduzir a um aumento da taxa m\u00e1xima do cr\u00e9dito ao consumo na Su\u00ed\u00e7a.<\/p>\n\n\n\n<p>Apesar deste fator potencialmente restritivo, o crescimento constante do PIB su\u00ed\u00e7o sugere que o volume de empr\u00e9stimos privados ser\u00e1 semelhante ao dos anos anteriores. <a href=\"https:\/\/www.lica.ch\/pt\/demande-de-credit-prive-en-ligne\/\" target=\"_blank\" rel=\"noreferrer noopener\">Futuros mutu\u00e1rios<\/a> pode, por conseguinte, manter-se relativamente confiante em rela\u00e7\u00e3o <a href=\"https:\/\/www.lica.ch\/pt\/credito-pessoal-2\/calcular-montante-maximo-de-um-credito\/\" target=\"_blank\" rel=\"noreferrer noopener\">a sua capacidade de endividamento<\/a> e as condi\u00e7\u00f5es de futuros empr\u00e9stimos.<\/p>\n\n\n\n<h2 class=\"wp-block-heading\" id=\"evolution-des-taux-dinteret-des-prets-prives-en-suisse-3\">Como pode poupar no seu cr\u00e9dito ao consumo na Su\u00ed\u00e7a?<\/h2>\n\n\n\n<p>Com a subida das taxas de juro dos empr\u00e9stimos privados na Su\u00ed\u00e7a, os consumidores est\u00e3o a procurar formas de poupar nos seus empr\u00e9stimos. <a href=\"https:\/\/www.lica.ch\/pt\/\" target=\"_blank\" rel=\"noreferrer noopener\">empr\u00e9stimos privados<\/a>. Eis algumas solu\u00e7\u00f5es que podem ajudar a reduzir os custos :<\/p>\n\n\n\n<h3 class=\"wp-block-heading\">Comparar ofertas de cr\u00e9dito privado :<\/h3>\n\n\n\n<p>O primeiro passo para poupar dinheiro num empr\u00e9stimo privado \u00e9 comparar as v\u00e1rias ofertas dispon\u00edveis no mercado. As plataformas em linha, tais como <a href=\"https:\/\/comparateur-credit.ch\/\" target=\"_blank\" rel=\"noreferrer noopener\">comparateur-credit.ch<\/a> dar-lhe uma vis\u00e3o geral das melhores ofertas actuais para o seu perfil.<\/p>\n\n\n\n<h3 class=\"wp-block-heading\">Negocia\u00e7\u00e3o com os mutuantes :<\/h3>\n\n\n\n<p>Nunca subestime o poder da negocia\u00e7\u00e3o! Se tiver um bom historial e um <a href=\"https:\/\/www.lica.ch\/pt\/solvable\/apagar-codigo-zek\/\" target=\"_blank\" rel=\"noreferrer noopener\">historial de cr\u00e9dito s\u00f3lido<\/a>utiliz\u00e1-lo como alavanca para obter condi\u00e7\u00f5es de empr\u00e9stimo mais vantajosas.<a href=\"https:\/\/www.lica.ch\/pt\/\" target=\"_blank\" rel=\"noreferrer noopener\"> Lica <\/a>conhece perfeitamente este processo e trata de todas as rela\u00e7\u00f5es com os diferentes prestadores de servi\u00e7os no mercado su\u00ed\u00e7o.<\/p>\n\n\n\n<h3 class=\"wp-block-heading\">Recorrer a um corretor de cr\u00e9dito privado especializado :<\/h3>\n\n\n\n<p><a href=\"https:\/\/www.lica.ch\/pt\/\" target=\"_blank\" rel=\"noreferrer noopener\">Um profissional<\/a> pode ajud\u00e1-lo a encontrar a melhor estrat\u00e9gia para o seu empr\u00e9stimo. Os servi\u00e7os do Lica n\u00e3o se limitam a <a href=\"https:\/\/comparateur-credit.ch\/\" target=\"_blank\" rel=\"noreferrer noopener\">compara\u00e7\u00e3o de ofertas<\/a>. A nossa equipa de consultores pode orient\u00e1-lo para solu\u00e7\u00f5es personalizadas para <a href=\"https:\/\/www.lica.ch\/pt\/credito-pessoal-2\/otimizar-o-seu-orcamento-para-obter-um-credito-ao-consumo\/\" target=\"_blank\" rel=\"noreferrer noopener\">otimizar o seu empr\u00e9stimo<\/a>.<\/p>\n\n\n\n<h3 class=\"wp-block-heading\">Pague o seu cr\u00e9dito ao consumo mais rapidamente:<\/h3>\n\n\n\n<p>Se a sua situa\u00e7\u00e3o financeira o permitir, considere a possibilidade de aumentar os seus pagamentos mensais. Reembolsando o seu empr\u00e9stimo mais rapidamente, <a href=\"https:\/\/www.lica.ch\/pt\/credito-pessoal-2\/o-seu-credito-pessoal-com-a-melhor-taxa-da-suica\/\" target=\"_blank\" rel=\"noreferrer noopener\">reduz o montante total dos juros pagos<\/a>.<\/p>\n\n\n\n<h3 class=\"wp-block-heading\">Consolide os seus cr\u00e9ditos privados com a solu\u00e7\u00e3o de recompra:<\/h3>\n\n\n\n<p>Se tiver v\u00e1rios empr\u00e9stimos pendentes, considere a possibilidade de os combinar ou de contrair um novo empr\u00e9stimo. <a href=\"https:\/\/www.lica.ch\/pt\/rachat-de-credit-prive-en-ligne\/\" target=\"_blank\" rel=\"noreferrer noopener\">comprar de volta os seus empr\u00e9stimos privados<\/a>. Desta forma, poder\u00e1 obter uma taxa de juro \u00fanica, muitas vezes mais vantajosa e <a href=\"https:\/\/www.lica.ch\/pt\/credito-pessoal-2\/resgate-do-credito-pessoal-descubra-como-a-lica-o-pode-ajudar\/\" target=\"_blank\" rel=\"noreferrer noopener\">gest\u00e3o simplificada do seu financiamento<\/a>.<\/p>\n\n\n\n<h3 class=\"wp-block-heading\">Prestar aten\u00e7\u00e3o aos custos acess\u00f3rios:<\/h3>\n\n\n\n<p>Para al\u00e9m da taxa de juro, alguns empr\u00e9stimos t\u00eam encargos adicionais (despesas administrativas, seguro do mutu\u00e1rio, etc.). Leia atentamente as condi\u00e7\u00f5es gerais. <a href=\"https:\/\/www.lica.ch\/pt\/credito-pessoal-2\/como-funciona-um-credito-pessoal\/\" target=\"_blank\" rel=\"noreferrer noopener\">condi\u00e7\u00f5es<\/a> e informar-se sobre estes custos adicionais. <a href=\"https:\/\/www.lica.ch\/pt\/\" target=\"_blank\" rel=\"noreferrer noopener\">Servi\u00e7os Lica<\/a> pode ajud\u00e1-lo a identificar e evitar estes encargos ocultos.<\/p>\n\n\n\n<h2 class=\"wp-block-heading\" id=\"evolution-des-taux-dinteret-des-prets-prives-en-suisse-4\">A nossa conclus\u00e3o sobre a evolu\u00e7\u00e3o das taxas de juro dos empr\u00e9stimos privados<\/h2>\n\n\n\n<p>O ambiente econ\u00f3mico na Su\u00ed\u00e7a apresenta um quadro misto que ir\u00e1 inevitavelmente influenciar o sector dos empr\u00e9stimos privados. De facto, o mercado de trabalho robusto e o crescimento cont\u00ednuo do PIB sinalizam um grau de estabilidade e confian\u00e7a. No entanto, a infla\u00e7\u00e3o ligeiramente acima do objetivo do SNB sugere que <a href=\"https:\/\/www.lica.ch\/pt\/credito-pessoal-2\/aumento-da-taxa-maxima-para-creditos-pessoais-esta-em-vigor-na-suica\/\" target=\"_blank\" rel=\"noreferrer noopener\">subida das taxas de juro<\/a> s\u00e3o esperados nos pr\u00f3ximos 12 meses.<\/p>\n\n\n\n<p>No entanto, apesar desta perspetiva, existem solu\u00e7\u00f5es para maximizar <a href=\"https:\/\/www.lica.ch\/pt\/credito-pessoal-2\/otimizar-o-seu-orcamento-para-obter-um-credito-ao-consumo\/\" target=\"_blank\" rel=\"noreferrer noopener\">poupan\u00e7a<\/a> sobre empr\u00e9stimos privados. Com isto em mente, <a href=\"https:\/\/www.lica.ch\/pt\/\" target=\"_blank\" rel=\"noreferrer noopener\">a plataforma Lica<\/a> est\u00e1 a emergir como um aliado essencial para os consumidores. Ao permitir uma compara\u00e7\u00e3o efectiva <a href=\"https:\/\/comparateur-credit.ch\/\" target=\"_blank\" rel=\"noreferrer noopener\">das diferentes ofertas existentes no mercado<\/a>O Lica d\u00e1 aos mutu\u00e1rios as ferramentas necess\u00e1rias para fazerem escolhas informadas. Com o apoio de consultores dedicados, o Lica n\u00e3o se limita a p\u00f4r as pessoas em contacto umas com as outras, oferecendo solu\u00e7\u00f5es personalizadas para cada perfil de mutu\u00e1rio.<\/p>","protected":false},"excerpt":{"rendered":"<p>La Suisse, souvent consid\u00e9r\u00e9e comme un bastion de stabilit\u00e9 \u00e9conomique en Europe, semble \u00eatre en meilleure position que ses voisins de la zone euro en ce qui concerne l\u2019\u00e9volution des taux des pr\u00eats priv\u00e9s. Cependant, plusieurs facteurs laissent penser que les taux des pr\u00eats priv\u00e9s pourraient encore l\u00e9g\u00e8rement augmenter ces prochains mois. Cet article se [&hellip;]<\/p>\n","protected":false},"author":8,"featured_media":27739,"comment_status":"closed","ping_status":"closed","sticky":false,"template":"","format":"standard","meta":{"footnotes":""},"categories":[21],"tags":[],"class_list":["post-25935","post","type-post","status-publish","format-standard","has-post-thumbnail","hentry","category-credit-personnel"],"_yoast_wpseo_focuskw":"Pr\u00eats priv\u00e9s","_yoast_wpseo_title":"Pr\u00eats priv\u00e9s - Quelle sera l\u2019\u00e9volution des taux d'int\u00e9r\u00eat en Suisse ?","_yoast_wpseo_metadesc":"D\u00e9couvrez l'\u00e9volution des taux d'int\u00e9r\u00eat des pr\u00eats priv\u00e9s en Suisse face \u00e0 la stabilit\u00e9 \u00e9conomique, l'inflation, et la croissance du PIB.","yoast_head":"<!-- This site is optimized with the Yoast SEO plugin v27.5 - https:\/\/yoast.com\/product\/yoast-seo-wordpress\/ -->\n<title>Pr\u00eats priv\u00e9s - Quelle sera l\u2019\u00e9volution des taux d&#039;int\u00e9r\u00eat en Suisse ?<\/title>\n<meta name=\"description\" content=\"D\u00e9couvrez l&#039;\u00e9volution des taux d&#039;int\u00e9r\u00eat des pr\u00eats priv\u00e9s en Suisse face \u00e0 la stabilit\u00e9 \u00e9conomique, l&#039;inflation, et la croissance du PIB.\" \/>\n<meta name=\"robots\" content=\"index, follow, max-snippet:-1, max-image-preview:large, max-video-preview:-1\" \/>\n<link rel=\"canonical\" href=\"https:\/\/www.lica.ch\/pt\/credito-pessoal\/como-evoluirao-as-taxas-de-juros-dos-creditos-pessoais-na-suica\/\" \/>\n<meta property=\"og:locale\" content=\"pt_PT\" \/>\n<meta property=\"og:type\" content=\"article\" \/>\n<meta property=\"og:title\" content=\"Pr\u00eats priv\u00e9s - Quelle sera l\u2019\u00e9volution des taux d&#039;int\u00e9r\u00eat en Suisse ?\" \/>\n<meta property=\"og:description\" content=\"D\u00e9couvrez l&#039;\u00e9volution des taux d&#039;int\u00e9r\u00eat des pr\u00eats priv\u00e9s en Suisse face \u00e0 la stabilit\u00e9 \u00e9conomique, l&#039;inflation, et la croissance du PIB.\" \/>\n<meta property=\"og:url\" content=\"https:\/\/www.lica.ch\/pt\/credito-pessoal\/como-evoluirao-as-taxas-de-juros-dos-creditos-pessoais-na-suica\/\" \/>\n<meta property=\"og:site_name\" content=\"Lica cr\u00e9dit priv\u00e9\" \/>\n<meta property=\"article:publisher\" content=\"https:\/\/www.facebook.com\/lica.suisse\/\" \/>\n<meta property=\"article:published_time\" content=\"2023-08-13T07:56:32+00:00\" \/>\n<meta property=\"article:modified_time\" content=\"2025-12-10T21:50:15+00:00\" \/>\n<meta property=\"og:image\" content=\"https:\/\/www.lica.ch\/wp-content\/uploads\/2023\/08\/Prets-prives_IMA.webp\" \/>\n\t<meta property=\"og:image:width\" content=\"1000\" \/>\n\t<meta property=\"og:image:height\" content=\"650\" \/>\n\t<meta property=\"og:image:type\" content=\"image\/webp\" \/>\n<meta name=\"author\" content=\"writer-login\" \/>\n<meta name=\"twitter:card\" content=\"summary_large_image\" \/>\n<script type=\"application\/ld+json\" class=\"yoast-schema-graph\">{\"@context\":\"https:\\\/\\\/schema.org\",\"@graph\":[{\"@type\":\"Article\",\"@id\":\"https:\\\/\\\/www.lica.ch\\\/credit-personnel\\\/quelle-sera-levolution-des-taux-dinteret-des-prets-prives-en-suisse\\\/#article\",\"isPartOf\":{\"@id\":\"https:\\\/\\\/www.lica.ch\\\/credit-personnel\\\/quelle-sera-levolution-des-taux-dinteret-des-prets-prives-en-suisse\\\/\"},\"author\":{\"name\":\"writer-login\",\"@id\":\"https:\\\/\\\/www.lica.ch\\\/en\\\/#\\\/schema\\\/person\\\/43f9fd6c0991b2ea4e0ce88a7472a04c\"},\"headline\":\"Quelle sera l\u2019\u00e9volution des taux d&rsquo;int\u00e9r\u00eat des pr\u00eats priv\u00e9s en Suisse ?\",\"datePublished\":\"2023-08-13T07:56:32+00:00\",\"dateModified\":\"2025-12-10T21:50:15+00:00\",\"mainEntityOfPage\":{\"@id\":\"https:\\\/\\\/www.lica.ch\\\/credit-personnel\\\/quelle-sera-levolution-des-taux-dinteret-des-prets-prives-en-suisse\\\/\"},\"wordCount\":1299,\"publisher\":{\"@id\":\"https:\\\/\\\/www.lica.ch\\\/en\\\/#organization\"},\"image\":{\"@id\":\"https:\\\/\\\/www.lica.ch\\\/credit-personnel\\\/quelle-sera-levolution-des-taux-dinteret-des-prets-prives-en-suisse\\\/#primaryimage\"},\"thumbnailUrl\":\"https:\\\/\\\/www.lica.ch\\\/wp-content\\\/uploads\\\/2023\\\/08\\\/Prets-prives_IMA.webp\",\"articleSection\":[\"Cr\u00e9dit personnel\"],\"inLanguage\":\"pt-PT\"},{\"@type\":\"WebPage\",\"@id\":\"https:\\\/\\\/www.lica.ch\\\/credit-personnel\\\/quelle-sera-levolution-des-taux-dinteret-des-prets-prives-en-suisse\\\/\",\"url\":\"https:\\\/\\\/www.lica.ch\\\/credit-personnel\\\/quelle-sera-levolution-des-taux-dinteret-des-prets-prives-en-suisse\\\/\",\"name\":\"Pr\u00eats priv\u00e9s - Quelle sera l\u2019\u00e9volution des taux d'int\u00e9r\u00eat en Suisse ?\",\"isPartOf\":{\"@id\":\"https:\\\/\\\/www.lica.ch\\\/en\\\/#website\"},\"primaryImageOfPage\":{\"@id\":\"https:\\\/\\\/www.lica.ch\\\/credit-personnel\\\/quelle-sera-levolution-des-taux-dinteret-des-prets-prives-en-suisse\\\/#primaryimage\"},\"image\":{\"@id\":\"https:\\\/\\\/www.lica.ch\\\/credit-personnel\\\/quelle-sera-levolution-des-taux-dinteret-des-prets-prives-en-suisse\\\/#primaryimage\"},\"thumbnailUrl\":\"https:\\\/\\\/www.lica.ch\\\/wp-content\\\/uploads\\\/2023\\\/08\\\/Prets-prives_IMA.webp\",\"datePublished\":\"2023-08-13T07:56:32+00:00\",\"dateModified\":\"2025-12-10T21:50:15+00:00\",\"description\":\"D\u00e9couvrez l'\u00e9volution des taux d'int\u00e9r\u00eat des pr\u00eats priv\u00e9s en Suisse face \u00e0 la stabilit\u00e9 \u00e9conomique, l'inflation, et la croissance du PIB.\",\"breadcrumb\":{\"@id\":\"https:\\\/\\\/www.lica.ch\\\/credit-personnel\\\/quelle-sera-levolution-des-taux-dinteret-des-prets-prives-en-suisse\\\/#breadcrumb\"},\"inLanguage\":\"pt-PT\",\"potentialAction\":[{\"@type\":\"ReadAction\",\"target\":[\"https:\\\/\\\/www.lica.ch\\\/credit-personnel\\\/quelle-sera-levolution-des-taux-dinteret-des-prets-prives-en-suisse\\\/\"]}]},{\"@type\":\"ImageObject\",\"inLanguage\":\"pt-PT\",\"@id\":\"https:\\\/\\\/www.lica.ch\\\/credit-personnel\\\/quelle-sera-levolution-des-taux-dinteret-des-prets-prives-en-suisse\\\/#primaryimage\",\"url\":\"https:\\\/\\\/www.lica.ch\\\/wp-content\\\/uploads\\\/2023\\\/08\\\/Prets-prives_IMA.webp\",\"contentUrl\":\"https:\\\/\\\/www.lica.ch\\\/wp-content\\\/uploads\\\/2023\\\/08\\\/Prets-prives_IMA.webp\",\"width\":1000,\"height\":650,\"caption\":\"Pr\u00eats priv\u00e9s\"},{\"@type\":\"BreadcrumbList\",\"@id\":\"https:\\\/\\\/www.lica.ch\\\/credit-personnel\\\/quelle-sera-levolution-des-taux-dinteret-des-prets-prives-en-suisse\\\/#breadcrumb\",\"itemListElement\":[{\"@type\":\"ListItem\",\"position\":1,\"name\":\"Accueil\",\"item\":\"https:\\\/\\\/www.lica.ch\\\/\"},{\"@type\":\"ListItem\",\"position\":2,\"name\":\"Quelle sera l\u2019\u00e9volution des taux d&rsquo;int\u00e9r\u00eat des pr\u00eats priv\u00e9s en Suisse ?\"}]},{\"@type\":\"WebSite\",\"@id\":\"https:\\\/\\\/www.lica.ch\\\/en\\\/#website\",\"url\":\"https:\\\/\\\/www.lica.ch\\\/en\\\/\",\"name\":\"Lica\",\"description\":\"Cr\u00e9dit priv\u00e9\",\"publisher\":{\"@id\":\"https:\\\/\\\/www.lica.ch\\\/en\\\/#organization\"},\"alternateName\":\"Lica\",\"potentialAction\":[{\"@type\":\"SearchAction\",\"target\":{\"@type\":\"EntryPoint\",\"urlTemplate\":\"https:\\\/\\\/www.lica.ch\\\/en\\\/?s={search_term_string}\"},\"query-input\":{\"@type\":\"PropertyValueSpecification\",\"valueRequired\":true,\"valueName\":\"search_term_string\"}}],\"inLanguage\":\"pt-PT\"},{\"@type\":\"Organization\",\"@id\":\"https:\\\/\\\/www.lica.ch\\\/en\\\/#organization\",\"name\":\"Lica\",\"alternateName\":\"Lica\",\"url\":\"https:\\\/\\\/www.lica.ch\\\/en\\\/\",\"logo\":{\"@type\":\"ImageObject\",\"inLanguage\":\"pt-PT\",\"@id\":\"https:\\\/\\\/www.lica.ch\\\/en\\\/#\\\/schema\\\/logo\\\/image\\\/\",\"url\":\"https:\\\/\\\/www.lica.ch\\\/wp-content\\\/uploads\\\/2025\\\/10\\\/Logo_Yoast_Jaune_696x696.webp\",\"contentUrl\":\"https:\\\/\\\/www.lica.ch\\\/wp-content\\\/uploads\\\/2025\\\/10\\\/Logo_Yoast_Jaune_696x696.webp\",\"width\":696,\"height\":696,\"caption\":\"Lica\"},\"image\":{\"@id\":\"https:\\\/\\\/www.lica.ch\\\/en\\\/#\\\/schema\\\/logo\\\/image\\\/\"},\"sameAs\":[\"https:\\\/\\\/www.facebook.com\\\/lica.suisse\\\/\",\"https:\\\/\\\/ch.linkedin.com\\\/company\\\/lica-cr\u00e9dit\",\"https:\\\/\\\/www.tiktok.com\\\/@lica.ch\",\"https:\\\/\\\/www.instagram.com\\\/licacredit\\\/\"]},{\"@type\":\"Person\",\"@id\":\"https:\\\/\\\/www.lica.ch\\\/en\\\/#\\\/schema\\\/person\\\/43f9fd6c0991b2ea4e0ce88a7472a04c\",\"name\":\"writer-login\",\"image\":{\"@type\":\"ImageObject\",\"inLanguage\":\"pt-PT\",\"@id\":\"https:\\\/\\\/secure.gravatar.com\\\/avatar\\\/d4854fc4223da2b976f9705ce04407a3e99c4bf956d6190ffef0815d95f87bef?s=96&d=mm&r=g\",\"url\":\"https:\\\/\\\/secure.gravatar.com\\\/avatar\\\/d4854fc4223da2b976f9705ce04407a3e99c4bf956d6190ffef0815d95f87bef?s=96&d=mm&r=g\",\"contentUrl\":\"https:\\\/\\\/secure.gravatar.com\\\/avatar\\\/d4854fc4223da2b976f9705ce04407a3e99c4bf956d6190ffef0815d95f87bef?s=96&d=mm&r=g\",\"caption\":\"writer-login\"}}]}<\/script>\n<!-- \/ Yoast SEO plugin. -->","yoast_head_json":{"title":"Cr\u00e9ditos pessoais \u2013 Qual ser\u00e1 a evolu\u00e7\u00e3o das taxas de juro na Su\u00ed\u00e7a?","description":"Descubra como evoluem as taxas de juro dos cr\u00e9ditos pessoais na Su\u00ed\u00e7a face \u00e0 estabilidade econ\u00f3mica, \u00e0 infla\u00e7\u00e3o e ao crescimento do PIB.","robots":{"index":"index","follow":"follow","max-snippet":"max-snippet:-1","max-image-preview":"max-image-preview:large","max-video-preview":"max-video-preview:-1"},"canonical":"https:\/\/www.lica.ch\/pt\/credito-pessoal\/como-evoluirao-as-taxas-de-juros-dos-creditos-pessoais-na-suica\/","og_locale":"pt_PT","og_type":"article","og_title":"Pr\u00eats priv\u00e9s - Quelle sera l\u2019\u00e9volution des taux d'int\u00e9r\u00eat en Suisse ?","og_description":"D\u00e9couvrez l'\u00e9volution des taux d'int\u00e9r\u00eat des pr\u00eats priv\u00e9s en Suisse face \u00e0 la stabilit\u00e9 \u00e9conomique, l'inflation, et la croissance du PIB.","og_url":"https:\/\/www.lica.ch\/pt\/credito-pessoal\/como-evoluirao-as-taxas-de-juros-dos-creditos-pessoais-na-suica\/","og_site_name":"Lica cr\u00e9dit priv\u00e9","article_publisher":"https:\/\/www.facebook.com\/lica.suisse\/","article_published_time":"2023-08-13T07:56:32+00:00","article_modified_time":"2025-12-10T21:50:15+00:00","og_image":[{"width":1000,"height":650,"url":"https:\/\/www.lica.ch\/wp-content\/uploads\/2023\/08\/Prets-prives_IMA.webp","type":"image\/webp"}],"author":"writer-login","twitter_card":"summary_large_image","schema":{"@context":"https:\/\/schema.org","@graph":[{"@type":"Article","@id":"https:\/\/www.lica.ch\/credit-personnel\/quelle-sera-levolution-des-taux-dinteret-des-prets-prives-en-suisse\/#article","isPartOf":{"@id":"https:\/\/www.lica.ch\/credit-personnel\/quelle-sera-levolution-des-taux-dinteret-des-prets-prives-en-suisse\/"},"author":{"name":"writer-login","@id":"https:\/\/www.lica.ch\/en\/#\/schema\/person\/43f9fd6c0991b2ea4e0ce88a7472a04c"},"headline":"Quelle sera l\u2019\u00e9volution des taux d&rsquo;int\u00e9r\u00eat des pr\u00eats priv\u00e9s en Suisse ?","datePublished":"2023-08-13T07:56:32+00:00","dateModified":"2025-12-10T21:50:15+00:00","mainEntityOfPage":{"@id":"https:\/\/www.lica.ch\/credit-personnel\/quelle-sera-levolution-des-taux-dinteret-des-prets-prives-en-suisse\/"},"wordCount":1299,"publisher":{"@id":"https:\/\/www.lica.ch\/en\/#organization"},"image":{"@id":"https:\/\/www.lica.ch\/credit-personnel\/quelle-sera-levolution-des-taux-dinteret-des-prets-prives-en-suisse\/#primaryimage"},"thumbnailUrl":"https:\/\/www.lica.ch\/wp-content\/uploads\/2023\/08\/Prets-prives_IMA.webp","articleSection":["Cr\u00e9dit personnel"],"inLanguage":"pt-PT"},{"@type":"WebPage","@id":"https:\/\/www.lica.ch\/credit-personnel\/quelle-sera-levolution-des-taux-dinteret-des-prets-prives-en-suisse\/","url":"https:\/\/www.lica.ch\/credit-personnel\/quelle-sera-levolution-des-taux-dinteret-des-prets-prives-en-suisse\/","name":"Cr\u00e9ditos pessoais \u2013 Qual ser\u00e1 a evolu\u00e7\u00e3o das taxas de juro na Su\u00ed\u00e7a?","isPartOf":{"@id":"https:\/\/www.lica.ch\/en\/#website"},"primaryImageOfPage":{"@id":"https:\/\/www.lica.ch\/credit-personnel\/quelle-sera-levolution-des-taux-dinteret-des-prets-prives-en-suisse\/#primaryimage"},"image":{"@id":"https:\/\/www.lica.ch\/credit-personnel\/quelle-sera-levolution-des-taux-dinteret-des-prets-prives-en-suisse\/#primaryimage"},"thumbnailUrl":"https:\/\/www.lica.ch\/wp-content\/uploads\/2023\/08\/Prets-prives_IMA.webp","datePublished":"2023-08-13T07:56:32+00:00","dateModified":"2025-12-10T21:50:15+00:00","description":"Descubra como evoluem as taxas de juro dos cr\u00e9ditos pessoais na Su\u00ed\u00e7a face \u00e0 estabilidade econ\u00f3mica, \u00e0 infla\u00e7\u00e3o e ao crescimento do PIB.","breadcrumb":{"@id":"https:\/\/www.lica.ch\/credit-personnel\/quelle-sera-levolution-des-taux-dinteret-des-prets-prives-en-suisse\/#breadcrumb"},"inLanguage":"pt-PT","potentialAction":[{"@type":"ReadAction","target":["https:\/\/www.lica.ch\/credit-personnel\/quelle-sera-levolution-des-taux-dinteret-des-prets-prives-en-suisse\/"]}]},{"@type":"ImageObject","inLanguage":"pt-PT","@id":"https:\/\/www.lica.ch\/credit-personnel\/quelle-sera-levolution-des-taux-dinteret-des-prets-prives-en-suisse\/#primaryimage","url":"https:\/\/www.lica.ch\/wp-content\/uploads\/2023\/08\/Prets-prives_IMA.webp","contentUrl":"https:\/\/www.lica.ch\/wp-content\/uploads\/2023\/08\/Prets-prives_IMA.webp","width":1000,"height":650,"caption":"Pr\u00eats priv\u00e9s"},{"@type":"BreadcrumbList","@id":"https:\/\/www.lica.ch\/credit-personnel\/quelle-sera-levolution-des-taux-dinteret-des-prets-prives-en-suisse\/#breadcrumb","itemListElement":[{"@type":"ListItem","position":1,"name":"Accueil","item":"https:\/\/www.lica.ch\/"},{"@type":"ListItem","position":2,"name":"Quelle sera l\u2019\u00e9volution des taux d&rsquo;int\u00e9r\u00eat des pr\u00eats priv\u00e9s en Suisse ?"}]},{"@type":"WebSite","@id":"https:\/\/www.lica.ch\/en\/#website","url":"https:\/\/www.lica.ch\/en\/","name":"Lica","description":"Cr\u00e9dito pessoal","publisher":{"@id":"https:\/\/www.lica.ch\/en\/#organization"},"alternateName":"Lica","potentialAction":[{"@type":"SearchAction","target":{"@type":"EntryPoint","urlTemplate":"https:\/\/www.lica.ch\/en\/?s={search_term_string}"},"query-input":{"@type":"PropertyValueSpecification","valueRequired":true,"valueName":"search_term_string"}}],"inLanguage":"pt-PT"},{"@type":"Organization","@id":"https:\/\/www.lica.ch\/en\/#organization","name":"Lica","alternateName":"Lica","url":"https:\/\/www.lica.ch\/en\/","logo":{"@type":"ImageObject","inLanguage":"pt-PT","@id":"https:\/\/www.lica.ch\/en\/#\/schema\/logo\/image\/","url":"https:\/\/www.lica.ch\/wp-content\/uploads\/2025\/10\/Logo_Yoast_Jaune_696x696.webp","contentUrl":"https:\/\/www.lica.ch\/wp-content\/uploads\/2025\/10\/Logo_Yoast_Jaune_696x696.webp","width":696,"height":696,"caption":"Lica"},"image":{"@id":"https:\/\/www.lica.ch\/en\/#\/schema\/logo\/image\/"},"sameAs":["https:\/\/www.facebook.com\/lica.suisse\/","https:\/\/ch.linkedin.com\/company\/lica-cr\u00e9dit","https:\/\/www.tiktok.com\/@lica.ch","https:\/\/www.instagram.com\/licacredit\/"]},{"@type":"Person","@id":"https:\/\/www.lica.ch\/en\/#\/schema\/person\/43f9fd6c0991b2ea4e0ce88a7472a04c","name":"login do escritor","image":{"@type":"ImageObject","inLanguage":"pt-PT","@id":"https:\/\/secure.gravatar.com\/avatar\/d4854fc4223da2b976f9705ce04407a3e99c4bf956d6190ffef0815d95f87bef?s=96&d=mm&r=g","url":"https:\/\/secure.gravatar.com\/avatar\/d4854fc4223da2b976f9705ce04407a3e99c4bf956d6190ffef0815d95f87bef?s=96&d=mm&r=g","contentUrl":"https:\/\/secure.gravatar.com\/avatar\/d4854fc4223da2b976f9705ce04407a3e99c4bf956d6190ffef0815d95f87bef?s=96&d=mm&r=g","caption":"writer-login"}}]}},"_links":{"self":[{"href":"https:\/\/www.lica.ch\/pt\/wp-json\/wp\/v2\/posts\/25935","targetHints":{"allow":["GET"]}}],"collection":[{"href":"https:\/\/www.lica.ch\/pt\/wp-json\/wp\/v2\/posts"}],"about":[{"href":"https:\/\/www.lica.ch\/pt\/wp-json\/wp\/v2\/types\/post"}],"author":[{"embeddable":true,"href":"https:\/\/www.lica.ch\/pt\/wp-json\/wp\/v2\/users\/8"}],"replies":[{"embeddable":true,"href":"https:\/\/www.lica.ch\/pt\/wp-json\/wp\/v2\/comments?post=25935"}],"version-history":[{"count":0,"href":"https:\/\/www.lica.ch\/pt\/wp-json\/wp\/v2\/posts\/25935\/revisions"}],"wp:featuredmedia":[{"embeddable":true,"href":"https:\/\/www.lica.ch\/pt\/wp-json\/wp\/v2\/media\/27739"}],"wp:attachment":[{"href":"https:\/\/www.lica.ch\/pt\/wp-json\/wp\/v2\/media?parent=25935"}],"wp:term":[{"taxonomy":"category","embeddable":true,"href":"https:\/\/www.lica.ch\/pt\/wp-json\/wp\/v2\/categories?post=25935"},{"taxonomy":"post_tag","embeddable":true,"href":"https:\/\/www.lica.ch\/pt\/wp-json\/wp\/v2\/tags?post=25935"}],"curies":[{"name":"wp","href":"https:\/\/api.w.org\/{rel}","templated":true}]}}