{"id":27033,"date":"2023-12-04T16:52:12","date_gmt":"2023-12-04T14:52:12","guid":{"rendered":"https:\/\/lica.ch\/?p=27033"},"modified":"2025-11-16T12:13:24","modified_gmt":"2025-11-16T10:13:24","slug":"aumento-da-taxa-maxima-para-creditos-pessoais-a-partir-de-1-janeiro-2024","status":"publish","type":"post","link":"https:\/\/www.lica.ch\/pt\/reglementation\/augmentation-du-taux-maximal-pour-les-credits-prives-des-le-1er-janvier-2024\/","title":{"rendered":"Aumento da taxa m\u00e1xima para cr\u00e9ditos pessoais a partir de janeiro de 2024"},"content":{"rendered":"<p>Em janeiro de 2024, os consumidores su\u00ed\u00e7os ser\u00e3o confrontados com uma nova realidade financeira: o aumento da taxa m\u00e1xima de <a href=\"https:\/\/www.lica.ch\/pt\/\">cr\u00e9dito privado<\/a>. Esta altera\u00e7\u00e3o, significativa no panorama do cr\u00e9dito su\u00ed\u00e7o, far\u00e1 com que a taxa passe para 12 % para os empr\u00e9stimos a dinheiro e 14 % para os descobertos. Este \u00e9 um momento chave para os consumidores, que devem n\u00e3o s\u00f3 compreender as implica\u00e7\u00f5es deste aumento, mas tamb\u00e9m atuar em conformidade. Este artigo tem como objetivo desmistificar esta evolu\u00e7\u00e3o e fornecer uma vis\u00e3o clara do que significa para <a href=\"https:\/\/www.lica.ch\/pt\/demande-de-credit-prive-en-ligne\/\">mutu\u00e1rios individuais<\/a>. Compreender estas mudan\u00e7as \u00e9 essencial para tomar decis\u00f5es financeiras informadas e atempadas num ambiente em mudan\u00e7a.<\/p>\n\n\n\n<h2 class=\"wp-block-heading\" id=\"-augmentation-du-taux-maximal-1er-janvier-2024-1\">Objetivo de uma taxa m\u00e1xima para os empr\u00e9stimos privados<\/h2>\n\n\n\n<p>As taxas de juro dos cr\u00e9ditos privados est\u00e3o atualmente regulamentadas na Su\u00ed\u00e7a, oferecendo aos consumidores condi\u00e7\u00f5es relativamente vantajosas. Estas taxas s\u00e3o determinadas por <a href=\"https:\/\/www.fedlex.admin.ch\/eli\/cc\/2002\/593\/fr\" target=\"_blank\" rel=\"noreferrer noopener\">a lei federal sobre o cr\u00e9dito ao consumo<\/a>, que visa proteger os mutu\u00e1rios de taxas excessivas e garantir a equidade no sector do cr\u00e9dito. A lei estabelece <a href=\"https:\/\/www.lica.ch\/pt\/credito-pessoal-2\/como-evoluirao-as-taxas-de-juros-dos-creditos-pessoais-na-suica\/\">uma taxa m\u00e1xima<\/a>, Tal impede os mutuantes de cobrarem taxas de juro excessivamente elevadas. Atualmente, estas taxas permitem aos consumidores aceder a empr\u00e9stimos para uma variedade de necessidades pessoais em condi\u00e7\u00f5es razo\u00e1veis, promovendo assim uma gest\u00e3o financeira est\u00e1vel e apoiando o consumo. No entanto, existem algumas preocupa\u00e7\u00f5es, <a href=\"https:\/\/www.admin.ch\/gov\/fr\/accueil\/documentation\/communiques.msg-id-99111.html\">o aumento previsto em 2024<\/a> poderia mudar o jogo, tornando o cr\u00e9dito mais caro e influenciando potencialmente as decis\u00f5es financeiras das fam\u00edlias su\u00ed\u00e7as.<\/p>\n\n\n\n<h2 class=\"wp-block-heading\" id=\"-augmentation-du-taux-maximal-1er-janvier-2024-2\">O que \u00e9 que representa um aumento da taxa de 1%?<\/h2>\n\n\n\n<p>A compara\u00e7\u00e3o entre <a href=\"https:\/\/www.lica.ch\/pt\/credito-pessoal-2\/quais-documentos-sao-necessarios-para-obter-um-credito\/\">condi\u00e7\u00f5es de cr\u00e9dito<\/a> Para compreender o impacto financeiro nos consumidores su\u00ed\u00e7os, \u00e9 fundamental conhecer as taxas actuais e previstas na sequ\u00eancia do aumento da taxa m\u00e1xima em 2024. Segue-se um exemplo num\u00e9rico para o ajudar a compreender o impacto deste aumento:<\/p>\n\n\n\n<figure class=\"wp-block-table is-style-stripes\"><table><tbody><tr><td>Montante do cr\u00e9dito<\/td><td class=\"has-text-align-center\" data-align=\"center\">CHF 30\u2019000.-<\/td><td class=\"has-text-align-center\" data-align=\"center\">CHF 30\u2019000.-<\/td><\/tr><tr><td>Taxas de juro<\/td><td class=\"has-text-align-center\" data-align=\"center\">10.95%<\/td><td class=\"has-text-align-center\" data-align=\"center\">11.95%<\/td><\/tr><tr><td>Per\u00edodo de reembolso<\/td><td class=\"has-text-align-center\" data-align=\"center\">60 meses<\/td><td class=\"has-text-align-center\" data-align=\"center\">60 meses<\/td><\/tr><tr><td><strong>Custo dos juros<\/strong><\/td><td class=\"has-text-align-center\" data-align=\"center\"><strong>CHF 9\u2019091.-<\/strong><\/td><td class=\"has-text-align-center\" data-align=\"center\"><strong>CHF 9\u2019994.-<\/strong><\/td><\/tr><\/tbody><\/table><\/figure>\n\n\n\n<p>Com <a href=\"https:\/\/www.lica.ch\/pt\/demande-de-credit-prive-en-ligne\/\">cr\u00e9dito privado <\/a>De CHF 30\u2019000.- subscrito num per\u00edodo de 60 meses a 10.95%, o custo dos juros pagos no prazo \u00e9 de 9\u2019091.-. Por outro lado, com <a href=\"https:\/\/www.lica.ch\/pt\/credito-pessoal-2\/aumento-das-taxas-de-juros-nos-creditos-ao-consumo\/\">um aumento da taxa m\u00e1xima<\/a> para empr\u00e9stimos privados de 11,95%, o custo adicional subiria para CHF 903.- ao longo da vida do empr\u00e9stimo. Este aumento, embora pare\u00e7a modesto \u00e0 primeira vista, tem implica\u00e7\u00f5es significativas para os or\u00e7amentos familiares, nomeadamente para aqueles que dependem do cr\u00e9dito para <a href=\"https:\/\/www.lica.ch\/pt\/solvable\/reduzir-as-despesas-e-otimizar-o-orcamento\/\">gerir as suas despesas quotidianas<\/a> ou fazer face a despesas imprevistas. Este aumento da taxa m\u00e1xima do cr\u00e9dito privado sublinha a import\u00e2ncia para o consumidor de planear cuidadosamente as suas necessidades de cr\u00e9dito e de <a href=\"https:\/\/www.lica.ch\/pt\/demande-de-credit-prive-en-ligne\/\">tirar partido das condi\u00e7\u00f5es actuais<\/a> mais favor\u00e1vel antes da mudan\u00e7a em 2024.<\/p>\n\n\n\n<h2 class=\"wp-block-heading\" id=\"-augmentation-du-taux-maximal-1er-janvier-2024-3\">Planear a contra\u00e7\u00e3o de um empr\u00e9stimo privado antes do final do ano<\/h2>\n\n\n\n<p>Para os consumidores que est\u00e3o a considerar <a href=\"https:\/\/www.lica.ch\/pt\/demande-de-credit-prive-en-ligne\/\">obter cr\u00e9dito<\/a> Antes da subida das taxas em 2024, \u00e9 importante proceder de forma estrat\u00e9gica e cautelosa. Em primeiro lugar, avalie as suas necessidades reais e <a href=\"https:\/\/www.lica.ch\/pt\/credito-pessoal-2\/calcular-montante-maximo-de-um-credito\/\">a sua capacidade de reembolso<\/a>. \u00c9 crucial pedir emprestado apenas o montante de que necessita e garantir que os pagamentos mensais s\u00e3o ger\u00edveis dentro do seu or\u00e7amento. Em segundo lugar, compare as ofertas utilizando <a href=\"https:\/\/www.lica.ch\/pt\/\">Servi\u00e7os Lica<\/a> para encontrar as melhores condi\u00e7\u00f5es. <\/p>\n\n\n\n<p>N\u00e3o se precipite num contrato sem explorar v\u00e1rias op\u00e7\u00f5es. Em terceiro lugar, considere a possibilidade de fixar o prazo do cr\u00e9dito de forma a otimizar o custo total do empr\u00e9stimo. <a href=\"https:\/\/www.lica.ch\/pt\/\">empr\u00e9stimo<\/a>. Um prazo mais curto pode significar pagamentos mensais mais elevados, mas custos totais de juros mais baixos. Por \u00faltimo, planeie o seu futuro financeiro tendo em conta <a href=\"https:\/\/www.lica.ch\/pt\/credito-pessoal-2\/aumento-das-taxas-de-juros-nos-creditos-ao-consumo\/\">evolu\u00e7\u00e3o do mercado de cr\u00e9dito<\/a>. Ponha de lado as poupan\u00e7as para emerg\u00eancias e considere investimentos a longo prazo para reduzir a sua depend\u00eancia do cr\u00e9dito. Estes passos ajud\u00e1-lo-\u00e3o a navegar no panorama financeiro em mudan\u00e7a e a manter uma sa\u00fade financeira s\u00f3lida.<\/p>\n\n\n\n<h2 class=\"wp-block-heading\" id=\"-augmentation-du-taux-maximal-1er-janvier-2024-4\">Impacto do aumento da taxa m\u00e1xima dos empr\u00e9stimos privados<\/h2>\n\n\n\n<p>O aumento previsto de <a href=\"https:\/\/www.lica.ch\/pt\/credito-pessoal-2\/criterios-que-determinam-a-taxa-de-juros-do-seu-credito\/\">taxa de juro<\/a> para os empr\u00e9stimos privados na Su\u00ed\u00e7a ter\u00e1 repercuss\u00f5es a longo prazo, tanto para os consumidores como para o mercado do cr\u00e9dito. Para os consumidores, este aumento poder\u00e1 levar a uma maior prud\u00eancia na utiliza\u00e7\u00e3o do cr\u00e9dito. <a href=\"https:\/\/www.lica.ch\/pt\/demande-de-credit-prive-en-ligne\/\">empr\u00e9stimo<\/a>, Esta situa\u00e7\u00e3o pode limitar as despesas discricion\u00e1rias e afetar a sua capacidade de gerir despesas inesperadas. No mercado de cr\u00e9dito, poder\u00e1 surgir uma redu\u00e7\u00e3o da procura de novos empr\u00e9stimos, influenciando potencialmente <a href=\"https:\/\/www.lica.ch\/pt\/credito-pessoal-2\/como-funciona-um-credito-pessoal\/\">estrat\u00e9gias do mutuante<\/a>. As tend\u00eancias futuras das taxas de juro na Su\u00ed\u00e7a depender\u00e3o de v\u00e1rios factores econ\u00f3micos e regulamentares. Poderemos assistir a ajustamentos peri\u00f3dicos em resposta \u00e0s condi\u00e7\u00f5es do mercado e \u00e0s pol\u00edticas monet\u00e1rias. Por conseguinte, os consumidores devem manter-se informados e flex\u00edveis no seu planeamento financeiro, a fim de se adaptarem a estas altera\u00e7\u00f5es.<a href=\"https:\/\/www.lica.ch\/pt\/\"> escolher o cr\u00e9dito correto<\/a>.<\/p>\n\n\n\n<h2 class=\"wp-block-heading\" id=\"-augmentation-du-taux-maximal-1er-janvier-2024-5\">A nossa conclus\u00e3o sobre esta \u00faltima subida das taxas<\/h2>\n\n\n\n<p>Em conclus\u00e3o, o aumento previsto da taxa m\u00e1xima dos empr\u00e9stimos privados na Su\u00ed\u00e7a em 2024 exige uma aten\u00e7\u00e3o e uma a\u00e7\u00e3o imediatas por parte dos consumidores. \u00c9 essencial compreender o impacto deste aumento nas suas finan\u00e7as pessoais e agir de forma pr\u00f3-ativa para garantir <a href=\"https:\/\/www.lica.ch\/pt\/demande-de-credit-prive-en-ligne\/\">condi\u00e7\u00f5es de cr\u00e9dito vantajosas<\/a> tanto quanto poss\u00edvel. Os consumidores devem manter-se vigilantes, bem informados e prudentes na sua gest\u00e3o financeira para poderem navegar eficazmente neste panorama em muta\u00e7\u00e3o.<\/p>","protected":false},"excerpt":{"rendered":"<p>En janvier 2024, les consommateurs suisses seront confront\u00e9s \u00e0 une nouvelle r\u00e9alit\u00e9 financi\u00e8re : l&rsquo;augmentation du taux maximal pour les cr\u00e9dits priv\u00e9s. Cette \u00e9volution, significative dans le paysage du cr\u00e9dit suisse, portera le taux \u00e0 12 % pour les cr\u00e9dits au comptant et \u00e0 14 % pour les d\u00e9couverts. Il s&rsquo;agit d&rsquo;un moment cl\u00e9 pour [&hellip;]<\/p>\n","protected":false},"author":8,"featured_media":27717,"comment_status":"closed","ping_status":"closed","sticky":false,"template":"","format":"standard","meta":{"footnotes":""},"categories":[55],"tags":[],"class_list":["post-27033","post","type-post","status-publish","format-standard","has-post-thumbnail","hentry","category-reglementation"],"_yoast_wpseo_focuskw":"Taux maximal pour les cr\u00e9dits priv\u00e9s","_yoast_wpseo_title":"Augmentation du taux maximal pour les cr\u00e9dits priv\u00e9s","_yoast_wpseo_metadesc":"Le taux maximal pour les cr\u00e9dits priv\u00e9s augmente d\u00e8s le 1er janvier 2024. Regardons ensemble quelles sont les implications de cette nouvelle.","yoast_head":"<!-- This site is optimized with the Yoast SEO plugin v27.5 - https:\/\/yoast.com\/product\/yoast-seo-wordpress\/ -->\n<title>Augmentation du taux maximal pour les cr\u00e9dits priv\u00e9s<\/title>\n<meta name=\"description\" content=\"Le taux maximal pour les cr\u00e9dits priv\u00e9s augmente d\u00e8s le 1er janvier 2024. Regardons ensemble quelles sont les implications de cette nouvelle.\" \/>\n<meta name=\"robots\" content=\"index, follow, max-snippet:-1, max-image-preview:large, max-video-preview:-1\" \/>\n<link rel=\"canonical\" href=\"https:\/\/www.lica.ch\/pt\/regulamentacao\/aumento-da-taxa-maxima-para-creditos-pessoais-a-partir-de-1-janeiro-2024\/\" \/>\n<meta property=\"og:locale\" content=\"pt_PT\" \/>\n<meta property=\"og:type\" content=\"article\" \/>\n<meta property=\"og:title\" content=\"Augmentation du taux maximal pour les cr\u00e9dits priv\u00e9s\" \/>\n<meta property=\"og:description\" content=\"Le taux maximal pour les cr\u00e9dits priv\u00e9s augmente d\u00e8s le 1er janvier 2024. Regardons ensemble quelles sont les implications de cette nouvelle.\" \/>\n<meta property=\"og:url\" content=\"https:\/\/www.lica.ch\/pt\/regulamentacao\/aumento-da-taxa-maxima-para-creditos-pessoais-a-partir-de-1-janeiro-2024\/\" \/>\n<meta property=\"og:site_name\" content=\"Lica cr\u00e9dit priv\u00e9\" \/>\n<meta property=\"article:publisher\" content=\"https:\/\/www.facebook.com\/lica.suisse\/\" \/>\n<meta property=\"article:published_time\" content=\"2023-12-04T14:52:12+00:00\" \/>\n<meta property=\"article:modified_time\" content=\"2025-11-16T10:13:24+00:00\" \/>\n<meta property=\"og:image\" content=\"https:\/\/www.lica.ch\/wp-content\/uploads\/2023\/12\/Taux-maximal-pour-les-credits-prives_IMA.webp\" \/>\n\t<meta property=\"og:image:width\" content=\"1000\" \/>\n\t<meta property=\"og:image:height\" content=\"650\" \/>\n\t<meta property=\"og:image:type\" content=\"image\/webp\" \/>\n<meta name=\"author\" content=\"writer-login\" \/>\n<meta name=\"twitter:card\" content=\"summary_large_image\" \/>\n<script type=\"application\/ld+json\" class=\"yoast-schema-graph\">{\"@context\":\"https:\\\/\\\/schema.org\",\"@graph\":[{\"@type\":\"Article\",\"@id\":\"https:\\\/\\\/www.lica.ch\\\/reglementation\\\/augmentation-du-taux-maximal-pour-les-credits-prives-des-le-1er-janvier-2024\\\/#article\",\"isPartOf\":{\"@id\":\"https:\\\/\\\/www.lica.ch\\\/reglementation\\\/augmentation-du-taux-maximal-pour-les-credits-prives-des-le-1er-janvier-2024\\\/\"},\"author\":{\"name\":\"writer-login\",\"@id\":\"https:\\\/\\\/www.lica.ch\\\/en\\\/#\\\/schema\\\/person\\\/43f9fd6c0991b2ea4e0ce88a7472a04c\"},\"headline\":\"Augmentation du taux maximal pour les cr\u00e9dits priv\u00e9s d\u00e8s janvier 2024\",\"datePublished\":\"2023-12-04T14:52:12+00:00\",\"dateModified\":\"2025-11-16T10:13:24+00:00\",\"mainEntityOfPage\":{\"@id\":\"https:\\\/\\\/www.lica.ch\\\/reglementation\\\/augmentation-du-taux-maximal-pour-les-credits-prives-des-le-1er-janvier-2024\\\/\"},\"wordCount\":1000,\"publisher\":{\"@id\":\"https:\\\/\\\/www.lica.ch\\\/en\\\/#organization\"},\"image\":{\"@id\":\"https:\\\/\\\/www.lica.ch\\\/reglementation\\\/augmentation-du-taux-maximal-pour-les-credits-prives-des-le-1er-janvier-2024\\\/#primaryimage\"},\"thumbnailUrl\":\"https:\\\/\\\/www.lica.ch\\\/wp-content\\\/uploads\\\/2023\\\/12\\\/Taux-maximal-pour-les-credits-prives_IMA.webp\",\"articleSection\":[\"R\u00e9glementation\"],\"inLanguage\":\"pt-PT\"},{\"@type\":\"WebPage\",\"@id\":\"https:\\\/\\\/www.lica.ch\\\/reglementation\\\/augmentation-du-taux-maximal-pour-les-credits-prives-des-le-1er-janvier-2024\\\/\",\"url\":\"https:\\\/\\\/www.lica.ch\\\/reglementation\\\/augmentation-du-taux-maximal-pour-les-credits-prives-des-le-1er-janvier-2024\\\/\",\"name\":\"Augmentation du taux maximal pour les cr\u00e9dits priv\u00e9s\",\"isPartOf\":{\"@id\":\"https:\\\/\\\/www.lica.ch\\\/en\\\/#website\"},\"primaryImageOfPage\":{\"@id\":\"https:\\\/\\\/www.lica.ch\\\/reglementation\\\/augmentation-du-taux-maximal-pour-les-credits-prives-des-le-1er-janvier-2024\\\/#primaryimage\"},\"image\":{\"@id\":\"https:\\\/\\\/www.lica.ch\\\/reglementation\\\/augmentation-du-taux-maximal-pour-les-credits-prives-des-le-1er-janvier-2024\\\/#primaryimage\"},\"thumbnailUrl\":\"https:\\\/\\\/www.lica.ch\\\/wp-content\\\/uploads\\\/2023\\\/12\\\/Taux-maximal-pour-les-credits-prives_IMA.webp\",\"datePublished\":\"2023-12-04T14:52:12+00:00\",\"dateModified\":\"2025-11-16T10:13:24+00:00\",\"description\":\"Le taux maximal pour les cr\u00e9dits priv\u00e9s augmente d\u00e8s le 1er janvier 2024. Regardons ensemble quelles sont les implications de cette nouvelle.\",\"breadcrumb\":{\"@id\":\"https:\\\/\\\/www.lica.ch\\\/reglementation\\\/augmentation-du-taux-maximal-pour-les-credits-prives-des-le-1er-janvier-2024\\\/#breadcrumb\"},\"inLanguage\":\"pt-PT\",\"potentialAction\":[{\"@type\":\"ReadAction\",\"target\":[\"https:\\\/\\\/www.lica.ch\\\/reglementation\\\/augmentation-du-taux-maximal-pour-les-credits-prives-des-le-1er-janvier-2024\\\/\"]}]},{\"@type\":\"ImageObject\",\"inLanguage\":\"pt-PT\",\"@id\":\"https:\\\/\\\/www.lica.ch\\\/reglementation\\\/augmentation-du-taux-maximal-pour-les-credits-prives-des-le-1er-janvier-2024\\\/#primaryimage\",\"url\":\"https:\\\/\\\/www.lica.ch\\\/wp-content\\\/uploads\\\/2023\\\/12\\\/Taux-maximal-pour-les-credits-prives_IMA.webp\",\"contentUrl\":\"https:\\\/\\\/www.lica.ch\\\/wp-content\\\/uploads\\\/2023\\\/12\\\/Taux-maximal-pour-les-credits-prives_IMA.webp\",\"width\":1000,\"height\":650,\"caption\":\"Taux maximal pour les cr\u00e9dits priv\u00e9s\"},{\"@type\":\"BreadcrumbList\",\"@id\":\"https:\\\/\\\/www.lica.ch\\\/reglementation\\\/augmentation-du-taux-maximal-pour-les-credits-prives-des-le-1er-janvier-2024\\\/#breadcrumb\",\"itemListElement\":[{\"@type\":\"ListItem\",\"position\":1,\"name\":\"Accueil\",\"item\":\"https:\\\/\\\/www.lica.ch\\\/\"},{\"@type\":\"ListItem\",\"position\":2,\"name\":\"Augmentation du taux maximal pour les cr\u00e9dits priv\u00e9s d\u00e8s janvier 2024\"}]},{\"@type\":\"WebSite\",\"@id\":\"https:\\\/\\\/www.lica.ch\\\/en\\\/#website\",\"url\":\"https:\\\/\\\/www.lica.ch\\\/en\\\/\",\"name\":\"Lica\",\"description\":\"Cr\u00e9dit priv\u00e9\",\"publisher\":{\"@id\":\"https:\\\/\\\/www.lica.ch\\\/en\\\/#organization\"},\"alternateName\":\"Lica\",\"potentialAction\":[{\"@type\":\"SearchAction\",\"target\":{\"@type\":\"EntryPoint\",\"urlTemplate\":\"https:\\\/\\\/www.lica.ch\\\/en\\\/?s={search_term_string}\"},\"query-input\":{\"@type\":\"PropertyValueSpecification\",\"valueRequired\":true,\"valueName\":\"search_term_string\"}}],\"inLanguage\":\"pt-PT\"},{\"@type\":\"Organization\",\"@id\":\"https:\\\/\\\/www.lica.ch\\\/en\\\/#organization\",\"name\":\"Lica\",\"alternateName\":\"Lica\",\"url\":\"https:\\\/\\\/www.lica.ch\\\/en\\\/\",\"logo\":{\"@type\":\"ImageObject\",\"inLanguage\":\"pt-PT\",\"@id\":\"https:\\\/\\\/www.lica.ch\\\/en\\\/#\\\/schema\\\/logo\\\/image\\\/\",\"url\":\"https:\\\/\\\/www.lica.ch\\\/wp-content\\\/uploads\\\/2025\\\/10\\\/Logo_Yoast_Jaune_696x696.webp\",\"contentUrl\":\"https:\\\/\\\/www.lica.ch\\\/wp-content\\\/uploads\\\/2025\\\/10\\\/Logo_Yoast_Jaune_696x696.webp\",\"width\":696,\"height\":696,\"caption\":\"Lica\"},\"image\":{\"@id\":\"https:\\\/\\\/www.lica.ch\\\/en\\\/#\\\/schema\\\/logo\\\/image\\\/\"},\"sameAs\":[\"https:\\\/\\\/www.facebook.com\\\/lica.suisse\\\/\",\"https:\\\/\\\/ch.linkedin.com\\\/company\\\/lica-cr\u00e9dit\",\"https:\\\/\\\/www.tiktok.com\\\/@lica.ch\",\"https:\\\/\\\/www.instagram.com\\\/licacredit\\\/\"]},{\"@type\":\"Person\",\"@id\":\"https:\\\/\\\/www.lica.ch\\\/en\\\/#\\\/schema\\\/person\\\/43f9fd6c0991b2ea4e0ce88a7472a04c\",\"name\":\"writer-login\",\"image\":{\"@type\":\"ImageObject\",\"inLanguage\":\"pt-PT\",\"@id\":\"https:\\\/\\\/secure.gravatar.com\\\/avatar\\\/d4854fc4223da2b976f9705ce04407a3e99c4bf956d6190ffef0815d95f87bef?s=96&d=mm&r=g\",\"url\":\"https:\\\/\\\/secure.gravatar.com\\\/avatar\\\/d4854fc4223da2b976f9705ce04407a3e99c4bf956d6190ffef0815d95f87bef?s=96&d=mm&r=g\",\"contentUrl\":\"https:\\\/\\\/secure.gravatar.com\\\/avatar\\\/d4854fc4223da2b976f9705ce04407a3e99c4bf956d6190ffef0815d95f87bef?s=96&d=mm&r=g\",\"caption\":\"writer-login\"}}]}<\/script>\n<!-- \/ Yoast SEO plugin. -->","yoast_head_json":{"title":"Aumento da taxa m\u00e1xima para cr\u00e9ditos pessoais","description":"A taxa m\u00e1xima para os cr\u00e9ditos pessoais aumentar\u00e1 a partir de 1 de janeiro de 2024. Veja connosco o que isso implica.","robots":{"index":"index","follow":"follow","max-snippet":"max-snippet:-1","max-image-preview":"max-image-preview:large","max-video-preview":"max-video-preview:-1"},"canonical":"https:\/\/www.lica.ch\/pt\/regulamentacao\/aumento-da-taxa-maxima-para-creditos-pessoais-a-partir-de-1-janeiro-2024\/","og_locale":"pt_PT","og_type":"article","og_title":"Augmentation du taux maximal pour les cr\u00e9dits priv\u00e9s","og_description":"Le taux maximal pour les cr\u00e9dits priv\u00e9s augmente d\u00e8s le 1er janvier 2024. Regardons ensemble quelles sont les implications de cette nouvelle.","og_url":"https:\/\/www.lica.ch\/pt\/regulamentacao\/aumento-da-taxa-maxima-para-creditos-pessoais-a-partir-de-1-janeiro-2024\/","og_site_name":"Lica cr\u00e9dit priv\u00e9","article_publisher":"https:\/\/www.facebook.com\/lica.suisse\/","article_published_time":"2023-12-04T14:52:12+00:00","article_modified_time":"2025-11-16T10:13:24+00:00","og_image":[{"width":1000,"height":650,"url":"https:\/\/www.lica.ch\/wp-content\/uploads\/2023\/12\/Taux-maximal-pour-les-credits-prives_IMA.webp","type":"image\/webp"}],"author":"writer-login","twitter_card":"summary_large_image","schema":{"@context":"https:\/\/schema.org","@graph":[{"@type":"Article","@id":"https:\/\/www.lica.ch\/reglementation\/augmentation-du-taux-maximal-pour-les-credits-prives-des-le-1er-janvier-2024\/#article","isPartOf":{"@id":"https:\/\/www.lica.ch\/reglementation\/augmentation-du-taux-maximal-pour-les-credits-prives-des-le-1er-janvier-2024\/"},"author":{"name":"writer-login","@id":"https:\/\/www.lica.ch\/en\/#\/schema\/person\/43f9fd6c0991b2ea4e0ce88a7472a04c"},"headline":"Augmentation du taux maximal pour les cr\u00e9dits priv\u00e9s d\u00e8s janvier 2024","datePublished":"2023-12-04T14:52:12+00:00","dateModified":"2025-11-16T10:13:24+00:00","mainEntityOfPage":{"@id":"https:\/\/www.lica.ch\/reglementation\/augmentation-du-taux-maximal-pour-les-credits-prives-des-le-1er-janvier-2024\/"},"wordCount":1000,"publisher":{"@id":"https:\/\/www.lica.ch\/en\/#organization"},"image":{"@id":"https:\/\/www.lica.ch\/reglementation\/augmentation-du-taux-maximal-pour-les-credits-prives-des-le-1er-janvier-2024\/#primaryimage"},"thumbnailUrl":"https:\/\/www.lica.ch\/wp-content\/uploads\/2023\/12\/Taux-maximal-pour-les-credits-prives_IMA.webp","articleSection":["R\u00e9glementation"],"inLanguage":"pt-PT"},{"@type":"WebPage","@id":"https:\/\/www.lica.ch\/reglementation\/augmentation-du-taux-maximal-pour-les-credits-prives-des-le-1er-janvier-2024\/","url":"https:\/\/www.lica.ch\/reglementation\/augmentation-du-taux-maximal-pour-les-credits-prives-des-le-1er-janvier-2024\/","name":"Aumento da taxa m\u00e1xima para cr\u00e9ditos pessoais","isPartOf":{"@id":"https:\/\/www.lica.ch\/en\/#website"},"primaryImageOfPage":{"@id":"https:\/\/www.lica.ch\/reglementation\/augmentation-du-taux-maximal-pour-les-credits-prives-des-le-1er-janvier-2024\/#primaryimage"},"image":{"@id":"https:\/\/www.lica.ch\/reglementation\/augmentation-du-taux-maximal-pour-les-credits-prives-des-le-1er-janvier-2024\/#primaryimage"},"thumbnailUrl":"https:\/\/www.lica.ch\/wp-content\/uploads\/2023\/12\/Taux-maximal-pour-les-credits-prives_IMA.webp","datePublished":"2023-12-04T14:52:12+00:00","dateModified":"2025-11-16T10:13:24+00:00","description":"A taxa m\u00e1xima para os cr\u00e9ditos pessoais aumentar\u00e1 a partir de 1 de janeiro de 2024. Veja connosco o que isso implica.","breadcrumb":{"@id":"https:\/\/www.lica.ch\/reglementation\/augmentation-du-taux-maximal-pour-les-credits-prives-des-le-1er-janvier-2024\/#breadcrumb"},"inLanguage":"pt-PT","potentialAction":[{"@type":"ReadAction","target":["https:\/\/www.lica.ch\/reglementation\/augmentation-du-taux-maximal-pour-les-credits-prives-des-le-1er-janvier-2024\/"]}]},{"@type":"ImageObject","inLanguage":"pt-PT","@id":"https:\/\/www.lica.ch\/reglementation\/augmentation-du-taux-maximal-pour-les-credits-prives-des-le-1er-janvier-2024\/#primaryimage","url":"https:\/\/www.lica.ch\/wp-content\/uploads\/2023\/12\/Taux-maximal-pour-les-credits-prives_IMA.webp","contentUrl":"https:\/\/www.lica.ch\/wp-content\/uploads\/2023\/12\/Taux-maximal-pour-les-credits-prives_IMA.webp","width":1000,"height":650,"caption":"Taux maximal pour les cr\u00e9dits priv\u00e9s"},{"@type":"BreadcrumbList","@id":"https:\/\/www.lica.ch\/reglementation\/augmentation-du-taux-maximal-pour-les-credits-prives-des-le-1er-janvier-2024\/#breadcrumb","itemListElement":[{"@type":"ListItem","position":1,"name":"Accueil","item":"https:\/\/www.lica.ch\/"},{"@type":"ListItem","position":2,"name":"Augmentation du taux maximal pour les cr\u00e9dits priv\u00e9s d\u00e8s janvier 2024"}]},{"@type":"WebSite","@id":"https:\/\/www.lica.ch\/en\/#website","url":"https:\/\/www.lica.ch\/en\/","name":"Lica","description":"Cr\u00e9dito pessoal","publisher":{"@id":"https:\/\/www.lica.ch\/en\/#organization"},"alternateName":"Lica","potentialAction":[{"@type":"SearchAction","target":{"@type":"EntryPoint","urlTemplate":"https:\/\/www.lica.ch\/en\/?s={search_term_string}"},"query-input":{"@type":"PropertyValueSpecification","valueRequired":true,"valueName":"search_term_string"}}],"inLanguage":"pt-PT"},{"@type":"Organization","@id":"https:\/\/www.lica.ch\/en\/#organization","name":"Lica","alternateName":"Lica","url":"https:\/\/www.lica.ch\/en\/","logo":{"@type":"ImageObject","inLanguage":"pt-PT","@id":"https:\/\/www.lica.ch\/en\/#\/schema\/logo\/image\/","url":"https:\/\/www.lica.ch\/wp-content\/uploads\/2025\/10\/Logo_Yoast_Jaune_696x696.webp","contentUrl":"https:\/\/www.lica.ch\/wp-content\/uploads\/2025\/10\/Logo_Yoast_Jaune_696x696.webp","width":696,"height":696,"caption":"Lica"},"image":{"@id":"https:\/\/www.lica.ch\/en\/#\/schema\/logo\/image\/"},"sameAs":["https:\/\/www.facebook.com\/lica.suisse\/","https:\/\/ch.linkedin.com\/company\/lica-cr\u00e9dit","https:\/\/www.tiktok.com\/@lica.ch","https:\/\/www.instagram.com\/licacredit\/"]},{"@type":"Person","@id":"https:\/\/www.lica.ch\/en\/#\/schema\/person\/43f9fd6c0991b2ea4e0ce88a7472a04c","name":"login do escritor","image":{"@type":"ImageObject","inLanguage":"pt-PT","@id":"https:\/\/secure.gravatar.com\/avatar\/d4854fc4223da2b976f9705ce04407a3e99c4bf956d6190ffef0815d95f87bef?s=96&d=mm&r=g","url":"https:\/\/secure.gravatar.com\/avatar\/d4854fc4223da2b976f9705ce04407a3e99c4bf956d6190ffef0815d95f87bef?s=96&d=mm&r=g","contentUrl":"https:\/\/secure.gravatar.com\/avatar\/d4854fc4223da2b976f9705ce04407a3e99c4bf956d6190ffef0815d95f87bef?s=96&d=mm&r=g","caption":"writer-login"}}]}},"_links":{"self":[{"href":"https:\/\/www.lica.ch\/pt\/wp-json\/wp\/v2\/posts\/27033","targetHints":{"allow":["GET"]}}],"collection":[{"href":"https:\/\/www.lica.ch\/pt\/wp-json\/wp\/v2\/posts"}],"about":[{"href":"https:\/\/www.lica.ch\/pt\/wp-json\/wp\/v2\/types\/post"}],"author":[{"embeddable":true,"href":"https:\/\/www.lica.ch\/pt\/wp-json\/wp\/v2\/users\/8"}],"replies":[{"embeddable":true,"href":"https:\/\/www.lica.ch\/pt\/wp-json\/wp\/v2\/comments?post=27033"}],"version-history":[{"count":0,"href":"https:\/\/www.lica.ch\/pt\/wp-json\/wp\/v2\/posts\/27033\/revisions"}],"wp:featuredmedia":[{"embeddable":true,"href":"https:\/\/www.lica.ch\/pt\/wp-json\/wp\/v2\/media\/27717"}],"wp:attachment":[{"href":"https:\/\/www.lica.ch\/pt\/wp-json\/wp\/v2\/media?parent=27033"}],"wp:term":[{"taxonomy":"category","embeddable":true,"href":"https:\/\/www.lica.ch\/pt\/wp-json\/wp\/v2\/categories?post=27033"},{"taxonomy":"post_tag","embeddable":true,"href":"https:\/\/www.lica.ch\/pt\/wp-json\/wp\/v2\/tags?post=27033"}],"curies":[{"name":"wp","href":"https:\/\/api.w.org\/{rel}","templated":true}]}}