{"id":27150,"date":"2025-08-01T11:21:28","date_gmt":"2025-08-01T09:21:28","guid":{"rendered":"https:\/\/lica.ch\/?p=27150"},"modified":"2025-11-16T12:13:23","modified_gmt":"2025-11-16T10:13:23","slug":"vantagens-de-consolidar-os-seus-creditos-pessoais","status":"publish","type":"post","link":"https:\/\/www.lica.ch\/pt\/rachat-de-credit\/quels-sont-les-avantages-de-regrouper-ses-credits-prives\/","title":{"rendered":"Quais s\u00e3o as vantagens de consolidar v\u00e1rios cr\u00e9ditos pessoais?"},"content":{"rendered":"<p>Na atual conjuntura econ\u00f3mica, <a href=\"https:\/\/www.lica.ch\/pt\/solvable\/gerir-bem-as-financas-e-otimizar-o-orcamento\/\">otimizar as suas finan\u00e7as<\/a> tornou-se crucial. Muitas pessoas enfrentam um desafio comum: como gerir eficazmente v\u00e1rios empr\u00e9stimos ao mesmo tempo? Este artigo analisa as vantagens desta abordagem financeira. Mostra-lhe porque \u00e9 que \u00e9 essencial consolidar o seu cr\u00e9dito privado.<\/p>\n\n\n\n<h2 class=\"wp-block-heading\">1. Simplifica\u00e7\u00e3o da gest\u00e3o financeira<\/h2>\n\n\n\n<p>A primeira e mais clara vantagem da consolida\u00e7\u00e3o de d\u00edvidas \u00e9 a simplifica\u00e7\u00e3o financeira. Em vez de fazer malabarismos com diferentes reembolsos, <a href=\"https:\/\/www.lica.ch\/pt\/credito-pessoal-2\/criterios-que-determinam-a-taxa-de-juros-do-seu-credito\/\">taxa<\/a>, e condi\u00e7\u00f5es, esta estrat\u00e9gia re\u00fane <a href=\"https:\/\/www.lica.ch\/pt\/demande-de-credit-prive-en-ligne\/\">um \u00fanico cr\u00e9dito<\/a>. Isto facilita a gest\u00e3o dos reembolsos, reduzindo o risco de esquecimentos ou atrasos. Estes incidentes potencialmente dispendiosos s\u00e3o evitados.<\/p>\n\n\n\n<h2 class=\"wp-block-heading\">2. A combina\u00e7\u00e3o dos seus cr\u00e9ditos privados permite-lhe reduzir os seus reembolsos mensais<\/h2>\n\n\n\n<p>Uma outra vantagem imediatamente percet\u00edvel da consolida\u00e7\u00e3o de cr\u00e9ditos privados \u00e9 a possibilidade de obter reembolsos mensais consideravelmente mais baixos. Esta redu\u00e7\u00e3o do encargo mensal de reembolso \u00e9 uma vantagem importante para os mutu\u00e1rios que pretendem<a href=\"https:\/\/www.lica.ch\/pt\/demande-de-credit-prive-en-ligne\/\"> reduzir o seu or\u00e7amento mensal <\/a>e recuperar algum conforto financeiro. <\/p>\n\n\n\n<p>Optar por consolidar o seu cr\u00e9dito transforma as suas m\u00faltiplas d\u00edvidas em <a href=\"https:\/\/www.lica.ch\/pt\/demande-de-credit-prive-en-ligne\/\">um \u00fanico empr\u00e9stimo<\/a>. Este empr\u00e9stimo reestruturado \u00e9 adaptado \u00e0 sua capacidade de reembolso e aos seus objectivos financeiros, muitas vezes a um prazo mais longo. Assim, os seus reembolsos mensais s\u00e3o reduzidos, aliviando diretamente o seu or\u00e7amento mensal.<\/p>\n\n\n\n<h2 class=\"wp-block-heading\">3. Redu\u00e7\u00e3o das taxas de juro <\/h2>\n\n\n\n<p>O reagrupamento dos empr\u00e9stimos tamb\u00e9m pode reduzir <a href=\"https:\/\/www.lica.ch\/pt\/credito-pessoal-2\/aumento-da-taxa-maxima-para-creditos-pessoais-a-partir-de-1-janeiro-2024\/\">a taxa de juro<\/a>. Ao juntar v\u00e1rias d\u00edvidas, \u00e9 poss\u00edvel obter uma taxa de juro mais baixa. Esta melhoria resulta de uma melhor avalia\u00e7\u00e3o da capacidade de reembolso e de uma redu\u00e7\u00e3o do risco para o mutuante. Esta redu\u00e7\u00e3o da taxa de juro diminui consideravelmente o montante total dos juros durante o per\u00edodo do empr\u00e9stimo, o que torna o endividamento mais f\u00e1cil de gerir.<\/p>\n\n\n\n<h2 class=\"wp-block-heading\">4. Melhoria da pontua\u00e7\u00e3o de cr\u00e9dito<\/h2>\n\n\n\n<p>Outra vantagem da consolida\u00e7\u00e3o de d\u00edvidas \u00e9 a possibilidade de melhorar a sua situa\u00e7\u00e3o financeira. <a href=\"https:\/\/www.lica.ch\/pt\/credito-pessoal-2\/como-funciona-um-credito-pessoal\/\">pontua\u00e7\u00e3o de cr\u00e9dito<\/a>. Substituir v\u00e1rios empr\u00e9stimos, talvez com taxas elevadas, por um \u00fanico empr\u00e9stimo com condi\u00e7\u00f5es mais favor\u00e1veis pode ter um impacto positivo na sua nota\u00e7\u00e3o de cr\u00e9dito. Al\u00e9m disso, a simplifica\u00e7\u00e3o da sua gest\u00e3o financeira e a redu\u00e7\u00e3o do seu r\u00e1cio de endividamento encorajam-no a efetuar pagamentos regulares. Os pagamentos regulares s\u00e3o determinantes para o c\u00e1lculo da sua nota\u00e7\u00e3o de cr\u00e9dito.<\/p>\n\n\n\n<h2 class=\"wp-block-heading\">5. Combina\u00e7\u00e3o de cr\u00e9dito privado para obter liquidez adicional<\/h2>\n\n\n\n<p>Nalguns casos, a consolida\u00e7\u00e3o de empr\u00e9stimos privados pode <a href=\"https:\/\/www.lica.ch\/pt\/rachat-de-credit-prive-en-ligne\/\">libertar liquidez adicional<\/a>. O escalonamento do per\u00edodo de reembolso e a redu\u00e7\u00e3o da taxa de juro permitem reduzir o montante mensal a reembolsar, o que deixa uma maior margem de manobra no or\u00e7amento mensal. Esta liquidez pode ser utilizada para <a href=\"https:\/\/www.lica.ch\/pt\/lica\/os-3-melhores-projetos-financiados-neste-verao-com-a-nossa-solucao-de-credito-online\/\">finan\u00e7as projectos pessoais<\/a> ou simplesmente para melhorar a vida quotidiana.<\/p>\n\n\n\n<h2 class=\"wp-block-heading\">6. Reduzir o stress financeiro<\/h2>\n\n\n\n<p>N\u00e3o devemos subestimar o impacto psicol\u00f3gico da consolida\u00e7\u00e3o do cr\u00e9dito privado. Gerir v\u00e1rias d\u00edvidas pode ser uma grande fonte de stress e ansiedade para muitas pessoas. A consolida\u00e7\u00e3o destas d\u00edvidas num \u00fanico pagamento mensal pode contribuir muito para reduzir este stress. <a href=\"https:\/\/www.bilan.ch\/economie\/largent-stresse-les-suisses-plus-que-tout\" target=\"_blank\" rel=\"noreferrer noopener\">stress financeiro<\/a>, Isto proporciona uma vis\u00e3o mais clara do futuro financeiro, permitindo-lhe concentrar-se nos objectivos financeiros a longo prazo.<\/p>\n\n\n\n<h2 class=\"wp-block-heading\">7. Flexibilidade e personaliza\u00e7\u00e3o<\/h2>\n\n\n\n<p>Solu\u00e7\u00f5es de consolida\u00e7\u00e3o de cr\u00e9ditos oferecidas por institui\u00e7\u00f5es financeiras como <a href=\"https:\/\/www.lica.ch\/pt\/\">Lica <\/a>s\u00e3o frequentemente muito personaliz\u00e1veis. Isto significa que o plano de financiamento pode ser adaptado \u00e0s necessidades espec\u00edficas e \u00e0 situa\u00e7\u00e3o financeira do mutu\u00e1rio. Quer se trate do per\u00edodo de reembolso, do montante da presta\u00e7\u00e3o ou da taxa de juro, esta flexibilidade constitui uma vantagem consider\u00e1vel para <a href=\"https:\/\/www.lica.ch\/pt\/credito-pessoal-2\/resgate-do-credito-pessoal-descubra-como-a-lica-o-pode-ajudar\/\">adaptar o reembolso \u00e0 sua capacidade financeira<\/a>.<\/p>\n\n\n\n<h2 class=\"wp-block-heading\">Agrupar os seus cr\u00e9ditos privados \u00e9 uma excelente solu\u00e7\u00e3o!<\/h2>\n\n\n\n<p>As vantagens de consolidar o seu cr\u00e9dito privado s\u00e3o m\u00faltiplas: desde a simplifica\u00e7\u00e3o das suas finan\u00e7as at\u00e9 \u00e0 redu\u00e7\u00e3o do stress financeiro, sem esquecer as vantagens econ\u00f3micas concretas, como a redu\u00e7\u00e3o do endividamento e a melhoria da sua nota\u00e7\u00e3o de cr\u00e9dito. Para os residentes na Su\u00ed\u00e7a com v\u00e1rios cr\u00e9ditos, <a href=\"https:\/\/www.lica.ch\/pt\/rachat-de-credit-prive-en-ligne\/\">esta op\u00e7\u00e3o<\/a> pode ser uma estrat\u00e9gia financeira sensata. Abre o caminho para a tranquilidade financeira e permite-lhe olhar para o futuro com maior tranquilidade.<\/p>\n\n\n\n<p>Na Lica, compreendemos a import\u00e2ncia de uma <a href=\"https:\/\/www.lica.ch\/pt\/rachat-de-credit-prive-en-ligne\/\">gest\u00e3o financeira eficaz<\/a>. Comprometemo-nos a orient\u00e1-lo para solu\u00e7\u00f5es personalizadas. Acha que a consolida\u00e7\u00e3o dos seus cr\u00e9ditos \u00e9 a solu\u00e7\u00e3o? Os nossos especialistas est\u00e3o prontos para explorar as suas op\u00e7\u00f5es consigo, ajudando-o a escolher a melhor para o seu futuro financeiro.<\/p>\n\n\n\n<p>N\u00e3o espere mais para simplificar a sua vida financeira e explore as vantagens de <a href=\"https:\/\/www.lica.ch\/pt\/rachat-de-credit-prive-en-ligne\/\">consolida\u00e7\u00e3o de d\u00edvidas<\/a> privado. Contacte hoje mesmo o Lica para uma consulta personalizada e d\u00ea o primeiro passo para uma gest\u00e3o financeira mais serena e optimizada.<\/p>","protected":false},"excerpt":{"rendered":"<p>Dans un contexte \u00e9conomique actuel, optimiser ses finances personnelles est devenu crucial. Nombreux sont ceux qui font face \u00e0 un d\u00e9fi commun : comment g\u00e9rer efficacement plusieurs cr\u00e9dits en m\u00eame temps ? Cet article se penche sur les avantages de cette approche financi\u00e8re. Il vous d\u00e9montre pourquoi il est essentiel de regrouper ses cr\u00e9dits priv\u00e9s. [&hellip;]<\/p>\n","protected":false},"author":8,"featured_media":27698,"comment_status":"closed","ping_status":"closed","sticky":false,"template":"","format":"standard","meta":{"footnotes":""},"categories":[36],"tags":[],"class_list":["post-27150","post","type-post","status-publish","format-standard","has-post-thumbnail","hentry","category-rachat-de-credit"],"_yoast_wpseo_focuskw":"Regrouper ses cr\u00e9dits priv\u00e9s","_yoast_wpseo_title":"Regrouper ses cr\u00e9dits priv\u00e9s - Quels sont les avantages ?","_yoast_wpseo_metadesc":"Regrouper ses cr\u00e9dits priv\u00e9s peut simplifier votre gestion financi\u00e8re, r\u00e9duire votre taux d'endettement et am\u00e9liorer votre score de cr\u00e9dit.","yoast_head":"<!-- This site is optimized with the Yoast SEO plugin v27.5 - https:\/\/yoast.com\/product\/yoast-seo-wordpress\/ -->\n<title>Regrouper ses cr\u00e9dits priv\u00e9s - Quels sont les avantages ?<\/title>\n<meta name=\"description\" content=\"Regrouper ses cr\u00e9dits priv\u00e9s peut simplifier votre gestion financi\u00e8re, r\u00e9duire votre taux d&#039;endettement et am\u00e9liorer votre score de cr\u00e9dit.\" \/>\n<meta name=\"robots\" content=\"index, follow, max-snippet:-1, max-image-preview:large, max-video-preview:-1\" \/>\n<link rel=\"canonical\" href=\"https:\/\/www.lica.ch\/pt\/consolidacao-de-credito\/vantagens-de-consolidar-os-seus-creditos-pessoais\/\" \/>\n<meta property=\"og:locale\" content=\"pt_PT\" \/>\n<meta property=\"og:type\" content=\"article\" \/>\n<meta property=\"og:title\" content=\"Regrouper ses cr\u00e9dits priv\u00e9s - Quels sont les avantages ?\" \/>\n<meta property=\"og:description\" content=\"Regrouper ses cr\u00e9dits priv\u00e9s peut simplifier votre gestion financi\u00e8re, r\u00e9duire votre taux d&#039;endettement et am\u00e9liorer votre score de cr\u00e9dit.\" \/>\n<meta property=\"og:url\" content=\"https:\/\/www.lica.ch\/pt\/consolidacao-de-credito\/vantagens-de-consolidar-os-seus-creditos-pessoais\/\" \/>\n<meta property=\"og:site_name\" content=\"Lica cr\u00e9dit priv\u00e9\" \/>\n<meta property=\"article:publisher\" content=\"https:\/\/www.facebook.com\/lica.suisse\/\" \/>\n<meta property=\"article:published_time\" content=\"2025-08-01T09:21:28+00:00\" \/>\n<meta property=\"article:modified_time\" content=\"2025-11-16T10:13:23+00:00\" \/>\n<meta property=\"og:image\" content=\"https:\/\/www.lica.ch\/wp-content\/uploads\/2024\/03\/Regrouper-ses-credits-prives_IMA.webp\" \/>\n\t<meta property=\"og:image:width\" content=\"1000\" \/>\n\t<meta property=\"og:image:height\" content=\"650\" \/>\n\t<meta property=\"og:image:type\" content=\"image\/webp\" \/>\n<meta name=\"author\" content=\"writer-login\" \/>\n<meta name=\"twitter:card\" content=\"summary_large_image\" \/>\n<script type=\"application\/ld+json\" class=\"yoast-schema-graph\">{\"@context\":\"https:\\\/\\\/schema.org\",\"@graph\":[{\"@type\":\"Article\",\"@id\":\"https:\\\/\\\/www.lica.ch\\\/rachat-de-credit\\\/quels-sont-les-avantages-de-regrouper-ses-credits-prives\\\/#article\",\"isPartOf\":{\"@id\":\"https:\\\/\\\/www.lica.ch\\\/rachat-de-credit\\\/quels-sont-les-avantages-de-regrouper-ses-credits-prives\\\/\"},\"author\":{\"name\":\"writer-login\",\"@id\":\"https:\\\/\\\/www.lica.ch\\\/en\\\/#\\\/schema\\\/person\\\/43f9fd6c0991b2ea4e0ce88a7472a04c\"},\"headline\":\"Quels sont les avantages de regrouper ses cr\u00e9dits priv\u00e9s ?\",\"datePublished\":\"2025-08-01T09:21:28+00:00\",\"dateModified\":\"2025-11-16T10:13:23+00:00\",\"mainEntityOfPage\":{\"@id\":\"https:\\\/\\\/www.lica.ch\\\/rachat-de-credit\\\/quels-sont-les-avantages-de-regrouper-ses-credits-prives\\\/\"},\"wordCount\":874,\"publisher\":{\"@id\":\"https:\\\/\\\/www.lica.ch\\\/en\\\/#organization\"},\"image\":{\"@id\":\"https:\\\/\\\/www.lica.ch\\\/rachat-de-credit\\\/quels-sont-les-avantages-de-regrouper-ses-credits-prives\\\/#primaryimage\"},\"thumbnailUrl\":\"https:\\\/\\\/www.lica.ch\\\/wp-content\\\/uploads\\\/2024\\\/03\\\/Regrouper-ses-credits-prives_IMA.webp\",\"articleSection\":[\"Rachat de cr\u00e9dit\"],\"inLanguage\":\"pt-PT\"},{\"@type\":\"WebPage\",\"@id\":\"https:\\\/\\\/www.lica.ch\\\/rachat-de-credit\\\/quels-sont-les-avantages-de-regrouper-ses-credits-prives\\\/\",\"url\":\"https:\\\/\\\/www.lica.ch\\\/rachat-de-credit\\\/quels-sont-les-avantages-de-regrouper-ses-credits-prives\\\/\",\"name\":\"Regrouper ses cr\u00e9dits priv\u00e9s - Quels sont les avantages ?\",\"isPartOf\":{\"@id\":\"https:\\\/\\\/www.lica.ch\\\/en\\\/#website\"},\"primaryImageOfPage\":{\"@id\":\"https:\\\/\\\/www.lica.ch\\\/rachat-de-credit\\\/quels-sont-les-avantages-de-regrouper-ses-credits-prives\\\/#primaryimage\"},\"image\":{\"@id\":\"https:\\\/\\\/www.lica.ch\\\/rachat-de-credit\\\/quels-sont-les-avantages-de-regrouper-ses-credits-prives\\\/#primaryimage\"},\"thumbnailUrl\":\"https:\\\/\\\/www.lica.ch\\\/wp-content\\\/uploads\\\/2024\\\/03\\\/Regrouper-ses-credits-prives_IMA.webp\",\"datePublished\":\"2025-08-01T09:21:28+00:00\",\"dateModified\":\"2025-11-16T10:13:23+00:00\",\"description\":\"Regrouper ses cr\u00e9dits priv\u00e9s peut simplifier votre gestion financi\u00e8re, r\u00e9duire votre taux d'endettement et am\u00e9liorer votre score de cr\u00e9dit.\",\"breadcrumb\":{\"@id\":\"https:\\\/\\\/www.lica.ch\\\/rachat-de-credit\\\/quels-sont-les-avantages-de-regrouper-ses-credits-prives\\\/#breadcrumb\"},\"inLanguage\":\"pt-PT\",\"potentialAction\":[{\"@type\":\"ReadAction\",\"target\":[\"https:\\\/\\\/www.lica.ch\\\/rachat-de-credit\\\/quels-sont-les-avantages-de-regrouper-ses-credits-prives\\\/\"]}]},{\"@type\":\"ImageObject\",\"inLanguage\":\"pt-PT\",\"@id\":\"https:\\\/\\\/www.lica.ch\\\/rachat-de-credit\\\/quels-sont-les-avantages-de-regrouper-ses-credits-prives\\\/#primaryimage\",\"url\":\"https:\\\/\\\/www.lica.ch\\\/wp-content\\\/uploads\\\/2024\\\/03\\\/Regrouper-ses-credits-prives_IMA.webp\",\"contentUrl\":\"https:\\\/\\\/www.lica.ch\\\/wp-content\\\/uploads\\\/2024\\\/03\\\/Regrouper-ses-credits-prives_IMA.webp\",\"width\":1000,\"height\":650,\"caption\":\"Regrouper ses cr\u00e9dits priv\u00e9s\"},{\"@type\":\"BreadcrumbList\",\"@id\":\"https:\\\/\\\/www.lica.ch\\\/rachat-de-credit\\\/quels-sont-les-avantages-de-regrouper-ses-credits-prives\\\/#breadcrumb\",\"itemListElement\":[{\"@type\":\"ListItem\",\"position\":1,\"name\":\"Accueil\",\"item\":\"https:\\\/\\\/www.lica.ch\\\/\"},{\"@type\":\"ListItem\",\"position\":2,\"name\":\"Quels sont les avantages de regrouper ses cr\u00e9dits priv\u00e9s ?\"}]},{\"@type\":\"WebSite\",\"@id\":\"https:\\\/\\\/www.lica.ch\\\/en\\\/#website\",\"url\":\"https:\\\/\\\/www.lica.ch\\\/en\\\/\",\"name\":\"Lica\",\"description\":\"Cr\u00e9dit priv\u00e9\",\"publisher\":{\"@id\":\"https:\\\/\\\/www.lica.ch\\\/en\\\/#organization\"},\"alternateName\":\"Lica\",\"potentialAction\":[{\"@type\":\"SearchAction\",\"target\":{\"@type\":\"EntryPoint\",\"urlTemplate\":\"https:\\\/\\\/www.lica.ch\\\/en\\\/?s={search_term_string}\"},\"query-input\":{\"@type\":\"PropertyValueSpecification\",\"valueRequired\":true,\"valueName\":\"search_term_string\"}}],\"inLanguage\":\"pt-PT\"},{\"@type\":\"Organization\",\"@id\":\"https:\\\/\\\/www.lica.ch\\\/en\\\/#organization\",\"name\":\"Lica\",\"alternateName\":\"Lica\",\"url\":\"https:\\\/\\\/www.lica.ch\\\/en\\\/\",\"logo\":{\"@type\":\"ImageObject\",\"inLanguage\":\"pt-PT\",\"@id\":\"https:\\\/\\\/www.lica.ch\\\/en\\\/#\\\/schema\\\/logo\\\/image\\\/\",\"url\":\"https:\\\/\\\/www.lica.ch\\\/wp-content\\\/uploads\\\/2025\\\/10\\\/Logo_Yoast_Jaune_696x696.webp\",\"contentUrl\":\"https:\\\/\\\/www.lica.ch\\\/wp-content\\\/uploads\\\/2025\\\/10\\\/Logo_Yoast_Jaune_696x696.webp\",\"width\":696,\"height\":696,\"caption\":\"Lica\"},\"image\":{\"@id\":\"https:\\\/\\\/www.lica.ch\\\/en\\\/#\\\/schema\\\/logo\\\/image\\\/\"},\"sameAs\":[\"https:\\\/\\\/www.facebook.com\\\/lica.suisse\\\/\",\"https:\\\/\\\/ch.linkedin.com\\\/company\\\/lica-cr\u00e9dit\",\"https:\\\/\\\/www.tiktok.com\\\/@lica.ch\",\"https:\\\/\\\/www.instagram.com\\\/licacredit\\\/\"]},{\"@type\":\"Person\",\"@id\":\"https:\\\/\\\/www.lica.ch\\\/en\\\/#\\\/schema\\\/person\\\/43f9fd6c0991b2ea4e0ce88a7472a04c\",\"name\":\"writer-login\",\"image\":{\"@type\":\"ImageObject\",\"inLanguage\":\"pt-PT\",\"@id\":\"https:\\\/\\\/secure.gravatar.com\\\/avatar\\\/d4854fc4223da2b976f9705ce04407a3e99c4bf956d6190ffef0815d95f87bef?s=96&d=mm&r=g\",\"url\":\"https:\\\/\\\/secure.gravatar.com\\\/avatar\\\/d4854fc4223da2b976f9705ce04407a3e99c4bf956d6190ffef0815d95f87bef?s=96&d=mm&r=g\",\"contentUrl\":\"https:\\\/\\\/secure.gravatar.com\\\/avatar\\\/d4854fc4223da2b976f9705ce04407a3e99c4bf956d6190ffef0815d95f87bef?s=96&d=mm&r=g\",\"caption\":\"writer-login\"}}]}<\/script>\n<!-- \/ Yoast SEO plugin. -->","yoast_head_json":{"title":"Agrupar os seus cr\u00e9ditos pessoais \u2013 Quais s\u00e3o as vantagens?","description":"Agrupar os seus cr\u00e9ditos pessoais pode simplificar a gest\u00e3o financeira, reduzir a sua taxa de endividamento e melhorar o seu score de cr\u00e9dito.","robots":{"index":"index","follow":"follow","max-snippet":"max-snippet:-1","max-image-preview":"max-image-preview:large","max-video-preview":"max-video-preview:-1"},"canonical":"https:\/\/www.lica.ch\/pt\/consolidacao-de-credito\/vantagens-de-consolidar-os-seus-creditos-pessoais\/","og_locale":"pt_PT","og_type":"article","og_title":"Regrouper ses cr\u00e9dits priv\u00e9s - Quels sont les avantages ?","og_description":"Regrouper ses cr\u00e9dits priv\u00e9s peut simplifier votre gestion financi\u00e8re, r\u00e9duire votre taux d'endettement et am\u00e9liorer votre score de cr\u00e9dit.","og_url":"https:\/\/www.lica.ch\/pt\/consolidacao-de-credito\/vantagens-de-consolidar-os-seus-creditos-pessoais\/","og_site_name":"Lica cr\u00e9dit priv\u00e9","article_publisher":"https:\/\/www.facebook.com\/lica.suisse\/","article_published_time":"2025-08-01T09:21:28+00:00","article_modified_time":"2025-11-16T10:13:23+00:00","og_image":[{"width":1000,"height":650,"url":"https:\/\/www.lica.ch\/wp-content\/uploads\/2024\/03\/Regrouper-ses-credits-prives_IMA.webp","type":"image\/webp"}],"author":"writer-login","twitter_card":"summary_large_image","schema":{"@context":"https:\/\/schema.org","@graph":[{"@type":"Article","@id":"https:\/\/www.lica.ch\/rachat-de-credit\/quels-sont-les-avantages-de-regrouper-ses-credits-prives\/#article","isPartOf":{"@id":"https:\/\/www.lica.ch\/rachat-de-credit\/quels-sont-les-avantages-de-regrouper-ses-credits-prives\/"},"author":{"name":"writer-login","@id":"https:\/\/www.lica.ch\/en\/#\/schema\/person\/43f9fd6c0991b2ea4e0ce88a7472a04c"},"headline":"Quels sont les avantages de regrouper ses cr\u00e9dits priv\u00e9s ?","datePublished":"2025-08-01T09:21:28+00:00","dateModified":"2025-11-16T10:13:23+00:00","mainEntityOfPage":{"@id":"https:\/\/www.lica.ch\/rachat-de-credit\/quels-sont-les-avantages-de-regrouper-ses-credits-prives\/"},"wordCount":874,"publisher":{"@id":"https:\/\/www.lica.ch\/en\/#organization"},"image":{"@id":"https:\/\/www.lica.ch\/rachat-de-credit\/quels-sont-les-avantages-de-regrouper-ses-credits-prives\/#primaryimage"},"thumbnailUrl":"https:\/\/www.lica.ch\/wp-content\/uploads\/2024\/03\/Regrouper-ses-credits-prives_IMA.webp","articleSection":["Rachat de cr\u00e9dit"],"inLanguage":"pt-PT"},{"@type":"WebPage","@id":"https:\/\/www.lica.ch\/rachat-de-credit\/quels-sont-les-avantages-de-regrouper-ses-credits-prives\/","url":"https:\/\/www.lica.ch\/rachat-de-credit\/quels-sont-les-avantages-de-regrouper-ses-credits-prives\/","name":"Agrupar os seus cr\u00e9ditos pessoais \u2013 Quais s\u00e3o as vantagens?","isPartOf":{"@id":"https:\/\/www.lica.ch\/en\/#website"},"primaryImageOfPage":{"@id":"https:\/\/www.lica.ch\/rachat-de-credit\/quels-sont-les-avantages-de-regrouper-ses-credits-prives\/#primaryimage"},"image":{"@id":"https:\/\/www.lica.ch\/rachat-de-credit\/quels-sont-les-avantages-de-regrouper-ses-credits-prives\/#primaryimage"},"thumbnailUrl":"https:\/\/www.lica.ch\/wp-content\/uploads\/2024\/03\/Regrouper-ses-credits-prives_IMA.webp","datePublished":"2025-08-01T09:21:28+00:00","dateModified":"2025-11-16T10:13:23+00:00","description":"Agrupar os seus cr\u00e9ditos pessoais pode simplificar a gest\u00e3o financeira, reduzir a sua taxa de endividamento e melhorar o seu score de cr\u00e9dito.","breadcrumb":{"@id":"https:\/\/www.lica.ch\/rachat-de-credit\/quels-sont-les-avantages-de-regrouper-ses-credits-prives\/#breadcrumb"},"inLanguage":"pt-PT","potentialAction":[{"@type":"ReadAction","target":["https:\/\/www.lica.ch\/rachat-de-credit\/quels-sont-les-avantages-de-regrouper-ses-credits-prives\/"]}]},{"@type":"ImageObject","inLanguage":"pt-PT","@id":"https:\/\/www.lica.ch\/rachat-de-credit\/quels-sont-les-avantages-de-regrouper-ses-credits-prives\/#primaryimage","url":"https:\/\/www.lica.ch\/wp-content\/uploads\/2024\/03\/Regrouper-ses-credits-prives_IMA.webp","contentUrl":"https:\/\/www.lica.ch\/wp-content\/uploads\/2024\/03\/Regrouper-ses-credits-prives_IMA.webp","width":1000,"height":650,"caption":"Regrouper ses cr\u00e9dits priv\u00e9s"},{"@type":"BreadcrumbList","@id":"https:\/\/www.lica.ch\/rachat-de-credit\/quels-sont-les-avantages-de-regrouper-ses-credits-prives\/#breadcrumb","itemListElement":[{"@type":"ListItem","position":1,"name":"Accueil","item":"https:\/\/www.lica.ch\/"},{"@type":"ListItem","position":2,"name":"Quels sont les avantages de regrouper ses cr\u00e9dits priv\u00e9s ?"}]},{"@type":"WebSite","@id":"https:\/\/www.lica.ch\/en\/#website","url":"https:\/\/www.lica.ch\/en\/","name":"Lica","description":"Cr\u00e9dito pessoal","publisher":{"@id":"https:\/\/www.lica.ch\/en\/#organization"},"alternateName":"Lica","potentialAction":[{"@type":"SearchAction","target":{"@type":"EntryPoint","urlTemplate":"https:\/\/www.lica.ch\/en\/?s={search_term_string}"},"query-input":{"@type":"PropertyValueSpecification","valueRequired":true,"valueName":"search_term_string"}}],"inLanguage":"pt-PT"},{"@type":"Organization","@id":"https:\/\/www.lica.ch\/en\/#organization","name":"Lica","alternateName":"Lica","url":"https:\/\/www.lica.ch\/en\/","logo":{"@type":"ImageObject","inLanguage":"pt-PT","@id":"https:\/\/www.lica.ch\/en\/#\/schema\/logo\/image\/","url":"https:\/\/www.lica.ch\/wp-content\/uploads\/2025\/10\/Logo_Yoast_Jaune_696x696.webp","contentUrl":"https:\/\/www.lica.ch\/wp-content\/uploads\/2025\/10\/Logo_Yoast_Jaune_696x696.webp","width":696,"height":696,"caption":"Lica"},"image":{"@id":"https:\/\/www.lica.ch\/en\/#\/schema\/logo\/image\/"},"sameAs":["https:\/\/www.facebook.com\/lica.suisse\/","https:\/\/ch.linkedin.com\/company\/lica-cr\u00e9dit","https:\/\/www.tiktok.com\/@lica.ch","https:\/\/www.instagram.com\/licacredit\/"]},{"@type":"Person","@id":"https:\/\/www.lica.ch\/en\/#\/schema\/person\/43f9fd6c0991b2ea4e0ce88a7472a04c","name":"login do escritor","image":{"@type":"ImageObject","inLanguage":"pt-PT","@id":"https:\/\/secure.gravatar.com\/avatar\/d4854fc4223da2b976f9705ce04407a3e99c4bf956d6190ffef0815d95f87bef?s=96&d=mm&r=g","url":"https:\/\/secure.gravatar.com\/avatar\/d4854fc4223da2b976f9705ce04407a3e99c4bf956d6190ffef0815d95f87bef?s=96&d=mm&r=g","contentUrl":"https:\/\/secure.gravatar.com\/avatar\/d4854fc4223da2b976f9705ce04407a3e99c4bf956d6190ffef0815d95f87bef?s=96&d=mm&r=g","caption":"writer-login"}}]}},"_links":{"self":[{"href":"https:\/\/www.lica.ch\/pt\/wp-json\/wp\/v2\/posts\/27150","targetHints":{"allow":["GET"]}}],"collection":[{"href":"https:\/\/www.lica.ch\/pt\/wp-json\/wp\/v2\/posts"}],"about":[{"href":"https:\/\/www.lica.ch\/pt\/wp-json\/wp\/v2\/types\/post"}],"author":[{"embeddable":true,"href":"https:\/\/www.lica.ch\/pt\/wp-json\/wp\/v2\/users\/8"}],"replies":[{"embeddable":true,"href":"https:\/\/www.lica.ch\/pt\/wp-json\/wp\/v2\/comments?post=27150"}],"version-history":[{"count":0,"href":"https:\/\/www.lica.ch\/pt\/wp-json\/wp\/v2\/posts\/27150\/revisions"}],"wp:featuredmedia":[{"embeddable":true,"href":"https:\/\/www.lica.ch\/pt\/wp-json\/wp\/v2\/media\/27698"}],"wp:attachment":[{"href":"https:\/\/www.lica.ch\/pt\/wp-json\/wp\/v2\/media?parent=27150"}],"wp:term":[{"taxonomy":"category","embeddable":true,"href":"https:\/\/www.lica.ch\/pt\/wp-json\/wp\/v2\/categories?post=27150"},{"taxonomy":"post_tag","embeddable":true,"href":"https:\/\/www.lica.ch\/pt\/wp-json\/wp\/v2\/tags?post=27150"}],"curies":[{"name":"wp","href":"https:\/\/api.w.org\/{rel}","templated":true}]}}