{"id":5763,"date":"2024-08-30T00:05:00","date_gmt":"2024-08-29T22:05:00","guid":{"rendered":"https:\/\/test.lica.ch\/?p=5763"},"modified":"2026-03-09T15:17:31","modified_gmt":"2026-03-09T14:17:31","slug":"como-funciona-o-seguro-complementar-desemprego","status":"publish","type":"post","link":"https:\/\/www.lica.ch\/pt\/assurance-chomage\/comment-fonctionne-l-assurance-complementaire-chomage\/","title":{"rendered":"O seguro complementar de desemprego"},"content":{"rendered":"<p id=\"viewer-es8n1\">O desemprego \u00e9 uma situa\u00e7\u00e3o que pode acontecer a qualquer pessoa em qualquer altura da sua vida profissional. De facto, ningu\u00e9m pode controlar <a class=\"lien-blog\" href=\"https:\/\/www.seco.admin.ch\/seco\/fr\/home\/Arbeit\/Arbeitslosenversicherung\/arbeitslosenzahlen.html\" target=\"_blank\" rel=\"noreferrer noopener\">as circunst\u00e2ncias em que podem perder o emprego <\/a>ou n\u00e3o conseguir ganhar o suficiente para alimentar a sua fam\u00edlia. O nosso seguro de desemprego complementar foi concebido para o proteger em caso de perda de emprego. Permite-lhe manter a sua situa\u00e7\u00e3o financeira, aconte\u00e7a o que acontecer! Explicamos tudo neste novo artigo!<\/p>\n\n\n\n<h2 class=\"wp-block-heading\" id=\"viewer-esk4a\">Riscos cobertos pelo seguro de desemprego complementar <\/h2>\n\n\n\n<p id=\"viewer-9f533\">Quando se fica desempregado, o rendimento diminui entre 20 e 30%.  Esta situa\u00e7\u00e3o dificulta o cumprimento das suas obriga\u00e7\u00f5es familiares. Nomeadamente, para pagar as despesas quotidianas do agregado familiar. Estas dificuldades podem ser ainda mais graves se tiver filhos a cargo. Ou se o seu c\u00f4njuge estiver desempregado!<\/p>\n\n\n\n<p id=\"viewer-8g6ok\">Por isso, \u00e9 fundamental garantir que, aconte\u00e7a o que acontecer no seu trabalho, continuar\u00e1 a <a class=\"lien-blog\" href=\"https:\/\/www.lica.ch\/pt\/seguro-complementar-desemprego\/\" target=\"_blank\" rel=\"noreferrer noopener\">ganhar dinheiro suficiente para sustentar a sua fam\u00edlia<\/a>. \u00c9 aqui que o seguro de desemprego complementar pode fazer toda a diferen\u00e7a na sua situa\u00e7\u00e3o. Este seguro cobre o risco de perda de sal\u00e1rio, at\u00e9 ao montante que poderia perder em caso de desemprego efetivo.<\/p>\n\n\n\n<h3 class=\"wp-block-heading\">Que prote\u00e7\u00e3o existe no seguro de desemprego complementar?<\/h3>\n\n\n\n<p>Com o seguro de desemprego complementar, beneficia de uma cobertura alargada em diversas situa\u00e7\u00f5es. Eis as presta\u00e7\u00f5es cobertas pela nossa solu\u00e7\u00e3o:<\/p>\n\n\n\n<ul class=\"wp-block-list\">\n<li>Compensa\u00e7\u00e3o do subs\u00eddio de desemprego<\/li>\n\n\n\n<li>Manuten\u00e7\u00e3o do sal\u00e1rio em caso de doen\u00e7a <\/li>\n\n\n\n<li>Suplemento salarial em caso de acidente <\/li>\n<\/ul>\n\n\n\n<p>Qualquer que seja a situa\u00e7\u00e3o, tem a garantia de 100% do seu sal\u00e1rio, aconte\u00e7a o que acontecer! Por um pr\u00e9mio a partir de CHF 32,50 por m\u00eas, fica tranquilo com a seguran\u00e7a de saber que pode fazer face a qualquer situa\u00e7\u00e3o.<\/p>\n\n\n\n<h2 class=\"wp-block-heading\" id=\"viewer-926at\">Como funciona o seguro de desemprego complementar<\/h2>\n\n\n\n<p id=\"viewer-235v6\">Deve ter em conta que o seguro de desemprego su\u00ed\u00e7o s\u00f3 lhe paga 70% do seu sal\u00e1rio em caso de desemprego. E 80% se tiver filhos a cargo. O montante do subs\u00eddio de desemprego ser\u00e1 ent\u00e3o calculado com base em <a class=\"lien-blog\" href=\"https:\/\/www.guidechomage.ch\/articles\/index\/montant-des-indemnites-de-chomage\" target=\"_blank\" rel=\"noreferrer noopener\">o seu sal\u00e1rio m\u00e9dio nos \u00faltimos 6 meses<\/a>. Por conseguinte, o seguro de desemprego complementar cobre a perda de rendimentos resultante desta redu\u00e7\u00e3o de rendimentos.<\/p>\n\n\n\n<p id=\"viewer-9obm6\">\u00c9 evidente que a cobertura depende do montante que pretende segurar no \u00e2mbito do seguro de desemprego, mas a indemniza\u00e7\u00e3o pode atingir 1 200 euros por m\u00eas. Este seguro \u00e9 tanto mais atrativo quanto\u2019<a class=\"lien-blog\" href=\"https:\/\/www.lica.ch\/pt\/seguro-complementar-desemprego\/\" target=\"_blank\" rel=\"noreferrer noopener\">\u00e9 muito simples inscrever-se diretamente em linha<\/a>. A dura\u00e7\u00e3o do compromisso tamb\u00e9m se destina a ser gratuita. O contrato \u00e9 gratuito, o que lhe d\u00e1 o direito de o rescindir em qualquer altura. No entanto, deve poder provar que exerceu uma atividade profissional cont\u00ednua durante os 12 meses anteriores ao seu pedido. Al\u00e9m disso, deve trabalhar um m\u00ednimo de 30 horas por semana. <\/p>\n\n\n\n<h2 class=\"wp-block-heading\">Porqu\u00ea subscrever hoje um seguro de desemprego complementar?<\/h2>\n\n\n\n<p>A perda do emprego nunca pode ser evitada, por isso \u00e9 melhor agir antes que ela aconte\u00e7a. A subscri\u00e7\u00e3o de um seguro de desemprego complementar \u00e9, antes de mais, um sinal de previd\u00eancia e de bom senso financeiro. Esta cobertura protege-o contra os imprevistos, permitindo-lhe manter o seu n\u00edvel de vida e o da sua fam\u00edlia.<\/p>\n\n\n\n<p>Com o Lica, beneficia de um apoio abrangente, de um procedimento 100% em linha e, acima de tudo, de um servi\u00e7o transparente:<\/p>\n\n\n\n<p>Sem procedimentos administrativos complexos<br>\u2705 um pr\u00e9mio claro e sem surpresas<br>\u2705 uma oferta flex\u00edvel, adaptada \u00e0 sua situa\u00e7\u00e3o profissional<\/p>\n\n\n\n<p>O nosso objetivo \u00e9 simples: proporcionar-lhe paz de esp\u00edrito, mesmo em situa\u00e7\u00f5es dif\u00edceis.<\/p>\n\n\n\n<p>O seguro de desemprego complementar \u00e9 uma solu\u00e7\u00e3o acess\u00edvel e indispens\u00e1vel para garantir o seu rendimento em caso de perda de emprego, doen\u00e7a ou acidente. Gra\u00e7as ao Lica, pode subscrever este seguro rapidamente, sem compromisso e a uma taxa competitiva a partir de CHF 23,85 por m\u00eas.<\/p>\n\n\n\n<p><strong>N\u00e3o deixe o seu futuro financeiro ao acaso.<\/strong><\/p>\n\n\n\n<p>Proteja-se agora, fazendo o seu pedido em linha e receba o seu or\u00e7amento personalizado em menos de dois minutos.<\/p>","protected":false},"excerpt":{"rendered":"<p>Le ch\u00f4mage constitue une situation qui peut arriver \u00e0 tout le monde et ce, \u00e0 un moment ou \u00e0 un autre de sa vie professionnelle. En effet, personne ne maitrise les circonstances dans lesquelles il peut perdre son travail ou \u00eatre dans l\u2019incapacit\u00e9 de gagner son pain pour nourrir sa famille. C\u2019est donc en vue [&hellip;]<\/p>\n","protected":false},"author":8,"featured_media":27829,"comment_status":"closed","ping_status":"closed","sticky":false,"template":"","format":"standard","meta":{"footnotes":""},"categories":[39],"tags":[],"class_list":["post-5763","post","type-post","status-publish","format-standard","has-post-thumbnail","hentry","category-assurance-chomage"],"_yoast_wpseo_focuskw":"Assurance compl\u00e9mentaire ch\u00f4mage","_yoast_wpseo_title":"L'assurance compl\u00e9mentaire ch\u00f4mage pour prot\u00e9ger vos revenus !","_yoast_wpseo_metadesc":"L'assurance compl\u00e9mentaire ch\u00f4mage est une couverture avec laquelle vous conservez vos revenus en cas de ch\u00f4mage, de maladie et d'accident.","yoast_head":"<!-- This site is optimized with the Yoast SEO plugin v27.5 - https:\/\/yoast.com\/product\/yoast-seo-wordpress\/ -->\n<title>L&#039;assurance compl\u00e9mentaire ch\u00f4mage pour prot\u00e9ger vos revenus !<\/title>\n<meta name=\"description\" content=\"L&#039;assurance compl\u00e9mentaire ch\u00f4mage est une couverture avec laquelle vous conservez vos revenus en cas de ch\u00f4mage, de maladie et d&#039;accident.\" \/>\n<meta name=\"robots\" content=\"index, follow, max-snippet:-1, max-image-preview:large, max-video-preview:-1\" \/>\n<link rel=\"canonical\" href=\"https:\/\/www.lica.ch\/pt\/seguro-desemprego\/como-funciona-o-seguro-complementar-desemprego\/\" \/>\n<meta property=\"og:locale\" content=\"pt_PT\" \/>\n<meta property=\"og:type\" content=\"article\" \/>\n<meta property=\"og:title\" content=\"L&#039;assurance compl\u00e9mentaire ch\u00f4mage pour prot\u00e9ger vos revenus !\" \/>\n<meta property=\"og:description\" content=\"L&#039;assurance compl\u00e9mentaire ch\u00f4mage est une couverture avec laquelle vous conservez vos revenus en cas de ch\u00f4mage, de maladie et d&#039;accident.\" \/>\n<meta property=\"og:url\" content=\"https:\/\/www.lica.ch\/pt\/seguro-desemprego\/como-funciona-o-seguro-complementar-desemprego\/\" \/>\n<meta property=\"og:site_name\" content=\"Lica cr\u00e9dit priv\u00e9\" \/>\n<meta property=\"article:publisher\" content=\"https:\/\/www.facebook.com\/lica.suisse\/\" \/>\n<meta property=\"article:published_time\" content=\"2024-08-29T22:05:00+00:00\" \/>\n<meta property=\"article:modified_time\" content=\"2026-03-09T14:17:31+00:00\" \/>\n<meta property=\"og:image\" content=\"https:\/\/www.lica.ch\/wp-content\/uploads\/2022\/10\/Assurance-complementaire-chomage_IMA.webp\" \/>\n\t<meta property=\"og:image:width\" content=\"1000\" \/>\n\t<meta property=\"og:image:height\" content=\"650\" \/>\n\t<meta property=\"og:image:type\" content=\"image\/webp\" \/>\n<meta name=\"author\" content=\"writer-login\" \/>\n<meta name=\"twitter:card\" content=\"summary_large_image\" \/>\n<script type=\"application\/ld+json\" class=\"yoast-schema-graph\">{\"@context\":\"https:\\\/\\\/schema.org\",\"@graph\":[{\"@type\":\"Article\",\"@id\":\"https:\\\/\\\/www.lica.ch\\\/assurance-chomage\\\/comment-fonctionne-l-assurance-complementaire-chomage\\\/#article\",\"isPartOf\":{\"@id\":\"https:\\\/\\\/www.lica.ch\\\/assurance-chomage\\\/comment-fonctionne-l-assurance-complementaire-chomage\\\/\"},\"author\":{\"name\":\"writer-login\",\"@id\":\"https:\\\/\\\/www.lica.ch\\\/en\\\/#\\\/schema\\\/person\\\/43f9fd6c0991b2ea4e0ce88a7472a04c\"},\"headline\":\"L&rsquo;assurance compl\u00e9mentaire ch\u00f4mage\",\"datePublished\":\"2024-08-29T22:05:00+00:00\",\"dateModified\":\"2026-03-09T14:17:31+00:00\",\"mainEntityOfPage\":{\"@id\":\"https:\\\/\\\/www.lica.ch\\\/assurance-chomage\\\/comment-fonctionne-l-assurance-complementaire-chomage\\\/\"},\"wordCount\":755,\"publisher\":{\"@id\":\"https:\\\/\\\/www.lica.ch\\\/en\\\/#organization\"},\"image\":{\"@id\":\"https:\\\/\\\/www.lica.ch\\\/assurance-chomage\\\/comment-fonctionne-l-assurance-complementaire-chomage\\\/#primaryimage\"},\"thumbnailUrl\":\"https:\\\/\\\/www.lica.ch\\\/wp-content\\\/uploads\\\/2022\\\/10\\\/Assurance-complementaire-chomage_IMA.webp\",\"articleSection\":[\"Assurance ch\u00f4mage\"],\"inLanguage\":\"pt-PT\"},{\"@type\":\"WebPage\",\"@id\":\"https:\\\/\\\/www.lica.ch\\\/assurance-chomage\\\/comment-fonctionne-l-assurance-complementaire-chomage\\\/\",\"url\":\"https:\\\/\\\/www.lica.ch\\\/assurance-chomage\\\/comment-fonctionne-l-assurance-complementaire-chomage\\\/\",\"name\":\"L'assurance compl\u00e9mentaire ch\u00f4mage pour prot\u00e9ger vos revenus !\",\"isPartOf\":{\"@id\":\"https:\\\/\\\/www.lica.ch\\\/en\\\/#website\"},\"primaryImageOfPage\":{\"@id\":\"https:\\\/\\\/www.lica.ch\\\/assurance-chomage\\\/comment-fonctionne-l-assurance-complementaire-chomage\\\/#primaryimage\"},\"image\":{\"@id\":\"https:\\\/\\\/www.lica.ch\\\/assurance-chomage\\\/comment-fonctionne-l-assurance-complementaire-chomage\\\/#primaryimage\"},\"thumbnailUrl\":\"https:\\\/\\\/www.lica.ch\\\/wp-content\\\/uploads\\\/2022\\\/10\\\/Assurance-complementaire-chomage_IMA.webp\",\"datePublished\":\"2024-08-29T22:05:00+00:00\",\"dateModified\":\"2026-03-09T14:17:31+00:00\",\"description\":\"L'assurance compl\u00e9mentaire ch\u00f4mage est une couverture avec laquelle vous conservez vos revenus en cas de ch\u00f4mage, de maladie et d'accident.\",\"breadcrumb\":{\"@id\":\"https:\\\/\\\/www.lica.ch\\\/assurance-chomage\\\/comment-fonctionne-l-assurance-complementaire-chomage\\\/#breadcrumb\"},\"inLanguage\":\"pt-PT\",\"potentialAction\":[{\"@type\":\"ReadAction\",\"target\":[\"https:\\\/\\\/www.lica.ch\\\/assurance-chomage\\\/comment-fonctionne-l-assurance-complementaire-chomage\\\/\"]}]},{\"@type\":\"ImageObject\",\"inLanguage\":\"pt-PT\",\"@id\":\"https:\\\/\\\/www.lica.ch\\\/assurance-chomage\\\/comment-fonctionne-l-assurance-complementaire-chomage\\\/#primaryimage\",\"url\":\"https:\\\/\\\/www.lica.ch\\\/wp-content\\\/uploads\\\/2022\\\/10\\\/Assurance-complementaire-chomage_IMA.webp\",\"contentUrl\":\"https:\\\/\\\/www.lica.ch\\\/wp-content\\\/uploads\\\/2022\\\/10\\\/Assurance-complementaire-chomage_IMA.webp\",\"width\":1000,\"height\":650,\"caption\":\"Assurance compl\u00e9mentaire ch\u00f4mage\"},{\"@type\":\"BreadcrumbList\",\"@id\":\"https:\\\/\\\/www.lica.ch\\\/assurance-chomage\\\/comment-fonctionne-l-assurance-complementaire-chomage\\\/#breadcrumb\",\"itemListElement\":[{\"@type\":\"ListItem\",\"position\":1,\"name\":\"Accueil\",\"item\":\"https:\\\/\\\/www.lica.ch\\\/\"},{\"@type\":\"ListItem\",\"position\":2,\"name\":\"L&rsquo;assurance compl\u00e9mentaire ch\u00f4mage\"}]},{\"@type\":\"WebSite\",\"@id\":\"https:\\\/\\\/www.lica.ch\\\/en\\\/#website\",\"url\":\"https:\\\/\\\/www.lica.ch\\\/en\\\/\",\"name\":\"Lica\",\"description\":\"Cr\u00e9dit priv\u00e9\",\"publisher\":{\"@id\":\"https:\\\/\\\/www.lica.ch\\\/en\\\/#organization\"},\"alternateName\":\"Lica\",\"potentialAction\":[{\"@type\":\"SearchAction\",\"target\":{\"@type\":\"EntryPoint\",\"urlTemplate\":\"https:\\\/\\\/www.lica.ch\\\/en\\\/?s={search_term_string}\"},\"query-input\":{\"@type\":\"PropertyValueSpecification\",\"valueRequired\":true,\"valueName\":\"search_term_string\"}}],\"inLanguage\":\"pt-PT\"},{\"@type\":\"Organization\",\"@id\":\"https:\\\/\\\/www.lica.ch\\\/en\\\/#organization\",\"name\":\"Lica\",\"alternateName\":\"Lica\",\"url\":\"https:\\\/\\\/www.lica.ch\\\/en\\\/\",\"logo\":{\"@type\":\"ImageObject\",\"inLanguage\":\"pt-PT\",\"@id\":\"https:\\\/\\\/www.lica.ch\\\/en\\\/#\\\/schema\\\/logo\\\/image\\\/\",\"url\":\"https:\\\/\\\/www.lica.ch\\\/wp-content\\\/uploads\\\/2025\\\/10\\\/Logo_Yoast_Jaune_696x696.webp\",\"contentUrl\":\"https:\\\/\\\/www.lica.ch\\\/wp-content\\\/uploads\\\/2025\\\/10\\\/Logo_Yoast_Jaune_696x696.webp\",\"width\":696,\"height\":696,\"caption\":\"Lica\"},\"image\":{\"@id\":\"https:\\\/\\\/www.lica.ch\\\/en\\\/#\\\/schema\\\/logo\\\/image\\\/\"},\"sameAs\":[\"https:\\\/\\\/www.facebook.com\\\/lica.suisse\\\/\",\"https:\\\/\\\/ch.linkedin.com\\\/company\\\/lica-cr\u00e9dit\",\"https:\\\/\\\/www.tiktok.com\\\/@lica.ch\",\"https:\\\/\\\/www.instagram.com\\\/licacredit\\\/\"]},{\"@type\":\"Person\",\"@id\":\"https:\\\/\\\/www.lica.ch\\\/en\\\/#\\\/schema\\\/person\\\/43f9fd6c0991b2ea4e0ce88a7472a04c\",\"name\":\"writer-login\",\"image\":{\"@type\":\"ImageObject\",\"inLanguage\":\"pt-PT\",\"@id\":\"https:\\\/\\\/secure.gravatar.com\\\/avatar\\\/d4854fc4223da2b976f9705ce04407a3e99c4bf956d6190ffef0815d95f87bef?s=96&d=mm&r=g\",\"url\":\"https:\\\/\\\/secure.gravatar.com\\\/avatar\\\/d4854fc4223da2b976f9705ce04407a3e99c4bf956d6190ffef0815d95f87bef?s=96&d=mm&r=g\",\"contentUrl\":\"https:\\\/\\\/secure.gravatar.com\\\/avatar\\\/d4854fc4223da2b976f9705ce04407a3e99c4bf956d6190ffef0815d95f87bef?s=96&d=mm&r=g\",\"caption\":\"writer-login\"}}]}<\/script>\n<!-- \/ Yoast SEO plugin. -->","yoast_head_json":{"title":"O seguro complementar de desemprego para proteger os seus rendimentos!","description":"O seguro complementar de desemprego protege os seus rendimentos em caso de desemprego, doen\u00e7a ou acidente.","robots":{"index":"index","follow":"follow","max-snippet":"max-snippet:-1","max-image-preview":"max-image-preview:large","max-video-preview":"max-video-preview:-1"},"canonical":"https:\/\/www.lica.ch\/pt\/seguro-desemprego\/como-funciona-o-seguro-complementar-desemprego\/","og_locale":"pt_PT","og_type":"article","og_title":"L'assurance compl\u00e9mentaire ch\u00f4mage pour prot\u00e9ger vos revenus !","og_description":"L'assurance compl\u00e9mentaire ch\u00f4mage est une couverture avec laquelle vous conservez vos revenus en cas de ch\u00f4mage, de maladie et d'accident.","og_url":"https:\/\/www.lica.ch\/pt\/seguro-desemprego\/como-funciona-o-seguro-complementar-desemprego\/","og_site_name":"Lica cr\u00e9dit priv\u00e9","article_publisher":"https:\/\/www.facebook.com\/lica.suisse\/","article_published_time":"2024-08-29T22:05:00+00:00","article_modified_time":"2026-03-09T14:17:31+00:00","og_image":[{"width":1000,"height":650,"url":"https:\/\/www.lica.ch\/wp-content\/uploads\/2022\/10\/Assurance-complementaire-chomage_IMA.webp","type":"image\/webp"}],"author":"writer-login","twitter_card":"summary_large_image","schema":{"@context":"https:\/\/schema.org","@graph":[{"@type":"Article","@id":"https:\/\/www.lica.ch\/assurance-chomage\/comment-fonctionne-l-assurance-complementaire-chomage\/#article","isPartOf":{"@id":"https:\/\/www.lica.ch\/assurance-chomage\/comment-fonctionne-l-assurance-complementaire-chomage\/"},"author":{"name":"writer-login","@id":"https:\/\/www.lica.ch\/en\/#\/schema\/person\/43f9fd6c0991b2ea4e0ce88a7472a04c"},"headline":"L&rsquo;assurance compl\u00e9mentaire ch\u00f4mage","datePublished":"2024-08-29T22:05:00+00:00","dateModified":"2026-03-09T14:17:31+00:00","mainEntityOfPage":{"@id":"https:\/\/www.lica.ch\/assurance-chomage\/comment-fonctionne-l-assurance-complementaire-chomage\/"},"wordCount":755,"publisher":{"@id":"https:\/\/www.lica.ch\/en\/#organization"},"image":{"@id":"https:\/\/www.lica.ch\/assurance-chomage\/comment-fonctionne-l-assurance-complementaire-chomage\/#primaryimage"},"thumbnailUrl":"https:\/\/www.lica.ch\/wp-content\/uploads\/2022\/10\/Assurance-complementaire-chomage_IMA.webp","articleSection":["Assurance ch\u00f4mage"],"inLanguage":"pt-PT"},{"@type":"WebPage","@id":"https:\/\/www.lica.ch\/assurance-chomage\/comment-fonctionne-l-assurance-complementaire-chomage\/","url":"https:\/\/www.lica.ch\/assurance-chomage\/comment-fonctionne-l-assurance-complementaire-chomage\/","name":"O seguro complementar de desemprego para proteger os seus rendimentos!","isPartOf":{"@id":"https:\/\/www.lica.ch\/en\/#website"},"primaryImageOfPage":{"@id":"https:\/\/www.lica.ch\/assurance-chomage\/comment-fonctionne-l-assurance-complementaire-chomage\/#primaryimage"},"image":{"@id":"https:\/\/www.lica.ch\/assurance-chomage\/comment-fonctionne-l-assurance-complementaire-chomage\/#primaryimage"},"thumbnailUrl":"https:\/\/www.lica.ch\/wp-content\/uploads\/2022\/10\/Assurance-complementaire-chomage_IMA.webp","datePublished":"2024-08-29T22:05:00+00:00","dateModified":"2026-03-09T14:17:31+00:00","description":"O seguro complementar de desemprego protege os seus rendimentos em caso de desemprego, doen\u00e7a ou acidente.","breadcrumb":{"@id":"https:\/\/www.lica.ch\/assurance-chomage\/comment-fonctionne-l-assurance-complementaire-chomage\/#breadcrumb"},"inLanguage":"pt-PT","potentialAction":[{"@type":"ReadAction","target":["https:\/\/www.lica.ch\/assurance-chomage\/comment-fonctionne-l-assurance-complementaire-chomage\/"]}]},{"@type":"ImageObject","inLanguage":"pt-PT","@id":"https:\/\/www.lica.ch\/assurance-chomage\/comment-fonctionne-l-assurance-complementaire-chomage\/#primaryimage","url":"https:\/\/www.lica.ch\/wp-content\/uploads\/2022\/10\/Assurance-complementaire-chomage_IMA.webp","contentUrl":"https:\/\/www.lica.ch\/wp-content\/uploads\/2022\/10\/Assurance-complementaire-chomage_IMA.webp","width":1000,"height":650,"caption":"Assurance compl\u00e9mentaire ch\u00f4mage"},{"@type":"BreadcrumbList","@id":"https:\/\/www.lica.ch\/assurance-chomage\/comment-fonctionne-l-assurance-complementaire-chomage\/#breadcrumb","itemListElement":[{"@type":"ListItem","position":1,"name":"Accueil","item":"https:\/\/www.lica.ch\/"},{"@type":"ListItem","position":2,"name":"L&rsquo;assurance compl\u00e9mentaire ch\u00f4mage"}]},{"@type":"WebSite","@id":"https:\/\/www.lica.ch\/en\/#website","url":"https:\/\/www.lica.ch\/en\/","name":"Lica","description":"Cr\u00e9dito pessoal","publisher":{"@id":"https:\/\/www.lica.ch\/en\/#organization"},"alternateName":"Lica","potentialAction":[{"@type":"SearchAction","target":{"@type":"EntryPoint","urlTemplate":"https:\/\/www.lica.ch\/en\/?s={search_term_string}"},"query-input":{"@type":"PropertyValueSpecification","valueRequired":true,"valueName":"search_term_string"}}],"inLanguage":"pt-PT"},{"@type":"Organization","@id":"https:\/\/www.lica.ch\/en\/#organization","name":"Lica","alternateName":"Lica","url":"https:\/\/www.lica.ch\/en\/","logo":{"@type":"ImageObject","inLanguage":"pt-PT","@id":"https:\/\/www.lica.ch\/en\/#\/schema\/logo\/image\/","url":"https:\/\/www.lica.ch\/wp-content\/uploads\/2025\/10\/Logo_Yoast_Jaune_696x696.webp","contentUrl":"https:\/\/www.lica.ch\/wp-content\/uploads\/2025\/10\/Logo_Yoast_Jaune_696x696.webp","width":696,"height":696,"caption":"Lica"},"image":{"@id":"https:\/\/www.lica.ch\/en\/#\/schema\/logo\/image\/"},"sameAs":["https:\/\/www.facebook.com\/lica.suisse\/","https:\/\/ch.linkedin.com\/company\/lica-cr\u00e9dit","https:\/\/www.tiktok.com\/@lica.ch","https:\/\/www.instagram.com\/licacredit\/"]},{"@type":"Person","@id":"https:\/\/www.lica.ch\/en\/#\/schema\/person\/43f9fd6c0991b2ea4e0ce88a7472a04c","name":"login do escritor","image":{"@type":"ImageObject","inLanguage":"pt-PT","@id":"https:\/\/secure.gravatar.com\/avatar\/d4854fc4223da2b976f9705ce04407a3e99c4bf956d6190ffef0815d95f87bef?s=96&d=mm&r=g","url":"https:\/\/secure.gravatar.com\/avatar\/d4854fc4223da2b976f9705ce04407a3e99c4bf956d6190ffef0815d95f87bef?s=96&d=mm&r=g","contentUrl":"https:\/\/secure.gravatar.com\/avatar\/d4854fc4223da2b976f9705ce04407a3e99c4bf956d6190ffef0815d95f87bef?s=96&d=mm&r=g","caption":"writer-login"}}]}},"_links":{"self":[{"href":"https:\/\/www.lica.ch\/pt\/wp-json\/wp\/v2\/posts\/5763","targetHints":{"allow":["GET"]}}],"collection":[{"href":"https:\/\/www.lica.ch\/pt\/wp-json\/wp\/v2\/posts"}],"about":[{"href":"https:\/\/www.lica.ch\/pt\/wp-json\/wp\/v2\/types\/post"}],"author":[{"embeddable":true,"href":"https:\/\/www.lica.ch\/pt\/wp-json\/wp\/v2\/users\/8"}],"replies":[{"embeddable":true,"href":"https:\/\/www.lica.ch\/pt\/wp-json\/wp\/v2\/comments?post=5763"}],"version-history":[{"count":0,"href":"https:\/\/www.lica.ch\/pt\/wp-json\/wp\/v2\/posts\/5763\/revisions"}],"wp:featuredmedia":[{"embeddable":true,"href":"https:\/\/www.lica.ch\/pt\/wp-json\/wp\/v2\/media\/27829"}],"wp:attachment":[{"href":"https:\/\/www.lica.ch\/pt\/wp-json\/wp\/v2\/media?parent=5763"}],"wp:term":[{"taxonomy":"category","embeddable":true,"href":"https:\/\/www.lica.ch\/pt\/wp-json\/wp\/v2\/categories?post=5763"},{"taxonomy":"post_tag","embeddable":true,"href":"https:\/\/www.lica.ch\/pt\/wp-json\/wp\/v2\/tags?post=5763"}],"curies":[{"name":"wp","href":"https:\/\/api.w.org\/{rel}","templated":true}]}}