{"id":5781,"date":"2025-09-25T09:06:55","date_gmt":"2025-09-25T07:06:55","guid":{"rendered":"https:\/\/test.lica.ch\/?p=5781"},"modified":"2026-01-16T23:58:21","modified_gmt":"2026-01-16T22:58:21","slug":"consolidar-os-meus-creditos-e-reduzir-as-mensalidades","status":"publish","type":"post","link":"https:\/\/www.lica.ch\/pt\/rachat-de-credit\/regrouper-mes-credits-et-diminuer-mes-mensualites\/","title":{"rendered":"Por que \u00e9 vantajoso agrupar os meus cr\u00e9ditos?"},"content":{"rendered":"<p id=\"viewer-7ojq1\">Quer seja para comprar um carro novo, pagar os estudos, comprar mobili\u00e1rio novo ou qualquer outra despesa, os empr\u00e9stimos acumulam-se rapidamente. Muitas vezes, os empr\u00e9stimos podem ter taxas de juro muito elevadas, com facturas mensais dif\u00edceis de gerir. Gerir bem as suas d\u00edvidas e reduzir ao m\u00e1ximo os seus reembolsos mensais s\u00e3o as melhores solu\u00e7\u00f5es se quiser ficar livre de empr\u00e9stimos o mais rapidamente poss\u00edvel! Consolidar o meu cr\u00e9dito \u00e9 uma excelente forma de poupar nas minhas presta\u00e7\u00f5es mensais.<\/p>\n\n\n\n<p id=\"viewer-ckkh3\">O que chamamos de consolida\u00e7\u00e3o de d\u00edvidas \u00e9 uma estrat\u00e9gia que pode simplificar a gest\u00e3o dos seus pagamentos mensais. Isto \u00e9 conseguido atrav\u00e9s da combina\u00e7\u00e3o de todas as suas d\u00edvidas num \u00fanico pagamento. Muitas vezes, a taxa de juro \u00e9 muito mais baixa do que a que pagava mensalmente. Para al\u00e9m de melhorar a sua nota\u00e7\u00e3o de cr\u00e9dito com <a class=\"lien-blog\" href=\"https:\/\/www.zek.ch\/fr-ch\/preneurs-de-credit-et-de-leasing?cID=&amp;langID=2&amp;langID=1&amp;langID=2\" target=\"_blank\" rel=\"noreferrer noopener\">o centro de informa\u00e7\u00e3o sobre o cr\u00e9dito.<\/a><\/p>\n\n\n\n<p id=\"viewer-cgmtj\">Uma forma eficaz de consolidar as suas d\u00edvidas \u00e9 a contra\u00e7\u00e3o de um empr\u00e9stimo pessoal. Trata-se de transferir os seus diferentes cr\u00e9ditos, como o leasing, o cr\u00e9dito privado e os cart\u00f5es de cr\u00e9dito, para uma \u00fanica presta\u00e7\u00e3o mensal muito mais baixa.<\/p>\n\n\n\n<h2 class=\"wp-block-heading\" id=\"viewer-9a8jo\">Vejamos mais de perto como \u00e9 que a consolida\u00e7\u00e3o dos meus empr\u00e9stimos me pode beneficiar<\/h2>\n\n\n\n<h3 class=\"wp-block-heading\" id=\"viewer-t530\"># 1 Redu\u00e7\u00e3o das taxas de juro<\/h3>\n\n\n\n<p id=\"viewer-efchq\">A maioria das pequenas d\u00edvidas ter\u00e1 <a class=\"lien-blog\" href=\"https:\/\/www.vaudfamille.ch\/N231172\/credit-a-la-consommation-attention-aux-arnaques.html\" target=\"_blank\" rel=\"noreferrer noopener\">taxas de juro muito elevadas<\/a>. Podem aumentar consideravelmente a sua d\u00edvida. Ao pagar v\u00e1rias d\u00edvidas com juros elevados atrav\u00e9s de um empr\u00e9stimo com uma taxa de juro mais baixa, pagar\u00e1 muito menos a longo prazo. Assim, os seus pagamentos mensais ser\u00e3o mais baixos e o seu or\u00e7amento ser\u00e1 melhor.<\/p>\n\n\n\n<h3 class=\"wp-block-heading\" id=\"viewer-38si1\"># 2 pode melhorar a sua pontua\u00e7\u00e3o de cr\u00e9dito<\/h3>\n\n\n\n<p id=\"viewer-bcjl5\">Por falar em pontua\u00e7\u00e3o de cr\u00e9dito (<a class=\"lien-blog\" href=\"https:\/\/www.zek.ch\/fr-ch\/preneurs-de-credit-et-de-leasing?cID=&amp;langID=2&amp;langID=1&amp;langID=2\" target=\"_blank\" rel=\"noreferrer noopener\">registo nos ficheiros centrais ZEK e IKO<\/a>), outra vantagem da consolida\u00e7\u00e3o de d\u00edvidas \u00e9 que pode dar um bom impulso \u00e0 sua pontua\u00e7\u00e3o atual. Se fizer a consolida\u00e7\u00e3o atrav\u00e9s de um empr\u00e9stimo pessoal, \u00e9 prov\u00e1vel que veja uma subida na sua pontua\u00e7\u00e3o. Isto ir\u00e1 acontecer em apenas alguns meses, uma vez que ir\u00e1 reduzir a sua <a href=\"https:\/\/www.lica.ch\/pt\/\">cr\u00e9dito<\/a>. Uma boa classifica\u00e7\u00e3o nos ficheiros centrais = boas condi\u00e7\u00f5es de empr\u00e9stimo!<\/p>\n\n\n\n<h3 class=\"wp-block-heading\" id=\"viewer-k57\"># 3 Menos stress<\/h3>\n\n\n\n<p id=\"viewer-d9c0n\">Consolidar a sua d\u00edvida num \u00fanico pagamento ger\u00edvel reduzir\u00e1 significativamente o seu stress e ajudar\u00e1 a eliminar a confus\u00e3o que v\u00e1rios pagamentos podem criar. As quest\u00f5es financeiras, como as d\u00edvidas, s\u00e3o not\u00f3rias por conduzirem ao stress. Ao assumir o controlo das suas finan\u00e7as com um \u00fanico pagamento mensal, rapidamente se encontrar\u00e1 numa situa\u00e7\u00e3o financeira melhor gra\u00e7as a <a href=\"https:\/\/www.lica.ch\/pt\/solvable\/reduzir-as-despesas-e-otimizar-o-orcamento\/\">um or\u00e7amento sob controlo<\/a>.<\/p>\n\n\n\n<h3 class=\"wp-block-heading\" id=\"viewer-e0111\"># 4 Combinar os meus empr\u00e9stimos significa que posso pag\u00e1-los mais rapidamente <\/h3>\n\n\n\n<p id=\"viewer-1gjic\">N\u00e3o \u00e9 invulgar que os saldos dos cart\u00f5es de cr\u00e9dito ou os pequenos empr\u00e9stimos demorem anos a ser pagos na totalidade. Afinal de contas, eles ganham juros sobre o que deve! Por isso, os credores n\u00e3o se importam que demore 5 anos ou mais a pagar a sua d\u00edvida. Uma vantagem da consolida\u00e7\u00e3o de d\u00edvidas \u00e9 que o processo lhe permite planear reembolsos regulares de <a href=\"https:\/\/www.lica.ch\/pt\/\">os seus empr\u00e9stimos<\/a>. O objetivo \u00e9 garantir que os empr\u00e9stimos sejam reembolsados num prazo razo\u00e1vel.<\/p>\n\n\n\n<h3 class=\"wp-block-heading\" id=\"viewer-fiqvr\">E finalmente...<\/h3>\n\n\n\n<p id=\"viewer-17e9f\">Tal como acontece com todos os <a href=\"https:\/\/www.lica.ch\/pt\/credito-pessoal\/\">pedido de financiamento<\/a>, Mas \u00e9 importante avaliar cuidadosamente a sua pr\u00f3pria situa\u00e7\u00e3o. Isto para determinar se esta \u00e9 a melhor solu\u00e7\u00e3o para si e qual \u00e9 o seu or\u00e7amento atual. A consolida\u00e7\u00e3o de empr\u00e9stimos oferece geralmente poupan\u00e7as significativas, pelo que \u00e9 uma op\u00e7\u00e3o muito atractiva a considerar.<\/p>\n\n\n\n<h2 class=\"wp-block-heading\" id=\"viewer-895c3\">Quero consolidar os meus empr\u00e9stimos e voltar a p\u00f4r o meu or\u00e7amento em ordem!<\/h2>\n\n\n\n<p id=\"viewer-8bstv\">Agora que conhece as vantagens de consolidar os seus cr\u00e9ditos privados, s\u00f3 tem de se candidatar. Com <a href=\"https:\/\/www.lica.ch\/pt\/\">Lica<\/a> \u00e9 simples, r\u00e1pido e eficaz! Sim, faz o seu pedido online em menos de 2 minutos e depois as nossas equipas de especialistas fazem o trabalho por si. Isso poupa-lhe tempo e dinheiro!<\/p>","protected":false},"excerpt":{"rendered":"<p>Que ce soit pour acheter une nouvelle voiture, payer vos \u00e9tudes, du nouveau mobilier ou toute autre d\u00e9pense, les pr\u00eats s\u2019accumulent rapidement. Ils peuvent souvent \u00eatre \u00e0 des taux d&rsquo;int\u00e9r\u00eats tr\u00e8s \u00e9lev\u00e9s avec des factures mensuelles difficiles \u00e0 g\u00e9rer. Bien g\u00e9rer ses dettes et r\u00e9duire au maximum ses diff\u00e9rentes mensualit\u00e9s sont les meilleures solutions pour [&hellip;]<\/p>\n","protected":false},"author":8,"featured_media":27687,"comment_status":"closed","ping_status":"closed","sticky":false,"template":"","format":"standard","meta":{"footnotes":""},"categories":[36],"tags":[],"class_list":["post-5781","post","type-post","status-publish","format-standard","has-post-thumbnail","hentry","category-rachat-de-credit"],"_yoast_wpseo_focuskw":"Regrouper mes cr\u00e9dits","_yoast_wpseo_title":"Regrouper mes cr\u00e9dits pour diminuer mes mensualit\u00e9s","_yoast_wpseo_metadesc":"Regrouper mes cr\u00e9dits permet de diminuer mes mensualit\u00e9s et de retrouver un \u00e9quilibre dans mon budget. J'\u00e9conomise avec un cr\u00e9dit chez Lica.","yoast_head":"<!-- This site is optimized with the Yoast SEO plugin v27.5 - https:\/\/yoast.com\/product\/yoast-seo-wordpress\/ -->\n<title>Regrouper mes cr\u00e9dits pour diminuer mes mensualit\u00e9s<\/title>\n<meta name=\"description\" content=\"Regrouper mes cr\u00e9dits permet de diminuer mes mensualit\u00e9s et de retrouver un \u00e9quilibre dans mon budget. J&#039;\u00e9conomise avec un cr\u00e9dit chez Lica.\" \/>\n<meta name=\"robots\" content=\"index, follow, max-snippet:-1, max-image-preview:large, max-video-preview:-1\" \/>\n<link rel=\"canonical\" href=\"https:\/\/www.lica.ch\/pt\/consolidacao-de-credito\/consolidar-os-meus-creditos-e-reduzir-as-mensalidades\/\" \/>\n<meta property=\"og:locale\" content=\"pt_PT\" \/>\n<meta property=\"og:type\" content=\"article\" \/>\n<meta property=\"og:title\" content=\"Regrouper mes cr\u00e9dits pour diminuer mes mensualit\u00e9s\" \/>\n<meta property=\"og:description\" content=\"Regrouper mes cr\u00e9dits permet de diminuer mes mensualit\u00e9s et de retrouver un \u00e9quilibre dans mon budget. J&#039;\u00e9conomise avec un cr\u00e9dit chez Lica.\" \/>\n<meta property=\"og:url\" content=\"https:\/\/www.lica.ch\/pt\/consolidacao-de-credito\/consolidar-os-meus-creditos-e-reduzir-as-mensalidades\/\" \/>\n<meta property=\"og:site_name\" content=\"Lica cr\u00e9dit priv\u00e9\" \/>\n<meta property=\"article:publisher\" content=\"https:\/\/www.facebook.com\/lica.suisse\/\" \/>\n<meta property=\"article:published_time\" content=\"2025-09-25T07:06:55+00:00\" \/>\n<meta property=\"article:modified_time\" content=\"2026-01-16T22:58:21+00:00\" \/>\n<meta property=\"og:image\" content=\"https:\/\/www.lica.ch\/wp-content\/uploads\/2025\/10\/Regrouper-mes-credits_IMA.webp\" \/>\n\t<meta property=\"og:image:width\" content=\"1000\" \/>\n\t<meta property=\"og:image:height\" content=\"650\" \/>\n\t<meta property=\"og:image:type\" content=\"image\/webp\" \/>\n<meta name=\"author\" content=\"writer-login\" \/>\n<meta name=\"twitter:card\" content=\"summary_large_image\" \/>\n<script type=\"application\/ld+json\" class=\"yoast-schema-graph\">{\"@context\":\"https:\\\/\\\/schema.org\",\"@graph\":[{\"@type\":\"Article\",\"@id\":\"https:\\\/\\\/www.lica.ch\\\/rachat-de-credit\\\/regrouper-mes-credits-et-diminuer-mes-mensualites\\\/#article\",\"isPartOf\":{\"@id\":\"https:\\\/\\\/www.lica.ch\\\/rachat-de-credit\\\/regrouper-mes-credits-et-diminuer-mes-mensualites\\\/\"},\"author\":{\"name\":\"writer-login\",\"@id\":\"https:\\\/\\\/www.lica.ch\\\/en\\\/#\\\/schema\\\/person\\\/43f9fd6c0991b2ea4e0ce88a7472a04c\"},\"headline\":\"Pourquoi est-ce int\u00e9ressant de regrouper mes cr\u00e9dits ?\",\"datePublished\":\"2025-09-25T07:06:55+00:00\",\"dateModified\":\"2026-01-16T22:58:21+00:00\",\"mainEntityOfPage\":{\"@id\":\"https:\\\/\\\/www.lica.ch\\\/rachat-de-credit\\\/regrouper-mes-credits-et-diminuer-mes-mensualites\\\/\"},\"wordCount\":728,\"publisher\":{\"@id\":\"https:\\\/\\\/www.lica.ch\\\/en\\\/#organization\"},\"image\":{\"@id\":\"https:\\\/\\\/www.lica.ch\\\/rachat-de-credit\\\/regrouper-mes-credits-et-diminuer-mes-mensualites\\\/#primaryimage\"},\"thumbnailUrl\":\"https:\\\/\\\/www.lica.ch\\\/wp-content\\\/uploads\\\/2025\\\/10\\\/Regrouper-mes-credits_IMA.webp\",\"articleSection\":[\"Rachat de cr\u00e9dit\"],\"inLanguage\":\"pt-PT\"},{\"@type\":\"WebPage\",\"@id\":\"https:\\\/\\\/www.lica.ch\\\/rachat-de-credit\\\/regrouper-mes-credits-et-diminuer-mes-mensualites\\\/\",\"url\":\"https:\\\/\\\/www.lica.ch\\\/rachat-de-credit\\\/regrouper-mes-credits-et-diminuer-mes-mensualites\\\/\",\"name\":\"Regrouper mes cr\u00e9dits pour diminuer mes mensualit\u00e9s\",\"isPartOf\":{\"@id\":\"https:\\\/\\\/www.lica.ch\\\/en\\\/#website\"},\"primaryImageOfPage\":{\"@id\":\"https:\\\/\\\/www.lica.ch\\\/rachat-de-credit\\\/regrouper-mes-credits-et-diminuer-mes-mensualites\\\/#primaryimage\"},\"image\":{\"@id\":\"https:\\\/\\\/www.lica.ch\\\/rachat-de-credit\\\/regrouper-mes-credits-et-diminuer-mes-mensualites\\\/#primaryimage\"},\"thumbnailUrl\":\"https:\\\/\\\/www.lica.ch\\\/wp-content\\\/uploads\\\/2025\\\/10\\\/Regrouper-mes-credits_IMA.webp\",\"datePublished\":\"2025-09-25T07:06:55+00:00\",\"dateModified\":\"2026-01-16T22:58:21+00:00\",\"description\":\"Regrouper mes cr\u00e9dits permet de diminuer mes mensualit\u00e9s et de retrouver un \u00e9quilibre dans mon budget. J'\u00e9conomise avec un cr\u00e9dit chez Lica.\",\"breadcrumb\":{\"@id\":\"https:\\\/\\\/www.lica.ch\\\/rachat-de-credit\\\/regrouper-mes-credits-et-diminuer-mes-mensualites\\\/#breadcrumb\"},\"inLanguage\":\"pt-PT\",\"potentialAction\":[{\"@type\":\"ReadAction\",\"target\":[\"https:\\\/\\\/www.lica.ch\\\/rachat-de-credit\\\/regrouper-mes-credits-et-diminuer-mes-mensualites\\\/\"]}]},{\"@type\":\"ImageObject\",\"inLanguage\":\"pt-PT\",\"@id\":\"https:\\\/\\\/www.lica.ch\\\/rachat-de-credit\\\/regrouper-mes-credits-et-diminuer-mes-mensualites\\\/#primaryimage\",\"url\":\"https:\\\/\\\/www.lica.ch\\\/wp-content\\\/uploads\\\/2025\\\/10\\\/Regrouper-mes-credits_IMA.webp\",\"contentUrl\":\"https:\\\/\\\/www.lica.ch\\\/wp-content\\\/uploads\\\/2025\\\/10\\\/Regrouper-mes-credits_IMA.webp\",\"width\":1000,\"height\":650,\"caption\":\"Regrouper mes cr\u00e9dits\"},{\"@type\":\"BreadcrumbList\",\"@id\":\"https:\\\/\\\/www.lica.ch\\\/rachat-de-credit\\\/regrouper-mes-credits-et-diminuer-mes-mensualites\\\/#breadcrumb\",\"itemListElement\":[{\"@type\":\"ListItem\",\"position\":1,\"name\":\"Accueil\",\"item\":\"https:\\\/\\\/www.lica.ch\\\/\"},{\"@type\":\"ListItem\",\"position\":2,\"name\":\"Pourquoi est-ce int\u00e9ressant de regrouper mes cr\u00e9dits ?\"}]},{\"@type\":\"WebSite\",\"@id\":\"https:\\\/\\\/www.lica.ch\\\/en\\\/#website\",\"url\":\"https:\\\/\\\/www.lica.ch\\\/en\\\/\",\"name\":\"Lica\",\"description\":\"Cr\u00e9dit priv\u00e9\",\"publisher\":{\"@id\":\"https:\\\/\\\/www.lica.ch\\\/en\\\/#organization\"},\"alternateName\":\"Lica\",\"potentialAction\":[{\"@type\":\"SearchAction\",\"target\":{\"@type\":\"EntryPoint\",\"urlTemplate\":\"https:\\\/\\\/www.lica.ch\\\/en\\\/?s={search_term_string}\"},\"query-input\":{\"@type\":\"PropertyValueSpecification\",\"valueRequired\":true,\"valueName\":\"search_term_string\"}}],\"inLanguage\":\"pt-PT\"},{\"@type\":\"Organization\",\"@id\":\"https:\\\/\\\/www.lica.ch\\\/en\\\/#organization\",\"name\":\"Lica\",\"alternateName\":\"Lica\",\"url\":\"https:\\\/\\\/www.lica.ch\\\/en\\\/\",\"logo\":{\"@type\":\"ImageObject\",\"inLanguage\":\"pt-PT\",\"@id\":\"https:\\\/\\\/www.lica.ch\\\/en\\\/#\\\/schema\\\/logo\\\/image\\\/\",\"url\":\"https:\\\/\\\/www.lica.ch\\\/wp-content\\\/uploads\\\/2025\\\/10\\\/Logo_Yoast_Jaune_696x696.webp\",\"contentUrl\":\"https:\\\/\\\/www.lica.ch\\\/wp-content\\\/uploads\\\/2025\\\/10\\\/Logo_Yoast_Jaune_696x696.webp\",\"width\":696,\"height\":696,\"caption\":\"Lica\"},\"image\":{\"@id\":\"https:\\\/\\\/www.lica.ch\\\/en\\\/#\\\/schema\\\/logo\\\/image\\\/\"},\"sameAs\":[\"https:\\\/\\\/www.facebook.com\\\/lica.suisse\\\/\",\"https:\\\/\\\/ch.linkedin.com\\\/company\\\/lica-cr\u00e9dit\",\"https:\\\/\\\/www.tiktok.com\\\/@lica.ch\",\"https:\\\/\\\/www.instagram.com\\\/licacredit\\\/\"]},{\"@type\":\"Person\",\"@id\":\"https:\\\/\\\/www.lica.ch\\\/en\\\/#\\\/schema\\\/person\\\/43f9fd6c0991b2ea4e0ce88a7472a04c\",\"name\":\"writer-login\",\"image\":{\"@type\":\"ImageObject\",\"inLanguage\":\"pt-PT\",\"@id\":\"https:\\\/\\\/secure.gravatar.com\\\/avatar\\\/d4854fc4223da2b976f9705ce04407a3e99c4bf956d6190ffef0815d95f87bef?s=96&d=mm&r=g\",\"url\":\"https:\\\/\\\/secure.gravatar.com\\\/avatar\\\/d4854fc4223da2b976f9705ce04407a3e99c4bf956d6190ffef0815d95f87bef?s=96&d=mm&r=g\",\"contentUrl\":\"https:\\\/\\\/secure.gravatar.com\\\/avatar\\\/d4854fc4223da2b976f9705ce04407a3e99c4bf956d6190ffef0815d95f87bef?s=96&d=mm&r=g\",\"caption\":\"writer-login\"}}]}<\/script>\n<!-- \/ Yoast SEO plugin. -->","yoast_head_json":{"title":"Agrupar os meus cr\u00e9ditos para reduzir as mensalidades","description":"Ao agrupar os meus cr\u00e9ditos, reduzo as mensalidades e volto a equilibrar o meu or\u00e7amento. Poupo com um cr\u00e9dito da Lica.","robots":{"index":"index","follow":"follow","max-snippet":"max-snippet:-1","max-image-preview":"max-image-preview:large","max-video-preview":"max-video-preview:-1"},"canonical":"https:\/\/www.lica.ch\/pt\/consolidacao-de-credito\/consolidar-os-meus-creditos-e-reduzir-as-mensalidades\/","og_locale":"pt_PT","og_type":"article","og_title":"Regrouper mes cr\u00e9dits pour diminuer mes mensualit\u00e9s","og_description":"Regrouper mes cr\u00e9dits permet de diminuer mes mensualit\u00e9s et de retrouver un \u00e9quilibre dans mon budget. J'\u00e9conomise avec un cr\u00e9dit chez Lica.","og_url":"https:\/\/www.lica.ch\/pt\/consolidacao-de-credito\/consolidar-os-meus-creditos-e-reduzir-as-mensalidades\/","og_site_name":"Lica cr\u00e9dit priv\u00e9","article_publisher":"https:\/\/www.facebook.com\/lica.suisse\/","article_published_time":"2025-09-25T07:06:55+00:00","article_modified_time":"2026-01-16T22:58:21+00:00","og_image":[{"width":1000,"height":650,"url":"https:\/\/www.lica.ch\/wp-content\/uploads\/2025\/10\/Regrouper-mes-credits_IMA.webp","type":"image\/webp"}],"author":"writer-login","twitter_card":"summary_large_image","schema":{"@context":"https:\/\/schema.org","@graph":[{"@type":"Article","@id":"https:\/\/www.lica.ch\/rachat-de-credit\/regrouper-mes-credits-et-diminuer-mes-mensualites\/#article","isPartOf":{"@id":"https:\/\/www.lica.ch\/rachat-de-credit\/regrouper-mes-credits-et-diminuer-mes-mensualites\/"},"author":{"name":"writer-login","@id":"https:\/\/www.lica.ch\/en\/#\/schema\/person\/43f9fd6c0991b2ea4e0ce88a7472a04c"},"headline":"Pourquoi est-ce int\u00e9ressant de regrouper mes cr\u00e9dits ?","datePublished":"2025-09-25T07:06:55+00:00","dateModified":"2026-01-16T22:58:21+00:00","mainEntityOfPage":{"@id":"https:\/\/www.lica.ch\/rachat-de-credit\/regrouper-mes-credits-et-diminuer-mes-mensualites\/"},"wordCount":728,"publisher":{"@id":"https:\/\/www.lica.ch\/en\/#organization"},"image":{"@id":"https:\/\/www.lica.ch\/rachat-de-credit\/regrouper-mes-credits-et-diminuer-mes-mensualites\/#primaryimage"},"thumbnailUrl":"https:\/\/www.lica.ch\/wp-content\/uploads\/2025\/10\/Regrouper-mes-credits_IMA.webp","articleSection":["Rachat de cr\u00e9dit"],"inLanguage":"pt-PT"},{"@type":"WebPage","@id":"https:\/\/www.lica.ch\/rachat-de-credit\/regrouper-mes-credits-et-diminuer-mes-mensualites\/","url":"https:\/\/www.lica.ch\/rachat-de-credit\/regrouper-mes-credits-et-diminuer-mes-mensualites\/","name":"Agrupar os meus cr\u00e9ditos para reduzir as mensalidades","isPartOf":{"@id":"https:\/\/www.lica.ch\/en\/#website"},"primaryImageOfPage":{"@id":"https:\/\/www.lica.ch\/rachat-de-credit\/regrouper-mes-credits-et-diminuer-mes-mensualites\/#primaryimage"},"image":{"@id":"https:\/\/www.lica.ch\/rachat-de-credit\/regrouper-mes-credits-et-diminuer-mes-mensualites\/#primaryimage"},"thumbnailUrl":"https:\/\/www.lica.ch\/wp-content\/uploads\/2025\/10\/Regrouper-mes-credits_IMA.webp","datePublished":"2025-09-25T07:06:55+00:00","dateModified":"2026-01-16T22:58:21+00:00","description":"Ao agrupar os meus cr\u00e9ditos, reduzo as mensalidades e volto a equilibrar o meu or\u00e7amento. Poupo com um cr\u00e9dito da Lica.","breadcrumb":{"@id":"https:\/\/www.lica.ch\/rachat-de-credit\/regrouper-mes-credits-et-diminuer-mes-mensualites\/#breadcrumb"},"inLanguage":"pt-PT","potentialAction":[{"@type":"ReadAction","target":["https:\/\/www.lica.ch\/rachat-de-credit\/regrouper-mes-credits-et-diminuer-mes-mensualites\/"]}]},{"@type":"ImageObject","inLanguage":"pt-PT","@id":"https:\/\/www.lica.ch\/rachat-de-credit\/regrouper-mes-credits-et-diminuer-mes-mensualites\/#primaryimage","url":"https:\/\/www.lica.ch\/wp-content\/uploads\/2025\/10\/Regrouper-mes-credits_IMA.webp","contentUrl":"https:\/\/www.lica.ch\/wp-content\/uploads\/2025\/10\/Regrouper-mes-credits_IMA.webp","width":1000,"height":650,"caption":"Regrouper mes cr\u00e9dits"},{"@type":"BreadcrumbList","@id":"https:\/\/www.lica.ch\/rachat-de-credit\/regrouper-mes-credits-et-diminuer-mes-mensualites\/#breadcrumb","itemListElement":[{"@type":"ListItem","position":1,"name":"Accueil","item":"https:\/\/www.lica.ch\/"},{"@type":"ListItem","position":2,"name":"Pourquoi est-ce int\u00e9ressant de regrouper mes cr\u00e9dits ?"}]},{"@type":"WebSite","@id":"https:\/\/www.lica.ch\/en\/#website","url":"https:\/\/www.lica.ch\/en\/","name":"Lica","description":"Cr\u00e9dito pessoal","publisher":{"@id":"https:\/\/www.lica.ch\/en\/#organization"},"alternateName":"Lica","potentialAction":[{"@type":"SearchAction","target":{"@type":"EntryPoint","urlTemplate":"https:\/\/www.lica.ch\/en\/?s={search_term_string}"},"query-input":{"@type":"PropertyValueSpecification","valueRequired":true,"valueName":"search_term_string"}}],"inLanguage":"pt-PT"},{"@type":"Organization","@id":"https:\/\/www.lica.ch\/en\/#organization","name":"Lica","alternateName":"Lica","url":"https:\/\/www.lica.ch\/en\/","logo":{"@type":"ImageObject","inLanguage":"pt-PT","@id":"https:\/\/www.lica.ch\/en\/#\/schema\/logo\/image\/","url":"https:\/\/www.lica.ch\/wp-content\/uploads\/2025\/10\/Logo_Yoast_Jaune_696x696.webp","contentUrl":"https:\/\/www.lica.ch\/wp-content\/uploads\/2025\/10\/Logo_Yoast_Jaune_696x696.webp","width":696,"height":696,"caption":"Lica"},"image":{"@id":"https:\/\/www.lica.ch\/en\/#\/schema\/logo\/image\/"},"sameAs":["https:\/\/www.facebook.com\/lica.suisse\/","https:\/\/ch.linkedin.com\/company\/lica-cr\u00e9dit","https:\/\/www.tiktok.com\/@lica.ch","https:\/\/www.instagram.com\/licacredit\/"]},{"@type":"Person","@id":"https:\/\/www.lica.ch\/en\/#\/schema\/person\/43f9fd6c0991b2ea4e0ce88a7472a04c","name":"login do escritor","image":{"@type":"ImageObject","inLanguage":"pt-PT","@id":"https:\/\/secure.gravatar.com\/avatar\/d4854fc4223da2b976f9705ce04407a3e99c4bf956d6190ffef0815d95f87bef?s=96&d=mm&r=g","url":"https:\/\/secure.gravatar.com\/avatar\/d4854fc4223da2b976f9705ce04407a3e99c4bf956d6190ffef0815d95f87bef?s=96&d=mm&r=g","contentUrl":"https:\/\/secure.gravatar.com\/avatar\/d4854fc4223da2b976f9705ce04407a3e99c4bf956d6190ffef0815d95f87bef?s=96&d=mm&r=g","caption":"writer-login"}}]}},"_links":{"self":[{"href":"https:\/\/www.lica.ch\/pt\/wp-json\/wp\/v2\/posts\/5781","targetHints":{"allow":["GET"]}}],"collection":[{"href":"https:\/\/www.lica.ch\/pt\/wp-json\/wp\/v2\/posts"}],"about":[{"href":"https:\/\/www.lica.ch\/pt\/wp-json\/wp\/v2\/types\/post"}],"author":[{"embeddable":true,"href":"https:\/\/www.lica.ch\/pt\/wp-json\/wp\/v2\/users\/8"}],"replies":[{"embeddable":true,"href":"https:\/\/www.lica.ch\/pt\/wp-json\/wp\/v2\/comments?post=5781"}],"version-history":[{"count":0,"href":"https:\/\/www.lica.ch\/pt\/wp-json\/wp\/v2\/posts\/5781\/revisions"}],"wp:featuredmedia":[{"embeddable":true,"href":"https:\/\/www.lica.ch\/pt\/wp-json\/wp\/v2\/media\/27687"}],"wp:attachment":[{"href":"https:\/\/www.lica.ch\/pt\/wp-json\/wp\/v2\/media?parent=5781"}],"wp:term":[{"taxonomy":"category","embeddable":true,"href":"https:\/\/www.lica.ch\/pt\/wp-json\/wp\/v2\/categories?post=5781"},{"taxonomy":"post_tag","embeddable":true,"href":"https:\/\/www.lica.ch\/pt\/wp-json\/wp\/v2\/tags?post=5781"}],"curies":[{"name":"wp","href":"https:\/\/api.w.org\/{rel}","templated":true}]}}